{"id":123849,"date":"2025-01-29T11:55:33","date_gmt":"2025-01-29T10:55:33","guid":{"rendered":"https:\/\/territorialchallenges.com\/?p=123849"},"modified":"2025-01-29T12:00:13","modified_gmt":"2025-01-29T11:00:13","slug":"le-connected-colorado-challenge-une-initiative-pour-des-villes-plus-intelligentes-et-resilientes","status":"publish","type":"post","link":"https:\/\/territorialchallenges.com\/es\/2025\/01\/29\/le-connected-colorado-challenge-une-initiative-pour-des-villes-plus-intelligentes-et-resilientes\/123849\/","title":{"rendered":"El Desaf\u00edo de Colorado Conectado: Una iniciativa para ciudades m\u00e1s inteligentes y resilientes"},"content":{"rendered":"<p>El Desaf\u00edo Colorado Conectado (Desaf\u00edo C\u00b2), organizado por la Alianza de Ciudades Inteligentes de Colorado, es una oportunidad \u00fanica para que innovadores de todo el mundo colaboren con los gobiernos locales. Este desaf\u00edo destaca cuatro grandes desaf\u00edos urbanos y fomenta soluciones tecnol\u00f3gicas innovadoras para mejorar la calidad de vida en los municipios de todo el estado. <\/p>\n<div class=\"pmpro_content_message\">Art\u00edculo disponible s\u00f3lo para suscriptores.<br \/><a href=\"https:\/\/territorialchallenges.com\/wp-login.php\">Acceso<\/a><br \/><a href=\"https:\/\/territorialchallenges.com\/es\/wp-login.php\/?action=register\">Registro<\/a><\/div>","protected":false},"excerpt":{"rendered":"<p>Le Connected Colorado Challenge (C\u00b2 Challenge), organis\u00e9 par la Colorado Smart Cities Alliance, est une v\u00e9ritable opportunit\u00e9 pour les innovateurs du monde entier de collaborer avec les collectivit\u00e9s locales. Ce d\u00e9fi met en lumi\u00e8re quatre probl\u00e9matiques urbaines majeures et encourage les solutions technologiques innovantes pour am\u00e9liorer la qualit\u00e9 de vie dans les municipalit\u00e9s de l&rsquo;\u00c9tat.... <\/p>\n<div class=\"pmpro_content_message\">Art\u00edculo disponible s\u00f3lo para suscriptores.<br \/><a href=\"https:\/\/territorialchallenges.com\/wp-login.php\">Acceso<\/a><br \/><a href=\"https:\/\/territorialchallenges.com\/es\/wp-login.php\/?action=register\">Registro<\/a><\/div>","protected":false},"author":11,"featured_media":123856,"comment_status":"closed","ping_status":"closed","sticky":true,"template":"","format":"standard","meta":{"pmpro_default_level":0,"footnotes":""},"categories":[19,124],"tags":[],"blocksy_meta":"","yoast_head":"<!-- This site is optimized with the Yoast SEO plugin v21.5 - https:\/\/yoast.com\/wordpress\/plugins\/seo\/ -->\n<title>Le Connected Colorado Challenge : une initiative pour des villes plus intelligentes et r\u00e9silientes - Territorial Challenges<\/title>\n<meta name=\"robots\" content=\"index, follow, max-snippet:-1, max-image-preview:large, max-video-preview:-1\" \/>\n<link rel=\"canonical\" href=\"https:\/\/territorialchallenges.com\/es\/2025\/01\/29\/le-connected-colorado-challenge-une-initiative-pour-des-villes-plus-intelligentes-et-resilientes\/123849\/\" \/>\n<meta property=\"og:locale\" content=\"es_ES\" \/>\n<meta property=\"og:type\" content=\"article\" \/>\n<meta property=\"og:title\" content=\"Le Connected Colorado Challenge : une initiative pour des villes plus intelligentes et r\u00e9silientes - Territorial Challenges\" \/>\n<meta property=\"og:description\" content=\"Le Connected Colorado Challenge (C\u00b2 Challenge), organis\u00e9 par la Colorado Smart Cities Alliance, est une v\u00e9ritable opportunit\u00e9 pour les innovateurs du monde entier de collaborer avec les collectivit\u00e9s locales. Ce d\u00e9fi met en lumi\u00e8re quatre probl\u00e9matiques urbaines majeures et encourage les solutions technologiques innovantes pour am\u00e9liorer la qualit\u00e9 de vie dans les municipalit\u00e9s de l&rsquo;\u00c9tat. [&hellip;]\" \/>\n<meta property=\"og:url\" content=\"https:\/\/territorialchallenges.com\/es\/2025\/01\/29\/le-connected-colorado-challenge-une-initiative-pour-des-villes-plus-intelligentes-et-resilientes\/123849\/\" \/>\n<meta property=\"og:site_name\" content=\"Territorial Challenges\" \/>\n<meta property=\"article:published_time\" content=\"2025-01-29T10:55:33+00:00\" \/>\n<meta property=\"article:modified_time\" content=\"2025-01-29T11:00:13+00:00\" \/>\n<meta property=\"og:image\" content=\"https:\/\/territorialchallenges.com\/wp-content\/uploads\/2025\/01\/territoiresintelligents.Image_-1.jpg\" \/>\n\t<meta property=\"og:image:width\" content=\"1280\" \/>\n\t<meta property=\"og:image:height\" content=\"853\" \/>\n\t<meta property=\"og:image:type\" content=\"image\/jpeg\" \/>\n<meta name=\"author\" content=\"ni.abdi\" \/>\n<meta name=\"twitter:card\" content=\"summary_large_image\" \/>\n<meta name=\"twitter:creator\" content=\"@Ni.abdi\" \/>\n<meta name=\"twitter:label1\" content=\"Escrito por\" \/>\n\t<meta name=\"twitter:data1\" content=\"ni.abdi\" \/>\n\t<meta name=\"twitter:label2\" content=\"Tiempo de lectura\" \/>\n\t<meta name=\"twitter:data2\" content=\"5 minutos\" \/>\n<script type=\"application\/ld+json\" class=\"yoast-schema-graph\">{\"@context\":\"https:\/\/schema.org\",\"@graph\":[{\"@type\":\"Article\",\"@id\":\"https:\/\/territorialchallenges.com\/2025\/01\/29\/le-connected-colorado-challenge-une-initiative-pour-des-villes-plus-intelligentes-et-resilientes\/123849\/#article\",\"isPartOf\":{\"@id\":\"https:\/\/territorialchallenges.com\/2025\/01\/29\/le-connected-colorado-challenge-une-initiative-pour-des-villes-plus-intelligentes-et-resilientes\/123849\/\"},\"author\":{\"name\":\"ni.abdi\",\"@id\":\"https:\/\/territorialchallenges.com\/#\/schema\/person\/098f145c7c61a021c425e010f840080f\"},\"headline\":\"Le Connected Colorado Challenge : une initiative pour des villes plus intelligentes et r\u00e9silientes\",\"datePublished\":\"2025-01-29T10:55:33+00:00\",\"dateModified\":\"2025-01-29T11:00:13+00:00\",\"mainEntityOfPage\":{\"@id\":\"https:\/\/territorialchallenges.com\/2025\/01\/29\/le-connected-colorado-challenge-une-initiative-pour-des-villes-plus-intelligentes-et-resilientes\/123849\/\"},\"wordCount\":1089,\"publisher\":{\"@id\":\"https:\/\/territorialchallenges.com\/#organization\"},\"articleSection\":[\"Territoires Intelligents\",\"Actualit\u00e9 internationale\"],\"inLanguage\":\"es\"},{\"@type\":\"WebPage\",\"@id\":\"https:\/\/territorialchallenges.com\/2025\/01\/29\/le-connected-colorado-challenge-une-initiative-pour-des-villes-plus-intelligentes-et-resilientes\/123849\/\",\"url\":\"https:\/\/territorialchallenges.com\/2025\/01\/29\/le-connected-colorado-challenge-une-initiative-pour-des-villes-plus-intelligentes-et-resilientes\/123849\/\",\"name\":\"Le Connected Colorado Challenge : une initiative pour des villes plus intelligentes et r\u00e9silientes - Territorial Challenges\",\"isPartOf\":{\"@id\":\"https:\/\/territorialchallenges.com\/#website\"},\"datePublished\":\"2025-01-29T10:55:33+00:00\",\"dateModified\":\"2025-01-29T11:00:13+00:00\",\"breadcrumb\":{\"@id\":\"https:\/\/territorialchallenges.com\/2025\/01\/29\/le-connected-colorado-challenge-une-initiative-pour-des-villes-plus-intelligentes-et-resilientes\/123849\/#breadcrumb\"},\"inLanguage\":\"es\",\"potentialAction\":[{\"@type\":\"ReadAction\",\"target\":[\"https:\/\/territorialchallenges.com\/2025\/01\/29\/le-connected-colorado-challenge-une-initiative-pour-des-villes-plus-intelligentes-et-resilientes\/123849\/\"]}]},{\"@type\":\"BreadcrumbList\",\"@id\":\"https:\/\/territorialchallenges.com\/2025\/01\/29\/le-connected-colorado-challenge-une-initiative-pour-des-villes-plus-intelligentes-et-resilientes\/123849\/#breadcrumb\",\"itemListElement\":[{\"@type\":\"ListItem\",\"position\":1,\"name\":\"Home\",\"item\":\"https:\/\/territorialchallenges.com\/\"},{\"@type\":\"ListItem\",\"position\":2,\"name\":\"Le Connected Colorado Challenge : une initiative pour des villes plus intelligentes et r\u00e9silientes\"}]},{\"@type\":\"WebSite\",\"@id\":\"https:\/\/territorialchallenges.com\/#website\",\"url\":\"https:\/\/territorialchallenges.com\/\",\"name\":\"Territorial Challenges\",\"description\":\"Veille Internationale - Strat\u00e9gie Intelligentes - Bonnes pratiques\",\"publisher\":{\"@id\":\"https:\/\/territorialchallenges.com\/#organization\"},\"potentialAction\":[{\"@type\":\"SearchAction\",\"target\":{\"@type\":\"EntryPoint\",\"urlTemplate\":\"https:\/\/territorialchallenges.com\/?s={search_term_string}\"},\"query-input\":\"required name=search_term_string\"}],\"inLanguage\":\"es\"},{\"@type\":\"Organization\",\"@id\":\"https:\/\/territorialchallenges.com\/#organization\",\"name\":\"Territorial Challenges\",\"url\":\"https:\/\/territorialchallenges.com\/\",\"logo\":{\"@type\":\"ImageObject\",\"inLanguage\":\"es\",\"@id\":\"https:\/\/territorialchallenges.com\/#\/schema\/logo\/image\/\",\"url\":\"https:\/\/territorialchallenges.com\/wp-content\/uploads\/2023\/10\/logo-1.png\",\"contentUrl\":\"https:\/\/territorialchallenges.com\/wp-content\/uploads\/2023\/10\/logo-1.png\",\"width\":1832,\"height\":576,\"caption\":\"Territorial Challenges\"},\"image\":{\"@id\":\"https:\/\/territorialchallenges.com\/#\/schema\/logo\/image\/\"}},{\"@type\":\"Person\",\"@id\":\"https:\/\/territorialchallenges.com\/#\/schema\/person\/098f145c7c61a021c425e010f840080f\",\"name\":\"ni.abdi\",\"image\":{\"@type\":\"ImageObject\",\"inLanguage\":\"es\",\"@id\":\"https:\/\/territorialchallenges.com\/#\/schema\/person\/image\/\",\"url\":\"https:\/\/secure.gravatar.com\/avatar\/2a2f2491f3c80039986ba989b1e4b510?s=96&d=identicon&r=g\",\"contentUrl\":\"https:\/\/secure.gravatar.com\/avatar\/2a2f2491f3c80039986ba989b1e4b510?s=96&d=identicon&r=g\",\"caption\":\"ni.abdi\"},\"sameAs\":[\"https:\/\/twitter.com\/Ni.abdi\"],\"url\":\"https:\/\/territorialchallenges.com\/es\/author\/ni-abdi\/\"}]}<\/script>\n<!-- \/ Yoast SEO plugin. -->","yoast_head_json":{"title":"Le Connected Colorado Challenge : une initiative pour des villes plus intelligentes et r\u00e9silientes - Territorial Challenges","robots":{"index":"index","follow":"follow","max-snippet":"max-snippet:-1","max-image-preview":"max-image-preview:large","max-video-preview":"max-video-preview:-1"},"canonical":"https:\/\/territorialchallenges.com\/es\/2025\/01\/29\/le-connected-colorado-challenge-une-initiative-pour-des-villes-plus-intelligentes-et-resilientes\/123849\/","og_locale":"es_ES","og_type":"article","og_title":"Le Connected Colorado Challenge : une initiative pour des villes plus intelligentes et r\u00e9silientes - Territorial Challenges","og_description":"Le Connected Colorado Challenge (C\u00b2 Challenge), organis\u00e9 par la Colorado Smart Cities Alliance, est une v\u00e9ritable opportunit\u00e9 pour les innovateurs du monde entier de collaborer avec les collectivit\u00e9s locales. Ce d\u00e9fi met en lumi\u00e8re quatre probl\u00e9matiques urbaines majeures et encourage les solutions technologiques innovantes pour am\u00e9liorer la qualit\u00e9 de vie dans les municipalit\u00e9s de l&rsquo;\u00c9tat. [&hellip;]","og_url":"https:\/\/territorialchallenges.com\/es\/2025\/01\/29\/le-connected-colorado-challenge-une-initiative-pour-des-villes-plus-intelligentes-et-resilientes\/123849\/","og_site_name":"Territorial Challenges","article_published_time":"2025-01-29T10:55:33+00:00","article_modified_time":"2025-01-29T11:00:13+00:00","og_image":[{"width":1280,"height":853,"url":"https:\/\/territorialchallenges.com\/wp-content\/uploads\/2025\/01\/territoiresintelligents.Image_-1.jpg","type":"image\/jpeg"}],"author":"ni.abdi","twitter_card":"summary_large_image","twitter_creator":"@Ni.abdi","twitter_misc":{"Escrito por":"ni.abdi","Tiempo de lectura":"5 minutos"},"schema":{"@context":"https:\/\/schema.org","@graph":[{"@type":"Article","@id":"https:\/\/territorialchallenges.com\/2025\/01\/29\/le-connected-colorado-challenge-une-initiative-pour-des-villes-plus-intelligentes-et-resilientes\/123849\/#article","isPartOf":{"@id":"https:\/\/territorialchallenges.com\/2025\/01\/29\/le-connected-colorado-challenge-une-initiative-pour-des-villes-plus-intelligentes-et-resilientes\/123849\/"},"author":{"name":"ni.abdi","@id":"https:\/\/territorialchallenges.com\/#\/schema\/person\/098f145c7c61a021c425e010f840080f"},"headline":"Le Connected Colorado Challenge : une initiative pour des villes plus intelligentes et r\u00e9silientes","datePublished":"2025-01-29T10:55:33+00:00","dateModified":"2025-01-29T11:00:13+00:00","mainEntityOfPage":{"@id":"https:\/\/territorialchallenges.com\/2025\/01\/29\/le-connected-colorado-challenge-une-initiative-pour-des-villes-plus-intelligentes-et-resilientes\/123849\/"},"wordCount":1089,"publisher":{"@id":"https:\/\/territorialchallenges.com\/#organization"},"articleSection":["Territoires Intelligents","Actualit\u00e9 internationale"],"inLanguage":"es"},{"@type":"WebPage","@id":"https:\/\/territorialchallenges.com\/2025\/01\/29\/le-connected-colorado-challenge-une-initiative-pour-des-villes-plus-intelligentes-et-resilientes\/123849\/","url":"https:\/\/territorialchallenges.com\/2025\/01\/29\/le-connected-colorado-challenge-une-initiative-pour-des-villes-plus-intelligentes-et-resilientes\/123849\/","name":"Le Connected Colorado Challenge : une initiative pour des villes plus intelligentes et r\u00e9silientes - Territorial Challenges","isPartOf":{"@id":"https:\/\/territorialchallenges.com\/#website"},"datePublished":"2025-01-29T10:55:33+00:00","dateModified":"2025-01-29T11:00:13+00:00","breadcrumb":{"@id":"https:\/\/territorialchallenges.com\/2025\/01\/29\/le-connected-colorado-challenge-une-initiative-pour-des-villes-plus-intelligentes-et-resilientes\/123849\/#breadcrumb"},"inLanguage":"es","potentialAction":[{"@type":"ReadAction","target":["https:\/\/territorialchallenges.com\/2025\/01\/29\/le-connected-colorado-challenge-une-initiative-pour-des-villes-plus-intelligentes-et-resilientes\/123849\/"]}]},{"@type":"BreadcrumbList","@id":"https:\/\/territorialchallenges.com\/2025\/01\/29\/le-connected-colorado-challenge-une-initiative-pour-des-villes-plus-intelligentes-et-resilientes\/123849\/#breadcrumb","itemListElement":[{"@type":"ListItem","position":1,"name":"Home","item":"https:\/\/territorialchallenges.com\/"},{"@type":"ListItem","position":2,"name":"Le Connected Colorado Challenge : une initiative pour des villes plus intelligentes et r\u00e9silientes"}]},{"@type":"WebSite","@id":"https:\/\/territorialchallenges.com\/#website","url":"https:\/\/territorialchallenges.com\/","name":"Desaf\u00edos territoriales","description":"Monitoreo Internacional - Estrategias Inteligentes - Mejores Pr\u00e1cticas","publisher":{"@id":"https:\/\/territorialchallenges.com\/#organization"},"potentialAction":[{"@type":"SearchAction","target":{"@type":"EntryPoint","urlTemplate":"https:\/\/territorialchallenges.com\/?s={search_term_string}"},"query-input":"required name=search_term_string"}],"inLanguage":"es"},{"@type":"Organization","@id":"https:\/\/territorialchallenges.com\/#organization","name":"Desaf\u00edos territoriales","url":"https:\/\/territorialchallenges.com\/","logo":{"@type":"ImageObject","inLanguage":"es","@id":"https:\/\/territorialchallenges.com\/#\/schema\/logo\/image\/","url":"https:\/\/territorialchallenges.com\/wp-content\/uploads\/2023\/10\/logo-1.png","contentUrl":"https:\/\/territorialchallenges.com\/wp-content\/uploads\/2023\/10\/logo-1.png","width":1832,"height":576,"caption":"Territorial Challenges"},"image":{"@id":"https:\/\/territorialchallenges.com\/#\/schema\/logo\/image\/"}},{"@type":"Person","@id":"https:\/\/territorialchallenges.com\/#\/schema\/person\/098f145c7c61a021c425e010f840080f","name":"ni.abdi","image":{"@type":"ImageObject","inLanguage":"es","@id":"https:\/\/territorialchallenges.com\/#\/schema\/person\/image\/","url":"https:\/\/secure.gravatar.com\/avatar\/2a2f2491f3c80039986ba989b1e4b510?s=96&d=identicon&r=g","contentUrl":"https:\/\/secure.gravatar.com\/avatar\/2a2f2491f3c80039986ba989b1e4b510?s=96&d=identicon&r=g","caption":"ni.abdi"},"sameAs":["https:\/\/twitter.com\/Ni.abdi"],"url":"https:\/\/territorialchallenges.com\/es\/author\/ni-abdi\/"}]}},"_links":{"self":[{"href":"https:\/\/territorialchallenges.com\/es\/wp-json\/wp\/v2\/posts\/123849"}],"collection":[{"href":"https:\/\/territorialchallenges.com\/es\/wp-json\/wp\/v2\/posts"}],"about":[{"href":"https:\/\/territorialchallenges.com\/es\/wp-json\/wp\/v2\/types\/post"}],"author":[{"embeddable":true,"href":"https:\/\/territorialchallenges.com\/es\/wp-json\/wp\/v2\/users\/11"}],"replies":[{"embeddable":true,"href":"https:\/\/territorialchallenges.com\/es\/wp-json\/wp\/v2\/comments?post=123849"}],"version-history":[{"count":3,"href":"https:\/\/territorialchallenges.com\/es\/wp-json\/wp\/v2\/posts\/123849\/revisions"}],"predecessor-version":[{"id":123854,"href":"https:\/\/territorialchallenges.com\/es\/wp-json\/wp\/v2\/posts\/123849\/revisions\/123854"}],"wp:featuredmedia":[{"embeddable":true,"href":"https:\/\/territorialchallenges.com\/es\/wp-json\/wp\/v2\/media\/123856"}],"wp:attachment":[{"href":"https:\/\/territorialchallenges.com\/es\/wp-json\/wp\/v2\/media?parent=123849"}],"wp:term":[{"taxonomy":"category","embeddable":true,"href":"https:\/\/territorialchallenges.com\/es\/wp-json\/wp\/v2\/categories?post=123849"},{"taxonomy":"post_tag","embeddable":true,"href":"https:\/\/territorialchallenges.com\/es\/wp-json\/wp\/v2\/tags?post=123849"}],"curies":[{"name":"gracias","href":"https:\/\/api.w.org\/{rel}","templated":true}]}}