{"id":123728,"date":"2025-01-01T17:22:13","date_gmt":"2025-01-01T16:22:13","guid":{"rendered":"https:\/\/territorialchallenges.com\/?p=123728"},"modified":"2025-01-01T17:22:15","modified_gmt":"2025-01-01T16:22:15","slug":"pourquoi-les-collectivites-territoriales-doivent-sinteresser-a-lindustrie-des-semi-conducteurs-en-2025","status":"publish","type":"post","link":"https:\/\/territorialchallenges.com\/es\/2025\/01\/01\/pourquoi-les-collectivites-territoriales-doivent-sinteresser-a-lindustrie-des-semi-conducteurs-en-2025\/123728\/","title":{"rendered":"Por qu\u00e9 las autoridades locales deber\u00edan interesarse en la industria de los semiconductores en 2025"},"content":{"rendered":"<p>Las autoridades locales francesas deben recurrir urgentemente a la industria de semiconductores en 2025 para impulsar su desarrollo econ\u00f3mico. Ante la escasez presupuestaria nacional, esta industria estrat\u00e9gica ofrece oportunidades \u00fanicas de crecimiento e innovaci\u00f3n en las regiones. Al igual que sus hom\u00f3logos en Estados Unidos, Costa Rica, Alemania, Polonia, Pa\u00edses Bajos, Espa\u00f1a y\u2026 <\/p>\n<div class=\"pmpro_content_message\">Art\u00edculo disponible s\u00f3lo para suscriptores.<br \/><a href=\"https:\/\/territorialchallenges.com\/wp-login.php\">Acceso<\/a><br \/><a href=\"https:\/\/territorialchallenges.com\/es\/wp-login.php\/?action=register\">Registro<\/a><\/div>","protected":false},"excerpt":{"rendered":"<p>Les collectivit\u00e9s territoriales fran\u00e7aises doivent imp\u00e9rativement se tourner en 2025 vers l&rsquo;industrie des semi-conducteurs pour stimuler leur d\u00e9veloppement \u00e9conomique. Face \u00e0 une disette budg\u00e9taire nationale, cette industrie strat\u00e9gique offre des opportunit\u00e9s uniques de croissance et d&rsquo;innovation dans les territoires. \u00c0 l&rsquo;instar de leur coll\u00e8gues aux \u00c9tats-Unis, au Costa Rica, en Allemagne, Pologne, Pays-Bas, l&rsquo;Espagne et... <\/p>\n<div class=\"pmpro_content_message\">Art\u00edculo disponible s\u00f3lo para suscriptores.<br \/><a href=\"https:\/\/territorialchallenges.com\/wp-login.php\">Acceso<\/a><br \/><a href=\"https:\/\/territorialchallenges.com\/es\/wp-login.php\/?action=register\">Registro<\/a><\/div>","protected":false},"author":11,"featured_media":123729,"comment_status":"closed","ping_status":"closed","sticky":true,"template":"","format":"standard","meta":{"pmpro_default_level":0,"footnotes":""},"categories":[130,117],"tags":[],"blocksy_meta":"","yoast_head":"<!-- This site is optimized with the Yoast SEO plugin v21.5 - https:\/\/yoast.com\/wordpress\/plugins\/seo\/ -->\n<title>Pourquoi les collectivit\u00e9s territoriales doivent s&#039;int\u00e9resser \u00e0 l&#039;industrie des semi-conducteurs en 2025 - Territorial Challenges<\/title>\n<meta name=\"robots\" content=\"index, follow, max-snippet:-1, max-image-preview:large, max-video-preview:-1\" \/>\n<link rel=\"canonical\" href=\"https:\/\/territorialchallenges.com\/es\/2025\/01\/01\/pourquoi-les-collectivites-territoriales-doivent-sinteresser-a-lindustrie-des-semi-conducteurs-en-2025\/123728\/\" \/>\n<meta property=\"og:locale\" content=\"es_ES\" \/>\n<meta property=\"og:type\" content=\"article\" \/>\n<meta property=\"og:title\" content=\"Pourquoi les collectivit\u00e9s territoriales doivent s&#039;int\u00e9resser \u00e0 l&#039;industrie des semi-conducteurs en 2025 - Territorial Challenges\" \/>\n<meta property=\"og:description\" content=\"Les collectivit\u00e9s territoriales fran\u00e7aises doivent imp\u00e9rativement se tourner en 2025 vers l&rsquo;industrie des semi-conducteurs pour stimuler leur d\u00e9veloppement \u00e9conomique. Face \u00e0 une disette budg\u00e9taire nationale, cette industrie strat\u00e9gique offre des opportunit\u00e9s uniques de croissance et d&rsquo;innovation dans les territoires. \u00c0 l&rsquo;instar de leur coll\u00e8gues aux \u00c9tats-Unis, au Costa Rica, en Allemagne, Pologne, Pays-Bas, l&rsquo;Espagne et [&hellip;]\" \/>\n<meta property=\"og:url\" content=\"https:\/\/territorialchallenges.com\/es\/2025\/01\/01\/pourquoi-les-collectivites-territoriales-doivent-sinteresser-a-lindustrie-des-semi-conducteurs-en-2025\/123728\/\" \/>\n<meta property=\"og:site_name\" content=\"Territorial Challenges\" \/>\n<meta property=\"article:published_time\" content=\"2025-01-01T16:22:13+00:00\" \/>\n<meta property=\"article:modified_time\" content=\"2025-01-01T16:22:15+00:00\" \/>\n<meta property=\"og:image\" content=\"https:\/\/territorialchallenges.com\/wp-content\/uploads\/2025\/01\/reflexionfaiteimage31.01.jpg\" \/>\n\t<meta property=\"og:image:width\" content=\"1280\" \/>\n\t<meta property=\"og:image:height\" content=\"853\" \/>\n\t<meta property=\"og:image:type\" content=\"image\/jpeg\" \/>\n<meta name=\"author\" content=\"ni.abdi\" \/>\n<meta name=\"twitter:card\" content=\"summary_large_image\" \/>\n<meta name=\"twitter:creator\" content=\"@Ni.abdi\" \/>\n<meta name=\"twitter:label1\" content=\"Escrito por\" \/>\n\t<meta name=\"twitter:data1\" content=\"ni.abdi\" \/>\n\t<meta name=\"twitter:label2\" content=\"Tiempo de lectura\" \/>\n\t<meta name=\"twitter:data2\" content=\"4 minutos\" \/>\n<script type=\"application\/ld+json\" class=\"yoast-schema-graph\">{\"@context\":\"https:\/\/schema.org\",\"@graph\":[{\"@type\":\"Article\",\"@id\":\"https:\/\/territorialchallenges.com\/2025\/01\/01\/pourquoi-les-collectivites-territoriales-doivent-sinteresser-a-lindustrie-des-semi-conducteurs-en-2025\/123728\/#article\",\"isPartOf\":{\"@id\":\"https:\/\/territorialchallenges.com\/2025\/01\/01\/pourquoi-les-collectivites-territoriales-doivent-sinteresser-a-lindustrie-des-semi-conducteurs-en-2025\/123728\/\"},\"author\":{\"name\":\"ni.abdi\",\"@id\":\"https:\/\/territorialchallenges.com\/#\/schema\/person\/098f145c7c61a021c425e010f840080f\"},\"headline\":\"Pourquoi les collectivit\u00e9s territoriales doivent s&rsquo;int\u00e9resser \u00e0 l&rsquo;industrie des semi-conducteurs en 2025\",\"datePublished\":\"2025-01-01T16:22:13+00:00\",\"dateModified\":\"2025-01-01T16:22:15+00:00\",\"mainEntityOfPage\":{\"@id\":\"https:\/\/territorialchallenges.com\/2025\/01\/01\/pourquoi-les-collectivites-territoriales-doivent-sinteresser-a-lindustrie-des-semi-conducteurs-en-2025\/123728\/\"},\"wordCount\":698,\"publisher\":{\"@id\":\"https:\/\/territorialchallenges.com\/#organization\"},\"articleSection\":[\"R\u00e9flexion faite\",\"\u00c9cosyst\u00e8me\"],\"inLanguage\":\"es\"},{\"@type\":\"WebPage\",\"@id\":\"https:\/\/territorialchallenges.com\/2025\/01\/01\/pourquoi-les-collectivites-territoriales-doivent-sinteresser-a-lindustrie-des-semi-conducteurs-en-2025\/123728\/\",\"url\":\"https:\/\/territorialchallenges.com\/2025\/01\/01\/pourquoi-les-collectivites-territoriales-doivent-sinteresser-a-lindustrie-des-semi-conducteurs-en-2025\/123728\/\",\"name\":\"Pourquoi les collectivit\u00e9s territoriales doivent s'int\u00e9resser \u00e0 l'industrie des semi-conducteurs en 2025 - Territorial Challenges\",\"isPartOf\":{\"@id\":\"https:\/\/territorialchallenges.com\/#website\"},\"datePublished\":\"2025-01-01T16:22:13+00:00\",\"dateModified\":\"2025-01-01T16:22:15+00:00\",\"breadcrumb\":{\"@id\":\"https:\/\/territorialchallenges.com\/2025\/01\/01\/pourquoi-les-collectivites-territoriales-doivent-sinteresser-a-lindustrie-des-semi-conducteurs-en-2025\/123728\/#breadcrumb\"},\"inLanguage\":\"es\",\"potentialAction\":[{\"@type\":\"ReadAction\",\"target\":[\"https:\/\/territorialchallenges.com\/2025\/01\/01\/pourquoi-les-collectivites-territoriales-doivent-sinteresser-a-lindustrie-des-semi-conducteurs-en-2025\/123728\/\"]}]},{\"@type\":\"BreadcrumbList\",\"@id\":\"https:\/\/territorialchallenges.com\/2025\/01\/01\/pourquoi-les-collectivites-territoriales-doivent-sinteresser-a-lindustrie-des-semi-conducteurs-en-2025\/123728\/#breadcrumb\",\"itemListElement\":[{\"@type\":\"ListItem\",\"position\":1,\"name\":\"Home\",\"item\":\"https:\/\/territorialchallenges.com\/\"},{\"@type\":\"ListItem\",\"position\":2,\"name\":\"Pourquoi les collectivit\u00e9s territoriales doivent s&rsquo;int\u00e9resser \u00e0 l&rsquo;industrie des semi-conducteurs en 2025\"}]},{\"@type\":\"WebSite\",\"@id\":\"https:\/\/territorialchallenges.com\/#website\",\"url\":\"https:\/\/territorialchallenges.com\/\",\"name\":\"Territorial Challenges\",\"description\":\"Veille Internationale - Strat\u00e9gie Intelligentes - Bonnes pratiques\",\"publisher\":{\"@id\":\"https:\/\/territorialchallenges.com\/#organization\"},\"potentialAction\":[{\"@type\":\"SearchAction\",\"target\":{\"@type\":\"EntryPoint\",\"urlTemplate\":\"https:\/\/territorialchallenges.com\/?s={search_term_string}\"},\"query-input\":\"required name=search_term_string\"}],\"inLanguage\":\"es\"},{\"@type\":\"Organization\",\"@id\":\"https:\/\/territorialchallenges.com\/#organization\",\"name\":\"Territorial Challenges\",\"url\":\"https:\/\/territorialchallenges.com\/\",\"logo\":{\"@type\":\"ImageObject\",\"inLanguage\":\"es\",\"@id\":\"https:\/\/territorialchallenges.com\/#\/schema\/logo\/image\/\",\"url\":\"https:\/\/territorialchallenges.com\/wp-content\/uploads\/2023\/10\/logo-1.png\",\"contentUrl\":\"https:\/\/territorialchallenges.com\/wp-content\/uploads\/2023\/10\/logo-1.png\",\"width\":1832,\"height\":576,\"caption\":\"Territorial Challenges\"},\"image\":{\"@id\":\"https:\/\/territorialchallenges.com\/#\/schema\/logo\/image\/\"}},{\"@type\":\"Person\",\"@id\":\"https:\/\/territorialchallenges.com\/#\/schema\/person\/098f145c7c61a021c425e010f840080f\",\"name\":\"ni.abdi\",\"image\":{\"@type\":\"ImageObject\",\"inLanguage\":\"es\",\"@id\":\"https:\/\/territorialchallenges.com\/#\/schema\/person\/image\/\",\"url\":\"https:\/\/secure.gravatar.com\/avatar\/2a2f2491f3c80039986ba989b1e4b510?s=96&d=identicon&r=g\",\"contentUrl\":\"https:\/\/secure.gravatar.com\/avatar\/2a2f2491f3c80039986ba989b1e4b510?s=96&d=identicon&r=g\",\"caption\":\"ni.abdi\"},\"sameAs\":[\"https:\/\/twitter.com\/Ni.abdi\"],\"url\":\"https:\/\/territorialchallenges.com\/es\/author\/ni-abdi\/\"}]}<\/script>\n<!-- \/ Yoast SEO plugin. -->","yoast_head_json":{"title":"Pourquoi les collectivit\u00e9s territoriales doivent s'int\u00e9resser \u00e0 l'industrie des semi-conducteurs en 2025 - Territorial Challenges","robots":{"index":"index","follow":"follow","max-snippet":"max-snippet:-1","max-image-preview":"max-image-preview:large","max-video-preview":"max-video-preview:-1"},"canonical":"https:\/\/territorialchallenges.com\/es\/2025\/01\/01\/pourquoi-les-collectivites-territoriales-doivent-sinteresser-a-lindustrie-des-semi-conducteurs-en-2025\/123728\/","og_locale":"es_ES","og_type":"article","og_title":"Pourquoi les collectivit\u00e9s territoriales doivent s'int\u00e9resser \u00e0 l'industrie des semi-conducteurs en 2025 - Territorial Challenges","og_description":"Les collectivit\u00e9s territoriales fran\u00e7aises doivent imp\u00e9rativement se tourner en 2025 vers l&rsquo;industrie des semi-conducteurs pour stimuler leur d\u00e9veloppement \u00e9conomique. Face \u00e0 une disette budg\u00e9taire nationale, cette industrie strat\u00e9gique offre des opportunit\u00e9s uniques de croissance et d&rsquo;innovation dans les territoires. \u00c0 l&rsquo;instar de leur coll\u00e8gues aux \u00c9tats-Unis, au Costa Rica, en Allemagne, Pologne, Pays-Bas, l&rsquo;Espagne et [&hellip;]","og_url":"https:\/\/territorialchallenges.com\/es\/2025\/01\/01\/pourquoi-les-collectivites-territoriales-doivent-sinteresser-a-lindustrie-des-semi-conducteurs-en-2025\/123728\/","og_site_name":"Territorial Challenges","article_published_time":"2025-01-01T16:22:13+00:00","article_modified_time":"2025-01-01T16:22:15+00:00","og_image":[{"width":1280,"height":853,"url":"https:\/\/territorialchallenges.com\/wp-content\/uploads\/2025\/01\/reflexionfaiteimage31.01.jpg","type":"image\/jpeg"}],"author":"ni.abdi","twitter_card":"summary_large_image","twitter_creator":"@Ni.abdi","twitter_misc":{"Escrito por":"ni.abdi","Tiempo de lectura":"4 minutos"},"schema":{"@context":"https:\/\/schema.org","@graph":[{"@type":"Article","@id":"https:\/\/territorialchallenges.com\/2025\/01\/01\/pourquoi-les-collectivites-territoriales-doivent-sinteresser-a-lindustrie-des-semi-conducteurs-en-2025\/123728\/#article","isPartOf":{"@id":"https:\/\/territorialchallenges.com\/2025\/01\/01\/pourquoi-les-collectivites-territoriales-doivent-sinteresser-a-lindustrie-des-semi-conducteurs-en-2025\/123728\/"},"author":{"name":"ni.abdi","@id":"https:\/\/territorialchallenges.com\/#\/schema\/person\/098f145c7c61a021c425e010f840080f"},"headline":"Pourquoi les collectivit\u00e9s territoriales doivent s&rsquo;int\u00e9resser \u00e0 l&rsquo;industrie des semi-conducteurs en 2025","datePublished":"2025-01-01T16:22:13+00:00","dateModified":"2025-01-01T16:22:15+00:00","mainEntityOfPage":{"@id":"https:\/\/territorialchallenges.com\/2025\/01\/01\/pourquoi-les-collectivites-territoriales-doivent-sinteresser-a-lindustrie-des-semi-conducteurs-en-2025\/123728\/"},"wordCount":698,"publisher":{"@id":"https:\/\/territorialchallenges.com\/#organization"},"articleSection":["R\u00e9flexion faite","\u00c9cosyst\u00e8me"],"inLanguage":"es"},{"@type":"WebPage","@id":"https:\/\/territorialchallenges.com\/2025\/01\/01\/pourquoi-les-collectivites-territoriales-doivent-sinteresser-a-lindustrie-des-semi-conducteurs-en-2025\/123728\/","url":"https:\/\/territorialchallenges.com\/2025\/01\/01\/pourquoi-les-collectivites-territoriales-doivent-sinteresser-a-lindustrie-des-semi-conducteurs-en-2025\/123728\/","name":"Pourquoi les collectivit\u00e9s territoriales doivent s'int\u00e9resser \u00e0 l'industrie des semi-conducteurs en 2025 - Territorial Challenges","isPartOf":{"@id":"https:\/\/territorialchallenges.com\/#website"},"datePublished":"2025-01-01T16:22:13+00:00","dateModified":"2025-01-01T16:22:15+00:00","breadcrumb":{"@id":"https:\/\/territorialchallenges.com\/2025\/01\/01\/pourquoi-les-collectivites-territoriales-doivent-sinteresser-a-lindustrie-des-semi-conducteurs-en-2025\/123728\/#breadcrumb"},"inLanguage":"es","potentialAction":[{"@type":"ReadAction","target":["https:\/\/territorialchallenges.com\/2025\/01\/01\/pourquoi-les-collectivites-territoriales-doivent-sinteresser-a-lindustrie-des-semi-conducteurs-en-2025\/123728\/"]}]},{"@type":"BreadcrumbList","@id":"https:\/\/territorialchallenges.com\/2025\/01\/01\/pourquoi-les-collectivites-territoriales-doivent-sinteresser-a-lindustrie-des-semi-conducteurs-en-2025\/123728\/#breadcrumb","itemListElement":[{"@type":"ListItem","position":1,"name":"Home","item":"https:\/\/territorialchallenges.com\/"},{"@type":"ListItem","position":2,"name":"Pourquoi les collectivit\u00e9s territoriales doivent s&rsquo;int\u00e9resser \u00e0 l&rsquo;industrie des semi-conducteurs en 2025"}]},{"@type":"WebSite","@id":"https:\/\/territorialchallenges.com\/#website","url":"https:\/\/territorialchallenges.com\/","name":"Desaf\u00edos territoriales","description":"Monitoreo Internacional - Estrategias Inteligentes - Mejores Pr\u00e1cticas","publisher":{"@id":"https:\/\/territorialchallenges.com\/#organization"},"potentialAction":[{"@type":"SearchAction","target":{"@type":"EntryPoint","urlTemplate":"https:\/\/territorialchallenges.com\/?s={search_term_string}"},"query-input":"required name=search_term_string"}],"inLanguage":"es"},{"@type":"Organization","@id":"https:\/\/territorialchallenges.com\/#organization","name":"Desaf\u00edos territoriales","url":"https:\/\/territorialchallenges.com\/","logo":{"@type":"ImageObject","inLanguage":"es","@id":"https:\/\/territorialchallenges.com\/#\/schema\/logo\/image\/","url":"https:\/\/territorialchallenges.com\/wp-content\/uploads\/2023\/10\/logo-1.png","contentUrl":"https:\/\/territorialchallenges.com\/wp-content\/uploads\/2023\/10\/logo-1.png","width":1832,"height":576,"caption":"Territorial Challenges"},"image":{"@id":"https:\/\/territorialchallenges.com\/#\/schema\/logo\/image\/"}},{"@type":"Person","@id":"https:\/\/territorialchallenges.com\/#\/schema\/person\/098f145c7c61a021c425e010f840080f","name":"ni.abdi","image":{"@type":"ImageObject","inLanguage":"es","@id":"https:\/\/territorialchallenges.com\/#\/schema\/person\/image\/","url":"https:\/\/secure.gravatar.com\/avatar\/2a2f2491f3c80039986ba989b1e4b510?s=96&d=identicon&r=g","contentUrl":"https:\/\/secure.gravatar.com\/avatar\/2a2f2491f3c80039986ba989b1e4b510?s=96&d=identicon&r=g","caption":"ni.abdi"},"sameAs":["https:\/\/twitter.com\/Ni.abdi"],"url":"https:\/\/territorialchallenges.com\/es\/author\/ni-abdi\/"}]}},"_links":{"self":[{"href":"https:\/\/territorialchallenges.com\/es\/wp-json\/wp\/v2\/posts\/123728"}],"collection":[{"href":"https:\/\/territorialchallenges.com\/es\/wp-json\/wp\/v2\/posts"}],"about":[{"href":"https:\/\/territorialchallenges.com\/es\/wp-json\/wp\/v2\/types\/post"}],"author":[{"embeddable":true,"href":"https:\/\/territorialchallenges.com\/es\/wp-json\/wp\/v2\/users\/11"}],"replies":[{"embeddable":true,"href":"https:\/\/territorialchallenges.com\/es\/wp-json\/wp\/v2\/comments?post=123728"}],"version-history":[{"count":1,"href":"https:\/\/territorialchallenges.com\/es\/wp-json\/wp\/v2\/posts\/123728\/revisions"}],"predecessor-version":[{"id":123730,"href":"https:\/\/territorialchallenges.com\/es\/wp-json\/wp\/v2\/posts\/123728\/revisions\/123730"}],"wp:featuredmedia":[{"embeddable":true,"href":"https:\/\/territorialchallenges.com\/es\/wp-json\/wp\/v2\/media\/123729"}],"wp:attachment":[{"href":"https:\/\/territorialchallenges.com\/es\/wp-json\/wp\/v2\/media?parent=123728"}],"wp:term":[{"taxonomy":"category","embeddable":true,"href":"https:\/\/territorialchallenges.com\/es\/wp-json\/wp\/v2\/categories?post=123728"},{"taxonomy":"post_tag","embeddable":true,"href":"https:\/\/territorialchallenges.com\/es\/wp-json\/wp\/v2\/tags?post=123728"}],"curies":[{"name":"gracias","href":"https:\/\/api.w.org\/{rel}","templated":true}]}}