{"id":123568,"date":"2024-11-24T13:01:09","date_gmt":"2024-11-24T12:01:09","guid":{"rendered":"https:\/\/territorialchallenges.com\/?p=123568"},"modified":"2024-11-24T13:01:12","modified_gmt":"2024-11-24T12:01:12","slug":"le-sous-groupe-data-for-energy-d4e-un-pas-decisif-vers-la-transition-energetique-europeenne","status":"publish","type":"post","link":"https:\/\/territorialchallenges.com\/es\/2024\/11\/24\/le-sous-groupe-data-for-energy-d4e-un-pas-decisif-vers-la-transition-energetique-europeenne\/123568\/","title":{"rendered":"El subgrupo \u00abDatos para la Energ\u00eda\u00bb (D4E): un paso decisivo hacia la transici\u00f3n energ\u00e9tica europea"},"content":{"rendered":"<p>El subgrupo Datos para la Energ\u00eda (D4E) del Grupo de Expertos en Energ\u00eda Inteligente de la Comisi\u00f3n Europea celebr\u00f3 su primera reuni\u00f3n, lo que marca un paso crucial en la coordinaci\u00f3n del intercambio de datos para la transici\u00f3n energ\u00e9tica. Este art\u00edculo explora los objetivos, los retos y las acciones iniciales de este grupo, esencial para\u2026 <\/p>\n<div class=\"pmpro_content_message\">Art\u00edculo disponible s\u00f3lo para suscriptores.<br \/><a href=\"https:\/\/territorialchallenges.com\/wp-login.php\">Acceso<\/a><br \/><a href=\"https:\/\/territorialchallenges.com\/es\/wp-login.php\/?action=register\">Registro<\/a><\/div>","protected":false},"excerpt":{"rendered":"<p>Le sous-groupe \u00ab Data for Energy \u00bb (D4E) du groupe d\u2019experts sur l\u2019\u00e9nergie intelligente de la Commission europ\u00e9enne a tenu sa premi\u00e8re r\u00e9union, marquant une \u00e9tape cruciale dans la coordination des \u00e9changes de donn\u00e9es pour la transition \u00e9nerg\u00e9tique. Cet article explore les objectifs, les d\u00e9fis et les premi\u00e8res actions de ce groupe, essentiel pour la... <\/p>\n<div class=\"pmpro_content_message\">Art\u00edculo disponible s\u00f3lo para suscriptores.<br \/><a href=\"https:\/\/territorialchallenges.com\/wp-login.php\">Acceso<\/a><br \/><a href=\"https:\/\/territorialchallenges.com\/es\/wp-login.php\/?action=register\">Registro<\/a><\/div>","protected":false},"author":11,"featured_media":123569,"comment_status":"closed","ping_status":"closed","sticky":true,"template":"","format":"standard","meta":{"pmpro_default_level":0,"footnotes":""},"categories":[18,127],"tags":[],"blocksy_meta":"","yoast_head":"<!-- This site is optimized with the Yoast SEO plugin v21.5 - https:\/\/yoast.com\/wordpress\/plugins\/seo\/ -->\n<title>Le sous-groupe \u00ab Data for Energy \u00bb (D4E) : un pas d\u00e9cisif vers la transition \u00e9nerg\u00e9tique europ\u00e9enne - Territorial Challenges<\/title>\n<meta name=\"robots\" content=\"index, follow, max-snippet:-1, max-image-preview:large, max-video-preview:-1\" \/>\n<link rel=\"canonical\" href=\"https:\/\/territorialchallenges.com\/es\/2024\/11\/24\/le-sous-groupe-data-for-energy-d4e-un-pas-decisif-vers-la-transition-energetique-europeenne\/123568\/\" \/>\n<meta property=\"og:locale\" content=\"es_ES\" \/>\n<meta property=\"og:type\" content=\"article\" \/>\n<meta property=\"og:title\" content=\"Le sous-groupe \u00ab Data for Energy \u00bb (D4E) : un pas d\u00e9cisif vers la transition \u00e9nerg\u00e9tique europ\u00e9enne - Territorial Challenges\" \/>\n<meta property=\"og:description\" content=\"Le sous-groupe \u00ab Data for Energy \u00bb (D4E) du groupe d\u2019experts sur l\u2019\u00e9nergie intelligente de la Commission europ\u00e9enne a tenu sa premi\u00e8re r\u00e9union, marquant une \u00e9tape cruciale dans la coordination des \u00e9changes de donn\u00e9es pour la transition \u00e9nerg\u00e9tique. Cet article explore les objectifs, les d\u00e9fis et les premi\u00e8res actions de ce groupe, essentiel pour la [&hellip;]\" \/>\n<meta property=\"og:url\" content=\"https:\/\/territorialchallenges.com\/es\/2024\/11\/24\/le-sous-groupe-data-for-energy-d4e-un-pas-decisif-vers-la-transition-energetique-europeenne\/123568\/\" \/>\n<meta property=\"og:site_name\" content=\"Territorial Challenges\" \/>\n<meta property=\"article:published_time\" content=\"2024-11-24T12:01:09+00:00\" \/>\n<meta property=\"article:modified_time\" content=\"2024-11-24T12:01:12+00:00\" \/>\n<meta property=\"og:image\" content=\"https:\/\/territorialchallenges.com\/wp-content\/uploads\/2024\/11\/transitionenergetique.jpg\" \/>\n\t<meta property=\"og:image:width\" content=\"712\" \/>\n\t<meta property=\"og:image:height\" content=\"397\" \/>\n\t<meta property=\"og:image:type\" content=\"image\/jpeg\" \/>\n<meta name=\"author\" content=\"ni.abdi\" \/>\n<meta name=\"twitter:card\" content=\"summary_large_image\" \/>\n<meta name=\"twitter:creator\" content=\"@Ni.abdi\" \/>\n<meta name=\"twitter:label1\" content=\"Escrito por\" \/>\n\t<meta name=\"twitter:data1\" content=\"ni.abdi\" \/>\n\t<meta name=\"twitter:label2\" content=\"Tiempo de lectura\" \/>\n\t<meta name=\"twitter:data2\" content=\"3 minutos\" \/>\n<script type=\"application\/ld+json\" class=\"yoast-schema-graph\">{\"@context\":\"https:\/\/schema.org\",\"@graph\":[{\"@type\":\"Article\",\"@id\":\"https:\/\/territorialchallenges.com\/2024\/11\/24\/le-sous-groupe-data-for-energy-d4e-un-pas-decisif-vers-la-transition-energetique-europeenne\/123568\/#article\",\"isPartOf\":{\"@id\":\"https:\/\/territorialchallenges.com\/2024\/11\/24\/le-sous-groupe-data-for-energy-d4e-un-pas-decisif-vers-la-transition-energetique-europeenne\/123568\/\"},\"author\":{\"name\":\"ni.abdi\",\"@id\":\"https:\/\/territorialchallenges.com\/#\/schema\/person\/098f145c7c61a021c425e010f840080f\"},\"headline\":\"Le sous-groupe \u00ab Data for Energy \u00bb (D4E) : un pas d\u00e9cisif vers la transition \u00e9nerg\u00e9tique europ\u00e9enne\",\"datePublished\":\"2024-11-24T12:01:09+00:00\",\"dateModified\":\"2024-11-24T12:01:12+00:00\",\"mainEntityOfPage\":{\"@id\":\"https:\/\/territorialchallenges.com\/2024\/11\/24\/le-sous-groupe-data-for-energy-d4e-un-pas-decisif-vers-la-transition-energetique-europeenne\/123568\/\"},\"wordCount\":709,\"publisher\":{\"@id\":\"https:\/\/territorialchallenges.com\/#organization\"},\"articleSection\":[\"Transition \u00c9nerg\u00e9tique\",\"Actualit\u00e9 Europe\"],\"inLanguage\":\"es\"},{\"@type\":\"WebPage\",\"@id\":\"https:\/\/territorialchallenges.com\/2024\/11\/24\/le-sous-groupe-data-for-energy-d4e-un-pas-decisif-vers-la-transition-energetique-europeenne\/123568\/\",\"url\":\"https:\/\/territorialchallenges.com\/2024\/11\/24\/le-sous-groupe-data-for-energy-d4e-un-pas-decisif-vers-la-transition-energetique-europeenne\/123568\/\",\"name\":\"Le sous-groupe \u00ab Data for Energy \u00bb (D4E) : un pas d\u00e9cisif vers la transition \u00e9nerg\u00e9tique europ\u00e9enne - Territorial Challenges\",\"isPartOf\":{\"@id\":\"https:\/\/territorialchallenges.com\/#website\"},\"datePublished\":\"2024-11-24T12:01:09+00:00\",\"dateModified\":\"2024-11-24T12:01:12+00:00\",\"breadcrumb\":{\"@id\":\"https:\/\/territorialchallenges.com\/2024\/11\/24\/le-sous-groupe-data-for-energy-d4e-un-pas-decisif-vers-la-transition-energetique-europeenne\/123568\/#breadcrumb\"},\"inLanguage\":\"es\",\"potentialAction\":[{\"@type\":\"ReadAction\",\"target\":[\"https:\/\/territorialchallenges.com\/2024\/11\/24\/le-sous-groupe-data-for-energy-d4e-un-pas-decisif-vers-la-transition-energetique-europeenne\/123568\/\"]}]},{\"@type\":\"BreadcrumbList\",\"@id\":\"https:\/\/territorialchallenges.com\/2024\/11\/24\/le-sous-groupe-data-for-energy-d4e-un-pas-decisif-vers-la-transition-energetique-europeenne\/123568\/#breadcrumb\",\"itemListElement\":[{\"@type\":\"ListItem\",\"position\":1,\"name\":\"Home\",\"item\":\"https:\/\/territorialchallenges.com\/\"},{\"@type\":\"ListItem\",\"position\":2,\"name\":\"Le sous-groupe \u00ab Data for Energy \u00bb (D4E) : un pas d\u00e9cisif vers la transition \u00e9nerg\u00e9tique europ\u00e9enne\"}]},{\"@type\":\"WebSite\",\"@id\":\"https:\/\/territorialchallenges.com\/#website\",\"url\":\"https:\/\/territorialchallenges.com\/\",\"name\":\"Territorial Challenges\",\"description\":\"Veille Internationale - Strat\u00e9gie Intelligentes - Bonnes pratiques\",\"publisher\":{\"@id\":\"https:\/\/territorialchallenges.com\/#organization\"},\"potentialAction\":[{\"@type\":\"SearchAction\",\"target\":{\"@type\":\"EntryPoint\",\"urlTemplate\":\"https:\/\/territorialchallenges.com\/?s={search_term_string}\"},\"query-input\":\"required name=search_term_string\"}],\"inLanguage\":\"es\"},{\"@type\":\"Organization\",\"@id\":\"https:\/\/territorialchallenges.com\/#organization\",\"name\":\"Territorial Challenges\",\"url\":\"https:\/\/territorialchallenges.com\/\",\"logo\":{\"@type\":\"ImageObject\",\"inLanguage\":\"es\",\"@id\":\"https:\/\/territorialchallenges.com\/#\/schema\/logo\/image\/\",\"url\":\"https:\/\/territorialchallenges.com\/wp-content\/uploads\/2023\/10\/logo-1.png\",\"contentUrl\":\"https:\/\/territorialchallenges.com\/wp-content\/uploads\/2023\/10\/logo-1.png\",\"width\":1832,\"height\":576,\"caption\":\"Territorial Challenges\"},\"image\":{\"@id\":\"https:\/\/territorialchallenges.com\/#\/schema\/logo\/image\/\"}},{\"@type\":\"Person\",\"@id\":\"https:\/\/territorialchallenges.com\/#\/schema\/person\/098f145c7c61a021c425e010f840080f\",\"name\":\"ni.abdi\",\"image\":{\"@type\":\"ImageObject\",\"inLanguage\":\"es\",\"@id\":\"https:\/\/territorialchallenges.com\/#\/schema\/person\/image\/\",\"url\":\"https:\/\/secure.gravatar.com\/avatar\/2a2f2491f3c80039986ba989b1e4b510?s=96&d=identicon&r=g\",\"contentUrl\":\"https:\/\/secure.gravatar.com\/avatar\/2a2f2491f3c80039986ba989b1e4b510?s=96&d=identicon&r=g\",\"caption\":\"ni.abdi\"},\"sameAs\":[\"https:\/\/twitter.com\/Ni.abdi\"],\"url\":\"https:\/\/territorialchallenges.com\/es\/author\/ni-abdi\/\"}]}<\/script>\n<!-- \/ Yoast SEO plugin. -->","yoast_head_json":{"title":"Le sous-groupe \u00ab Data for Energy \u00bb (D4E) : un pas d\u00e9cisif vers la transition \u00e9nerg\u00e9tique europ\u00e9enne - Territorial Challenges","robots":{"index":"index","follow":"follow","max-snippet":"max-snippet:-1","max-image-preview":"max-image-preview:large","max-video-preview":"max-video-preview:-1"},"canonical":"https:\/\/territorialchallenges.com\/es\/2024\/11\/24\/le-sous-groupe-data-for-energy-d4e-un-pas-decisif-vers-la-transition-energetique-europeenne\/123568\/","og_locale":"es_ES","og_type":"article","og_title":"Le sous-groupe \u00ab Data for Energy \u00bb (D4E) : un pas d\u00e9cisif vers la transition \u00e9nerg\u00e9tique europ\u00e9enne - Territorial Challenges","og_description":"Le sous-groupe \u00ab Data for Energy \u00bb (D4E) du groupe d\u2019experts sur l\u2019\u00e9nergie intelligente de la Commission europ\u00e9enne a tenu sa premi\u00e8re r\u00e9union, marquant une \u00e9tape cruciale dans la coordination des \u00e9changes de donn\u00e9es pour la transition \u00e9nerg\u00e9tique. Cet article explore les objectifs, les d\u00e9fis et les premi\u00e8res actions de ce groupe, essentiel pour la [&hellip;]","og_url":"https:\/\/territorialchallenges.com\/es\/2024\/11\/24\/le-sous-groupe-data-for-energy-d4e-un-pas-decisif-vers-la-transition-energetique-europeenne\/123568\/","og_site_name":"Territorial Challenges","article_published_time":"2024-11-24T12:01:09+00:00","article_modified_time":"2024-11-24T12:01:12+00:00","og_image":[{"width":712,"height":397,"url":"https:\/\/territorialchallenges.com\/wp-content\/uploads\/2024\/11\/transitionenergetique.jpg","type":"image\/jpeg"}],"author":"ni.abdi","twitter_card":"summary_large_image","twitter_creator":"@Ni.abdi","twitter_misc":{"Escrito por":"ni.abdi","Tiempo de lectura":"3 minutos"},"schema":{"@context":"https:\/\/schema.org","@graph":[{"@type":"Article","@id":"https:\/\/territorialchallenges.com\/2024\/11\/24\/le-sous-groupe-data-for-energy-d4e-un-pas-decisif-vers-la-transition-energetique-europeenne\/123568\/#article","isPartOf":{"@id":"https:\/\/territorialchallenges.com\/2024\/11\/24\/le-sous-groupe-data-for-energy-d4e-un-pas-decisif-vers-la-transition-energetique-europeenne\/123568\/"},"author":{"name":"ni.abdi","@id":"https:\/\/territorialchallenges.com\/#\/schema\/person\/098f145c7c61a021c425e010f840080f"},"headline":"Le sous-groupe \u00ab Data for Energy \u00bb (D4E) : un pas d\u00e9cisif vers la transition \u00e9nerg\u00e9tique europ\u00e9enne","datePublished":"2024-11-24T12:01:09+00:00","dateModified":"2024-11-24T12:01:12+00:00","mainEntityOfPage":{"@id":"https:\/\/territorialchallenges.com\/2024\/11\/24\/le-sous-groupe-data-for-energy-d4e-un-pas-decisif-vers-la-transition-energetique-europeenne\/123568\/"},"wordCount":709,"publisher":{"@id":"https:\/\/territorialchallenges.com\/#organization"},"articleSection":["Transition \u00c9nerg\u00e9tique","Actualit\u00e9 Europe"],"inLanguage":"es"},{"@type":"WebPage","@id":"https:\/\/territorialchallenges.com\/2024\/11\/24\/le-sous-groupe-data-for-energy-d4e-un-pas-decisif-vers-la-transition-energetique-europeenne\/123568\/","url":"https:\/\/territorialchallenges.com\/2024\/11\/24\/le-sous-groupe-data-for-energy-d4e-un-pas-decisif-vers-la-transition-energetique-europeenne\/123568\/","name":"Le sous-groupe \u00ab Data for Energy \u00bb (D4E) : un pas d\u00e9cisif vers la transition \u00e9nerg\u00e9tique europ\u00e9enne - Territorial Challenges","isPartOf":{"@id":"https:\/\/territorialchallenges.com\/#website"},"datePublished":"2024-11-24T12:01:09+00:00","dateModified":"2024-11-24T12:01:12+00:00","breadcrumb":{"@id":"https:\/\/territorialchallenges.com\/2024\/11\/24\/le-sous-groupe-data-for-energy-d4e-un-pas-decisif-vers-la-transition-energetique-europeenne\/123568\/#breadcrumb"},"inLanguage":"es","potentialAction":[{"@type":"ReadAction","target":["https:\/\/territorialchallenges.com\/2024\/11\/24\/le-sous-groupe-data-for-energy-d4e-un-pas-decisif-vers-la-transition-energetique-europeenne\/123568\/"]}]},{"@type":"BreadcrumbList","@id":"https:\/\/territorialchallenges.com\/2024\/11\/24\/le-sous-groupe-data-for-energy-d4e-un-pas-decisif-vers-la-transition-energetique-europeenne\/123568\/#breadcrumb","itemListElement":[{"@type":"ListItem","position":1,"name":"Home","item":"https:\/\/territorialchallenges.com\/"},{"@type":"ListItem","position":2,"name":"Le sous-groupe \u00ab Data for Energy \u00bb (D4E) : un pas d\u00e9cisif vers la transition \u00e9nerg\u00e9tique europ\u00e9enne"}]},{"@type":"WebSite","@id":"https:\/\/territorialchallenges.com\/#website","url":"https:\/\/territorialchallenges.com\/","name":"Desaf\u00edos territoriales","description":"Monitoreo Internacional - Estrategias Inteligentes - Mejores Pr\u00e1cticas","publisher":{"@id":"https:\/\/territorialchallenges.com\/#organization"},"potentialAction":[{"@type":"SearchAction","target":{"@type":"EntryPoint","urlTemplate":"https:\/\/territorialchallenges.com\/?s={search_term_string}"},"query-input":"required name=search_term_string"}],"inLanguage":"es"},{"@type":"Organization","@id":"https:\/\/territorialchallenges.com\/#organization","name":"Desaf\u00edos territoriales","url":"https:\/\/territorialchallenges.com\/","logo":{"@type":"ImageObject","inLanguage":"es","@id":"https:\/\/territorialchallenges.com\/#\/schema\/logo\/image\/","url":"https:\/\/territorialchallenges.com\/wp-content\/uploads\/2023\/10\/logo-1.png","contentUrl":"https:\/\/territorialchallenges.com\/wp-content\/uploads\/2023\/10\/logo-1.png","width":1832,"height":576,"caption":"Territorial Challenges"},"image":{"@id":"https:\/\/territorialchallenges.com\/#\/schema\/logo\/image\/"}},{"@type":"Person","@id":"https:\/\/territorialchallenges.com\/#\/schema\/person\/098f145c7c61a021c425e010f840080f","name":"ni.abdi","image":{"@type":"ImageObject","inLanguage":"es","@id":"https:\/\/territorialchallenges.com\/#\/schema\/person\/image\/","url":"https:\/\/secure.gravatar.com\/avatar\/2a2f2491f3c80039986ba989b1e4b510?s=96&d=identicon&r=g","contentUrl":"https:\/\/secure.gravatar.com\/avatar\/2a2f2491f3c80039986ba989b1e4b510?s=96&d=identicon&r=g","caption":"ni.abdi"},"sameAs":["https:\/\/twitter.com\/Ni.abdi"],"url":"https:\/\/territorialchallenges.com\/es\/author\/ni-abdi\/"}]}},"_links":{"self":[{"href":"https:\/\/territorialchallenges.com\/es\/wp-json\/wp\/v2\/posts\/123568"}],"collection":[{"href":"https:\/\/territorialchallenges.com\/es\/wp-json\/wp\/v2\/posts"}],"about":[{"href":"https:\/\/territorialchallenges.com\/es\/wp-json\/wp\/v2\/types\/post"}],"author":[{"embeddable":true,"href":"https:\/\/territorialchallenges.com\/es\/wp-json\/wp\/v2\/users\/11"}],"replies":[{"embeddable":true,"href":"https:\/\/territorialchallenges.com\/es\/wp-json\/wp\/v2\/comments?post=123568"}],"version-history":[{"count":1,"href":"https:\/\/territorialchallenges.com\/es\/wp-json\/wp\/v2\/posts\/123568\/revisions"}],"predecessor-version":[{"id":123570,"href":"https:\/\/territorialchallenges.com\/es\/wp-json\/wp\/v2\/posts\/123568\/revisions\/123570"}],"wp:featuredmedia":[{"embeddable":true,"href":"https:\/\/territorialchallenges.com\/es\/wp-json\/wp\/v2\/media\/123569"}],"wp:attachment":[{"href":"https:\/\/territorialchallenges.com\/es\/wp-json\/wp\/v2\/media?parent=123568"}],"wp:term":[{"taxonomy":"category","embeddable":true,"href":"https:\/\/territorialchallenges.com\/es\/wp-json\/wp\/v2\/categories?post=123568"},{"taxonomy":"post_tag","embeddable":true,"href":"https:\/\/territorialchallenges.com\/es\/wp-json\/wp\/v2\/tags?post=123568"}],"curies":[{"name":"gracias","href":"https:\/\/api.w.org\/{rel}","templated":true}]}}