{"id":123366,"date":"2024-10-01T16:38:41","date_gmt":"2024-10-01T14:38:41","guid":{"rendered":"https:\/\/territorialchallenges.com\/?p=123366"},"modified":"2024-10-01T16:38:42","modified_gmt":"2024-10-01T14:38:42","slug":"ori-marom-le-visionnaire-de-la-nouvelle-mobilite-au-port-de-rotterdam","status":"publish","type":"post","link":"https:\/\/territorialchallenges.com\/es\/2024\/10\/01\/ori-marom-le-visionnaire-de-la-nouvelle-mobilite-au-port-de-rotterdam\/123366\/","title":{"rendered":"Ori Marom: El visionario de la nueva movilidad en el Puerto de R\u00f3terdam"},"content":{"rendered":"<p>Ori Marom, Director del Programa de Nueva Movilidad del Puerto de R\u00f3terdam, es un actor clave en la transformaci\u00f3n digital del sector del transporte mar\u00edtimo. Como miembro de la junta directiva de SAE Industry Technologies Consortia, desempe\u00f1a un papel crucial en la integraci\u00f3n de tecnolog\u00edas innovadoras como buques aut\u00f3nomos y drones en los sistemas portuarios. Su\u2026 <\/p>\n<div class=\"pmpro_content_message\">Art\u00edculo disponible s\u00f3lo para suscriptores.<br \/><a href=\"https:\/\/territorialchallenges.com\/wp-login.php\">Acceso<\/a><br \/><a href=\"https:\/\/territorialchallenges.com\/es\/wp-login.php\/?action=register\">Registro<\/a><\/div>","protected":false},"excerpt":{"rendered":"<p>Ori Marom, Program Manager New-Mobility au Port de Rotterdam, est un acteur cl\u00e9 de la transition num\u00e9rique dans le secteur des transports maritimes. Membre du conseil d&rsquo;administration de SAE Industry Technologies Consortia, il joue un r\u00f4le crucial dans l&rsquo;int\u00e9gration de technologies innovantes telles que les navires autonomes et les drones dans les syst\u00e8mes portuaires. Son... <\/p>\n<div class=\"pmpro_content_message\">Art\u00edculo disponible s\u00f3lo para suscriptores.<br \/><a href=\"https:\/\/territorialchallenges.com\/wp-login.php\">Acceso<\/a><br \/><a href=\"https:\/\/territorialchallenges.com\/es\/wp-login.php\/?action=register\">Registro<\/a><\/div>","protected":false},"author":11,"featured_media":123367,"comment_status":"closed","ping_status":"closed","sticky":true,"template":"","format":"standard","meta":{"pmpro_default_level":0,"footnotes":""},"categories":[126,117],"tags":[],"blocksy_meta":"","yoast_head":"<!-- This site is optimized with the Yoast SEO plugin v21.5 - https:\/\/yoast.com\/wordpress\/plugins\/seo\/ -->\n<title>Ori Marom : Le visionnaire de la nouvelle mobilit\u00e9 au Port de Rotterdam - Territorial Challenges<\/title>\n<meta name=\"robots\" content=\"index, follow, max-snippet:-1, max-image-preview:large, max-video-preview:-1\" \/>\n<link rel=\"canonical\" href=\"https:\/\/territorialchallenges.com\/es\/2024\/10\/01\/ori-marom-le-visionnaire-de-la-nouvelle-mobilite-au-port-de-rotterdam\/123366\/\" \/>\n<meta property=\"og:locale\" content=\"es_ES\" \/>\n<meta property=\"og:type\" content=\"article\" \/>\n<meta property=\"og:title\" content=\"Ori Marom : Le visionnaire de la nouvelle mobilit\u00e9 au Port de Rotterdam - Territorial Challenges\" \/>\n<meta property=\"og:description\" content=\"Ori Marom, Program Manager New-Mobility au Port de Rotterdam, est un acteur cl\u00e9 de la transition num\u00e9rique dans le secteur des transports maritimes. Membre du conseil d&rsquo;administration de SAE Industry Technologies Consortia, il joue un r\u00f4le crucial dans l&rsquo;int\u00e9gration de technologies innovantes telles que les navires autonomes et les drones dans les syst\u00e8mes portuaires. Son [&hellip;]\" \/>\n<meta property=\"og:url\" content=\"https:\/\/territorialchallenges.com\/es\/2024\/10\/01\/ori-marom-le-visionnaire-de-la-nouvelle-mobilite-au-port-de-rotterdam\/123366\/\" \/>\n<meta property=\"og:site_name\" content=\"Territorial Challenges\" \/>\n<meta property=\"article:published_time\" content=\"2024-10-01T14:38:41+00:00\" \/>\n<meta property=\"article:modified_time\" content=\"2024-10-01T14:38:42+00:00\" \/>\n<meta property=\"og:image\" content=\"https:\/\/territorialchallenges.com\/wp-content\/uploads\/2024\/10\/OnparledeuxOriMaromImage.jpeg\" \/>\n\t<meta property=\"og:image:width\" content=\"615\" \/>\n\t<meta property=\"og:image:height\" content=\"615\" \/>\n\t<meta property=\"og:image:type\" content=\"image\/jpeg\" \/>\n<meta name=\"author\" content=\"ni.abdi\" \/>\n<meta name=\"twitter:card\" content=\"summary_large_image\" \/>\n<meta name=\"twitter:creator\" content=\"@Ni.abdi\" \/>\n<meta name=\"twitter:label1\" content=\"Escrito por\" \/>\n\t<meta name=\"twitter:data1\" content=\"ni.abdi\" \/>\n\t<meta name=\"twitter:label2\" content=\"Tiempo de lectura\" \/>\n\t<meta name=\"twitter:data2\" content=\"3 minutos\" \/>\n<script type=\"application\/ld+json\" class=\"yoast-schema-graph\">{\"@context\":\"https:\/\/schema.org\",\"@graph\":[{\"@type\":\"Article\",\"@id\":\"https:\/\/territorialchallenges.com\/2024\/10\/01\/ori-marom-le-visionnaire-de-la-nouvelle-mobilite-au-port-de-rotterdam\/123366\/#article\",\"isPartOf\":{\"@id\":\"https:\/\/territorialchallenges.com\/2024\/10\/01\/ori-marom-le-visionnaire-de-la-nouvelle-mobilite-au-port-de-rotterdam\/123366\/\"},\"author\":{\"name\":\"ni.abdi\",\"@id\":\"https:\/\/territorialchallenges.com\/#\/schema\/person\/098f145c7c61a021c425e010f840080f\"},\"headline\":\"Ori Marom : Le visionnaire de la nouvelle mobilit\u00e9 au Port de Rotterdam\",\"datePublished\":\"2024-10-01T14:38:41+00:00\",\"dateModified\":\"2024-10-01T14:38:42+00:00\",\"mainEntityOfPage\":{\"@id\":\"https:\/\/territorialchallenges.com\/2024\/10\/01\/ori-marom-le-visionnaire-de-la-nouvelle-mobilite-au-port-de-rotterdam\/123366\/\"},\"wordCount\":571,\"publisher\":{\"@id\":\"https:\/\/territorialchallenges.com\/#organization\"},\"articleSection\":[\"On parle d'eux\",\"\u00c9cosyst\u00e8me\"],\"inLanguage\":\"es\"},{\"@type\":\"WebPage\",\"@id\":\"https:\/\/territorialchallenges.com\/2024\/10\/01\/ori-marom-le-visionnaire-de-la-nouvelle-mobilite-au-port-de-rotterdam\/123366\/\",\"url\":\"https:\/\/territorialchallenges.com\/2024\/10\/01\/ori-marom-le-visionnaire-de-la-nouvelle-mobilite-au-port-de-rotterdam\/123366\/\",\"name\":\"Ori Marom : Le visionnaire de la nouvelle mobilit\u00e9 au Port de Rotterdam - Territorial Challenges\",\"isPartOf\":{\"@id\":\"https:\/\/territorialchallenges.com\/#website\"},\"datePublished\":\"2024-10-01T14:38:41+00:00\",\"dateModified\":\"2024-10-01T14:38:42+00:00\",\"breadcrumb\":{\"@id\":\"https:\/\/territorialchallenges.com\/2024\/10\/01\/ori-marom-le-visionnaire-de-la-nouvelle-mobilite-au-port-de-rotterdam\/123366\/#breadcrumb\"},\"inLanguage\":\"es\",\"potentialAction\":[{\"@type\":\"ReadAction\",\"target\":[\"https:\/\/territorialchallenges.com\/2024\/10\/01\/ori-marom-le-visionnaire-de-la-nouvelle-mobilite-au-port-de-rotterdam\/123366\/\"]}]},{\"@type\":\"BreadcrumbList\",\"@id\":\"https:\/\/territorialchallenges.com\/2024\/10\/01\/ori-marom-le-visionnaire-de-la-nouvelle-mobilite-au-port-de-rotterdam\/123366\/#breadcrumb\",\"itemListElement\":[{\"@type\":\"ListItem\",\"position\":1,\"name\":\"Home\",\"item\":\"https:\/\/territorialchallenges.com\/\"},{\"@type\":\"ListItem\",\"position\":2,\"name\":\"Ori Marom : Le visionnaire de la nouvelle mobilit\u00e9 au Port de Rotterdam\"}]},{\"@type\":\"WebSite\",\"@id\":\"https:\/\/territorialchallenges.com\/#website\",\"url\":\"https:\/\/territorialchallenges.com\/\",\"name\":\"Territorial Challenges\",\"description\":\"Veille Internationale - Strat\u00e9gie Intelligentes - Bonnes pratiques\",\"publisher\":{\"@id\":\"https:\/\/territorialchallenges.com\/#organization\"},\"potentialAction\":[{\"@type\":\"SearchAction\",\"target\":{\"@type\":\"EntryPoint\",\"urlTemplate\":\"https:\/\/territorialchallenges.com\/?s={search_term_string}\"},\"query-input\":\"required name=search_term_string\"}],\"inLanguage\":\"es\"},{\"@type\":\"Organization\",\"@id\":\"https:\/\/territorialchallenges.com\/#organization\",\"name\":\"Territorial Challenges\",\"url\":\"https:\/\/territorialchallenges.com\/\",\"logo\":{\"@type\":\"ImageObject\",\"inLanguage\":\"es\",\"@id\":\"https:\/\/territorialchallenges.com\/#\/schema\/logo\/image\/\",\"url\":\"https:\/\/territorialchallenges.com\/wp-content\/uploads\/2023\/10\/logo-1.png\",\"contentUrl\":\"https:\/\/territorialchallenges.com\/wp-content\/uploads\/2023\/10\/logo-1.png\",\"width\":1832,\"height\":576,\"caption\":\"Territorial Challenges\"},\"image\":{\"@id\":\"https:\/\/territorialchallenges.com\/#\/schema\/logo\/image\/\"}},{\"@type\":\"Person\",\"@id\":\"https:\/\/territorialchallenges.com\/#\/schema\/person\/098f145c7c61a021c425e010f840080f\",\"name\":\"ni.abdi\",\"image\":{\"@type\":\"ImageObject\",\"inLanguage\":\"es\",\"@id\":\"https:\/\/territorialchallenges.com\/#\/schema\/person\/image\/\",\"url\":\"https:\/\/secure.gravatar.com\/avatar\/2a2f2491f3c80039986ba989b1e4b510?s=96&d=identicon&r=g\",\"contentUrl\":\"https:\/\/secure.gravatar.com\/avatar\/2a2f2491f3c80039986ba989b1e4b510?s=96&d=identicon&r=g\",\"caption\":\"ni.abdi\"},\"sameAs\":[\"https:\/\/twitter.com\/Ni.abdi\"],\"url\":\"https:\/\/territorialchallenges.com\/es\/author\/ni-abdi\/\"}]}<\/script>\n<!-- \/ Yoast SEO plugin. -->","yoast_head_json":{"title":"Ori Marom : Le visionnaire de la nouvelle mobilit\u00e9 au Port de Rotterdam - Territorial Challenges","robots":{"index":"index","follow":"follow","max-snippet":"max-snippet:-1","max-image-preview":"max-image-preview:large","max-video-preview":"max-video-preview:-1"},"canonical":"https:\/\/territorialchallenges.com\/es\/2024\/10\/01\/ori-marom-le-visionnaire-de-la-nouvelle-mobilite-au-port-de-rotterdam\/123366\/","og_locale":"es_ES","og_type":"article","og_title":"Ori Marom : Le visionnaire de la nouvelle mobilit\u00e9 au Port de Rotterdam - Territorial Challenges","og_description":"Ori Marom, Program Manager New-Mobility au Port de Rotterdam, est un acteur cl\u00e9 de la transition num\u00e9rique dans le secteur des transports maritimes. Membre du conseil d&rsquo;administration de SAE Industry Technologies Consortia, il joue un r\u00f4le crucial dans l&rsquo;int\u00e9gration de technologies innovantes telles que les navires autonomes et les drones dans les syst\u00e8mes portuaires. Son [&hellip;]","og_url":"https:\/\/territorialchallenges.com\/es\/2024\/10\/01\/ori-marom-le-visionnaire-de-la-nouvelle-mobilite-au-port-de-rotterdam\/123366\/","og_site_name":"Territorial Challenges","article_published_time":"2024-10-01T14:38:41+00:00","article_modified_time":"2024-10-01T14:38:42+00:00","og_image":[{"width":615,"height":615,"url":"https:\/\/territorialchallenges.com\/wp-content\/uploads\/2024\/10\/OnparledeuxOriMaromImage.jpeg","type":"image\/jpeg"}],"author":"ni.abdi","twitter_card":"summary_large_image","twitter_creator":"@Ni.abdi","twitter_misc":{"Escrito por":"ni.abdi","Tiempo de lectura":"3 minutos"},"schema":{"@context":"https:\/\/schema.org","@graph":[{"@type":"Article","@id":"https:\/\/territorialchallenges.com\/2024\/10\/01\/ori-marom-le-visionnaire-de-la-nouvelle-mobilite-au-port-de-rotterdam\/123366\/#article","isPartOf":{"@id":"https:\/\/territorialchallenges.com\/2024\/10\/01\/ori-marom-le-visionnaire-de-la-nouvelle-mobilite-au-port-de-rotterdam\/123366\/"},"author":{"name":"ni.abdi","@id":"https:\/\/territorialchallenges.com\/#\/schema\/person\/098f145c7c61a021c425e010f840080f"},"headline":"Ori Marom : Le visionnaire de la nouvelle mobilit\u00e9 au Port de Rotterdam","datePublished":"2024-10-01T14:38:41+00:00","dateModified":"2024-10-01T14:38:42+00:00","mainEntityOfPage":{"@id":"https:\/\/territorialchallenges.com\/2024\/10\/01\/ori-marom-le-visionnaire-de-la-nouvelle-mobilite-au-port-de-rotterdam\/123366\/"},"wordCount":571,"publisher":{"@id":"https:\/\/territorialchallenges.com\/#organization"},"articleSection":["On parle d'eux","\u00c9cosyst\u00e8me"],"inLanguage":"es"},{"@type":"WebPage","@id":"https:\/\/territorialchallenges.com\/2024\/10\/01\/ori-marom-le-visionnaire-de-la-nouvelle-mobilite-au-port-de-rotterdam\/123366\/","url":"https:\/\/territorialchallenges.com\/2024\/10\/01\/ori-marom-le-visionnaire-de-la-nouvelle-mobilite-au-port-de-rotterdam\/123366\/","name":"Ori Marom : Le visionnaire de la nouvelle mobilit\u00e9 au Port de Rotterdam - Territorial Challenges","isPartOf":{"@id":"https:\/\/territorialchallenges.com\/#website"},"datePublished":"2024-10-01T14:38:41+00:00","dateModified":"2024-10-01T14:38:42+00:00","breadcrumb":{"@id":"https:\/\/territorialchallenges.com\/2024\/10\/01\/ori-marom-le-visionnaire-de-la-nouvelle-mobilite-au-port-de-rotterdam\/123366\/#breadcrumb"},"inLanguage":"es","potentialAction":[{"@type":"ReadAction","target":["https:\/\/territorialchallenges.com\/2024\/10\/01\/ori-marom-le-visionnaire-de-la-nouvelle-mobilite-au-port-de-rotterdam\/123366\/"]}]},{"@type":"BreadcrumbList","@id":"https:\/\/territorialchallenges.com\/2024\/10\/01\/ori-marom-le-visionnaire-de-la-nouvelle-mobilite-au-port-de-rotterdam\/123366\/#breadcrumb","itemListElement":[{"@type":"ListItem","position":1,"name":"Home","item":"https:\/\/territorialchallenges.com\/"},{"@type":"ListItem","position":2,"name":"Ori Marom : Le visionnaire de la nouvelle mobilit\u00e9 au Port de Rotterdam"}]},{"@type":"WebSite","@id":"https:\/\/territorialchallenges.com\/#website","url":"https:\/\/territorialchallenges.com\/","name":"Desaf\u00edos territoriales","description":"Monitoreo Internacional - Estrategias Inteligentes - Mejores Pr\u00e1cticas","publisher":{"@id":"https:\/\/territorialchallenges.com\/#organization"},"potentialAction":[{"@type":"SearchAction","target":{"@type":"EntryPoint","urlTemplate":"https:\/\/territorialchallenges.com\/?s={search_term_string}"},"query-input":"required name=search_term_string"}],"inLanguage":"es"},{"@type":"Organization","@id":"https:\/\/territorialchallenges.com\/#organization","name":"Desaf\u00edos territoriales","url":"https:\/\/territorialchallenges.com\/","logo":{"@type":"ImageObject","inLanguage":"es","@id":"https:\/\/territorialchallenges.com\/#\/schema\/logo\/image\/","url":"https:\/\/territorialchallenges.com\/wp-content\/uploads\/2023\/10\/logo-1.png","contentUrl":"https:\/\/territorialchallenges.com\/wp-content\/uploads\/2023\/10\/logo-1.png","width":1832,"height":576,"caption":"Territorial Challenges"},"image":{"@id":"https:\/\/territorialchallenges.com\/#\/schema\/logo\/image\/"}},{"@type":"Person","@id":"https:\/\/territorialchallenges.com\/#\/schema\/person\/098f145c7c61a021c425e010f840080f","name":"ni.abdi","image":{"@type":"ImageObject","inLanguage":"es","@id":"https:\/\/territorialchallenges.com\/#\/schema\/person\/image\/","url":"https:\/\/secure.gravatar.com\/avatar\/2a2f2491f3c80039986ba989b1e4b510?s=96&d=identicon&r=g","contentUrl":"https:\/\/secure.gravatar.com\/avatar\/2a2f2491f3c80039986ba989b1e4b510?s=96&d=identicon&r=g","caption":"ni.abdi"},"sameAs":["https:\/\/twitter.com\/Ni.abdi"],"url":"https:\/\/territorialchallenges.com\/es\/author\/ni-abdi\/"}]}},"_links":{"self":[{"href":"https:\/\/territorialchallenges.com\/es\/wp-json\/wp\/v2\/posts\/123366"}],"collection":[{"href":"https:\/\/territorialchallenges.com\/es\/wp-json\/wp\/v2\/posts"}],"about":[{"href":"https:\/\/territorialchallenges.com\/es\/wp-json\/wp\/v2\/types\/post"}],"author":[{"embeddable":true,"href":"https:\/\/territorialchallenges.com\/es\/wp-json\/wp\/v2\/users\/11"}],"replies":[{"embeddable":true,"href":"https:\/\/territorialchallenges.com\/es\/wp-json\/wp\/v2\/comments?post=123366"}],"version-history":[{"count":1,"href":"https:\/\/territorialchallenges.com\/es\/wp-json\/wp\/v2\/posts\/123366\/revisions"}],"predecessor-version":[{"id":123368,"href":"https:\/\/territorialchallenges.com\/es\/wp-json\/wp\/v2\/posts\/123366\/revisions\/123368"}],"wp:featuredmedia":[{"embeddable":true,"href":"https:\/\/territorialchallenges.com\/es\/wp-json\/wp\/v2\/media\/123367"}],"wp:attachment":[{"href":"https:\/\/territorialchallenges.com\/es\/wp-json\/wp\/v2\/media?parent=123366"}],"wp:term":[{"taxonomy":"category","embeddable":true,"href":"https:\/\/territorialchallenges.com\/es\/wp-json\/wp\/v2\/categories?post=123366"},{"taxonomy":"post_tag","embeddable":true,"href":"https:\/\/territorialchallenges.com\/es\/wp-json\/wp\/v2\/tags?post=123366"}],"curies":[{"name":"gracias","href":"https:\/\/api.w.org\/{rel}","templated":true}]}}