{"id":123259,"date":"2024-09-11T12:15:53","date_gmt":"2024-09-11T10:15:53","guid":{"rendered":"https:\/\/territorialchallenges.com\/?p=123259"},"modified":"2024-09-11T12:36:22","modified_gmt":"2024-09-11T10:36:22","slug":"marco-bucci-le-visionnaire-de-la-ville-intelligente-de-genes","status":"publish","type":"post","link":"https:\/\/territorialchallenges.com\/es\/2024\/09\/11\/marco-bucci-le-visionnaire-de-la-ville-intelligente-de-genes\/123259\/","title":{"rendered":"Marco Bucci: el visionario de la ciudad inteligente de G\u00e9nova"},"content":{"rendered":"<p>Marco Bucci, alcalde de G\u00e9nova desde 2017, est\u00e1 transformando la metr\u00f3polis portuaria italiana en un modelo de ciudad inteligente. Con su s\u00f3lida trayectoria en qu\u00edmica y administraci\u00f3n, est\u00e1 implementando iniciativas innovadoras para que G\u00e9nova sea m\u00e1s sostenible y est\u00e9 m\u00e1s conectada. Este art\u00edculo explora c\u00f3mo Marco Bucci est\u00e1 transformando con \u00e9xito G\u00e9nova en una ciudad de alta tecnolog\u00eda\u2026 <\/p>\n<div class=\"pmpro_content_message\">Art\u00edculo disponible s\u00f3lo para suscriptores.<br \/><a href=\"https:\/\/territorialchallenges.com\/wp-login.php\">Acceso<\/a><br \/><a href=\"https:\/\/territorialchallenges.com\/es\/wp-login.php\/?action=register\">Registro<\/a><\/div>","protected":false},"excerpt":{"rendered":"<p>Marco Bucci, maire de G\u00eanes depuis 2017, transforme la m\u00e9tropole portuaire italienne en un mod\u00e8le de ville intelligente. Gr\u00e2ce \u00e0 son parcours impressionnant en chimie et en gestion, il met en \u0153uvre des initiatives innovantes pour rendre G\u00eanes plus durable et connect\u00e9e. Cet article explore comment Marco Bucci r\u00e9ussit \u00e0 transformer G\u00eanes en un haut... <\/p>\n<div class=\"pmpro_content_message\">Art\u00edculo disponible s\u00f3lo para suscriptores.<br \/><a href=\"https:\/\/territorialchallenges.com\/wp-login.php\">Acceso<\/a><br \/><a href=\"https:\/\/territorialchallenges.com\/es\/wp-login.php\/?action=register\">Registro<\/a><\/div>","protected":false},"author":11,"featured_media":123260,"comment_status":"closed","ping_status":"closed","sticky":true,"template":"","format":"standard","meta":{"pmpro_default_level":0,"footnotes":""},"categories":[126,117],"tags":[],"blocksy_meta":"","yoast_head":"<!-- This site is optimized with the Yoast SEO plugin v21.5 - https:\/\/yoast.com\/wordpress\/plugins\/seo\/ -->\n<title>Marco Bucci : le visionnaire de la ville intelligente de G\u00eanes - Territorial Challenges<\/title>\n<meta name=\"robots\" content=\"index, follow, max-snippet:-1, max-image-preview:large, max-video-preview:-1\" \/>\n<link rel=\"canonical\" href=\"https:\/\/territorialchallenges.com\/es\/2024\/09\/11\/marco-bucci-le-visionnaire-de-la-ville-intelligente-de-genes\/123259\/\" \/>\n<meta property=\"og:locale\" content=\"es_ES\" \/>\n<meta property=\"og:type\" content=\"article\" \/>\n<meta property=\"og:title\" content=\"Marco Bucci : le visionnaire de la ville intelligente de G\u00eanes - Territorial Challenges\" \/>\n<meta property=\"og:description\" content=\"Marco Bucci, maire de G\u00eanes depuis 2017, transforme la m\u00e9tropole portuaire italienne en un mod\u00e8le de ville intelligente. Gr\u00e2ce \u00e0 son parcours impressionnant en chimie et en gestion, il met en \u0153uvre des initiatives innovantes pour rendre G\u00eanes plus durable et connect\u00e9e. Cet article explore comment Marco Bucci r\u00e9ussit \u00e0 transformer G\u00eanes en un haut [&hellip;]\" \/>\n<meta property=\"og:url\" content=\"https:\/\/territorialchallenges.com\/es\/2024\/09\/11\/marco-bucci-le-visionnaire-de-la-ville-intelligente-de-genes\/123259\/\" \/>\n<meta property=\"og:site_name\" content=\"Territorial Challenges\" \/>\n<meta property=\"article:published_time\" content=\"2024-09-11T10:15:53+00:00\" \/>\n<meta property=\"article:modified_time\" content=\"2024-09-11T10:36:22+00:00\" \/>\n<meta property=\"og:image\" content=\"https:\/\/territorialchallenges.com\/wp-content\/uploads\/2024\/09\/OnparledeuxMarco_Bucci.jpg\" \/>\n\t<meta property=\"og:image:width\" content=\"1280\" \/>\n\t<meta property=\"og:image:height\" content=\"1024\" \/>\n\t<meta property=\"og:image:type\" content=\"image\/jpeg\" \/>\n<meta name=\"author\" content=\"ni.abdi\" \/>\n<meta name=\"twitter:card\" content=\"summary_large_image\" \/>\n<meta name=\"twitter:creator\" content=\"@Ni.abdi\" \/>\n<meta name=\"twitter:label1\" content=\"Escrito por\" \/>\n\t<meta name=\"twitter:data1\" content=\"ni.abdi\" \/>\n\t<meta name=\"twitter:label2\" content=\"Tiempo de lectura\" \/>\n\t<meta name=\"twitter:data2\" content=\"5 minutos\" \/>\n<script type=\"application\/ld+json\" class=\"yoast-schema-graph\">{\"@context\":\"https:\/\/schema.org\",\"@graph\":[{\"@type\":\"Article\",\"@id\":\"https:\/\/territorialchallenges.com\/2024\/09\/11\/marco-bucci-le-visionnaire-de-la-ville-intelligente-de-genes\/123259\/#article\",\"isPartOf\":{\"@id\":\"https:\/\/territorialchallenges.com\/2024\/09\/11\/marco-bucci-le-visionnaire-de-la-ville-intelligente-de-genes\/123259\/\"},\"author\":{\"name\":\"ni.abdi\",\"@id\":\"https:\/\/territorialchallenges.com\/#\/schema\/person\/098f145c7c61a021c425e010f840080f\"},\"headline\":\"Marco Bucci : le visionnaire de la ville intelligente de G\u00eanes\",\"datePublished\":\"2024-09-11T10:15:53+00:00\",\"dateModified\":\"2024-09-11T10:36:22+00:00\",\"mainEntityOfPage\":{\"@id\":\"https:\/\/territorialchallenges.com\/2024\/09\/11\/marco-bucci-le-visionnaire-de-la-ville-intelligente-de-genes\/123259\/\"},\"wordCount\":919,\"publisher\":{\"@id\":\"https:\/\/territorialchallenges.com\/#organization\"},\"articleSection\":[\"On parle d'eux\",\"\u00c9cosyst\u00e8me\"],\"inLanguage\":\"es\"},{\"@type\":\"WebPage\",\"@id\":\"https:\/\/territorialchallenges.com\/2024\/09\/11\/marco-bucci-le-visionnaire-de-la-ville-intelligente-de-genes\/123259\/\",\"url\":\"https:\/\/territorialchallenges.com\/2024\/09\/11\/marco-bucci-le-visionnaire-de-la-ville-intelligente-de-genes\/123259\/\",\"name\":\"Marco Bucci : le visionnaire de la ville intelligente de G\u00eanes - Territorial Challenges\",\"isPartOf\":{\"@id\":\"https:\/\/territorialchallenges.com\/#website\"},\"datePublished\":\"2024-09-11T10:15:53+00:00\",\"dateModified\":\"2024-09-11T10:36:22+00:00\",\"breadcrumb\":{\"@id\":\"https:\/\/territorialchallenges.com\/2024\/09\/11\/marco-bucci-le-visionnaire-de-la-ville-intelligente-de-genes\/123259\/#breadcrumb\"},\"inLanguage\":\"es\",\"potentialAction\":[{\"@type\":\"ReadAction\",\"target\":[\"https:\/\/territorialchallenges.com\/2024\/09\/11\/marco-bucci-le-visionnaire-de-la-ville-intelligente-de-genes\/123259\/\"]}]},{\"@type\":\"BreadcrumbList\",\"@id\":\"https:\/\/territorialchallenges.com\/2024\/09\/11\/marco-bucci-le-visionnaire-de-la-ville-intelligente-de-genes\/123259\/#breadcrumb\",\"itemListElement\":[{\"@type\":\"ListItem\",\"position\":1,\"name\":\"Home\",\"item\":\"https:\/\/territorialchallenges.com\/\"},{\"@type\":\"ListItem\",\"position\":2,\"name\":\"Marco Bucci : le visionnaire de la ville intelligente de G\u00eanes\"}]},{\"@type\":\"WebSite\",\"@id\":\"https:\/\/territorialchallenges.com\/#website\",\"url\":\"https:\/\/territorialchallenges.com\/\",\"name\":\"Territorial Challenges\",\"description\":\"Veille Internationale - Strat\u00e9gie Intelligentes - Bonnes pratiques\",\"publisher\":{\"@id\":\"https:\/\/territorialchallenges.com\/#organization\"},\"potentialAction\":[{\"@type\":\"SearchAction\",\"target\":{\"@type\":\"EntryPoint\",\"urlTemplate\":\"https:\/\/territorialchallenges.com\/?s={search_term_string}\"},\"query-input\":\"required name=search_term_string\"}],\"inLanguage\":\"es\"},{\"@type\":\"Organization\",\"@id\":\"https:\/\/territorialchallenges.com\/#organization\",\"name\":\"Territorial Challenges\",\"url\":\"https:\/\/territorialchallenges.com\/\",\"logo\":{\"@type\":\"ImageObject\",\"inLanguage\":\"es\",\"@id\":\"https:\/\/territorialchallenges.com\/#\/schema\/logo\/image\/\",\"url\":\"https:\/\/territorialchallenges.com\/wp-content\/uploads\/2023\/10\/logo-1.png\",\"contentUrl\":\"https:\/\/territorialchallenges.com\/wp-content\/uploads\/2023\/10\/logo-1.png\",\"width\":1832,\"height\":576,\"caption\":\"Territorial Challenges\"},\"image\":{\"@id\":\"https:\/\/territorialchallenges.com\/#\/schema\/logo\/image\/\"}},{\"@type\":\"Person\",\"@id\":\"https:\/\/territorialchallenges.com\/#\/schema\/person\/098f145c7c61a021c425e010f840080f\",\"name\":\"ni.abdi\",\"image\":{\"@type\":\"ImageObject\",\"inLanguage\":\"es\",\"@id\":\"https:\/\/territorialchallenges.com\/#\/schema\/person\/image\/\",\"url\":\"https:\/\/secure.gravatar.com\/avatar\/2a2f2491f3c80039986ba989b1e4b510?s=96&d=identicon&r=g\",\"contentUrl\":\"https:\/\/secure.gravatar.com\/avatar\/2a2f2491f3c80039986ba989b1e4b510?s=96&d=identicon&r=g\",\"caption\":\"ni.abdi\"},\"sameAs\":[\"https:\/\/twitter.com\/Ni.abdi\"],\"url\":\"https:\/\/territorialchallenges.com\/es\/author\/ni-abdi\/\"}]}<\/script>\n<!-- \/ Yoast SEO plugin. -->","yoast_head_json":{"title":"Marco Bucci : le visionnaire de la ville intelligente de G\u00eanes - Territorial Challenges","robots":{"index":"index","follow":"follow","max-snippet":"max-snippet:-1","max-image-preview":"max-image-preview:large","max-video-preview":"max-video-preview:-1"},"canonical":"https:\/\/territorialchallenges.com\/es\/2024\/09\/11\/marco-bucci-le-visionnaire-de-la-ville-intelligente-de-genes\/123259\/","og_locale":"es_ES","og_type":"article","og_title":"Marco Bucci : le visionnaire de la ville intelligente de G\u00eanes - Territorial Challenges","og_description":"Marco Bucci, maire de G\u00eanes depuis 2017, transforme la m\u00e9tropole portuaire italienne en un mod\u00e8le de ville intelligente. Gr\u00e2ce \u00e0 son parcours impressionnant en chimie et en gestion, il met en \u0153uvre des initiatives innovantes pour rendre G\u00eanes plus durable et connect\u00e9e. Cet article explore comment Marco Bucci r\u00e9ussit \u00e0 transformer G\u00eanes en un haut [&hellip;]","og_url":"https:\/\/territorialchallenges.com\/es\/2024\/09\/11\/marco-bucci-le-visionnaire-de-la-ville-intelligente-de-genes\/123259\/","og_site_name":"Territorial Challenges","article_published_time":"2024-09-11T10:15:53+00:00","article_modified_time":"2024-09-11T10:36:22+00:00","og_image":[{"width":1280,"height":1024,"url":"https:\/\/territorialchallenges.com\/wp-content\/uploads\/2024\/09\/OnparledeuxMarco_Bucci.jpg","type":"image\/jpeg"}],"author":"ni.abdi","twitter_card":"summary_large_image","twitter_creator":"@Ni.abdi","twitter_misc":{"Escrito por":"ni.abdi","Tiempo de lectura":"5 minutos"},"schema":{"@context":"https:\/\/schema.org","@graph":[{"@type":"Article","@id":"https:\/\/territorialchallenges.com\/2024\/09\/11\/marco-bucci-le-visionnaire-de-la-ville-intelligente-de-genes\/123259\/#article","isPartOf":{"@id":"https:\/\/territorialchallenges.com\/2024\/09\/11\/marco-bucci-le-visionnaire-de-la-ville-intelligente-de-genes\/123259\/"},"author":{"name":"ni.abdi","@id":"https:\/\/territorialchallenges.com\/#\/schema\/person\/098f145c7c61a021c425e010f840080f"},"headline":"Marco Bucci : le visionnaire de la ville intelligente de G\u00eanes","datePublished":"2024-09-11T10:15:53+00:00","dateModified":"2024-09-11T10:36:22+00:00","mainEntityOfPage":{"@id":"https:\/\/territorialchallenges.com\/2024\/09\/11\/marco-bucci-le-visionnaire-de-la-ville-intelligente-de-genes\/123259\/"},"wordCount":919,"publisher":{"@id":"https:\/\/territorialchallenges.com\/#organization"},"articleSection":["On parle d'eux","\u00c9cosyst\u00e8me"],"inLanguage":"es"},{"@type":"WebPage","@id":"https:\/\/territorialchallenges.com\/2024\/09\/11\/marco-bucci-le-visionnaire-de-la-ville-intelligente-de-genes\/123259\/","url":"https:\/\/territorialchallenges.com\/2024\/09\/11\/marco-bucci-le-visionnaire-de-la-ville-intelligente-de-genes\/123259\/","name":"Marco Bucci : le visionnaire de la ville intelligente de G\u00eanes - Territorial Challenges","isPartOf":{"@id":"https:\/\/territorialchallenges.com\/#website"},"datePublished":"2024-09-11T10:15:53+00:00","dateModified":"2024-09-11T10:36:22+00:00","breadcrumb":{"@id":"https:\/\/territorialchallenges.com\/2024\/09\/11\/marco-bucci-le-visionnaire-de-la-ville-intelligente-de-genes\/123259\/#breadcrumb"},"inLanguage":"es","potentialAction":[{"@type":"ReadAction","target":["https:\/\/territorialchallenges.com\/2024\/09\/11\/marco-bucci-le-visionnaire-de-la-ville-intelligente-de-genes\/123259\/"]}]},{"@type":"BreadcrumbList","@id":"https:\/\/territorialchallenges.com\/2024\/09\/11\/marco-bucci-le-visionnaire-de-la-ville-intelligente-de-genes\/123259\/#breadcrumb","itemListElement":[{"@type":"ListItem","position":1,"name":"Home","item":"https:\/\/territorialchallenges.com\/"},{"@type":"ListItem","position":2,"name":"Marco Bucci : le visionnaire de la ville intelligente de G\u00eanes"}]},{"@type":"WebSite","@id":"https:\/\/territorialchallenges.com\/#website","url":"https:\/\/territorialchallenges.com\/","name":"Desaf\u00edos territoriales","description":"Monitoreo Internacional - Estrategias Inteligentes - Mejores Pr\u00e1cticas","publisher":{"@id":"https:\/\/territorialchallenges.com\/#organization"},"potentialAction":[{"@type":"SearchAction","target":{"@type":"EntryPoint","urlTemplate":"https:\/\/territorialchallenges.com\/?s={search_term_string}"},"query-input":"required name=search_term_string"}],"inLanguage":"es"},{"@type":"Organization","@id":"https:\/\/territorialchallenges.com\/#organization","name":"Desaf\u00edos territoriales","url":"https:\/\/territorialchallenges.com\/","logo":{"@type":"ImageObject","inLanguage":"es","@id":"https:\/\/territorialchallenges.com\/#\/schema\/logo\/image\/","url":"https:\/\/territorialchallenges.com\/wp-content\/uploads\/2023\/10\/logo-1.png","contentUrl":"https:\/\/territorialchallenges.com\/wp-content\/uploads\/2023\/10\/logo-1.png","width":1832,"height":576,"caption":"Territorial Challenges"},"image":{"@id":"https:\/\/territorialchallenges.com\/#\/schema\/logo\/image\/"}},{"@type":"Person","@id":"https:\/\/territorialchallenges.com\/#\/schema\/person\/098f145c7c61a021c425e010f840080f","name":"ni.abdi","image":{"@type":"ImageObject","inLanguage":"es","@id":"https:\/\/territorialchallenges.com\/#\/schema\/person\/image\/","url":"https:\/\/secure.gravatar.com\/avatar\/2a2f2491f3c80039986ba989b1e4b510?s=96&d=identicon&r=g","contentUrl":"https:\/\/secure.gravatar.com\/avatar\/2a2f2491f3c80039986ba989b1e4b510?s=96&d=identicon&r=g","caption":"ni.abdi"},"sameAs":["https:\/\/twitter.com\/Ni.abdi"],"url":"https:\/\/territorialchallenges.com\/es\/author\/ni-abdi\/"}]}},"_links":{"self":[{"href":"https:\/\/territorialchallenges.com\/es\/wp-json\/wp\/v2\/posts\/123259"}],"collection":[{"href":"https:\/\/territorialchallenges.com\/es\/wp-json\/wp\/v2\/posts"}],"about":[{"href":"https:\/\/territorialchallenges.com\/es\/wp-json\/wp\/v2\/types\/post"}],"author":[{"embeddable":true,"href":"https:\/\/territorialchallenges.com\/es\/wp-json\/wp\/v2\/users\/11"}],"replies":[{"embeddable":true,"href":"https:\/\/territorialchallenges.com\/es\/wp-json\/wp\/v2\/comments?post=123259"}],"version-history":[{"count":1,"href":"https:\/\/territorialchallenges.com\/es\/wp-json\/wp\/v2\/posts\/123259\/revisions"}],"predecessor-version":[{"id":123261,"href":"https:\/\/territorialchallenges.com\/es\/wp-json\/wp\/v2\/posts\/123259\/revisions\/123261"}],"wp:featuredmedia":[{"embeddable":true,"href":"https:\/\/territorialchallenges.com\/es\/wp-json\/wp\/v2\/media\/123260"}],"wp:attachment":[{"href":"https:\/\/territorialchallenges.com\/es\/wp-json\/wp\/v2\/media?parent=123259"}],"wp:term":[{"taxonomy":"category","embeddable":true,"href":"https:\/\/territorialchallenges.com\/es\/wp-json\/wp\/v2\/categories?post=123259"},{"taxonomy":"post_tag","embeddable":true,"href":"https:\/\/territorialchallenges.com\/es\/wp-json\/wp\/v2\/tags?post=123259"}],"curies":[{"name":"gracias","href":"https:\/\/api.w.org\/{rel}","templated":true}]}}