{"id":123193,"date":"2024-09-04T16:01:20","date_gmt":"2024-09-04T14:01:20","guid":{"rendered":"https:\/\/territorialchallenges.com\/?p=123193"},"modified":"2024-09-04T16:01:23","modified_gmt":"2024-09-04T14:01:23","slug":"un-jumeau-numerique-pour-la-securite-des-usagers-de-la-route-vulnerables","status":"publish","type":"post","link":"https:\/\/territorialchallenges.com\/es\/2024\/09\/04\/un-jumeau-numerique-pour-la-securite-des-usagers-de-la-route-vulnerables\/123193\/","title":{"rendered":"Un gemelo digital para la seguridad de los usuarios vulnerables de la carretera"},"content":{"rendered":"<p>En un contexto urbano donde la seguridad de los usuarios vulnerables de la v\u00eda p\u00fablica se ha convertido en una prioridad, la multinacional alemana Bosch y la empresa h\u00fangara Commsignia han unido fuerzas para crear un gemelo digital del tr\u00e1fico. Esta colaboraci\u00f3n combina c\u00e1maras inteligentes y tecnolog\u00edas de comunicaci\u00f3n V2X para proporcionar monitorizaci\u00f3n en tiempo real\u2026 <\/p>\n<div class=\"pmpro_content_message\">Art\u00edculo disponible s\u00f3lo para suscriptores.<br \/><a href=\"https:\/\/territorialchallenges.com\/wp-login.php\">Acceso<\/a><br \/><a href=\"https:\/\/territorialchallenges.com\/es\/wp-login.php\/?action=register\">Registro<\/a><\/div>","protected":false},"excerpt":{"rendered":"<p>Dans un contexte urbain o\u00f9 la s\u00e9curit\u00e9 des usagers de la route vuln\u00e9rables est devenue une priorit\u00e9, la multinationale allemande Bosch et la soci\u00e9t\u00e9 hongroise Commsignia ont uni leurs forces pour cr\u00e9er un jumeau num\u00e9rique du trafic. Cette collaboration combine des cam\u00e9ras intelligentes et des technologies de communication V2X pour offrir une surveillance en temps... <\/p>\n<div class=\"pmpro_content_message\">Art\u00edculo disponible s\u00f3lo para suscriptores.<br \/><a href=\"https:\/\/territorialchallenges.com\/wp-login.php\">Acceso<\/a><br \/><a href=\"https:\/\/territorialchallenges.com\/es\/wp-login.php\/?action=register\">Registro<\/a><\/div>","protected":false},"author":11,"featured_media":123194,"comment_status":"closed","ping_status":"closed","sticky":true,"template":"","format":"standard","meta":{"pmpro_default_level":0,"footnotes":""},"categories":[16,127],"tags":[],"blocksy_meta":"","yoast_head":"<!-- This site is optimized with the Yoast SEO plugin v21.5 - https:\/\/yoast.com\/wordpress\/plugins\/seo\/ -->\n<title>Un jumeau num\u00e9rique pour la s\u00e9curit\u00e9 des usagers de la route vuln\u00e9rables - Territorial Challenges<\/title>\n<meta name=\"robots\" content=\"index, follow, max-snippet:-1, max-image-preview:large, max-video-preview:-1\" \/>\n<link rel=\"canonical\" href=\"https:\/\/territorialchallenges.com\/es\/2024\/09\/04\/un-jumeau-numerique-pour-la-securite-des-usagers-de-la-route-vulnerables\/123193\/\" \/>\n<meta property=\"og:locale\" content=\"es_ES\" \/>\n<meta property=\"og:type\" content=\"article\" \/>\n<meta property=\"og:title\" content=\"Un jumeau num\u00e9rique pour la s\u00e9curit\u00e9 des usagers de la route vuln\u00e9rables - Territorial Challenges\" \/>\n<meta property=\"og:description\" content=\"Dans un contexte urbain o\u00f9 la s\u00e9curit\u00e9 des usagers de la route vuln\u00e9rables est devenue une priorit\u00e9, la multinationale allemande Bosch et la soci\u00e9t\u00e9 hongroise Commsignia ont uni leurs forces pour cr\u00e9er un jumeau num\u00e9rique du trafic. Cette collaboration combine des cam\u00e9ras intelligentes et des technologies de communication V2X pour offrir une surveillance en temps [&hellip;]\" \/>\n<meta property=\"og:url\" content=\"https:\/\/territorialchallenges.com\/es\/2024\/09\/04\/un-jumeau-numerique-pour-la-securite-des-usagers-de-la-route-vulnerables\/123193\/\" \/>\n<meta property=\"og:site_name\" content=\"Territorial Challenges\" \/>\n<meta property=\"article:published_time\" content=\"2024-09-04T14:01:20+00:00\" \/>\n<meta property=\"article:modified_time\" content=\"2024-09-04T14:01:23+00:00\" \/>\n<meta property=\"og:image\" content=\"https:\/\/territorialchallenges.com\/wp-content\/uploads\/2024\/09\/gestiondonneesImage2.09-1024x576.png\" \/>\n\t<meta property=\"og:image:width\" content=\"1024\" \/>\n\t<meta property=\"og:image:height\" content=\"576\" \/>\n\t<meta property=\"og:image:type\" content=\"image\/png\" \/>\n<meta name=\"author\" content=\"ni.abdi\" \/>\n<meta name=\"twitter:card\" content=\"summary_large_image\" \/>\n<meta name=\"twitter:creator\" content=\"@Ni.abdi\" \/>\n<meta name=\"twitter:label1\" content=\"Escrito por\" \/>\n\t<meta name=\"twitter:data1\" content=\"ni.abdi\" \/>\n\t<meta name=\"twitter:label2\" content=\"Tiempo de lectura\" \/>\n\t<meta name=\"twitter:data2\" content=\"5 minutos\" \/>\n<script type=\"application\/ld+json\" class=\"yoast-schema-graph\">{\"@context\":\"https:\/\/schema.org\",\"@graph\":[{\"@type\":\"Article\",\"@id\":\"https:\/\/territorialchallenges.com\/2024\/09\/04\/un-jumeau-numerique-pour-la-securite-des-usagers-de-la-route-vulnerables\/123193\/#article\",\"isPartOf\":{\"@id\":\"https:\/\/territorialchallenges.com\/2024\/09\/04\/un-jumeau-numerique-pour-la-securite-des-usagers-de-la-route-vulnerables\/123193\/\"},\"author\":{\"name\":\"ni.abdi\",\"@id\":\"https:\/\/territorialchallenges.com\/#\/schema\/person\/098f145c7c61a021c425e010f840080f\"},\"headline\":\"Un jumeau num\u00e9rique pour la s\u00e9curit\u00e9 des usagers de la route vuln\u00e9rables\",\"datePublished\":\"2024-09-04T14:01:20+00:00\",\"dateModified\":\"2024-09-04T14:01:23+00:00\",\"mainEntityOfPage\":{\"@id\":\"https:\/\/territorialchallenges.com\/2024\/09\/04\/un-jumeau-numerique-pour-la-securite-des-usagers-de-la-route-vulnerables\/123193\/\"},\"wordCount\":963,\"publisher\":{\"@id\":\"https:\/\/territorialchallenges.com\/#organization\"},\"articleSection\":[\"Donn\u00e9es\/Objets Connect\u00e9s\",\"Actualit\u00e9 Europe\"],\"inLanguage\":\"es\"},{\"@type\":\"WebPage\",\"@id\":\"https:\/\/territorialchallenges.com\/2024\/09\/04\/un-jumeau-numerique-pour-la-securite-des-usagers-de-la-route-vulnerables\/123193\/\",\"url\":\"https:\/\/territorialchallenges.com\/2024\/09\/04\/un-jumeau-numerique-pour-la-securite-des-usagers-de-la-route-vulnerables\/123193\/\",\"name\":\"Un jumeau num\u00e9rique pour la s\u00e9curit\u00e9 des usagers de la route vuln\u00e9rables - Territorial Challenges\",\"isPartOf\":{\"@id\":\"https:\/\/territorialchallenges.com\/#website\"},\"datePublished\":\"2024-09-04T14:01:20+00:00\",\"dateModified\":\"2024-09-04T14:01:23+00:00\",\"breadcrumb\":{\"@id\":\"https:\/\/territorialchallenges.com\/2024\/09\/04\/un-jumeau-numerique-pour-la-securite-des-usagers-de-la-route-vulnerables\/123193\/#breadcrumb\"},\"inLanguage\":\"es\",\"potentialAction\":[{\"@type\":\"ReadAction\",\"target\":[\"https:\/\/territorialchallenges.com\/2024\/09\/04\/un-jumeau-numerique-pour-la-securite-des-usagers-de-la-route-vulnerables\/123193\/\"]}]},{\"@type\":\"BreadcrumbList\",\"@id\":\"https:\/\/territorialchallenges.com\/2024\/09\/04\/un-jumeau-numerique-pour-la-securite-des-usagers-de-la-route-vulnerables\/123193\/#breadcrumb\",\"itemListElement\":[{\"@type\":\"ListItem\",\"position\":1,\"name\":\"Home\",\"item\":\"https:\/\/territorialchallenges.com\/\"},{\"@type\":\"ListItem\",\"position\":2,\"name\":\"Un jumeau num\u00e9rique pour la s\u00e9curit\u00e9 des usagers de la route vuln\u00e9rables\"}]},{\"@type\":\"WebSite\",\"@id\":\"https:\/\/territorialchallenges.com\/#website\",\"url\":\"https:\/\/territorialchallenges.com\/\",\"name\":\"Territorial Challenges\",\"description\":\"Veille Internationale - Strat\u00e9gie Intelligentes - Bonnes pratiques\",\"publisher\":{\"@id\":\"https:\/\/territorialchallenges.com\/#organization\"},\"potentialAction\":[{\"@type\":\"SearchAction\",\"target\":{\"@type\":\"EntryPoint\",\"urlTemplate\":\"https:\/\/territorialchallenges.com\/?s={search_term_string}\"},\"query-input\":\"required name=search_term_string\"}],\"inLanguage\":\"es\"},{\"@type\":\"Organization\",\"@id\":\"https:\/\/territorialchallenges.com\/#organization\",\"name\":\"Territorial Challenges\",\"url\":\"https:\/\/territorialchallenges.com\/\",\"logo\":{\"@type\":\"ImageObject\",\"inLanguage\":\"es\",\"@id\":\"https:\/\/territorialchallenges.com\/#\/schema\/logo\/image\/\",\"url\":\"https:\/\/territorialchallenges.com\/wp-content\/uploads\/2023\/10\/logo-1.png\",\"contentUrl\":\"https:\/\/territorialchallenges.com\/wp-content\/uploads\/2023\/10\/logo-1.png\",\"width\":1832,\"height\":576,\"caption\":\"Territorial Challenges\"},\"image\":{\"@id\":\"https:\/\/territorialchallenges.com\/#\/schema\/logo\/image\/\"}},{\"@type\":\"Person\",\"@id\":\"https:\/\/territorialchallenges.com\/#\/schema\/person\/098f145c7c61a021c425e010f840080f\",\"name\":\"ni.abdi\",\"image\":{\"@type\":\"ImageObject\",\"inLanguage\":\"es\",\"@id\":\"https:\/\/territorialchallenges.com\/#\/schema\/person\/image\/\",\"url\":\"https:\/\/secure.gravatar.com\/avatar\/2a2f2491f3c80039986ba989b1e4b510?s=96&d=identicon&r=g\",\"contentUrl\":\"https:\/\/secure.gravatar.com\/avatar\/2a2f2491f3c80039986ba989b1e4b510?s=96&d=identicon&r=g\",\"caption\":\"ni.abdi\"},\"sameAs\":[\"https:\/\/twitter.com\/Ni.abdi\"],\"url\":\"https:\/\/territorialchallenges.com\/es\/author\/ni-abdi\/\"}]}<\/script>\n<!-- \/ Yoast SEO plugin. -->","yoast_head_json":{"title":"Un jumeau num\u00e9rique pour la s\u00e9curit\u00e9 des usagers de la route vuln\u00e9rables - Territorial Challenges","robots":{"index":"index","follow":"follow","max-snippet":"max-snippet:-1","max-image-preview":"max-image-preview:large","max-video-preview":"max-video-preview:-1"},"canonical":"https:\/\/territorialchallenges.com\/es\/2024\/09\/04\/un-jumeau-numerique-pour-la-securite-des-usagers-de-la-route-vulnerables\/123193\/","og_locale":"es_ES","og_type":"article","og_title":"Un jumeau num\u00e9rique pour la s\u00e9curit\u00e9 des usagers de la route vuln\u00e9rables - Territorial Challenges","og_description":"Dans un contexte urbain o\u00f9 la s\u00e9curit\u00e9 des usagers de la route vuln\u00e9rables est devenue une priorit\u00e9, la multinationale allemande Bosch et la soci\u00e9t\u00e9 hongroise Commsignia ont uni leurs forces pour cr\u00e9er un jumeau num\u00e9rique du trafic. Cette collaboration combine des cam\u00e9ras intelligentes et des technologies de communication V2X pour offrir une surveillance en temps [&hellip;]","og_url":"https:\/\/territorialchallenges.com\/es\/2024\/09\/04\/un-jumeau-numerique-pour-la-securite-des-usagers-de-la-route-vulnerables\/123193\/","og_site_name":"Territorial Challenges","article_published_time":"2024-09-04T14:01:20+00:00","article_modified_time":"2024-09-04T14:01:23+00:00","og_image":[{"width":1024,"height":576,"url":"https:\/\/territorialchallenges.com\/wp-content\/uploads\/2024\/09\/gestiondonneesImage2.09-1024x576.png","type":"image\/png"}],"author":"ni.abdi","twitter_card":"summary_large_image","twitter_creator":"@Ni.abdi","twitter_misc":{"Escrito por":"ni.abdi","Tiempo de lectura":"5 minutos"},"schema":{"@context":"https:\/\/schema.org","@graph":[{"@type":"Article","@id":"https:\/\/territorialchallenges.com\/2024\/09\/04\/un-jumeau-numerique-pour-la-securite-des-usagers-de-la-route-vulnerables\/123193\/#article","isPartOf":{"@id":"https:\/\/territorialchallenges.com\/2024\/09\/04\/un-jumeau-numerique-pour-la-securite-des-usagers-de-la-route-vulnerables\/123193\/"},"author":{"name":"ni.abdi","@id":"https:\/\/territorialchallenges.com\/#\/schema\/person\/098f145c7c61a021c425e010f840080f"},"headline":"Un jumeau num\u00e9rique pour la s\u00e9curit\u00e9 des usagers de la route vuln\u00e9rables","datePublished":"2024-09-04T14:01:20+00:00","dateModified":"2024-09-04T14:01:23+00:00","mainEntityOfPage":{"@id":"https:\/\/territorialchallenges.com\/2024\/09\/04\/un-jumeau-numerique-pour-la-securite-des-usagers-de-la-route-vulnerables\/123193\/"},"wordCount":963,"publisher":{"@id":"https:\/\/territorialchallenges.com\/#organization"},"articleSection":["Donn\u00e9es\/Objets Connect\u00e9s","Actualit\u00e9 Europe"],"inLanguage":"es"},{"@type":"WebPage","@id":"https:\/\/territorialchallenges.com\/2024\/09\/04\/un-jumeau-numerique-pour-la-securite-des-usagers-de-la-route-vulnerables\/123193\/","url":"https:\/\/territorialchallenges.com\/2024\/09\/04\/un-jumeau-numerique-pour-la-securite-des-usagers-de-la-route-vulnerables\/123193\/","name":"Un jumeau num\u00e9rique pour la s\u00e9curit\u00e9 des usagers de la route vuln\u00e9rables - Territorial Challenges","isPartOf":{"@id":"https:\/\/territorialchallenges.com\/#website"},"datePublished":"2024-09-04T14:01:20+00:00","dateModified":"2024-09-04T14:01:23+00:00","breadcrumb":{"@id":"https:\/\/territorialchallenges.com\/2024\/09\/04\/un-jumeau-numerique-pour-la-securite-des-usagers-de-la-route-vulnerables\/123193\/#breadcrumb"},"inLanguage":"es","potentialAction":[{"@type":"ReadAction","target":["https:\/\/territorialchallenges.com\/2024\/09\/04\/un-jumeau-numerique-pour-la-securite-des-usagers-de-la-route-vulnerables\/123193\/"]}]},{"@type":"BreadcrumbList","@id":"https:\/\/territorialchallenges.com\/2024\/09\/04\/un-jumeau-numerique-pour-la-securite-des-usagers-de-la-route-vulnerables\/123193\/#breadcrumb","itemListElement":[{"@type":"ListItem","position":1,"name":"Home","item":"https:\/\/territorialchallenges.com\/"},{"@type":"ListItem","position":2,"name":"Un jumeau num\u00e9rique pour la s\u00e9curit\u00e9 des usagers de la route vuln\u00e9rables"}]},{"@type":"WebSite","@id":"https:\/\/territorialchallenges.com\/#website","url":"https:\/\/territorialchallenges.com\/","name":"Desaf\u00edos territoriales","description":"Monitoreo Internacional - Estrategias Inteligentes - Mejores Pr\u00e1cticas","publisher":{"@id":"https:\/\/territorialchallenges.com\/#organization"},"potentialAction":[{"@type":"SearchAction","target":{"@type":"EntryPoint","urlTemplate":"https:\/\/territorialchallenges.com\/?s={search_term_string}"},"query-input":"required name=search_term_string"}],"inLanguage":"es"},{"@type":"Organization","@id":"https:\/\/territorialchallenges.com\/#organization","name":"Desaf\u00edos territoriales","url":"https:\/\/territorialchallenges.com\/","logo":{"@type":"ImageObject","inLanguage":"es","@id":"https:\/\/territorialchallenges.com\/#\/schema\/logo\/image\/","url":"https:\/\/territorialchallenges.com\/wp-content\/uploads\/2023\/10\/logo-1.png","contentUrl":"https:\/\/territorialchallenges.com\/wp-content\/uploads\/2023\/10\/logo-1.png","width":1832,"height":576,"caption":"Territorial Challenges"},"image":{"@id":"https:\/\/territorialchallenges.com\/#\/schema\/logo\/image\/"}},{"@type":"Person","@id":"https:\/\/territorialchallenges.com\/#\/schema\/person\/098f145c7c61a021c425e010f840080f","name":"ni.abdi","image":{"@type":"ImageObject","inLanguage":"es","@id":"https:\/\/territorialchallenges.com\/#\/schema\/person\/image\/","url":"https:\/\/secure.gravatar.com\/avatar\/2a2f2491f3c80039986ba989b1e4b510?s=96&d=identicon&r=g","contentUrl":"https:\/\/secure.gravatar.com\/avatar\/2a2f2491f3c80039986ba989b1e4b510?s=96&d=identicon&r=g","caption":"ni.abdi"},"sameAs":["https:\/\/twitter.com\/Ni.abdi"],"url":"https:\/\/territorialchallenges.com\/es\/author\/ni-abdi\/"}]}},"_links":{"self":[{"href":"https:\/\/territorialchallenges.com\/es\/wp-json\/wp\/v2\/posts\/123193"}],"collection":[{"href":"https:\/\/territorialchallenges.com\/es\/wp-json\/wp\/v2\/posts"}],"about":[{"href":"https:\/\/territorialchallenges.com\/es\/wp-json\/wp\/v2\/types\/post"}],"author":[{"embeddable":true,"href":"https:\/\/territorialchallenges.com\/es\/wp-json\/wp\/v2\/users\/11"}],"replies":[{"embeddable":true,"href":"https:\/\/territorialchallenges.com\/es\/wp-json\/wp\/v2\/comments?post=123193"}],"version-history":[{"count":1,"href":"https:\/\/territorialchallenges.com\/es\/wp-json\/wp\/v2\/posts\/123193\/revisions"}],"predecessor-version":[{"id":123195,"href":"https:\/\/territorialchallenges.com\/es\/wp-json\/wp\/v2\/posts\/123193\/revisions\/123195"}],"wp:featuredmedia":[{"embeddable":true,"href":"https:\/\/territorialchallenges.com\/es\/wp-json\/wp\/v2\/media\/123194"}],"wp:attachment":[{"href":"https:\/\/territorialchallenges.com\/es\/wp-json\/wp\/v2\/media?parent=123193"}],"wp:term":[{"taxonomy":"category","embeddable":true,"href":"https:\/\/territorialchallenges.com\/es\/wp-json\/wp\/v2\/categories?post=123193"},{"taxonomy":"post_tag","embeddable":true,"href":"https:\/\/territorialchallenges.com\/es\/wp-json\/wp\/v2\/tags?post=123193"}],"curies":[{"name":"gracias","href":"https:\/\/api.w.org\/{rel}","templated":true}]}}