{"id":123190,"date":"2024-09-04T15:57:13","date_gmt":"2024-09-04T13:57:13","guid":{"rendered":"https:\/\/territorialchallenges.com\/?p=123190"},"modified":"2024-09-04T15:57:15","modified_gmt":"2024-09-04T13:57:15","slug":"la-revolution-numerique-la-percee-des-nouvelles-technologies-en-1992","status":"publish","type":"post","link":"https:\/\/territorialchallenges.com\/es\/2024\/09\/04\/la-revolution-numerique-la-percee-des-nouvelles-technologies-en-1992\/123190\/","title":{"rendered":"La revoluci\u00f3n digital: el avance de las nuevas tecnolog\u00edas en 1992"},"content":{"rendered":"<p>En 1992, la publicaci\u00f3n &quot;Premi\u00e8res Informations&quot; (Primeras Informaciones) del Ministerio de Trabajo inform\u00f3 sobre el auge mete\u00f3rico de las nuevas tecnolog\u00edas en el mundo laboral. Desde las computadoras hasta la rob\u00f3tica, pasando por el Minitel y las m\u00e1quinas de control num\u00e9rico, estas innovaciones han transformado el panorama profesional, con profundas implicaciones para los trabajadores, las empresas y otros sectores. <\/p>\n<div class=\"pmpro_content_message\">Art\u00edculo disponible s\u00f3lo para suscriptores.<br \/><a href=\"https:\/\/territorialchallenges.com\/wp-login.php\">Acceso<\/a><br \/><a href=\"https:\/\/territorialchallenges.com\/es\/wp-login.php\/?action=register\">Registro<\/a><\/div>","protected":false},"excerpt":{"rendered":"<p>En 1992, la publication \u00ab\u00a0Premi\u00e8res Informations\u00a0\u00bb du minist\u00e8re du Travail faisait \u00e9tat d&rsquo;une avanc\u00e9e fulgurante des nouvelles technologies dans le monde du travail. De l&rsquo;informatique \u00e0 la robotique, en passant par le minitel et les machines \u00e0 commande num\u00e9rique, ces innovations ont transform\u00e9 le paysage professionnel, avec des implications profondes pour les travailleurs, les entreprises,... <\/p>\n<div class=\"pmpro_content_message\">Art\u00edculo disponible s\u00f3lo para suscriptores.<br \/><a href=\"https:\/\/territorialchallenges.com\/wp-login.php\">Acceso<\/a><br \/><a href=\"https:\/\/territorialchallenges.com\/es\/wp-login.php\/?action=register\">Registro<\/a><\/div>","protected":false},"author":11,"featured_media":123191,"comment_status":"closed","ping_status":"closed","sticky":true,"template":"","format":"standard","meta":{"pmpro_default_level":0,"footnotes":""},"categories":[121],"tags":[],"blocksy_meta":"","yoast_head":"<!-- This site is optimized with the Yoast SEO plugin v21.5 - https:\/\/yoast.com\/wordpress\/plugins\/seo\/ -->\n<title>La r\u00e9volution num\u00e9rique : la perc\u00e9e des nouvelles technologies en 1992 - Territorial Challenges<\/title>\n<meta name=\"robots\" content=\"index, follow, max-snippet:-1, max-image-preview:large, max-video-preview:-1\" \/>\n<link rel=\"canonical\" href=\"https:\/\/territorialchallenges.com\/es\/2024\/09\/04\/la-revolution-numerique-la-percee-des-nouvelles-technologies-en-1992\/123190\/\" \/>\n<meta property=\"og:locale\" content=\"es_ES\" \/>\n<meta property=\"og:type\" content=\"article\" \/>\n<meta property=\"og:title\" content=\"La r\u00e9volution num\u00e9rique : la perc\u00e9e des nouvelles technologies en 1992 - Territorial Challenges\" \/>\n<meta property=\"og:description\" content=\"En 1992, la publication \u00ab\u00a0Premi\u00e8res Informations\u00a0\u00bb du minist\u00e8re du Travail faisait \u00e9tat d&rsquo;une avanc\u00e9e fulgurante des nouvelles technologies dans le monde du travail. De l&rsquo;informatique \u00e0 la robotique, en passant par le minitel et les machines \u00e0 commande num\u00e9rique, ces innovations ont transform\u00e9 le paysage professionnel, avec des implications profondes pour les travailleurs, les entreprises, [&hellip;]\" \/>\n<meta property=\"og:url\" content=\"https:\/\/territorialchallenges.com\/es\/2024\/09\/04\/la-revolution-numerique-la-percee-des-nouvelles-technologies-en-1992\/123190\/\" \/>\n<meta property=\"og:site_name\" content=\"Territorial Challenges\" \/>\n<meta property=\"article:published_time\" content=\"2024-09-04T13:57:13+00:00\" \/>\n<meta property=\"article:modified_time\" content=\"2024-09-04T13:57:15+00:00\" \/>\n<meta property=\"og:image\" content=\"https:\/\/territorialchallenges.com\/wp-content\/uploads\/2024\/09\/memoireImage2.09.jpeg\" \/>\n\t<meta property=\"og:image:width\" content=\"1024\" \/>\n\t<meta property=\"og:image:height\" content=\"1453\" \/>\n\t<meta property=\"og:image:type\" content=\"image\/jpeg\" \/>\n<meta name=\"author\" content=\"ni.abdi\" \/>\n<meta name=\"twitter:card\" content=\"summary_large_image\" \/>\n<meta name=\"twitter:creator\" content=\"@Ni.abdi\" \/>\n<meta name=\"twitter:label1\" content=\"Escrito por\" \/>\n\t<meta name=\"twitter:data1\" content=\"ni.abdi\" \/>\n\t<meta name=\"twitter:label2\" content=\"Tiempo de lectura\" \/>\n\t<meta name=\"twitter:data2\" content=\"5 minutos\" \/>\n<script type=\"application\/ld+json\" class=\"yoast-schema-graph\">{\"@context\":\"https:\/\/schema.org\",\"@graph\":[{\"@type\":\"Article\",\"@id\":\"https:\/\/territorialchallenges.com\/2024\/09\/04\/la-revolution-numerique-la-percee-des-nouvelles-technologies-en-1992\/123190\/#article\",\"isPartOf\":{\"@id\":\"https:\/\/territorialchallenges.com\/2024\/09\/04\/la-revolution-numerique-la-percee-des-nouvelles-technologies-en-1992\/123190\/\"},\"author\":{\"name\":\"ni.abdi\",\"@id\":\"https:\/\/territorialchallenges.com\/#\/schema\/person\/098f145c7c61a021c425e010f840080f\"},\"headline\":\"La r\u00e9volution num\u00e9rique : la perc\u00e9e des nouvelles technologies en 1992\",\"datePublished\":\"2024-09-04T13:57:13+00:00\",\"dateModified\":\"2024-09-04T13:57:15+00:00\",\"mainEntityOfPage\":{\"@id\":\"https:\/\/territorialchallenges.com\/2024\/09\/04\/la-revolution-numerique-la-percee-des-nouvelles-technologies-en-1992\/123190\/\"},\"wordCount\":991,\"publisher\":{\"@id\":\"https:\/\/territorialchallenges.com\/#organization\"},\"articleSection\":[\"M\u00e9moire\"],\"inLanguage\":\"es\"},{\"@type\":\"WebPage\",\"@id\":\"https:\/\/territorialchallenges.com\/2024\/09\/04\/la-revolution-numerique-la-percee-des-nouvelles-technologies-en-1992\/123190\/\",\"url\":\"https:\/\/territorialchallenges.com\/2024\/09\/04\/la-revolution-numerique-la-percee-des-nouvelles-technologies-en-1992\/123190\/\",\"name\":\"La r\u00e9volution num\u00e9rique : la perc\u00e9e des nouvelles technologies en 1992 - Territorial Challenges\",\"isPartOf\":{\"@id\":\"https:\/\/territorialchallenges.com\/#website\"},\"datePublished\":\"2024-09-04T13:57:13+00:00\",\"dateModified\":\"2024-09-04T13:57:15+00:00\",\"breadcrumb\":{\"@id\":\"https:\/\/territorialchallenges.com\/2024\/09\/04\/la-revolution-numerique-la-percee-des-nouvelles-technologies-en-1992\/123190\/#breadcrumb\"},\"inLanguage\":\"es\",\"potentialAction\":[{\"@type\":\"ReadAction\",\"target\":[\"https:\/\/territorialchallenges.com\/2024\/09\/04\/la-revolution-numerique-la-percee-des-nouvelles-technologies-en-1992\/123190\/\"]}]},{\"@type\":\"BreadcrumbList\",\"@id\":\"https:\/\/territorialchallenges.com\/2024\/09\/04\/la-revolution-numerique-la-percee-des-nouvelles-technologies-en-1992\/123190\/#breadcrumb\",\"itemListElement\":[{\"@type\":\"ListItem\",\"position\":1,\"name\":\"Home\",\"item\":\"https:\/\/territorialchallenges.com\/\"},{\"@type\":\"ListItem\",\"position\":2,\"name\":\"La r\u00e9volution num\u00e9rique : la perc\u00e9e des nouvelles technologies en 1992\"}]},{\"@type\":\"WebSite\",\"@id\":\"https:\/\/territorialchallenges.com\/#website\",\"url\":\"https:\/\/territorialchallenges.com\/\",\"name\":\"Territorial Challenges\",\"description\":\"Veille Internationale - Strat\u00e9gie Intelligentes - Bonnes pratiques\",\"publisher\":{\"@id\":\"https:\/\/territorialchallenges.com\/#organization\"},\"potentialAction\":[{\"@type\":\"SearchAction\",\"target\":{\"@type\":\"EntryPoint\",\"urlTemplate\":\"https:\/\/territorialchallenges.com\/?s={search_term_string}\"},\"query-input\":\"required name=search_term_string\"}],\"inLanguage\":\"es\"},{\"@type\":\"Organization\",\"@id\":\"https:\/\/territorialchallenges.com\/#organization\",\"name\":\"Territorial Challenges\",\"url\":\"https:\/\/territorialchallenges.com\/\",\"logo\":{\"@type\":\"ImageObject\",\"inLanguage\":\"es\",\"@id\":\"https:\/\/territorialchallenges.com\/#\/schema\/logo\/image\/\",\"url\":\"https:\/\/territorialchallenges.com\/wp-content\/uploads\/2023\/10\/logo-1.png\",\"contentUrl\":\"https:\/\/territorialchallenges.com\/wp-content\/uploads\/2023\/10\/logo-1.png\",\"width\":1832,\"height\":576,\"caption\":\"Territorial Challenges\"},\"image\":{\"@id\":\"https:\/\/territorialchallenges.com\/#\/schema\/logo\/image\/\"}},{\"@type\":\"Person\",\"@id\":\"https:\/\/territorialchallenges.com\/#\/schema\/person\/098f145c7c61a021c425e010f840080f\",\"name\":\"ni.abdi\",\"image\":{\"@type\":\"ImageObject\",\"inLanguage\":\"es\",\"@id\":\"https:\/\/territorialchallenges.com\/#\/schema\/person\/image\/\",\"url\":\"https:\/\/secure.gravatar.com\/avatar\/2a2f2491f3c80039986ba989b1e4b510?s=96&d=identicon&r=g\",\"contentUrl\":\"https:\/\/secure.gravatar.com\/avatar\/2a2f2491f3c80039986ba989b1e4b510?s=96&d=identicon&r=g\",\"caption\":\"ni.abdi\"},\"sameAs\":[\"https:\/\/twitter.com\/Ni.abdi\"],\"url\":\"https:\/\/territorialchallenges.com\/es\/author\/ni-abdi\/\"}]}<\/script>\n<!-- \/ Yoast SEO plugin. -->","yoast_head_json":{"title":"La r\u00e9volution num\u00e9rique : la perc\u00e9e des nouvelles technologies en 1992 - Territorial Challenges","robots":{"index":"index","follow":"follow","max-snippet":"max-snippet:-1","max-image-preview":"max-image-preview:large","max-video-preview":"max-video-preview:-1"},"canonical":"https:\/\/territorialchallenges.com\/es\/2024\/09\/04\/la-revolution-numerique-la-percee-des-nouvelles-technologies-en-1992\/123190\/","og_locale":"es_ES","og_type":"article","og_title":"La r\u00e9volution num\u00e9rique : la perc\u00e9e des nouvelles technologies en 1992 - Territorial Challenges","og_description":"En 1992, la publication \u00ab\u00a0Premi\u00e8res Informations\u00a0\u00bb du minist\u00e8re du Travail faisait \u00e9tat d&rsquo;une avanc\u00e9e fulgurante des nouvelles technologies dans le monde du travail. De l&rsquo;informatique \u00e0 la robotique, en passant par le minitel et les machines \u00e0 commande num\u00e9rique, ces innovations ont transform\u00e9 le paysage professionnel, avec des implications profondes pour les travailleurs, les entreprises, [&hellip;]","og_url":"https:\/\/territorialchallenges.com\/es\/2024\/09\/04\/la-revolution-numerique-la-percee-des-nouvelles-technologies-en-1992\/123190\/","og_site_name":"Territorial Challenges","article_published_time":"2024-09-04T13:57:13+00:00","article_modified_time":"2024-09-04T13:57:15+00:00","og_image":[{"width":1024,"height":1453,"url":"https:\/\/territorialchallenges.com\/wp-content\/uploads\/2024\/09\/memoireImage2.09.jpeg","type":"image\/jpeg"}],"author":"ni.abdi","twitter_card":"summary_large_image","twitter_creator":"@Ni.abdi","twitter_misc":{"Escrito por":"ni.abdi","Tiempo de lectura":"5 minutos"},"schema":{"@context":"https:\/\/schema.org","@graph":[{"@type":"Article","@id":"https:\/\/territorialchallenges.com\/2024\/09\/04\/la-revolution-numerique-la-percee-des-nouvelles-technologies-en-1992\/123190\/#article","isPartOf":{"@id":"https:\/\/territorialchallenges.com\/2024\/09\/04\/la-revolution-numerique-la-percee-des-nouvelles-technologies-en-1992\/123190\/"},"author":{"name":"ni.abdi","@id":"https:\/\/territorialchallenges.com\/#\/schema\/person\/098f145c7c61a021c425e010f840080f"},"headline":"La r\u00e9volution num\u00e9rique : la perc\u00e9e des nouvelles technologies en 1992","datePublished":"2024-09-04T13:57:13+00:00","dateModified":"2024-09-04T13:57:15+00:00","mainEntityOfPage":{"@id":"https:\/\/territorialchallenges.com\/2024\/09\/04\/la-revolution-numerique-la-percee-des-nouvelles-technologies-en-1992\/123190\/"},"wordCount":991,"publisher":{"@id":"https:\/\/territorialchallenges.com\/#organization"},"articleSection":["M\u00e9moire"],"inLanguage":"es"},{"@type":"WebPage","@id":"https:\/\/territorialchallenges.com\/2024\/09\/04\/la-revolution-numerique-la-percee-des-nouvelles-technologies-en-1992\/123190\/","url":"https:\/\/territorialchallenges.com\/2024\/09\/04\/la-revolution-numerique-la-percee-des-nouvelles-technologies-en-1992\/123190\/","name":"La r\u00e9volution num\u00e9rique : la perc\u00e9e des nouvelles technologies en 1992 - Territorial Challenges","isPartOf":{"@id":"https:\/\/territorialchallenges.com\/#website"},"datePublished":"2024-09-04T13:57:13+00:00","dateModified":"2024-09-04T13:57:15+00:00","breadcrumb":{"@id":"https:\/\/territorialchallenges.com\/2024\/09\/04\/la-revolution-numerique-la-percee-des-nouvelles-technologies-en-1992\/123190\/#breadcrumb"},"inLanguage":"es","potentialAction":[{"@type":"ReadAction","target":["https:\/\/territorialchallenges.com\/2024\/09\/04\/la-revolution-numerique-la-percee-des-nouvelles-technologies-en-1992\/123190\/"]}]},{"@type":"BreadcrumbList","@id":"https:\/\/territorialchallenges.com\/2024\/09\/04\/la-revolution-numerique-la-percee-des-nouvelles-technologies-en-1992\/123190\/#breadcrumb","itemListElement":[{"@type":"ListItem","position":1,"name":"Home","item":"https:\/\/territorialchallenges.com\/"},{"@type":"ListItem","position":2,"name":"La r\u00e9volution num\u00e9rique : la perc\u00e9e des nouvelles technologies en 1992"}]},{"@type":"WebSite","@id":"https:\/\/territorialchallenges.com\/#website","url":"https:\/\/territorialchallenges.com\/","name":"Desaf\u00edos territoriales","description":"Monitoreo Internacional - Estrategias Inteligentes - Mejores Pr\u00e1cticas","publisher":{"@id":"https:\/\/territorialchallenges.com\/#organization"},"potentialAction":[{"@type":"SearchAction","target":{"@type":"EntryPoint","urlTemplate":"https:\/\/territorialchallenges.com\/?s={search_term_string}"},"query-input":"required name=search_term_string"}],"inLanguage":"es"},{"@type":"Organization","@id":"https:\/\/territorialchallenges.com\/#organization","name":"Desaf\u00edos territoriales","url":"https:\/\/territorialchallenges.com\/","logo":{"@type":"ImageObject","inLanguage":"es","@id":"https:\/\/territorialchallenges.com\/#\/schema\/logo\/image\/","url":"https:\/\/territorialchallenges.com\/wp-content\/uploads\/2023\/10\/logo-1.png","contentUrl":"https:\/\/territorialchallenges.com\/wp-content\/uploads\/2023\/10\/logo-1.png","width":1832,"height":576,"caption":"Territorial Challenges"},"image":{"@id":"https:\/\/territorialchallenges.com\/#\/schema\/logo\/image\/"}},{"@type":"Person","@id":"https:\/\/territorialchallenges.com\/#\/schema\/person\/098f145c7c61a021c425e010f840080f","name":"ni.abdi","image":{"@type":"ImageObject","inLanguage":"es","@id":"https:\/\/territorialchallenges.com\/#\/schema\/person\/image\/","url":"https:\/\/secure.gravatar.com\/avatar\/2a2f2491f3c80039986ba989b1e4b510?s=96&d=identicon&r=g","contentUrl":"https:\/\/secure.gravatar.com\/avatar\/2a2f2491f3c80039986ba989b1e4b510?s=96&d=identicon&r=g","caption":"ni.abdi"},"sameAs":["https:\/\/twitter.com\/Ni.abdi"],"url":"https:\/\/territorialchallenges.com\/es\/author\/ni-abdi\/"}]}},"_links":{"self":[{"href":"https:\/\/territorialchallenges.com\/es\/wp-json\/wp\/v2\/posts\/123190"}],"collection":[{"href":"https:\/\/territorialchallenges.com\/es\/wp-json\/wp\/v2\/posts"}],"about":[{"href":"https:\/\/territorialchallenges.com\/es\/wp-json\/wp\/v2\/types\/post"}],"author":[{"embeddable":true,"href":"https:\/\/territorialchallenges.com\/es\/wp-json\/wp\/v2\/users\/11"}],"replies":[{"embeddable":true,"href":"https:\/\/territorialchallenges.com\/es\/wp-json\/wp\/v2\/comments?post=123190"}],"version-history":[{"count":1,"href":"https:\/\/territorialchallenges.com\/es\/wp-json\/wp\/v2\/posts\/123190\/revisions"}],"predecessor-version":[{"id":123192,"href":"https:\/\/territorialchallenges.com\/es\/wp-json\/wp\/v2\/posts\/123190\/revisions\/123192"}],"wp:featuredmedia":[{"embeddable":true,"href":"https:\/\/territorialchallenges.com\/es\/wp-json\/wp\/v2\/media\/123191"}],"wp:attachment":[{"href":"https:\/\/territorialchallenges.com\/es\/wp-json\/wp\/v2\/media?parent=123190"}],"wp:term":[{"taxonomy":"category","embeddable":true,"href":"https:\/\/territorialchallenges.com\/es\/wp-json\/wp\/v2\/categories?post=123190"},{"taxonomy":"post_tag","embeddable":true,"href":"https:\/\/territorialchallenges.com\/es\/wp-json\/wp\/v2\/tags?post=123190"}],"curies":[{"name":"gracias","href":"https:\/\/api.w.org\/{rel}","templated":true}]}}