{"id":123159,"date":"2024-08-27T08:37:04","date_gmt":"2024-08-27T06:37:04","guid":{"rendered":"https:\/\/territorialchallenges.com\/?p=123159"},"modified":"2024-08-27T08:37:06","modified_gmt":"2024-08-27T06:37:06","slug":"munich-accelere-vers-la-mobilite-durable-grace-a-un-partenariat-strategique-avec-populus","status":"publish","type":"post","link":"https:\/\/territorialchallenges.com\/es\/2024\/08\/27\/munich-accelere-vers-la-mobilite-durable-grace-a-un-partenariat-strategique-avec-populus\/123159\/","title":{"rendered":"M\u00fanich acelera hacia la movilidad sostenible gracias a una alianza estrat\u00e9gica con Populus"},"content":{"rendered":"<p>M\u00fanich se compromete firmemente con la movilidad sostenible mediante la firma de un acuerdo con Populus, plataforma l\u00edder en gesti\u00f3n de la movilidad. Esta colaboraci\u00f3n busca optimizar la recopilaci\u00f3n y el an\u00e1lisis de datos de movilidad compartida para alcanzar el ambicioso objetivo de neutralidad clim\u00e1tica para 2035. Combinando tecnolog\u00eda de vanguardia y experiencia local,\u2026 <\/p>\n<div class=\"pmpro_content_message\">Art\u00edculo disponible s\u00f3lo para suscriptores.<br \/><a href=\"https:\/\/territorialchallenges.com\/wp-login.php\">Acceso<\/a><br \/><a href=\"https:\/\/territorialchallenges.com\/es\/wp-login.php\/?action=register\">Registro<\/a><\/div>","protected":false},"excerpt":{"rendered":"<p>Munich s\u2019engage r\u00e9solument dans la voie de la mobilit\u00e9 durable en signant un accord avec Populus, leader des plateformes de gestion de la mobilit\u00e9. Ce partenariat vise \u00e0 optimiser la collecte et l\u2019analyse des donn\u00e9es de mobilit\u00e9 partag\u00e9e pour atteindre l\u2019objectif ambitieux de neutralit\u00e9 climatique d\u2019ici 2035. En combinant technologie de pointe et expertise locale,... <\/p>\n<div class=\"pmpro_content_message\">Art\u00edculo disponible s\u00f3lo para suscriptores.<br \/><a href=\"https:\/\/territorialchallenges.com\/wp-login.php\">Acceso<\/a><br \/><a href=\"https:\/\/territorialchallenges.com\/es\/wp-login.php\/?action=register\">Registro<\/a><\/div>","protected":false},"author":11,"featured_media":123160,"comment_status":"closed","ping_status":"closed","sticky":true,"template":"","format":"standard","meta":{"pmpro_default_level":0,"footnotes":""},"categories":[16,127],"tags":[],"blocksy_meta":"","yoast_head":"<!-- This site is optimized with the Yoast SEO plugin v21.5 - https:\/\/yoast.com\/wordpress\/plugins\/seo\/ -->\n<title>Munich acc\u00e9l\u00e8re vers la mobilit\u00e9 durable gr\u00e2ce \u00e0 un partenariat strat\u00e9gique avec Populus - Territorial Challenges<\/title>\n<meta name=\"robots\" content=\"index, follow, max-snippet:-1, max-image-preview:large, max-video-preview:-1\" \/>\n<link rel=\"canonical\" href=\"https:\/\/territorialchallenges.com\/es\/2024\/08\/27\/munich-accelere-vers-la-mobilite-durable-grace-a-un-partenariat-strategique-avec-populus\/123159\/\" \/>\n<meta property=\"og:locale\" content=\"es_ES\" \/>\n<meta property=\"og:type\" content=\"article\" \/>\n<meta property=\"og:title\" content=\"Munich acc\u00e9l\u00e8re vers la mobilit\u00e9 durable gr\u00e2ce \u00e0 un partenariat strat\u00e9gique avec Populus - Territorial Challenges\" \/>\n<meta property=\"og:description\" content=\"Munich s\u2019engage r\u00e9solument dans la voie de la mobilit\u00e9 durable en signant un accord avec Populus, leader des plateformes de gestion de la mobilit\u00e9. Ce partenariat vise \u00e0 optimiser la collecte et l\u2019analyse des donn\u00e9es de mobilit\u00e9 partag\u00e9e pour atteindre l\u2019objectif ambitieux de neutralit\u00e9 climatique d\u2019ici 2035. En combinant technologie de pointe et expertise locale, [&hellip;]\" \/>\n<meta property=\"og:url\" content=\"https:\/\/territorialchallenges.com\/es\/2024\/08\/27\/munich-accelere-vers-la-mobilite-durable-grace-a-un-partenariat-strategique-avec-populus\/123159\/\" \/>\n<meta property=\"og:site_name\" content=\"Territorial Challenges\" \/>\n<meta property=\"article:published_time\" content=\"2024-08-27T06:37:04+00:00\" \/>\n<meta property=\"article:modified_time\" content=\"2024-08-27T06:37:06+00:00\" \/>\n<meta property=\"og:image\" content=\"https:\/\/territorialchallenges.com\/wp-content\/uploads\/2024\/08\/gestiondonneesimageMunich26.08.jpg\" \/>\n\t<meta property=\"og:image:width\" content=\"1280\" \/>\n\t<meta property=\"og:image:height\" content=\"853\" \/>\n\t<meta property=\"og:image:type\" content=\"image\/jpeg\" \/>\n<meta name=\"author\" content=\"ni.abdi\" \/>\n<meta name=\"twitter:card\" content=\"summary_large_image\" \/>\n<meta name=\"twitter:creator\" content=\"@Ni.abdi\" \/>\n<meta name=\"twitter:label1\" content=\"Escrito por\" \/>\n\t<meta name=\"twitter:data1\" content=\"ni.abdi\" \/>\n\t<meta name=\"twitter:label2\" content=\"Tiempo de lectura\" \/>\n\t<meta name=\"twitter:data2\" content=\"5 minutos\" \/>\n<script type=\"application\/ld+json\" class=\"yoast-schema-graph\">{\"@context\":\"https:\/\/schema.org\",\"@graph\":[{\"@type\":\"Article\",\"@id\":\"https:\/\/territorialchallenges.com\/2024\/08\/27\/munich-accelere-vers-la-mobilite-durable-grace-a-un-partenariat-strategique-avec-populus\/123159\/#article\",\"isPartOf\":{\"@id\":\"https:\/\/territorialchallenges.com\/2024\/08\/27\/munich-accelere-vers-la-mobilite-durable-grace-a-un-partenariat-strategique-avec-populus\/123159\/\"},\"author\":{\"name\":\"ni.abdi\",\"@id\":\"https:\/\/territorialchallenges.com\/#\/schema\/person\/098f145c7c61a021c425e010f840080f\"},\"headline\":\"Munich acc\u00e9l\u00e8re vers la mobilit\u00e9 durable gr\u00e2ce \u00e0 un partenariat strat\u00e9gique avec Populus\",\"datePublished\":\"2024-08-27T06:37:04+00:00\",\"dateModified\":\"2024-08-27T06:37:06+00:00\",\"mainEntityOfPage\":{\"@id\":\"https:\/\/territorialchallenges.com\/2024\/08\/27\/munich-accelere-vers-la-mobilite-durable-grace-a-un-partenariat-strategique-avec-populus\/123159\/\"},\"wordCount\":943,\"publisher\":{\"@id\":\"https:\/\/territorialchallenges.com\/#organization\"},\"articleSection\":[\"Donn\u00e9es\/Objets Connect\u00e9s\",\"Actualit\u00e9 Europe\"],\"inLanguage\":\"es\"},{\"@type\":\"WebPage\",\"@id\":\"https:\/\/territorialchallenges.com\/2024\/08\/27\/munich-accelere-vers-la-mobilite-durable-grace-a-un-partenariat-strategique-avec-populus\/123159\/\",\"url\":\"https:\/\/territorialchallenges.com\/2024\/08\/27\/munich-accelere-vers-la-mobilite-durable-grace-a-un-partenariat-strategique-avec-populus\/123159\/\",\"name\":\"Munich acc\u00e9l\u00e8re vers la mobilit\u00e9 durable gr\u00e2ce \u00e0 un partenariat strat\u00e9gique avec Populus - Territorial Challenges\",\"isPartOf\":{\"@id\":\"https:\/\/territorialchallenges.com\/#website\"},\"datePublished\":\"2024-08-27T06:37:04+00:00\",\"dateModified\":\"2024-08-27T06:37:06+00:00\",\"breadcrumb\":{\"@id\":\"https:\/\/territorialchallenges.com\/2024\/08\/27\/munich-accelere-vers-la-mobilite-durable-grace-a-un-partenariat-strategique-avec-populus\/123159\/#breadcrumb\"},\"inLanguage\":\"es\",\"potentialAction\":[{\"@type\":\"ReadAction\",\"target\":[\"https:\/\/territorialchallenges.com\/2024\/08\/27\/munich-accelere-vers-la-mobilite-durable-grace-a-un-partenariat-strategique-avec-populus\/123159\/\"]}]},{\"@type\":\"BreadcrumbList\",\"@id\":\"https:\/\/territorialchallenges.com\/2024\/08\/27\/munich-accelere-vers-la-mobilite-durable-grace-a-un-partenariat-strategique-avec-populus\/123159\/#breadcrumb\",\"itemListElement\":[{\"@type\":\"ListItem\",\"position\":1,\"name\":\"Home\",\"item\":\"https:\/\/territorialchallenges.com\/\"},{\"@type\":\"ListItem\",\"position\":2,\"name\":\"Munich acc\u00e9l\u00e8re vers la mobilit\u00e9 durable gr\u00e2ce \u00e0 un partenariat strat\u00e9gique avec Populus\"}]},{\"@type\":\"WebSite\",\"@id\":\"https:\/\/territorialchallenges.com\/#website\",\"url\":\"https:\/\/territorialchallenges.com\/\",\"name\":\"Territorial Challenges\",\"description\":\"Veille Internationale - Strat\u00e9gie Intelligentes - Bonnes pratiques\",\"publisher\":{\"@id\":\"https:\/\/territorialchallenges.com\/#organization\"},\"potentialAction\":[{\"@type\":\"SearchAction\",\"target\":{\"@type\":\"EntryPoint\",\"urlTemplate\":\"https:\/\/territorialchallenges.com\/?s={search_term_string}\"},\"query-input\":\"required name=search_term_string\"}],\"inLanguage\":\"es\"},{\"@type\":\"Organization\",\"@id\":\"https:\/\/territorialchallenges.com\/#organization\",\"name\":\"Territorial Challenges\",\"url\":\"https:\/\/territorialchallenges.com\/\",\"logo\":{\"@type\":\"ImageObject\",\"inLanguage\":\"es\",\"@id\":\"https:\/\/territorialchallenges.com\/#\/schema\/logo\/image\/\",\"url\":\"https:\/\/territorialchallenges.com\/wp-content\/uploads\/2023\/10\/logo-1.png\",\"contentUrl\":\"https:\/\/territorialchallenges.com\/wp-content\/uploads\/2023\/10\/logo-1.png\",\"width\":1832,\"height\":576,\"caption\":\"Territorial Challenges\"},\"image\":{\"@id\":\"https:\/\/territorialchallenges.com\/#\/schema\/logo\/image\/\"}},{\"@type\":\"Person\",\"@id\":\"https:\/\/territorialchallenges.com\/#\/schema\/person\/098f145c7c61a021c425e010f840080f\",\"name\":\"ni.abdi\",\"image\":{\"@type\":\"ImageObject\",\"inLanguage\":\"es\",\"@id\":\"https:\/\/territorialchallenges.com\/#\/schema\/person\/image\/\",\"url\":\"https:\/\/secure.gravatar.com\/avatar\/2a2f2491f3c80039986ba989b1e4b510?s=96&d=identicon&r=g\",\"contentUrl\":\"https:\/\/secure.gravatar.com\/avatar\/2a2f2491f3c80039986ba989b1e4b510?s=96&d=identicon&r=g\",\"caption\":\"ni.abdi\"},\"sameAs\":[\"https:\/\/twitter.com\/Ni.abdi\"],\"url\":\"https:\/\/territorialchallenges.com\/es\/author\/ni-abdi\/\"}]}<\/script>\n<!-- \/ Yoast SEO plugin. -->","yoast_head_json":{"title":"Munich acc\u00e9l\u00e8re vers la mobilit\u00e9 durable gr\u00e2ce \u00e0 un partenariat strat\u00e9gique avec Populus - Territorial Challenges","robots":{"index":"index","follow":"follow","max-snippet":"max-snippet:-1","max-image-preview":"max-image-preview:large","max-video-preview":"max-video-preview:-1"},"canonical":"https:\/\/territorialchallenges.com\/es\/2024\/08\/27\/munich-accelere-vers-la-mobilite-durable-grace-a-un-partenariat-strategique-avec-populus\/123159\/","og_locale":"es_ES","og_type":"article","og_title":"Munich acc\u00e9l\u00e8re vers la mobilit\u00e9 durable gr\u00e2ce \u00e0 un partenariat strat\u00e9gique avec Populus - Territorial Challenges","og_description":"Munich s\u2019engage r\u00e9solument dans la voie de la mobilit\u00e9 durable en signant un accord avec Populus, leader des plateformes de gestion de la mobilit\u00e9. Ce partenariat vise \u00e0 optimiser la collecte et l\u2019analyse des donn\u00e9es de mobilit\u00e9 partag\u00e9e pour atteindre l\u2019objectif ambitieux de neutralit\u00e9 climatique d\u2019ici 2035. En combinant technologie de pointe et expertise locale, [&hellip;]","og_url":"https:\/\/territorialchallenges.com\/es\/2024\/08\/27\/munich-accelere-vers-la-mobilite-durable-grace-a-un-partenariat-strategique-avec-populus\/123159\/","og_site_name":"Territorial Challenges","article_published_time":"2024-08-27T06:37:04+00:00","article_modified_time":"2024-08-27T06:37:06+00:00","og_image":[{"width":1280,"height":853,"url":"https:\/\/territorialchallenges.com\/wp-content\/uploads\/2024\/08\/gestiondonneesimageMunich26.08.jpg","type":"image\/jpeg"}],"author":"ni.abdi","twitter_card":"summary_large_image","twitter_creator":"@Ni.abdi","twitter_misc":{"Escrito por":"ni.abdi","Tiempo de lectura":"5 minutos"},"schema":{"@context":"https:\/\/schema.org","@graph":[{"@type":"Article","@id":"https:\/\/territorialchallenges.com\/2024\/08\/27\/munich-accelere-vers-la-mobilite-durable-grace-a-un-partenariat-strategique-avec-populus\/123159\/#article","isPartOf":{"@id":"https:\/\/territorialchallenges.com\/2024\/08\/27\/munich-accelere-vers-la-mobilite-durable-grace-a-un-partenariat-strategique-avec-populus\/123159\/"},"author":{"name":"ni.abdi","@id":"https:\/\/territorialchallenges.com\/#\/schema\/person\/098f145c7c61a021c425e010f840080f"},"headline":"Munich acc\u00e9l\u00e8re vers la mobilit\u00e9 durable gr\u00e2ce \u00e0 un partenariat strat\u00e9gique avec Populus","datePublished":"2024-08-27T06:37:04+00:00","dateModified":"2024-08-27T06:37:06+00:00","mainEntityOfPage":{"@id":"https:\/\/territorialchallenges.com\/2024\/08\/27\/munich-accelere-vers-la-mobilite-durable-grace-a-un-partenariat-strategique-avec-populus\/123159\/"},"wordCount":943,"publisher":{"@id":"https:\/\/territorialchallenges.com\/#organization"},"articleSection":["Donn\u00e9es\/Objets Connect\u00e9s","Actualit\u00e9 Europe"],"inLanguage":"es"},{"@type":"WebPage","@id":"https:\/\/territorialchallenges.com\/2024\/08\/27\/munich-accelere-vers-la-mobilite-durable-grace-a-un-partenariat-strategique-avec-populus\/123159\/","url":"https:\/\/territorialchallenges.com\/2024\/08\/27\/munich-accelere-vers-la-mobilite-durable-grace-a-un-partenariat-strategique-avec-populus\/123159\/","name":"Munich acc\u00e9l\u00e8re vers la mobilit\u00e9 durable gr\u00e2ce \u00e0 un partenariat strat\u00e9gique avec Populus - Territorial Challenges","isPartOf":{"@id":"https:\/\/territorialchallenges.com\/#website"},"datePublished":"2024-08-27T06:37:04+00:00","dateModified":"2024-08-27T06:37:06+00:00","breadcrumb":{"@id":"https:\/\/territorialchallenges.com\/2024\/08\/27\/munich-accelere-vers-la-mobilite-durable-grace-a-un-partenariat-strategique-avec-populus\/123159\/#breadcrumb"},"inLanguage":"es","potentialAction":[{"@type":"ReadAction","target":["https:\/\/territorialchallenges.com\/2024\/08\/27\/munich-accelere-vers-la-mobilite-durable-grace-a-un-partenariat-strategique-avec-populus\/123159\/"]}]},{"@type":"BreadcrumbList","@id":"https:\/\/territorialchallenges.com\/2024\/08\/27\/munich-accelere-vers-la-mobilite-durable-grace-a-un-partenariat-strategique-avec-populus\/123159\/#breadcrumb","itemListElement":[{"@type":"ListItem","position":1,"name":"Home","item":"https:\/\/territorialchallenges.com\/"},{"@type":"ListItem","position":2,"name":"Munich acc\u00e9l\u00e8re vers la mobilit\u00e9 durable gr\u00e2ce \u00e0 un partenariat strat\u00e9gique avec Populus"}]},{"@type":"WebSite","@id":"https:\/\/territorialchallenges.com\/#website","url":"https:\/\/territorialchallenges.com\/","name":"Desaf\u00edos territoriales","description":"Monitoreo Internacional - Estrategias Inteligentes - Mejores Pr\u00e1cticas","publisher":{"@id":"https:\/\/territorialchallenges.com\/#organization"},"potentialAction":[{"@type":"SearchAction","target":{"@type":"EntryPoint","urlTemplate":"https:\/\/territorialchallenges.com\/?s={search_term_string}"},"query-input":"required name=search_term_string"}],"inLanguage":"es"},{"@type":"Organization","@id":"https:\/\/territorialchallenges.com\/#organization","name":"Desaf\u00edos territoriales","url":"https:\/\/territorialchallenges.com\/","logo":{"@type":"ImageObject","inLanguage":"es","@id":"https:\/\/territorialchallenges.com\/#\/schema\/logo\/image\/","url":"https:\/\/territorialchallenges.com\/wp-content\/uploads\/2023\/10\/logo-1.png","contentUrl":"https:\/\/territorialchallenges.com\/wp-content\/uploads\/2023\/10\/logo-1.png","width":1832,"height":576,"caption":"Territorial Challenges"},"image":{"@id":"https:\/\/territorialchallenges.com\/#\/schema\/logo\/image\/"}},{"@type":"Person","@id":"https:\/\/territorialchallenges.com\/#\/schema\/person\/098f145c7c61a021c425e010f840080f","name":"ni.abdi","image":{"@type":"ImageObject","inLanguage":"es","@id":"https:\/\/territorialchallenges.com\/#\/schema\/person\/image\/","url":"https:\/\/secure.gravatar.com\/avatar\/2a2f2491f3c80039986ba989b1e4b510?s=96&d=identicon&r=g","contentUrl":"https:\/\/secure.gravatar.com\/avatar\/2a2f2491f3c80039986ba989b1e4b510?s=96&d=identicon&r=g","caption":"ni.abdi"},"sameAs":["https:\/\/twitter.com\/Ni.abdi"],"url":"https:\/\/territorialchallenges.com\/es\/author\/ni-abdi\/"}]}},"_links":{"self":[{"href":"https:\/\/territorialchallenges.com\/es\/wp-json\/wp\/v2\/posts\/123159"}],"collection":[{"href":"https:\/\/territorialchallenges.com\/es\/wp-json\/wp\/v2\/posts"}],"about":[{"href":"https:\/\/territorialchallenges.com\/es\/wp-json\/wp\/v2\/types\/post"}],"author":[{"embeddable":true,"href":"https:\/\/territorialchallenges.com\/es\/wp-json\/wp\/v2\/users\/11"}],"replies":[{"embeddable":true,"href":"https:\/\/territorialchallenges.com\/es\/wp-json\/wp\/v2\/comments?post=123159"}],"version-history":[{"count":1,"href":"https:\/\/territorialchallenges.com\/es\/wp-json\/wp\/v2\/posts\/123159\/revisions"}],"predecessor-version":[{"id":123161,"href":"https:\/\/territorialchallenges.com\/es\/wp-json\/wp\/v2\/posts\/123159\/revisions\/123161"}],"wp:featuredmedia":[{"embeddable":true,"href":"https:\/\/territorialchallenges.com\/es\/wp-json\/wp\/v2\/media\/123160"}],"wp:attachment":[{"href":"https:\/\/territorialchallenges.com\/es\/wp-json\/wp\/v2\/media?parent=123159"}],"wp:term":[{"taxonomy":"category","embeddable":true,"href":"https:\/\/territorialchallenges.com\/es\/wp-json\/wp\/v2\/categories?post=123159"},{"taxonomy":"post_tag","embeddable":true,"href":"https:\/\/territorialchallenges.com\/es\/wp-json\/wp\/v2\/tags?post=123159"}],"curies":[{"name":"gracias","href":"https:\/\/api.w.org\/{rel}","templated":true}]}}