{"id":123114,"date":"2024-07-29T16:28:45","date_gmt":"2024-07-29T14:28:45","guid":{"rendered":"https:\/\/territorialchallenges.com\/?p=123114"},"modified":"2024-07-29T16:28:47","modified_gmt":"2024-07-29T14:28:47","slug":"la-fragilite-numerique-des-collectivites-territoriales-un-appel-a-lindependance-et-a-la-resilience","status":"publish","type":"post","link":"https:\/\/territorialchallenges.com\/es\/2024\/07\/29\/la-fragilite-numerique-des-collectivites-territoriales-un-appel-a-lindependance-et-a-la-resilience\/123114\/","title":{"rendered":"La fragilidad digital de las autoridades locales: un llamado a la independencia y la resiliencia"},"content":{"rendered":"<p>La interrupci\u00f3n global del servicio inform\u00e1tico que se produjo el viernes 19 de julio expuso la fragilidad digital de las autoridades locales de todo el mundo. Esta falla, causada por una actualizaci\u00f3n antivirus de CrowdStrike, afect\u00f3 a m\u00e1s de 8 millones de ordenadores con Windows, paralizando aerol\u00edneas, aeropuertos, hospitales, bancos y\u2026 <\/p>\n<div class=\"pmpro_content_message\">Art\u00edculo disponible s\u00f3lo para suscriptores.<br \/><a href=\"https:\/\/territorialchallenges.com\/wp-login.php\">Acceso<\/a><br \/><a href=\"https:\/\/territorialchallenges.com\/es\/wp-login.php\/?action=register\">Registro<\/a><\/div>","protected":false},"excerpt":{"rendered":"<p>La panne informatique mondiale survenue le vendredi 19 juillet a r\u00e9v\u00e9l\u00e9 la fragilit\u00e9 num\u00e9rique des collectivit\u00e9s territoriales \u00e0 travers le monde. Cette d\u00e9faillance, caus\u00e9e par une mise \u00e0 jour d&rsquo;un antivirus de la soci\u00e9t\u00e9 CrowdStrike, a affect\u00e9 plus de 8 millions d&rsquo;ordinateurs utilisant Windows, paralysant des compagnies a\u00e9riennes, des a\u00e9roports, des h\u00f4pitaux, des banques et... <\/p>\n<div class=\"pmpro_content_message\">Art\u00edculo disponible s\u00f3lo para suscriptores.<br \/><a href=\"https:\/\/territorialchallenges.com\/wp-login.php\">Acceso<\/a><br \/><a href=\"https:\/\/territorialchallenges.com\/es\/wp-login.php\/?action=register\">Registro<\/a><\/div>","protected":false},"author":11,"featured_media":123115,"comment_status":"closed","ping_status":"closed","sticky":true,"template":"","format":"standard","meta":{"pmpro_default_level":0,"footnotes":""},"categories":[130,117],"tags":[],"blocksy_meta":"","yoast_head":"<!-- This site is optimized with the Yoast SEO plugin v21.5 - https:\/\/yoast.com\/wordpress\/plugins\/seo\/ -->\n<title>La fragilit\u00e9 num\u00e9rique des collectivit\u00e9s territoriales : Un appel \u00e0 l&#039;ind\u00e9pendance et \u00e0 la r\u00e9silience - Territorial Challenges<\/title>\n<meta name=\"robots\" content=\"index, follow, max-snippet:-1, max-image-preview:large, max-video-preview:-1\" \/>\n<link rel=\"canonical\" href=\"https:\/\/territorialchallenges.com\/es\/2024\/07\/29\/la-fragilite-numerique-des-collectivites-territoriales-un-appel-a-lindependance-et-a-la-resilience\/123114\/\" \/>\n<meta property=\"og:locale\" content=\"es_ES\" \/>\n<meta property=\"og:type\" content=\"article\" \/>\n<meta property=\"og:title\" content=\"La fragilit\u00e9 num\u00e9rique des collectivit\u00e9s territoriales : Un appel \u00e0 l&#039;ind\u00e9pendance et \u00e0 la r\u00e9silience - Territorial Challenges\" \/>\n<meta property=\"og:description\" content=\"La panne informatique mondiale survenue le vendredi 19 juillet a r\u00e9v\u00e9l\u00e9 la fragilit\u00e9 num\u00e9rique des collectivit\u00e9s territoriales \u00e0 travers le monde. Cette d\u00e9faillance, caus\u00e9e par une mise \u00e0 jour d&rsquo;un antivirus de la soci\u00e9t\u00e9 CrowdStrike, a affect\u00e9 plus de 8 millions d&rsquo;ordinateurs utilisant Windows, paralysant des compagnies a\u00e9riennes, des a\u00e9roports, des h\u00f4pitaux, des banques et [&hellip;]\" \/>\n<meta property=\"og:url\" content=\"https:\/\/territorialchallenges.com\/es\/2024\/07\/29\/la-fragilite-numerique-des-collectivites-territoriales-un-appel-a-lindependance-et-a-la-resilience\/123114\/\" \/>\n<meta property=\"og:site_name\" content=\"Territorial Challenges\" \/>\n<meta property=\"article:published_time\" content=\"2024-07-29T14:28:45+00:00\" \/>\n<meta property=\"article:modified_time\" content=\"2024-07-29T14:28:47+00:00\" \/>\n<meta property=\"og:image\" content=\"https:\/\/territorialchallenges.com\/wp-content\/uploads\/2024\/07\/reflexionfaite26.07.jpg\" \/>\n\t<meta property=\"og:image:width\" content=\"1280\" \/>\n\t<meta property=\"og:image:height\" content=\"853\" \/>\n\t<meta property=\"og:image:type\" content=\"image\/jpeg\" \/>\n<meta name=\"author\" content=\"ni.abdi\" \/>\n<meta name=\"twitter:card\" content=\"summary_large_image\" \/>\n<meta name=\"twitter:creator\" content=\"@Ni.abdi\" \/>\n<meta name=\"twitter:label1\" content=\"Escrito por\" \/>\n\t<meta name=\"twitter:data1\" content=\"ni.abdi\" \/>\n\t<meta name=\"twitter:label2\" content=\"Tiempo de lectura\" \/>\n\t<meta name=\"twitter:data2\" content=\"4 minutos\" \/>\n<script type=\"application\/ld+json\" class=\"yoast-schema-graph\">{\"@context\":\"https:\/\/schema.org\",\"@graph\":[{\"@type\":\"Article\",\"@id\":\"https:\/\/territorialchallenges.com\/2024\/07\/29\/la-fragilite-numerique-des-collectivites-territoriales-un-appel-a-lindependance-et-a-la-resilience\/123114\/#article\",\"isPartOf\":{\"@id\":\"https:\/\/territorialchallenges.com\/2024\/07\/29\/la-fragilite-numerique-des-collectivites-territoriales-un-appel-a-lindependance-et-a-la-resilience\/123114\/\"},\"author\":{\"name\":\"ni.abdi\",\"@id\":\"https:\/\/territorialchallenges.com\/#\/schema\/person\/098f145c7c61a021c425e010f840080f\"},\"headline\":\"La fragilit\u00e9 num\u00e9rique des collectivit\u00e9s territoriales : Un appel \u00e0 l&rsquo;ind\u00e9pendance et \u00e0 la r\u00e9silience\",\"datePublished\":\"2024-07-29T14:28:45+00:00\",\"dateModified\":\"2024-07-29T14:28:47+00:00\",\"mainEntityOfPage\":{\"@id\":\"https:\/\/territorialchallenges.com\/2024\/07\/29\/la-fragilite-numerique-des-collectivites-territoriales-un-appel-a-lindependance-et-a-la-resilience\/123114\/\"},\"wordCount\":758,\"publisher\":{\"@id\":\"https:\/\/territorialchallenges.com\/#organization\"},\"articleSection\":[\"R\u00e9flexion faite\",\"\u00c9cosyst\u00e8me\"],\"inLanguage\":\"es\"},{\"@type\":\"WebPage\",\"@id\":\"https:\/\/territorialchallenges.com\/2024\/07\/29\/la-fragilite-numerique-des-collectivites-territoriales-un-appel-a-lindependance-et-a-la-resilience\/123114\/\",\"url\":\"https:\/\/territorialchallenges.com\/2024\/07\/29\/la-fragilite-numerique-des-collectivites-territoriales-un-appel-a-lindependance-et-a-la-resilience\/123114\/\",\"name\":\"La fragilit\u00e9 num\u00e9rique des collectivit\u00e9s territoriales : Un appel \u00e0 l'ind\u00e9pendance et \u00e0 la r\u00e9silience - Territorial Challenges\",\"isPartOf\":{\"@id\":\"https:\/\/territorialchallenges.com\/#website\"},\"datePublished\":\"2024-07-29T14:28:45+00:00\",\"dateModified\":\"2024-07-29T14:28:47+00:00\",\"breadcrumb\":{\"@id\":\"https:\/\/territorialchallenges.com\/2024\/07\/29\/la-fragilite-numerique-des-collectivites-territoriales-un-appel-a-lindependance-et-a-la-resilience\/123114\/#breadcrumb\"},\"inLanguage\":\"es\",\"potentialAction\":[{\"@type\":\"ReadAction\",\"target\":[\"https:\/\/territorialchallenges.com\/2024\/07\/29\/la-fragilite-numerique-des-collectivites-territoriales-un-appel-a-lindependance-et-a-la-resilience\/123114\/\"]}]},{\"@type\":\"BreadcrumbList\",\"@id\":\"https:\/\/territorialchallenges.com\/2024\/07\/29\/la-fragilite-numerique-des-collectivites-territoriales-un-appel-a-lindependance-et-a-la-resilience\/123114\/#breadcrumb\",\"itemListElement\":[{\"@type\":\"ListItem\",\"position\":1,\"name\":\"Home\",\"item\":\"https:\/\/territorialchallenges.com\/\"},{\"@type\":\"ListItem\",\"position\":2,\"name\":\"La fragilit\u00e9 num\u00e9rique des collectivit\u00e9s territoriales : Un appel \u00e0 l&rsquo;ind\u00e9pendance et \u00e0 la r\u00e9silience\"}]},{\"@type\":\"WebSite\",\"@id\":\"https:\/\/territorialchallenges.com\/#website\",\"url\":\"https:\/\/territorialchallenges.com\/\",\"name\":\"Territorial Challenges\",\"description\":\"Veille Internationale - Strat\u00e9gie Intelligentes - Bonnes pratiques\",\"publisher\":{\"@id\":\"https:\/\/territorialchallenges.com\/#organization\"},\"potentialAction\":[{\"@type\":\"SearchAction\",\"target\":{\"@type\":\"EntryPoint\",\"urlTemplate\":\"https:\/\/territorialchallenges.com\/?s={search_term_string}\"},\"query-input\":\"required name=search_term_string\"}],\"inLanguage\":\"es\"},{\"@type\":\"Organization\",\"@id\":\"https:\/\/territorialchallenges.com\/#organization\",\"name\":\"Territorial Challenges\",\"url\":\"https:\/\/territorialchallenges.com\/\",\"logo\":{\"@type\":\"ImageObject\",\"inLanguage\":\"es\",\"@id\":\"https:\/\/territorialchallenges.com\/#\/schema\/logo\/image\/\",\"url\":\"https:\/\/territorialchallenges.com\/wp-content\/uploads\/2023\/10\/logo-1.png\",\"contentUrl\":\"https:\/\/territorialchallenges.com\/wp-content\/uploads\/2023\/10\/logo-1.png\",\"width\":1832,\"height\":576,\"caption\":\"Territorial Challenges\"},\"image\":{\"@id\":\"https:\/\/territorialchallenges.com\/#\/schema\/logo\/image\/\"}},{\"@type\":\"Person\",\"@id\":\"https:\/\/territorialchallenges.com\/#\/schema\/person\/098f145c7c61a021c425e010f840080f\",\"name\":\"ni.abdi\",\"image\":{\"@type\":\"ImageObject\",\"inLanguage\":\"es\",\"@id\":\"https:\/\/territorialchallenges.com\/#\/schema\/person\/image\/\",\"url\":\"https:\/\/secure.gravatar.com\/avatar\/2a2f2491f3c80039986ba989b1e4b510?s=96&d=identicon&r=g\",\"contentUrl\":\"https:\/\/secure.gravatar.com\/avatar\/2a2f2491f3c80039986ba989b1e4b510?s=96&d=identicon&r=g\",\"caption\":\"ni.abdi\"},\"sameAs\":[\"https:\/\/twitter.com\/Ni.abdi\"],\"url\":\"https:\/\/territorialchallenges.com\/es\/author\/ni-abdi\/\"}]}<\/script>\n<!-- \/ Yoast SEO plugin. -->","yoast_head_json":{"title":"La fragilit\u00e9 num\u00e9rique des collectivit\u00e9s territoriales : Un appel \u00e0 l'ind\u00e9pendance et \u00e0 la r\u00e9silience - Territorial Challenges","robots":{"index":"index","follow":"follow","max-snippet":"max-snippet:-1","max-image-preview":"max-image-preview:large","max-video-preview":"max-video-preview:-1"},"canonical":"https:\/\/territorialchallenges.com\/es\/2024\/07\/29\/la-fragilite-numerique-des-collectivites-territoriales-un-appel-a-lindependance-et-a-la-resilience\/123114\/","og_locale":"es_ES","og_type":"article","og_title":"La fragilit\u00e9 num\u00e9rique des collectivit\u00e9s territoriales : Un appel \u00e0 l'ind\u00e9pendance et \u00e0 la r\u00e9silience - Territorial Challenges","og_description":"La panne informatique mondiale survenue le vendredi 19 juillet a r\u00e9v\u00e9l\u00e9 la fragilit\u00e9 num\u00e9rique des collectivit\u00e9s territoriales \u00e0 travers le monde. Cette d\u00e9faillance, caus\u00e9e par une mise \u00e0 jour d&rsquo;un antivirus de la soci\u00e9t\u00e9 CrowdStrike, a affect\u00e9 plus de 8 millions d&rsquo;ordinateurs utilisant Windows, paralysant des compagnies a\u00e9riennes, des a\u00e9roports, des h\u00f4pitaux, des banques et [&hellip;]","og_url":"https:\/\/territorialchallenges.com\/es\/2024\/07\/29\/la-fragilite-numerique-des-collectivites-territoriales-un-appel-a-lindependance-et-a-la-resilience\/123114\/","og_site_name":"Territorial Challenges","article_published_time":"2024-07-29T14:28:45+00:00","article_modified_time":"2024-07-29T14:28:47+00:00","og_image":[{"width":1280,"height":853,"url":"https:\/\/territorialchallenges.com\/wp-content\/uploads\/2024\/07\/reflexionfaite26.07.jpg","type":"image\/jpeg"}],"author":"ni.abdi","twitter_card":"summary_large_image","twitter_creator":"@Ni.abdi","twitter_misc":{"Escrito por":"ni.abdi","Tiempo de lectura":"4 minutos"},"schema":{"@context":"https:\/\/schema.org","@graph":[{"@type":"Article","@id":"https:\/\/territorialchallenges.com\/2024\/07\/29\/la-fragilite-numerique-des-collectivites-territoriales-un-appel-a-lindependance-et-a-la-resilience\/123114\/#article","isPartOf":{"@id":"https:\/\/territorialchallenges.com\/2024\/07\/29\/la-fragilite-numerique-des-collectivites-territoriales-un-appel-a-lindependance-et-a-la-resilience\/123114\/"},"author":{"name":"ni.abdi","@id":"https:\/\/territorialchallenges.com\/#\/schema\/person\/098f145c7c61a021c425e010f840080f"},"headline":"La fragilit\u00e9 num\u00e9rique des collectivit\u00e9s territoriales : Un appel \u00e0 l&rsquo;ind\u00e9pendance et \u00e0 la r\u00e9silience","datePublished":"2024-07-29T14:28:45+00:00","dateModified":"2024-07-29T14:28:47+00:00","mainEntityOfPage":{"@id":"https:\/\/territorialchallenges.com\/2024\/07\/29\/la-fragilite-numerique-des-collectivites-territoriales-un-appel-a-lindependance-et-a-la-resilience\/123114\/"},"wordCount":758,"publisher":{"@id":"https:\/\/territorialchallenges.com\/#organization"},"articleSection":["R\u00e9flexion faite","\u00c9cosyst\u00e8me"],"inLanguage":"es"},{"@type":"WebPage","@id":"https:\/\/territorialchallenges.com\/2024\/07\/29\/la-fragilite-numerique-des-collectivites-territoriales-un-appel-a-lindependance-et-a-la-resilience\/123114\/","url":"https:\/\/territorialchallenges.com\/2024\/07\/29\/la-fragilite-numerique-des-collectivites-territoriales-un-appel-a-lindependance-et-a-la-resilience\/123114\/","name":"La fragilit\u00e9 num\u00e9rique des collectivit\u00e9s territoriales : Un appel \u00e0 l'ind\u00e9pendance et \u00e0 la r\u00e9silience - Territorial Challenges","isPartOf":{"@id":"https:\/\/territorialchallenges.com\/#website"},"datePublished":"2024-07-29T14:28:45+00:00","dateModified":"2024-07-29T14:28:47+00:00","breadcrumb":{"@id":"https:\/\/territorialchallenges.com\/2024\/07\/29\/la-fragilite-numerique-des-collectivites-territoriales-un-appel-a-lindependance-et-a-la-resilience\/123114\/#breadcrumb"},"inLanguage":"es","potentialAction":[{"@type":"ReadAction","target":["https:\/\/territorialchallenges.com\/2024\/07\/29\/la-fragilite-numerique-des-collectivites-territoriales-un-appel-a-lindependance-et-a-la-resilience\/123114\/"]}]},{"@type":"BreadcrumbList","@id":"https:\/\/territorialchallenges.com\/2024\/07\/29\/la-fragilite-numerique-des-collectivites-territoriales-un-appel-a-lindependance-et-a-la-resilience\/123114\/#breadcrumb","itemListElement":[{"@type":"ListItem","position":1,"name":"Home","item":"https:\/\/territorialchallenges.com\/"},{"@type":"ListItem","position":2,"name":"La fragilit\u00e9 num\u00e9rique des collectivit\u00e9s territoriales : Un appel \u00e0 l&rsquo;ind\u00e9pendance et \u00e0 la r\u00e9silience"}]},{"@type":"WebSite","@id":"https:\/\/territorialchallenges.com\/#website","url":"https:\/\/territorialchallenges.com\/","name":"Desaf\u00edos territoriales","description":"Monitoreo Internacional - Estrategias Inteligentes - Mejores Pr\u00e1cticas","publisher":{"@id":"https:\/\/territorialchallenges.com\/#organization"},"potentialAction":[{"@type":"SearchAction","target":{"@type":"EntryPoint","urlTemplate":"https:\/\/territorialchallenges.com\/?s={search_term_string}"},"query-input":"required name=search_term_string"}],"inLanguage":"es"},{"@type":"Organization","@id":"https:\/\/territorialchallenges.com\/#organization","name":"Desaf\u00edos territoriales","url":"https:\/\/territorialchallenges.com\/","logo":{"@type":"ImageObject","inLanguage":"es","@id":"https:\/\/territorialchallenges.com\/#\/schema\/logo\/image\/","url":"https:\/\/territorialchallenges.com\/wp-content\/uploads\/2023\/10\/logo-1.png","contentUrl":"https:\/\/territorialchallenges.com\/wp-content\/uploads\/2023\/10\/logo-1.png","width":1832,"height":576,"caption":"Territorial Challenges"},"image":{"@id":"https:\/\/territorialchallenges.com\/#\/schema\/logo\/image\/"}},{"@type":"Person","@id":"https:\/\/territorialchallenges.com\/#\/schema\/person\/098f145c7c61a021c425e010f840080f","name":"ni.abdi","image":{"@type":"ImageObject","inLanguage":"es","@id":"https:\/\/territorialchallenges.com\/#\/schema\/person\/image\/","url":"https:\/\/secure.gravatar.com\/avatar\/2a2f2491f3c80039986ba989b1e4b510?s=96&d=identicon&r=g","contentUrl":"https:\/\/secure.gravatar.com\/avatar\/2a2f2491f3c80039986ba989b1e4b510?s=96&d=identicon&r=g","caption":"ni.abdi"},"sameAs":["https:\/\/twitter.com\/Ni.abdi"],"url":"https:\/\/territorialchallenges.com\/es\/author\/ni-abdi\/"}]}},"_links":{"self":[{"href":"https:\/\/territorialchallenges.com\/es\/wp-json\/wp\/v2\/posts\/123114"}],"collection":[{"href":"https:\/\/territorialchallenges.com\/es\/wp-json\/wp\/v2\/posts"}],"about":[{"href":"https:\/\/territorialchallenges.com\/es\/wp-json\/wp\/v2\/types\/post"}],"author":[{"embeddable":true,"href":"https:\/\/territorialchallenges.com\/es\/wp-json\/wp\/v2\/users\/11"}],"replies":[{"embeddable":true,"href":"https:\/\/territorialchallenges.com\/es\/wp-json\/wp\/v2\/comments?post=123114"}],"version-history":[{"count":1,"href":"https:\/\/territorialchallenges.com\/es\/wp-json\/wp\/v2\/posts\/123114\/revisions"}],"predecessor-version":[{"id":123116,"href":"https:\/\/territorialchallenges.com\/es\/wp-json\/wp\/v2\/posts\/123114\/revisions\/123116"}],"wp:featuredmedia":[{"embeddable":true,"href":"https:\/\/territorialchallenges.com\/es\/wp-json\/wp\/v2\/media\/123115"}],"wp:attachment":[{"href":"https:\/\/territorialchallenges.com\/es\/wp-json\/wp\/v2\/media?parent=123114"}],"wp:term":[{"taxonomy":"category","embeddable":true,"href":"https:\/\/territorialchallenges.com\/es\/wp-json\/wp\/v2\/categories?post=123114"},{"taxonomy":"post_tag","embeddable":true,"href":"https:\/\/territorialchallenges.com\/es\/wp-json\/wp\/v2\/tags?post=123114"}],"curies":[{"name":"gracias","href":"https:\/\/api.w.org\/{rel}","templated":true}]}}