{"id":123074,"date":"2024-07-18T16:58:10","date_gmt":"2024-07-18T14:58:10","guid":{"rendered":"https:\/\/territorialchallenges.com\/?p=123074"},"modified":"2024-07-18T16:58:10","modified_gmt":"2024-07-18T14:58:10","slug":"les-territoires-intelligents-boucliers-contre-les-mega-vagues-de-chaleur","status":"publish","type":"post","link":"https:\/\/territorialchallenges.com\/es\/2024\/07\/18\/les-territoires-intelligents-boucliers-contre-les-mega-vagues-de-chaleur\/123074\/","title":{"rendered":"Territorios inteligentes: escudos contra las megaolas de calor"},"content":{"rendered":"<p>Ante el aumento de las megaolas de calor, las ciudades de todo el mundo est\u00e1n en primera l\u00ednea para proteger a sus residentes. Mediante el uso de tecnolog\u00edas inteligentes y estrategias innovadoras, no solo pueden mitigar los efectos del calor extremo, sino tambi\u00e9n mejorar la calidad de vida urbana. Las intensas olas de calor se est\u00e1n volviendo\u2026 <\/p>\n<div class=\"pmpro_content_message\">Art\u00edculo disponible s\u00f3lo para suscriptores.<br \/><a href=\"https:\/\/territorialchallenges.com\/wp-login.php\">Acceso<\/a><br \/><a href=\"https:\/\/territorialchallenges.com\/es\/wp-login.php\/?action=register\">Registro<\/a><\/div>","protected":false},"excerpt":{"rendered":"<p>Face \u00e0 l\u2019augmentation des m\u00e9ga-vagues de chaleur, les villes du monde entier se trouvent en premi\u00e8re ligne pour prot\u00e9ger leurs habitants. En utilisant des technologies intelligentes et des strat\u00e9gies innovantes, elles peuvent non seulement att\u00e9nuer les effets de la chaleur extr\u00eame mais aussi am\u00e9liorer la qualit\u00e9 de vie urbaine. Les vagues de chaleur intenses deviennent... <\/p>\n<div class=\"pmpro_content_message\">Art\u00edculo disponible s\u00f3lo para suscriptores.<br \/><a href=\"https:\/\/territorialchallenges.com\/wp-login.php\">Acceso<\/a><br \/><a href=\"https:\/\/territorialchallenges.com\/es\/wp-login.php\/?action=register\">Registro<\/a><\/div>","protected":false},"author":11,"featured_media":123075,"comment_status":"closed","ping_status":"closed","sticky":true,"template":"","format":"standard","meta":{"pmpro_default_level":0,"footnotes":""},"categories":[130,117],"tags":[],"blocksy_meta":"","yoast_head":"<!-- This site is optimized with the Yoast SEO plugin v21.5 - https:\/\/yoast.com\/wordpress\/plugins\/seo\/ -->\n<title>Les territoires intelligents : boucliers contre les m\u00e9ga-vagues de chaleur - Territorial Challenges<\/title>\n<meta name=\"robots\" content=\"index, follow, max-snippet:-1, max-image-preview:large, max-video-preview:-1\" \/>\n<link rel=\"canonical\" href=\"https:\/\/territorialchallenges.com\/es\/2024\/07\/18\/les-territoires-intelligents-boucliers-contre-les-mega-vagues-de-chaleur\/123074\/\" \/>\n<meta property=\"og:locale\" content=\"es_ES\" \/>\n<meta property=\"og:type\" content=\"article\" \/>\n<meta property=\"og:title\" content=\"Les territoires intelligents : boucliers contre les m\u00e9ga-vagues de chaleur - Territorial Challenges\" \/>\n<meta property=\"og:description\" content=\"Face \u00e0 l\u2019augmentation des m\u00e9ga-vagues de chaleur, les villes du monde entier se trouvent en premi\u00e8re ligne pour prot\u00e9ger leurs habitants. En utilisant des technologies intelligentes et des strat\u00e9gies innovantes, elles peuvent non seulement att\u00e9nuer les effets de la chaleur extr\u00eame mais aussi am\u00e9liorer la qualit\u00e9 de vie urbaine. Les vagues de chaleur intenses deviennent [&hellip;]\" \/>\n<meta property=\"og:url\" content=\"https:\/\/territorialchallenges.com\/es\/2024\/07\/18\/les-territoires-intelligents-boucliers-contre-les-mega-vagues-de-chaleur\/123074\/\" \/>\n<meta property=\"og:site_name\" content=\"Territorial Challenges\" \/>\n<meta property=\"article:published_time\" content=\"2024-07-18T14:58:10+00:00\" \/>\n<meta property=\"og:image\" content=\"https:\/\/territorialchallenges.com\/wp-content\/uploads\/2024\/07\/reflexionfaitechaleurImage.jpg\" \/>\n\t<meta property=\"og:image:width\" content=\"960\" \/>\n\t<meta property=\"og:image:height\" content=\"482\" \/>\n\t<meta property=\"og:image:type\" content=\"image\/jpeg\" \/>\n<meta name=\"author\" content=\"ni.abdi\" \/>\n<meta name=\"twitter:card\" content=\"summary_large_image\" \/>\n<meta name=\"twitter:creator\" content=\"@Ni.abdi\" \/>\n<meta name=\"twitter:label1\" content=\"Escrito por\" \/>\n\t<meta name=\"twitter:data1\" content=\"ni.abdi\" \/>\n\t<meta name=\"twitter:label2\" content=\"Tiempo de lectura\" \/>\n\t<meta name=\"twitter:data2\" content=\"4 minutos\" \/>\n<script type=\"application\/ld+json\" class=\"yoast-schema-graph\">{\"@context\":\"https:\/\/schema.org\",\"@graph\":[{\"@type\":\"Article\",\"@id\":\"https:\/\/territorialchallenges.com\/2024\/07\/18\/les-territoires-intelligents-boucliers-contre-les-mega-vagues-de-chaleur\/123074\/#article\",\"isPartOf\":{\"@id\":\"https:\/\/territorialchallenges.com\/2024\/07\/18\/les-territoires-intelligents-boucliers-contre-les-mega-vagues-de-chaleur\/123074\/\"},\"author\":{\"name\":\"ni.abdi\",\"@id\":\"https:\/\/territorialchallenges.com\/#\/schema\/person\/098f145c7c61a021c425e010f840080f\"},\"headline\":\"Les territoires intelligents : boucliers contre les m\u00e9ga-vagues de chaleur\",\"datePublished\":\"2024-07-18T14:58:10+00:00\",\"dateModified\":\"2024-07-18T14:58:10+00:00\",\"mainEntityOfPage\":{\"@id\":\"https:\/\/territorialchallenges.com\/2024\/07\/18\/les-territoires-intelligents-boucliers-contre-les-mega-vagues-de-chaleur\/123074\/\"},\"wordCount\":775,\"publisher\":{\"@id\":\"https:\/\/territorialchallenges.com\/#organization\"},\"articleSection\":[\"R\u00e9flexion faite\",\"\u00c9cosyst\u00e8me\"],\"inLanguage\":\"es\"},{\"@type\":\"WebPage\",\"@id\":\"https:\/\/territorialchallenges.com\/2024\/07\/18\/les-territoires-intelligents-boucliers-contre-les-mega-vagues-de-chaleur\/123074\/\",\"url\":\"https:\/\/territorialchallenges.com\/2024\/07\/18\/les-territoires-intelligents-boucliers-contre-les-mega-vagues-de-chaleur\/123074\/\",\"name\":\"Les territoires intelligents : boucliers contre les m\u00e9ga-vagues de chaleur - Territorial Challenges\",\"isPartOf\":{\"@id\":\"https:\/\/territorialchallenges.com\/#website\"},\"datePublished\":\"2024-07-18T14:58:10+00:00\",\"dateModified\":\"2024-07-18T14:58:10+00:00\",\"breadcrumb\":{\"@id\":\"https:\/\/territorialchallenges.com\/2024\/07\/18\/les-territoires-intelligents-boucliers-contre-les-mega-vagues-de-chaleur\/123074\/#breadcrumb\"},\"inLanguage\":\"es\",\"potentialAction\":[{\"@type\":\"ReadAction\",\"target\":[\"https:\/\/territorialchallenges.com\/2024\/07\/18\/les-territoires-intelligents-boucliers-contre-les-mega-vagues-de-chaleur\/123074\/\"]}]},{\"@type\":\"BreadcrumbList\",\"@id\":\"https:\/\/territorialchallenges.com\/2024\/07\/18\/les-territoires-intelligents-boucliers-contre-les-mega-vagues-de-chaleur\/123074\/#breadcrumb\",\"itemListElement\":[{\"@type\":\"ListItem\",\"position\":1,\"name\":\"Home\",\"item\":\"https:\/\/territorialchallenges.com\/\"},{\"@type\":\"ListItem\",\"position\":2,\"name\":\"Les territoires intelligents : boucliers contre les m\u00e9ga-vagues de chaleur\"}]},{\"@type\":\"WebSite\",\"@id\":\"https:\/\/territorialchallenges.com\/#website\",\"url\":\"https:\/\/territorialchallenges.com\/\",\"name\":\"Territorial Challenges\",\"description\":\"Veille Internationale - Strat\u00e9gie Intelligentes - Bonnes pratiques\",\"publisher\":{\"@id\":\"https:\/\/territorialchallenges.com\/#organization\"},\"potentialAction\":[{\"@type\":\"SearchAction\",\"target\":{\"@type\":\"EntryPoint\",\"urlTemplate\":\"https:\/\/territorialchallenges.com\/?s={search_term_string}\"},\"query-input\":\"required name=search_term_string\"}],\"inLanguage\":\"es\"},{\"@type\":\"Organization\",\"@id\":\"https:\/\/territorialchallenges.com\/#organization\",\"name\":\"Territorial Challenges\",\"url\":\"https:\/\/territorialchallenges.com\/\",\"logo\":{\"@type\":\"ImageObject\",\"inLanguage\":\"es\",\"@id\":\"https:\/\/territorialchallenges.com\/#\/schema\/logo\/image\/\",\"url\":\"https:\/\/territorialchallenges.com\/wp-content\/uploads\/2023\/10\/logo-1.png\",\"contentUrl\":\"https:\/\/territorialchallenges.com\/wp-content\/uploads\/2023\/10\/logo-1.png\",\"width\":1832,\"height\":576,\"caption\":\"Territorial Challenges\"},\"image\":{\"@id\":\"https:\/\/territorialchallenges.com\/#\/schema\/logo\/image\/\"}},{\"@type\":\"Person\",\"@id\":\"https:\/\/territorialchallenges.com\/#\/schema\/person\/098f145c7c61a021c425e010f840080f\",\"name\":\"ni.abdi\",\"image\":{\"@type\":\"ImageObject\",\"inLanguage\":\"es\",\"@id\":\"https:\/\/territorialchallenges.com\/#\/schema\/person\/image\/\",\"url\":\"https:\/\/secure.gravatar.com\/avatar\/2a2f2491f3c80039986ba989b1e4b510?s=96&d=identicon&r=g\",\"contentUrl\":\"https:\/\/secure.gravatar.com\/avatar\/2a2f2491f3c80039986ba989b1e4b510?s=96&d=identicon&r=g\",\"caption\":\"ni.abdi\"},\"sameAs\":[\"https:\/\/twitter.com\/Ni.abdi\"],\"url\":\"https:\/\/territorialchallenges.com\/es\/author\/ni-abdi\/\"}]}<\/script>\n<!-- \/ Yoast SEO plugin. -->","yoast_head_json":{"title":"Les territoires intelligents : boucliers contre les m\u00e9ga-vagues de chaleur - Territorial Challenges","robots":{"index":"index","follow":"follow","max-snippet":"max-snippet:-1","max-image-preview":"max-image-preview:large","max-video-preview":"max-video-preview:-1"},"canonical":"https:\/\/territorialchallenges.com\/es\/2024\/07\/18\/les-territoires-intelligents-boucliers-contre-les-mega-vagues-de-chaleur\/123074\/","og_locale":"es_ES","og_type":"article","og_title":"Les territoires intelligents : boucliers contre les m\u00e9ga-vagues de chaleur - Territorial Challenges","og_description":"Face \u00e0 l\u2019augmentation des m\u00e9ga-vagues de chaleur, les villes du monde entier se trouvent en premi\u00e8re ligne pour prot\u00e9ger leurs habitants. En utilisant des technologies intelligentes et des strat\u00e9gies innovantes, elles peuvent non seulement att\u00e9nuer les effets de la chaleur extr\u00eame mais aussi am\u00e9liorer la qualit\u00e9 de vie urbaine. Les vagues de chaleur intenses deviennent [&hellip;]","og_url":"https:\/\/territorialchallenges.com\/es\/2024\/07\/18\/les-territoires-intelligents-boucliers-contre-les-mega-vagues-de-chaleur\/123074\/","og_site_name":"Territorial Challenges","article_published_time":"2024-07-18T14:58:10+00:00","og_image":[{"width":960,"height":482,"url":"https:\/\/territorialchallenges.com\/wp-content\/uploads\/2024\/07\/reflexionfaitechaleurImage.jpg","type":"image\/jpeg"}],"author":"ni.abdi","twitter_card":"summary_large_image","twitter_creator":"@Ni.abdi","twitter_misc":{"Escrito por":"ni.abdi","Tiempo de lectura":"4 minutos"},"schema":{"@context":"https:\/\/schema.org","@graph":[{"@type":"Article","@id":"https:\/\/territorialchallenges.com\/2024\/07\/18\/les-territoires-intelligents-boucliers-contre-les-mega-vagues-de-chaleur\/123074\/#article","isPartOf":{"@id":"https:\/\/territorialchallenges.com\/2024\/07\/18\/les-territoires-intelligents-boucliers-contre-les-mega-vagues-de-chaleur\/123074\/"},"author":{"name":"ni.abdi","@id":"https:\/\/territorialchallenges.com\/#\/schema\/person\/098f145c7c61a021c425e010f840080f"},"headline":"Les territoires intelligents : boucliers contre les m\u00e9ga-vagues de chaleur","datePublished":"2024-07-18T14:58:10+00:00","dateModified":"2024-07-18T14:58:10+00:00","mainEntityOfPage":{"@id":"https:\/\/territorialchallenges.com\/2024\/07\/18\/les-territoires-intelligents-boucliers-contre-les-mega-vagues-de-chaleur\/123074\/"},"wordCount":775,"publisher":{"@id":"https:\/\/territorialchallenges.com\/#organization"},"articleSection":["R\u00e9flexion faite","\u00c9cosyst\u00e8me"],"inLanguage":"es"},{"@type":"WebPage","@id":"https:\/\/territorialchallenges.com\/2024\/07\/18\/les-territoires-intelligents-boucliers-contre-les-mega-vagues-de-chaleur\/123074\/","url":"https:\/\/territorialchallenges.com\/2024\/07\/18\/les-territoires-intelligents-boucliers-contre-les-mega-vagues-de-chaleur\/123074\/","name":"Les territoires intelligents : boucliers contre les m\u00e9ga-vagues de chaleur - Territorial Challenges","isPartOf":{"@id":"https:\/\/territorialchallenges.com\/#website"},"datePublished":"2024-07-18T14:58:10+00:00","dateModified":"2024-07-18T14:58:10+00:00","breadcrumb":{"@id":"https:\/\/territorialchallenges.com\/2024\/07\/18\/les-territoires-intelligents-boucliers-contre-les-mega-vagues-de-chaleur\/123074\/#breadcrumb"},"inLanguage":"es","potentialAction":[{"@type":"ReadAction","target":["https:\/\/territorialchallenges.com\/2024\/07\/18\/les-territoires-intelligents-boucliers-contre-les-mega-vagues-de-chaleur\/123074\/"]}]},{"@type":"BreadcrumbList","@id":"https:\/\/territorialchallenges.com\/2024\/07\/18\/les-territoires-intelligents-boucliers-contre-les-mega-vagues-de-chaleur\/123074\/#breadcrumb","itemListElement":[{"@type":"ListItem","position":1,"name":"Home","item":"https:\/\/territorialchallenges.com\/"},{"@type":"ListItem","position":2,"name":"Les territoires intelligents : boucliers contre les m\u00e9ga-vagues de chaleur"}]},{"@type":"WebSite","@id":"https:\/\/territorialchallenges.com\/#website","url":"https:\/\/territorialchallenges.com\/","name":"Desaf\u00edos territoriales","description":"Monitoreo Internacional - Estrategias Inteligentes - Mejores Pr\u00e1cticas","publisher":{"@id":"https:\/\/territorialchallenges.com\/#organization"},"potentialAction":[{"@type":"SearchAction","target":{"@type":"EntryPoint","urlTemplate":"https:\/\/territorialchallenges.com\/?s={search_term_string}"},"query-input":"required name=search_term_string"}],"inLanguage":"es"},{"@type":"Organization","@id":"https:\/\/territorialchallenges.com\/#organization","name":"Desaf\u00edos territoriales","url":"https:\/\/territorialchallenges.com\/","logo":{"@type":"ImageObject","inLanguage":"es","@id":"https:\/\/territorialchallenges.com\/#\/schema\/logo\/image\/","url":"https:\/\/territorialchallenges.com\/wp-content\/uploads\/2023\/10\/logo-1.png","contentUrl":"https:\/\/territorialchallenges.com\/wp-content\/uploads\/2023\/10\/logo-1.png","width":1832,"height":576,"caption":"Territorial Challenges"},"image":{"@id":"https:\/\/territorialchallenges.com\/#\/schema\/logo\/image\/"}},{"@type":"Person","@id":"https:\/\/territorialchallenges.com\/#\/schema\/person\/098f145c7c61a021c425e010f840080f","name":"ni.abdi","image":{"@type":"ImageObject","inLanguage":"es","@id":"https:\/\/territorialchallenges.com\/#\/schema\/person\/image\/","url":"https:\/\/secure.gravatar.com\/avatar\/2a2f2491f3c80039986ba989b1e4b510?s=96&d=identicon&r=g","contentUrl":"https:\/\/secure.gravatar.com\/avatar\/2a2f2491f3c80039986ba989b1e4b510?s=96&d=identicon&r=g","caption":"ni.abdi"},"sameAs":["https:\/\/twitter.com\/Ni.abdi"],"url":"https:\/\/territorialchallenges.com\/es\/author\/ni-abdi\/"}]}},"_links":{"self":[{"href":"https:\/\/territorialchallenges.com\/es\/wp-json\/wp\/v2\/posts\/123074"}],"collection":[{"href":"https:\/\/territorialchallenges.com\/es\/wp-json\/wp\/v2\/posts"}],"about":[{"href":"https:\/\/territorialchallenges.com\/es\/wp-json\/wp\/v2\/types\/post"}],"author":[{"embeddable":true,"href":"https:\/\/territorialchallenges.com\/es\/wp-json\/wp\/v2\/users\/11"}],"replies":[{"embeddable":true,"href":"https:\/\/territorialchallenges.com\/es\/wp-json\/wp\/v2\/comments?post=123074"}],"version-history":[{"count":1,"href":"https:\/\/territorialchallenges.com\/es\/wp-json\/wp\/v2\/posts\/123074\/revisions"}],"predecessor-version":[{"id":123076,"href":"https:\/\/territorialchallenges.com\/es\/wp-json\/wp\/v2\/posts\/123074\/revisions\/123076"}],"wp:featuredmedia":[{"embeddable":true,"href":"https:\/\/territorialchallenges.com\/es\/wp-json\/wp\/v2\/media\/123075"}],"wp:attachment":[{"href":"https:\/\/territorialchallenges.com\/es\/wp-json\/wp\/v2\/media?parent=123074"}],"wp:term":[{"taxonomy":"category","embeddable":true,"href":"https:\/\/territorialchallenges.com\/es\/wp-json\/wp\/v2\/categories?post=123074"},{"taxonomy":"post_tag","embeddable":true,"href":"https:\/\/territorialchallenges.com\/es\/wp-json\/wp\/v2\/tags?post=123074"}],"curies":[{"name":"gracias","href":"https:\/\/api.w.org\/{rel}","templated":true}]}}