{"id":123068,"date":"2024-07-18T16:50:30","date_gmt":"2024-07-18T14:50:30","guid":{"rendered":"https:\/\/territorialchallenges.com\/?p=123068"},"modified":"2024-07-18T16:50:31","modified_gmt":"2024-07-18T14:50:31","slug":"le-port-de-bilbao-sengage-dans-lavenir-avec-des-vehicules-connectes","status":"publish","type":"post","link":"https:\/\/territorialchallenges.com\/es\/2024\/07\/18\/le-port-de-bilbao-sengage-dans-lavenir-avec-des-vehicules-connectes\/123068\/","title":{"rendered":"El Puerto de Bilbao avanza hacia el futuro con veh\u00edculos conectados"},"content":{"rendered":"<p>El Puerto de Bilbao, uno de los principales centros econ\u00f3micos de Espa\u00f1a, est\u00e1 embarcando en un innovador proyecto de veh\u00edculos conectados. Este proyecto, en colaboraci\u00f3n con Kapsch TrafficCom, busca mejorar la fluidez del tr\u00e1fico y la seguridad de los conductores mediante tecnolog\u00eda de vanguardia. El Puerto de Bilbao anunci\u00f3 recientemente el lanzamiento de un proyecto\u2026 <\/p>\n<div class=\"pmpro_content_message\">Art\u00edculo disponible s\u00f3lo para suscriptores.<br \/><a href=\"https:\/\/territorialchallenges.com\/wp-login.php\">Acceso<\/a><br \/><a href=\"https:\/\/territorialchallenges.com\/es\/wp-login.php\/?action=register\">Registro<\/a><\/div>","protected":false},"excerpt":{"rendered":"<p>Le port de Bilbao, l&rsquo;un des principaux centres \u00e9conomiques d&rsquo;Espagne, se lance dans un projet innovant de v\u00e9hicules connect\u00e9s. Ce projet, en partenariat avec Kapsch TrafficCom, vise \u00e0 am\u00e9liorer la fluidit\u00e9 du trafic et la s\u00e9curit\u00e9 des conducteurs gr\u00e2ce \u00e0 une technologie de pointe. Le port de Bilbao a r\u00e9cemment annonc\u00e9 le lancement d&rsquo;un projet... <\/p>\n<div class=\"pmpro_content_message\">Art\u00edculo disponible s\u00f3lo para suscriptores.<br \/><a href=\"https:\/\/territorialchallenges.com\/wp-login.php\">Acceso<\/a><br \/><a href=\"https:\/\/territorialchallenges.com\/es\/wp-login.php\/?action=register\">Registro<\/a><\/div>","protected":false},"author":11,"featured_media":123069,"comment_status":"closed","ping_status":"closed","sticky":true,"template":"","format":"standard","meta":{"pmpro_default_level":0,"footnotes":""},"categories":[120,117],"tags":[],"blocksy_meta":"","yoast_head":"<!-- This site is optimized with the Yoast SEO plugin v21.5 - https:\/\/yoast.com\/wordpress\/plugins\/seo\/ -->\n<title>Le port de Bilbao s&#039;engage dans l&#039;avenir avec des v\u00e9hicules connect\u00e9s - Territorial Challenges<\/title>\n<meta name=\"robots\" content=\"index, follow, max-snippet:-1, max-image-preview:large, max-video-preview:-1\" \/>\n<link rel=\"canonical\" href=\"https:\/\/territorialchallenges.com\/es\/2024\/07\/18\/le-port-de-bilbao-sengage-dans-lavenir-avec-des-vehicules-connectes\/123068\/\" \/>\n<meta property=\"og:locale\" content=\"es_ES\" \/>\n<meta property=\"og:type\" content=\"article\" \/>\n<meta property=\"og:title\" content=\"Le port de Bilbao s&#039;engage dans l&#039;avenir avec des v\u00e9hicules connect\u00e9s - Territorial Challenges\" \/>\n<meta property=\"og:description\" content=\"Le port de Bilbao, l&rsquo;un des principaux centres \u00e9conomiques d&rsquo;Espagne, se lance dans un projet innovant de v\u00e9hicules connect\u00e9s. Ce projet, en partenariat avec Kapsch TrafficCom, vise \u00e0 am\u00e9liorer la fluidit\u00e9 du trafic et la s\u00e9curit\u00e9 des conducteurs gr\u00e2ce \u00e0 une technologie de pointe. Le port de Bilbao a r\u00e9cemment annonc\u00e9 le lancement d&rsquo;un projet [&hellip;]\" \/>\n<meta property=\"og:url\" content=\"https:\/\/territorialchallenges.com\/es\/2024\/07\/18\/le-port-de-bilbao-sengage-dans-lavenir-avec-des-vehicules-connectes\/123068\/\" \/>\n<meta property=\"og:site_name\" content=\"Territorial Challenges\" \/>\n<meta property=\"article:published_time\" content=\"2024-07-18T14:50:30+00:00\" \/>\n<meta property=\"article:modified_time\" content=\"2024-07-18T14:50:31+00:00\" \/>\n<meta property=\"og:image\" content=\"https:\/\/territorialchallenges.com\/wp-content\/uploads\/2024\/07\/ilsestpassaBilbaoImage.jpg\" \/>\n\t<meta property=\"og:image:width\" content=\"1280\" \/>\n\t<meta property=\"og:image:height\" content=\"853\" \/>\n\t<meta property=\"og:image:type\" content=\"image\/jpeg\" \/>\n<meta name=\"author\" content=\"ni.abdi\" \/>\n<meta name=\"twitter:card\" content=\"summary_large_image\" \/>\n<meta name=\"twitter:creator\" content=\"@Ni.abdi\" \/>\n<meta name=\"twitter:label1\" content=\"Escrito por\" \/>\n\t<meta name=\"twitter:data1\" content=\"ni.abdi\" \/>\n\t<meta name=\"twitter:label2\" content=\"Tiempo de lectura\" \/>\n\t<meta name=\"twitter:data2\" content=\"4 minutos\" \/>\n<script type=\"application\/ld+json\" class=\"yoast-schema-graph\">{\"@context\":\"https:\/\/schema.org\",\"@graph\":[{\"@type\":\"Article\",\"@id\":\"https:\/\/territorialchallenges.com\/2024\/07\/18\/le-port-de-bilbao-sengage-dans-lavenir-avec-des-vehicules-connectes\/123068\/#article\",\"isPartOf\":{\"@id\":\"https:\/\/territorialchallenges.com\/2024\/07\/18\/le-port-de-bilbao-sengage-dans-lavenir-avec-des-vehicules-connectes\/123068\/\"},\"author\":{\"name\":\"ni.abdi\",\"@id\":\"https:\/\/territorialchallenges.com\/#\/schema\/person\/098f145c7c61a021c425e010f840080f\"},\"headline\":\"Le port de Bilbao s&rsquo;engage dans l&rsquo;avenir avec des v\u00e9hicules connect\u00e9s\",\"datePublished\":\"2024-07-18T14:50:30+00:00\",\"dateModified\":\"2024-07-18T14:50:31+00:00\",\"mainEntityOfPage\":{\"@id\":\"https:\/\/territorialchallenges.com\/2024\/07\/18\/le-port-de-bilbao-sengage-dans-lavenir-avec-des-vehicules-connectes\/123068\/\"},\"wordCount\":855,\"publisher\":{\"@id\":\"https:\/\/territorialchallenges.com\/#organization\"},\"articleSection\":[\"Il s'est pass\u00e9 \u00e0\",\"\u00c9cosyst\u00e8me\"],\"inLanguage\":\"es\"},{\"@type\":\"WebPage\",\"@id\":\"https:\/\/territorialchallenges.com\/2024\/07\/18\/le-port-de-bilbao-sengage-dans-lavenir-avec-des-vehicules-connectes\/123068\/\",\"url\":\"https:\/\/territorialchallenges.com\/2024\/07\/18\/le-port-de-bilbao-sengage-dans-lavenir-avec-des-vehicules-connectes\/123068\/\",\"name\":\"Le port de Bilbao s'engage dans l'avenir avec des v\u00e9hicules connect\u00e9s - Territorial Challenges\",\"isPartOf\":{\"@id\":\"https:\/\/territorialchallenges.com\/#website\"},\"datePublished\":\"2024-07-18T14:50:30+00:00\",\"dateModified\":\"2024-07-18T14:50:31+00:00\",\"breadcrumb\":{\"@id\":\"https:\/\/territorialchallenges.com\/2024\/07\/18\/le-port-de-bilbao-sengage-dans-lavenir-avec-des-vehicules-connectes\/123068\/#breadcrumb\"},\"inLanguage\":\"es\",\"potentialAction\":[{\"@type\":\"ReadAction\",\"target\":[\"https:\/\/territorialchallenges.com\/2024\/07\/18\/le-port-de-bilbao-sengage-dans-lavenir-avec-des-vehicules-connectes\/123068\/\"]}]},{\"@type\":\"BreadcrumbList\",\"@id\":\"https:\/\/territorialchallenges.com\/2024\/07\/18\/le-port-de-bilbao-sengage-dans-lavenir-avec-des-vehicules-connectes\/123068\/#breadcrumb\",\"itemListElement\":[{\"@type\":\"ListItem\",\"position\":1,\"name\":\"Home\",\"item\":\"https:\/\/territorialchallenges.com\/\"},{\"@type\":\"ListItem\",\"position\":2,\"name\":\"Le port de Bilbao s&rsquo;engage dans l&rsquo;avenir avec des v\u00e9hicules connect\u00e9s\"}]},{\"@type\":\"WebSite\",\"@id\":\"https:\/\/territorialchallenges.com\/#website\",\"url\":\"https:\/\/territorialchallenges.com\/\",\"name\":\"Territorial Challenges\",\"description\":\"Veille Internationale - Strat\u00e9gie Intelligentes - Bonnes pratiques\",\"publisher\":{\"@id\":\"https:\/\/territorialchallenges.com\/#organization\"},\"potentialAction\":[{\"@type\":\"SearchAction\",\"target\":{\"@type\":\"EntryPoint\",\"urlTemplate\":\"https:\/\/territorialchallenges.com\/?s={search_term_string}\"},\"query-input\":\"required name=search_term_string\"}],\"inLanguage\":\"es\"},{\"@type\":\"Organization\",\"@id\":\"https:\/\/territorialchallenges.com\/#organization\",\"name\":\"Territorial Challenges\",\"url\":\"https:\/\/territorialchallenges.com\/\",\"logo\":{\"@type\":\"ImageObject\",\"inLanguage\":\"es\",\"@id\":\"https:\/\/territorialchallenges.com\/#\/schema\/logo\/image\/\",\"url\":\"https:\/\/territorialchallenges.com\/wp-content\/uploads\/2023\/10\/logo-1.png\",\"contentUrl\":\"https:\/\/territorialchallenges.com\/wp-content\/uploads\/2023\/10\/logo-1.png\",\"width\":1832,\"height\":576,\"caption\":\"Territorial Challenges\"},\"image\":{\"@id\":\"https:\/\/territorialchallenges.com\/#\/schema\/logo\/image\/\"}},{\"@type\":\"Person\",\"@id\":\"https:\/\/territorialchallenges.com\/#\/schema\/person\/098f145c7c61a021c425e010f840080f\",\"name\":\"ni.abdi\",\"image\":{\"@type\":\"ImageObject\",\"inLanguage\":\"es\",\"@id\":\"https:\/\/territorialchallenges.com\/#\/schema\/person\/image\/\",\"url\":\"https:\/\/secure.gravatar.com\/avatar\/2a2f2491f3c80039986ba989b1e4b510?s=96&d=identicon&r=g\",\"contentUrl\":\"https:\/\/secure.gravatar.com\/avatar\/2a2f2491f3c80039986ba989b1e4b510?s=96&d=identicon&r=g\",\"caption\":\"ni.abdi\"},\"sameAs\":[\"https:\/\/twitter.com\/Ni.abdi\"],\"url\":\"https:\/\/territorialchallenges.com\/es\/author\/ni-abdi\/\"}]}<\/script>\n<!-- \/ Yoast SEO plugin. -->","yoast_head_json":{"title":"Le port de Bilbao s'engage dans l'avenir avec des v\u00e9hicules connect\u00e9s - Territorial Challenges","robots":{"index":"index","follow":"follow","max-snippet":"max-snippet:-1","max-image-preview":"max-image-preview:large","max-video-preview":"max-video-preview:-1"},"canonical":"https:\/\/territorialchallenges.com\/es\/2024\/07\/18\/le-port-de-bilbao-sengage-dans-lavenir-avec-des-vehicules-connectes\/123068\/","og_locale":"es_ES","og_type":"article","og_title":"Le port de Bilbao s'engage dans l'avenir avec des v\u00e9hicules connect\u00e9s - Territorial Challenges","og_description":"Le port de Bilbao, l&rsquo;un des principaux centres \u00e9conomiques d&rsquo;Espagne, se lance dans un projet innovant de v\u00e9hicules connect\u00e9s. Ce projet, en partenariat avec Kapsch TrafficCom, vise \u00e0 am\u00e9liorer la fluidit\u00e9 du trafic et la s\u00e9curit\u00e9 des conducteurs gr\u00e2ce \u00e0 une technologie de pointe. Le port de Bilbao a r\u00e9cemment annonc\u00e9 le lancement d&rsquo;un projet [&hellip;]","og_url":"https:\/\/territorialchallenges.com\/es\/2024\/07\/18\/le-port-de-bilbao-sengage-dans-lavenir-avec-des-vehicules-connectes\/123068\/","og_site_name":"Territorial Challenges","article_published_time":"2024-07-18T14:50:30+00:00","article_modified_time":"2024-07-18T14:50:31+00:00","og_image":[{"width":1280,"height":853,"url":"https:\/\/territorialchallenges.com\/wp-content\/uploads\/2024\/07\/ilsestpassaBilbaoImage.jpg","type":"image\/jpeg"}],"author":"ni.abdi","twitter_card":"summary_large_image","twitter_creator":"@Ni.abdi","twitter_misc":{"Escrito por":"ni.abdi","Tiempo de lectura":"4 minutos"},"schema":{"@context":"https:\/\/schema.org","@graph":[{"@type":"Article","@id":"https:\/\/territorialchallenges.com\/2024\/07\/18\/le-port-de-bilbao-sengage-dans-lavenir-avec-des-vehicules-connectes\/123068\/#article","isPartOf":{"@id":"https:\/\/territorialchallenges.com\/2024\/07\/18\/le-port-de-bilbao-sengage-dans-lavenir-avec-des-vehicules-connectes\/123068\/"},"author":{"name":"ni.abdi","@id":"https:\/\/territorialchallenges.com\/#\/schema\/person\/098f145c7c61a021c425e010f840080f"},"headline":"Le port de Bilbao s&rsquo;engage dans l&rsquo;avenir avec des v\u00e9hicules connect\u00e9s","datePublished":"2024-07-18T14:50:30+00:00","dateModified":"2024-07-18T14:50:31+00:00","mainEntityOfPage":{"@id":"https:\/\/territorialchallenges.com\/2024\/07\/18\/le-port-de-bilbao-sengage-dans-lavenir-avec-des-vehicules-connectes\/123068\/"},"wordCount":855,"publisher":{"@id":"https:\/\/territorialchallenges.com\/#organization"},"articleSection":["Il s'est pass\u00e9 \u00e0","\u00c9cosyst\u00e8me"],"inLanguage":"es"},{"@type":"WebPage","@id":"https:\/\/territorialchallenges.com\/2024\/07\/18\/le-port-de-bilbao-sengage-dans-lavenir-avec-des-vehicules-connectes\/123068\/","url":"https:\/\/territorialchallenges.com\/2024\/07\/18\/le-port-de-bilbao-sengage-dans-lavenir-avec-des-vehicules-connectes\/123068\/","name":"Le port de Bilbao s'engage dans l'avenir avec des v\u00e9hicules connect\u00e9s - Territorial Challenges","isPartOf":{"@id":"https:\/\/territorialchallenges.com\/#website"},"datePublished":"2024-07-18T14:50:30+00:00","dateModified":"2024-07-18T14:50:31+00:00","breadcrumb":{"@id":"https:\/\/territorialchallenges.com\/2024\/07\/18\/le-port-de-bilbao-sengage-dans-lavenir-avec-des-vehicules-connectes\/123068\/#breadcrumb"},"inLanguage":"es","potentialAction":[{"@type":"ReadAction","target":["https:\/\/territorialchallenges.com\/2024\/07\/18\/le-port-de-bilbao-sengage-dans-lavenir-avec-des-vehicules-connectes\/123068\/"]}]},{"@type":"BreadcrumbList","@id":"https:\/\/territorialchallenges.com\/2024\/07\/18\/le-port-de-bilbao-sengage-dans-lavenir-avec-des-vehicules-connectes\/123068\/#breadcrumb","itemListElement":[{"@type":"ListItem","position":1,"name":"Home","item":"https:\/\/territorialchallenges.com\/"},{"@type":"ListItem","position":2,"name":"Le port de Bilbao s&rsquo;engage dans l&rsquo;avenir avec des v\u00e9hicules connect\u00e9s"}]},{"@type":"WebSite","@id":"https:\/\/territorialchallenges.com\/#website","url":"https:\/\/territorialchallenges.com\/","name":"Desaf\u00edos territoriales","description":"Monitoreo Internacional - Estrategias Inteligentes - Mejores Pr\u00e1cticas","publisher":{"@id":"https:\/\/territorialchallenges.com\/#organization"},"potentialAction":[{"@type":"SearchAction","target":{"@type":"EntryPoint","urlTemplate":"https:\/\/territorialchallenges.com\/?s={search_term_string}"},"query-input":"required name=search_term_string"}],"inLanguage":"es"},{"@type":"Organization","@id":"https:\/\/territorialchallenges.com\/#organization","name":"Desaf\u00edos territoriales","url":"https:\/\/territorialchallenges.com\/","logo":{"@type":"ImageObject","inLanguage":"es","@id":"https:\/\/territorialchallenges.com\/#\/schema\/logo\/image\/","url":"https:\/\/territorialchallenges.com\/wp-content\/uploads\/2023\/10\/logo-1.png","contentUrl":"https:\/\/territorialchallenges.com\/wp-content\/uploads\/2023\/10\/logo-1.png","width":1832,"height":576,"caption":"Territorial Challenges"},"image":{"@id":"https:\/\/territorialchallenges.com\/#\/schema\/logo\/image\/"}},{"@type":"Person","@id":"https:\/\/territorialchallenges.com\/#\/schema\/person\/098f145c7c61a021c425e010f840080f","name":"ni.abdi","image":{"@type":"ImageObject","inLanguage":"es","@id":"https:\/\/territorialchallenges.com\/#\/schema\/person\/image\/","url":"https:\/\/secure.gravatar.com\/avatar\/2a2f2491f3c80039986ba989b1e4b510?s=96&d=identicon&r=g","contentUrl":"https:\/\/secure.gravatar.com\/avatar\/2a2f2491f3c80039986ba989b1e4b510?s=96&d=identicon&r=g","caption":"ni.abdi"},"sameAs":["https:\/\/twitter.com\/Ni.abdi"],"url":"https:\/\/territorialchallenges.com\/es\/author\/ni-abdi\/"}]}},"_links":{"self":[{"href":"https:\/\/territorialchallenges.com\/es\/wp-json\/wp\/v2\/posts\/123068"}],"collection":[{"href":"https:\/\/territorialchallenges.com\/es\/wp-json\/wp\/v2\/posts"}],"about":[{"href":"https:\/\/territorialchallenges.com\/es\/wp-json\/wp\/v2\/types\/post"}],"author":[{"embeddable":true,"href":"https:\/\/territorialchallenges.com\/es\/wp-json\/wp\/v2\/users\/11"}],"replies":[{"embeddable":true,"href":"https:\/\/territorialchallenges.com\/es\/wp-json\/wp\/v2\/comments?post=123068"}],"version-history":[{"count":1,"href":"https:\/\/territorialchallenges.com\/es\/wp-json\/wp\/v2\/posts\/123068\/revisions"}],"predecessor-version":[{"id":123070,"href":"https:\/\/territorialchallenges.com\/es\/wp-json\/wp\/v2\/posts\/123068\/revisions\/123070"}],"wp:featuredmedia":[{"embeddable":true,"href":"https:\/\/territorialchallenges.com\/es\/wp-json\/wp\/v2\/media\/123069"}],"wp:attachment":[{"href":"https:\/\/territorialchallenges.com\/es\/wp-json\/wp\/v2\/media?parent=123068"}],"wp:term":[{"taxonomy":"category","embeddable":true,"href":"https:\/\/territorialchallenges.com\/es\/wp-json\/wp\/v2\/categories?post=123068"},{"taxonomy":"post_tag","embeddable":true,"href":"https:\/\/territorialchallenges.com\/es\/wp-json\/wp\/v2\/tags?post=123068"}],"curies":[{"name":"gracias","href":"https:\/\/api.w.org\/{rel}","templated":true}]}}