{"id":123019,"date":"2024-07-10T15:50:44","date_gmt":"2024-07-10T13:50:44","guid":{"rendered":"https:\/\/territorialchallenges.com\/?p=123019"},"modified":"2024-07-11T10:21:14","modified_gmt":"2024-07-11T08:21:14","slug":"castilla-la-mancha-en-espagne-vers-un-ecosysteme-de-territoire-rural-intelligent-et-connecte","status":"publish","type":"post","link":"https:\/\/territorialchallenges.com\/es\/2024\/07\/10\/castilla-la-mancha-en-espagne-vers-un-ecosysteme-de-territoire-rural-intelligent-et-connecte\/123019\/","title":{"rendered":"Castilla-La Mancha en Espa\u00f1a: hacia un ecosistema de territorio rural inteligente y conectado"},"content":{"rendered":"<p>La regi\u00f3n de Castilla-La Mancha ha presentado su informe &quot;Ecosistema del Territorio Rural Inteligente&quot;, elaborado por la Direcci\u00f3n General de Cohesi\u00f3n Territorial en colaboraci\u00f3n con el Cl\u00faster de Ciudades Inteligentes. Este plan director busca establecer una hoja de ruta para la transformaci\u00f3n digital de la regi\u00f3n, en l\u00ednea con las pol\u00edticas nacionales y\u2026 <\/p>\n<div class=\"pmpro_content_message\">Art\u00edculo disponible s\u00f3lo para suscriptores.<br \/><a href=\"https:\/\/territorialchallenges.com\/wp-login.php\">Acceso<\/a><br \/><a href=\"https:\/\/territorialchallenges.com\/es\/wp-login.php\/?action=register\">Registro<\/a><\/div>","protected":false},"excerpt":{"rendered":"<p>La r\u00e9gion de Castilla-La Mancha en Espagne a d\u00e9voil\u00e9 son rapport \u00ab\u00a0\u00c9cosyst\u00e8me du territoire rural intelligent\u00a0\u00bb \u00e9labor\u00e9 par la Direction g\u00e9n\u00e9rale de la coh\u00e9sion territoriale en collaboration avec le Smart City Cluster. Ce sch\u00e9ma directeur vise \u00e0 \u00e9tablir une feuille de route pour la transformation num\u00e9rique du territoire, en alignement avec les objectifs nationaux et... <\/p>\n<div class=\"pmpro_content_message\">Art\u00edculo disponible s\u00f3lo para suscriptores.<br \/><a href=\"https:\/\/territorialchallenges.com\/wp-login.php\">Acceso<\/a><br \/><a href=\"https:\/\/territorialchallenges.com\/es\/wp-login.php\/?action=register\">Registro<\/a><\/div>","protected":false},"author":11,"featured_media":123020,"comment_status":"closed","ping_status":"closed","sticky":true,"template":"","format":"standard","meta":{"pmpro_default_level":0,"footnotes":""},"categories":[16,127],"tags":[],"blocksy_meta":"","yoast_head":"<!-- This site is optimized with the Yoast SEO plugin v21.5 - https:\/\/yoast.com\/wordpress\/plugins\/seo\/ -->\n<title>Castilla-La Mancha en Espagne: vers un \u00e9cosyst\u00e8me de territoire rural intelligent et connect\u00e9 - Territorial Challenges<\/title>\n<meta name=\"robots\" content=\"index, follow, max-snippet:-1, max-image-preview:large, max-video-preview:-1\" \/>\n<link rel=\"canonical\" href=\"https:\/\/territorialchallenges.com\/es\/2024\/07\/10\/castilla-la-mancha-en-espagne-vers-un-ecosysteme-de-territoire-rural-intelligent-et-connecte\/123019\/\" \/>\n<meta property=\"og:locale\" content=\"es_ES\" \/>\n<meta property=\"og:type\" content=\"article\" \/>\n<meta property=\"og:title\" content=\"Castilla-La Mancha en Espagne: vers un \u00e9cosyst\u00e8me de territoire rural intelligent et connect\u00e9 - Territorial Challenges\" \/>\n<meta property=\"og:description\" content=\"La r\u00e9gion de Castilla-La Mancha en Espagne a d\u00e9voil\u00e9 son rapport \u00ab\u00a0\u00c9cosyst\u00e8me du territoire rural intelligent\u00a0\u00bb \u00e9labor\u00e9 par la Direction g\u00e9n\u00e9rale de la coh\u00e9sion territoriale en collaboration avec le Smart City Cluster. Ce sch\u00e9ma directeur vise \u00e0 \u00e9tablir une feuille de route pour la transformation num\u00e9rique du territoire, en alignement avec les objectifs nationaux et [&hellip;]\" \/>\n<meta property=\"og:url\" content=\"https:\/\/territorialchallenges.com\/es\/2024\/07\/10\/castilla-la-mancha-en-espagne-vers-un-ecosysteme-de-territoire-rural-intelligent-et-connecte\/123019\/\" \/>\n<meta property=\"og:site_name\" content=\"Territorial Challenges\" \/>\n<meta property=\"article:published_time\" content=\"2024-07-10T13:50:44+00:00\" \/>\n<meta property=\"article:modified_time\" content=\"2024-07-11T08:21:14+00:00\" \/>\n<meta property=\"og:image\" content=\"https:\/\/territorialchallenges.com\/wp-content\/uploads\/2024\/07\/donneesObjetsconnectesImage.jpg\" \/>\n\t<meta property=\"og:image:width\" content=\"1280\" \/>\n\t<meta property=\"og:image:height\" content=\"854\" \/>\n\t<meta property=\"og:image:type\" content=\"image\/jpeg\" \/>\n<meta name=\"author\" content=\"ni.abdi\" \/>\n<meta name=\"twitter:card\" content=\"summary_large_image\" \/>\n<meta name=\"twitter:creator\" content=\"@Ni.abdi\" \/>\n<meta name=\"twitter:label1\" content=\"Escrito por\" \/>\n\t<meta name=\"twitter:data1\" content=\"ni.abdi\" \/>\n\t<meta name=\"twitter:label2\" content=\"Tiempo de lectura\" \/>\n\t<meta name=\"twitter:data2\" content=\"3 minutos\" \/>\n<script type=\"application\/ld+json\" class=\"yoast-schema-graph\">{\"@context\":\"https:\/\/schema.org\",\"@graph\":[{\"@type\":\"Article\",\"@id\":\"https:\/\/territorialchallenges.com\/2024\/07\/10\/castilla-la-mancha-en-espagne-vers-un-ecosysteme-de-territoire-rural-intelligent-et-connecte\/123019\/#article\",\"isPartOf\":{\"@id\":\"https:\/\/territorialchallenges.com\/2024\/07\/10\/castilla-la-mancha-en-espagne-vers-un-ecosysteme-de-territoire-rural-intelligent-et-connecte\/123019\/\"},\"author\":{\"name\":\"ni.abdi\",\"@id\":\"https:\/\/territorialchallenges.com\/#\/schema\/person\/098f145c7c61a021c425e010f840080f\"},\"headline\":\"Castilla-La Mancha en Espagne: vers un \u00e9cosyst\u00e8me de territoire rural intelligent et connect\u00e9\",\"datePublished\":\"2024-07-10T13:50:44+00:00\",\"dateModified\":\"2024-07-11T08:21:14+00:00\",\"mainEntityOfPage\":{\"@id\":\"https:\/\/territorialchallenges.com\/2024\/07\/10\/castilla-la-mancha-en-espagne-vers-un-ecosysteme-de-territoire-rural-intelligent-et-connecte\/123019\/\"},\"wordCount\":604,\"publisher\":{\"@id\":\"https:\/\/territorialchallenges.com\/#organization\"},\"articleSection\":[\"Donn\u00e9es\/Objets Connect\u00e9s\",\"Actualit\u00e9 Europe\"],\"inLanguage\":\"es\"},{\"@type\":\"WebPage\",\"@id\":\"https:\/\/territorialchallenges.com\/2024\/07\/10\/castilla-la-mancha-en-espagne-vers-un-ecosysteme-de-territoire-rural-intelligent-et-connecte\/123019\/\",\"url\":\"https:\/\/territorialchallenges.com\/2024\/07\/10\/castilla-la-mancha-en-espagne-vers-un-ecosysteme-de-territoire-rural-intelligent-et-connecte\/123019\/\",\"name\":\"Castilla-La Mancha en Espagne: vers un \u00e9cosyst\u00e8me de territoire rural intelligent et connect\u00e9 - Territorial Challenges\",\"isPartOf\":{\"@id\":\"https:\/\/territorialchallenges.com\/#website\"},\"datePublished\":\"2024-07-10T13:50:44+00:00\",\"dateModified\":\"2024-07-11T08:21:14+00:00\",\"breadcrumb\":{\"@id\":\"https:\/\/territorialchallenges.com\/2024\/07\/10\/castilla-la-mancha-en-espagne-vers-un-ecosysteme-de-territoire-rural-intelligent-et-connecte\/123019\/#breadcrumb\"},\"inLanguage\":\"es\",\"potentialAction\":[{\"@type\":\"ReadAction\",\"target\":[\"https:\/\/territorialchallenges.com\/2024\/07\/10\/castilla-la-mancha-en-espagne-vers-un-ecosysteme-de-territoire-rural-intelligent-et-connecte\/123019\/\"]}]},{\"@type\":\"BreadcrumbList\",\"@id\":\"https:\/\/territorialchallenges.com\/2024\/07\/10\/castilla-la-mancha-en-espagne-vers-un-ecosysteme-de-territoire-rural-intelligent-et-connecte\/123019\/#breadcrumb\",\"itemListElement\":[{\"@type\":\"ListItem\",\"position\":1,\"name\":\"Home\",\"item\":\"https:\/\/territorialchallenges.com\/\"},{\"@type\":\"ListItem\",\"position\":2,\"name\":\"Castilla-La Mancha en Espagne: vers un \u00e9cosyst\u00e8me de territoire rural intelligent et connect\u00e9\"}]},{\"@type\":\"WebSite\",\"@id\":\"https:\/\/territorialchallenges.com\/#website\",\"url\":\"https:\/\/territorialchallenges.com\/\",\"name\":\"Territorial Challenges\",\"description\":\"Veille Internationale - Strat\u00e9gie Intelligentes - Bonnes pratiques\",\"publisher\":{\"@id\":\"https:\/\/territorialchallenges.com\/#organization\"},\"potentialAction\":[{\"@type\":\"SearchAction\",\"target\":{\"@type\":\"EntryPoint\",\"urlTemplate\":\"https:\/\/territorialchallenges.com\/?s={search_term_string}\"},\"query-input\":\"required name=search_term_string\"}],\"inLanguage\":\"es\"},{\"@type\":\"Organization\",\"@id\":\"https:\/\/territorialchallenges.com\/#organization\",\"name\":\"Territorial Challenges\",\"url\":\"https:\/\/territorialchallenges.com\/\",\"logo\":{\"@type\":\"ImageObject\",\"inLanguage\":\"es\",\"@id\":\"https:\/\/territorialchallenges.com\/#\/schema\/logo\/image\/\",\"url\":\"https:\/\/territorialchallenges.com\/wp-content\/uploads\/2023\/10\/logo-1.png\",\"contentUrl\":\"https:\/\/territorialchallenges.com\/wp-content\/uploads\/2023\/10\/logo-1.png\",\"width\":1832,\"height\":576,\"caption\":\"Territorial Challenges\"},\"image\":{\"@id\":\"https:\/\/territorialchallenges.com\/#\/schema\/logo\/image\/\"}},{\"@type\":\"Person\",\"@id\":\"https:\/\/territorialchallenges.com\/#\/schema\/person\/098f145c7c61a021c425e010f840080f\",\"name\":\"ni.abdi\",\"image\":{\"@type\":\"ImageObject\",\"inLanguage\":\"es\",\"@id\":\"https:\/\/territorialchallenges.com\/#\/schema\/person\/image\/\",\"url\":\"https:\/\/secure.gravatar.com\/avatar\/2a2f2491f3c80039986ba989b1e4b510?s=96&d=identicon&r=g\",\"contentUrl\":\"https:\/\/secure.gravatar.com\/avatar\/2a2f2491f3c80039986ba989b1e4b510?s=96&d=identicon&r=g\",\"caption\":\"ni.abdi\"},\"sameAs\":[\"https:\/\/twitter.com\/Ni.abdi\"],\"url\":\"https:\/\/territorialchallenges.com\/es\/author\/ni-abdi\/\"}]}<\/script>\n<!-- \/ Yoast SEO plugin. -->","yoast_head_json":{"title":"Castilla-La Mancha en Espagne: vers un \u00e9cosyst\u00e8me de territoire rural intelligent et connect\u00e9 - Territorial Challenges","robots":{"index":"index","follow":"follow","max-snippet":"max-snippet:-1","max-image-preview":"max-image-preview:large","max-video-preview":"max-video-preview:-1"},"canonical":"https:\/\/territorialchallenges.com\/es\/2024\/07\/10\/castilla-la-mancha-en-espagne-vers-un-ecosysteme-de-territoire-rural-intelligent-et-connecte\/123019\/","og_locale":"es_ES","og_type":"article","og_title":"Castilla-La Mancha en Espagne: vers un \u00e9cosyst\u00e8me de territoire rural intelligent et connect\u00e9 - Territorial Challenges","og_description":"La r\u00e9gion de Castilla-La Mancha en Espagne a d\u00e9voil\u00e9 son rapport \u00ab\u00a0\u00c9cosyst\u00e8me du territoire rural intelligent\u00a0\u00bb \u00e9labor\u00e9 par la Direction g\u00e9n\u00e9rale de la coh\u00e9sion territoriale en collaboration avec le Smart City Cluster. Ce sch\u00e9ma directeur vise \u00e0 \u00e9tablir une feuille de route pour la transformation num\u00e9rique du territoire, en alignement avec les objectifs nationaux et [&hellip;]","og_url":"https:\/\/territorialchallenges.com\/es\/2024\/07\/10\/castilla-la-mancha-en-espagne-vers-un-ecosysteme-de-territoire-rural-intelligent-et-connecte\/123019\/","og_site_name":"Territorial Challenges","article_published_time":"2024-07-10T13:50:44+00:00","article_modified_time":"2024-07-11T08:21:14+00:00","og_image":[{"width":1280,"height":854,"url":"https:\/\/territorialchallenges.com\/wp-content\/uploads\/2024\/07\/donneesObjetsconnectesImage.jpg","type":"image\/jpeg"}],"author":"ni.abdi","twitter_card":"summary_large_image","twitter_creator":"@Ni.abdi","twitter_misc":{"Escrito por":"ni.abdi","Tiempo de lectura":"3 minutos"},"schema":{"@context":"https:\/\/schema.org","@graph":[{"@type":"Article","@id":"https:\/\/territorialchallenges.com\/2024\/07\/10\/castilla-la-mancha-en-espagne-vers-un-ecosysteme-de-territoire-rural-intelligent-et-connecte\/123019\/#article","isPartOf":{"@id":"https:\/\/territorialchallenges.com\/2024\/07\/10\/castilla-la-mancha-en-espagne-vers-un-ecosysteme-de-territoire-rural-intelligent-et-connecte\/123019\/"},"author":{"name":"ni.abdi","@id":"https:\/\/territorialchallenges.com\/#\/schema\/person\/098f145c7c61a021c425e010f840080f"},"headline":"Castilla-La Mancha en Espagne: vers un \u00e9cosyst\u00e8me de territoire rural intelligent et connect\u00e9","datePublished":"2024-07-10T13:50:44+00:00","dateModified":"2024-07-11T08:21:14+00:00","mainEntityOfPage":{"@id":"https:\/\/territorialchallenges.com\/2024\/07\/10\/castilla-la-mancha-en-espagne-vers-un-ecosysteme-de-territoire-rural-intelligent-et-connecte\/123019\/"},"wordCount":604,"publisher":{"@id":"https:\/\/territorialchallenges.com\/#organization"},"articleSection":["Donn\u00e9es\/Objets Connect\u00e9s","Actualit\u00e9 Europe"],"inLanguage":"es"},{"@type":"WebPage","@id":"https:\/\/territorialchallenges.com\/2024\/07\/10\/castilla-la-mancha-en-espagne-vers-un-ecosysteme-de-territoire-rural-intelligent-et-connecte\/123019\/","url":"https:\/\/territorialchallenges.com\/2024\/07\/10\/castilla-la-mancha-en-espagne-vers-un-ecosysteme-de-territoire-rural-intelligent-et-connecte\/123019\/","name":"Castilla-La Mancha en Espagne: vers un \u00e9cosyst\u00e8me de territoire rural intelligent et connect\u00e9 - Territorial Challenges","isPartOf":{"@id":"https:\/\/territorialchallenges.com\/#website"},"datePublished":"2024-07-10T13:50:44+00:00","dateModified":"2024-07-11T08:21:14+00:00","breadcrumb":{"@id":"https:\/\/territorialchallenges.com\/2024\/07\/10\/castilla-la-mancha-en-espagne-vers-un-ecosysteme-de-territoire-rural-intelligent-et-connecte\/123019\/#breadcrumb"},"inLanguage":"es","potentialAction":[{"@type":"ReadAction","target":["https:\/\/territorialchallenges.com\/2024\/07\/10\/castilla-la-mancha-en-espagne-vers-un-ecosysteme-de-territoire-rural-intelligent-et-connecte\/123019\/"]}]},{"@type":"BreadcrumbList","@id":"https:\/\/territorialchallenges.com\/2024\/07\/10\/castilla-la-mancha-en-espagne-vers-un-ecosysteme-de-territoire-rural-intelligent-et-connecte\/123019\/#breadcrumb","itemListElement":[{"@type":"ListItem","position":1,"name":"Home","item":"https:\/\/territorialchallenges.com\/"},{"@type":"ListItem","position":2,"name":"Castilla-La Mancha en Espagne: vers un \u00e9cosyst\u00e8me de territoire rural intelligent et connect\u00e9"}]},{"@type":"WebSite","@id":"https:\/\/territorialchallenges.com\/#website","url":"https:\/\/territorialchallenges.com\/","name":"Desaf\u00edos territoriales","description":"Monitoreo Internacional - Estrategias Inteligentes - Mejores Pr\u00e1cticas","publisher":{"@id":"https:\/\/territorialchallenges.com\/#organization"},"potentialAction":[{"@type":"SearchAction","target":{"@type":"EntryPoint","urlTemplate":"https:\/\/territorialchallenges.com\/?s={search_term_string}"},"query-input":"required name=search_term_string"}],"inLanguage":"es"},{"@type":"Organization","@id":"https:\/\/territorialchallenges.com\/#organization","name":"Desaf\u00edos territoriales","url":"https:\/\/territorialchallenges.com\/","logo":{"@type":"ImageObject","inLanguage":"es","@id":"https:\/\/territorialchallenges.com\/#\/schema\/logo\/image\/","url":"https:\/\/territorialchallenges.com\/wp-content\/uploads\/2023\/10\/logo-1.png","contentUrl":"https:\/\/territorialchallenges.com\/wp-content\/uploads\/2023\/10\/logo-1.png","width":1832,"height":576,"caption":"Territorial Challenges"},"image":{"@id":"https:\/\/territorialchallenges.com\/#\/schema\/logo\/image\/"}},{"@type":"Person","@id":"https:\/\/territorialchallenges.com\/#\/schema\/person\/098f145c7c61a021c425e010f840080f","name":"ni.abdi","image":{"@type":"ImageObject","inLanguage":"es","@id":"https:\/\/territorialchallenges.com\/#\/schema\/person\/image\/","url":"https:\/\/secure.gravatar.com\/avatar\/2a2f2491f3c80039986ba989b1e4b510?s=96&d=identicon&r=g","contentUrl":"https:\/\/secure.gravatar.com\/avatar\/2a2f2491f3c80039986ba989b1e4b510?s=96&d=identicon&r=g","caption":"ni.abdi"},"sameAs":["https:\/\/twitter.com\/Ni.abdi"],"url":"https:\/\/territorialchallenges.com\/es\/author\/ni-abdi\/"}]}},"_links":{"self":[{"href":"https:\/\/territorialchallenges.com\/es\/wp-json\/wp\/v2\/posts\/123019"}],"collection":[{"href":"https:\/\/territorialchallenges.com\/es\/wp-json\/wp\/v2\/posts"}],"about":[{"href":"https:\/\/territorialchallenges.com\/es\/wp-json\/wp\/v2\/types\/post"}],"author":[{"embeddable":true,"href":"https:\/\/territorialchallenges.com\/es\/wp-json\/wp\/v2\/users\/11"}],"replies":[{"embeddable":true,"href":"https:\/\/territorialchallenges.com\/es\/wp-json\/wp\/v2\/comments?post=123019"}],"version-history":[{"count":3,"href":"https:\/\/territorialchallenges.com\/es\/wp-json\/wp\/v2\/posts\/123019\/revisions"}],"predecessor-version":[{"id":123052,"href":"https:\/\/territorialchallenges.com\/es\/wp-json\/wp\/v2\/posts\/123019\/revisions\/123052"}],"wp:featuredmedia":[{"embeddable":true,"href":"https:\/\/territorialchallenges.com\/es\/wp-json\/wp\/v2\/media\/123020"}],"wp:attachment":[{"href":"https:\/\/territorialchallenges.com\/es\/wp-json\/wp\/v2\/media?parent=123019"}],"wp:term":[{"taxonomy":"category","embeddable":true,"href":"https:\/\/territorialchallenges.com\/es\/wp-json\/wp\/v2\/categories?post=123019"},{"taxonomy":"post_tag","embeddable":true,"href":"https:\/\/territorialchallenges.com\/es\/wp-json\/wp\/v2\/tags?post=123019"}],"curies":[{"name":"gracias","href":"https:\/\/api.w.org\/{rel}","templated":true}]}}