{"id":123000,"date":"2024-07-03T16:21:48","date_gmt":"2024-07-03T14:21:48","guid":{"rendered":"https:\/\/territorialchallenges.com\/?p=123000"},"modified":"2024-07-03T16:21:49","modified_gmt":"2024-07-03T14:21:49","slug":"espagne-jose-de-la-uz-pardos-le-visionnaire-de-las-rozas","status":"publish","type":"post","link":"https:\/\/territorialchallenges.com\/es\/2024\/07\/03\/espagne-jose-de-la-uz-pardos-le-visionnaire-de-las-rozas\/123000\/","title":{"rendered":"Espa\u00f1a: Jos\u00e9 de la Uz Pardos, el visionario de Las Rozas"},"content":{"rendered":"<p>Jos\u00e9 de la Uz Pardos, alcalde de Las Rozas, ciudad del \u00e1rea metropolitana de Madrid desde 2015, ha dejado huella en su ciudad con una gesti\u00f3n innovadora y con visi\u00f3n de futuro. Presidente de la Red Espa\u00f1ola de Ciudades Inteligentes (RECI) desde diciembre de 2023, destaca por su visi\u00f3n de la administraci\u00f3n p\u00fablica como motor de progreso. Bajo su liderazgo,\u2026 <\/p>\n<div class=\"pmpro_content_message\">Art\u00edculo disponible s\u00f3lo para suscriptores.<br \/><a href=\"https:\/\/territorialchallenges.com\/wp-login.php\">Acceso<\/a><br \/><a href=\"https:\/\/territorialchallenges.com\/es\/wp-login.php\/?action=register\">Registro<\/a><\/div>","protected":false},"excerpt":{"rendered":"<p>Jos\u00e9 de la Uz Pardos, maire de Las Rozas, ville del&rsquo;agglom\u00e9ration de Madrid depuis 2015, a marqu\u00e9 sa ville par une gestion innovante et r\u00e9solument tourn\u00e9e vers l&rsquo;avenir. Pr\u00e9sident du R\u00e9seau espagnol des villes intelligentes (RECI) depuis d\u00e9cembre 2023, il se distingue par sa vision de l&rsquo;administration publique comme facilitateur du progr\u00e8s. Sous sa direction,... <\/p>\n<div class=\"pmpro_content_message\">Art\u00edculo disponible s\u00f3lo para suscriptores.<br \/><a href=\"https:\/\/territorialchallenges.com\/wp-login.php\">Acceso<\/a><br \/><a href=\"https:\/\/territorialchallenges.com\/es\/wp-login.php\/?action=register\">Registro<\/a><\/div>","protected":false},"author":11,"featured_media":123001,"comment_status":"closed","ping_status":"closed","sticky":true,"template":"","format":"standard","meta":{"pmpro_default_level":0,"footnotes":""},"categories":[126,117],"tags":[],"blocksy_meta":"","yoast_head":"<!-- This site is optimized with the Yoast SEO plugin v21.5 - https:\/\/yoast.com\/wordpress\/plugins\/seo\/ -->\n<title>Espagne: Jos\u00e9 de la Uz Pardos, le visionnaire de Las Rozas - Territorial Challenges<\/title>\n<meta name=\"robots\" content=\"index, follow, max-snippet:-1, max-image-preview:large, max-video-preview:-1\" \/>\n<link rel=\"canonical\" href=\"https:\/\/territorialchallenges.com\/es\/2024\/07\/03\/espagne-jose-de-la-uz-pardos-le-visionnaire-de-las-rozas\/123000\/\" \/>\n<meta property=\"og:locale\" content=\"es_ES\" \/>\n<meta property=\"og:type\" content=\"article\" \/>\n<meta property=\"og:title\" content=\"Espagne: Jos\u00e9 de la Uz Pardos, le visionnaire de Las Rozas - Territorial Challenges\" \/>\n<meta property=\"og:description\" content=\"Jos\u00e9 de la Uz Pardos, maire de Las Rozas, ville del&rsquo;agglom\u00e9ration de Madrid depuis 2015, a marqu\u00e9 sa ville par une gestion innovante et r\u00e9solument tourn\u00e9e vers l&rsquo;avenir. Pr\u00e9sident du R\u00e9seau espagnol des villes intelligentes (RECI) depuis d\u00e9cembre 2023, il se distingue par sa vision de l&rsquo;administration publique comme facilitateur du progr\u00e8s. Sous sa direction, [&hellip;]\" \/>\n<meta property=\"og:url\" content=\"https:\/\/territorialchallenges.com\/es\/2024\/07\/03\/espagne-jose-de-la-uz-pardos-le-visionnaire-de-las-rozas\/123000\/\" \/>\n<meta property=\"og:site_name\" content=\"Territorial Challenges\" \/>\n<meta property=\"article:published_time\" content=\"2024-07-03T14:21:48+00:00\" \/>\n<meta property=\"article:modified_time\" content=\"2024-07-03T14:21:49+00:00\" \/>\n<meta property=\"og:image\" content=\"https:\/\/territorialchallenges.com\/wp-content\/uploads\/2024\/07\/onparledeuxJose-de-la-Uz-Pardos-maire-de-Las-Rozas.jpeg\" \/>\n\t<meta property=\"og:image:width\" content=\"800\" \/>\n\t<meta property=\"og:image:height\" content=\"800\" \/>\n\t<meta property=\"og:image:type\" content=\"image\/jpeg\" \/>\n<meta name=\"author\" content=\"ni.abdi\" \/>\n<meta name=\"twitter:card\" content=\"summary_large_image\" \/>\n<meta name=\"twitter:creator\" content=\"@Ni.abdi\" \/>\n<meta name=\"twitter:label1\" content=\"Escrito por\" \/>\n\t<meta name=\"twitter:data1\" content=\"ni.abdi\" \/>\n\t<meta name=\"twitter:label2\" content=\"Tiempo de lectura\" \/>\n\t<meta name=\"twitter:data2\" content=\"4 minutos\" \/>\n<script type=\"application\/ld+json\" class=\"yoast-schema-graph\">{\"@context\":\"https:\/\/schema.org\",\"@graph\":[{\"@type\":\"Article\",\"@id\":\"https:\/\/territorialchallenges.com\/2024\/07\/03\/espagne-jose-de-la-uz-pardos-le-visionnaire-de-las-rozas\/123000\/#article\",\"isPartOf\":{\"@id\":\"https:\/\/territorialchallenges.com\/2024\/07\/03\/espagne-jose-de-la-uz-pardos-le-visionnaire-de-las-rozas\/123000\/\"},\"author\":{\"name\":\"ni.abdi\",\"@id\":\"https:\/\/territorialchallenges.com\/#\/schema\/person\/098f145c7c61a021c425e010f840080f\"},\"headline\":\"Espagne: Jos\u00e9 de la Uz Pardos, le visionnaire de Las Rozas\",\"datePublished\":\"2024-07-03T14:21:48+00:00\",\"dateModified\":\"2024-07-03T14:21:49+00:00\",\"mainEntityOfPage\":{\"@id\":\"https:\/\/territorialchallenges.com\/2024\/07\/03\/espagne-jose-de-la-uz-pardos-le-visionnaire-de-las-rozas\/123000\/\"},\"wordCount\":774,\"publisher\":{\"@id\":\"https:\/\/territorialchallenges.com\/#organization\"},\"articleSection\":[\"On parle d'eux\",\"\u00c9cosyst\u00e8me\"],\"inLanguage\":\"es\"},{\"@type\":\"WebPage\",\"@id\":\"https:\/\/territorialchallenges.com\/2024\/07\/03\/espagne-jose-de-la-uz-pardos-le-visionnaire-de-las-rozas\/123000\/\",\"url\":\"https:\/\/territorialchallenges.com\/2024\/07\/03\/espagne-jose-de-la-uz-pardos-le-visionnaire-de-las-rozas\/123000\/\",\"name\":\"Espagne: Jos\u00e9 de la Uz Pardos, le visionnaire de Las Rozas - Territorial Challenges\",\"isPartOf\":{\"@id\":\"https:\/\/territorialchallenges.com\/#website\"},\"datePublished\":\"2024-07-03T14:21:48+00:00\",\"dateModified\":\"2024-07-03T14:21:49+00:00\",\"breadcrumb\":{\"@id\":\"https:\/\/territorialchallenges.com\/2024\/07\/03\/espagne-jose-de-la-uz-pardos-le-visionnaire-de-las-rozas\/123000\/#breadcrumb\"},\"inLanguage\":\"es\",\"potentialAction\":[{\"@type\":\"ReadAction\",\"target\":[\"https:\/\/territorialchallenges.com\/2024\/07\/03\/espagne-jose-de-la-uz-pardos-le-visionnaire-de-las-rozas\/123000\/\"]}]},{\"@type\":\"BreadcrumbList\",\"@id\":\"https:\/\/territorialchallenges.com\/2024\/07\/03\/espagne-jose-de-la-uz-pardos-le-visionnaire-de-las-rozas\/123000\/#breadcrumb\",\"itemListElement\":[{\"@type\":\"ListItem\",\"position\":1,\"name\":\"Home\",\"item\":\"https:\/\/territorialchallenges.com\/\"},{\"@type\":\"ListItem\",\"position\":2,\"name\":\"Espagne: Jos\u00e9 de la Uz Pardos, le visionnaire de Las Rozas\"}]},{\"@type\":\"WebSite\",\"@id\":\"https:\/\/territorialchallenges.com\/#website\",\"url\":\"https:\/\/territorialchallenges.com\/\",\"name\":\"Territorial Challenges\",\"description\":\"Veille Internationale - Strat\u00e9gie Intelligentes - Bonnes pratiques\",\"publisher\":{\"@id\":\"https:\/\/territorialchallenges.com\/#organization\"},\"potentialAction\":[{\"@type\":\"SearchAction\",\"target\":{\"@type\":\"EntryPoint\",\"urlTemplate\":\"https:\/\/territorialchallenges.com\/?s={search_term_string}\"},\"query-input\":\"required name=search_term_string\"}],\"inLanguage\":\"es\"},{\"@type\":\"Organization\",\"@id\":\"https:\/\/territorialchallenges.com\/#organization\",\"name\":\"Territorial Challenges\",\"url\":\"https:\/\/territorialchallenges.com\/\",\"logo\":{\"@type\":\"ImageObject\",\"inLanguage\":\"es\",\"@id\":\"https:\/\/territorialchallenges.com\/#\/schema\/logo\/image\/\",\"url\":\"https:\/\/territorialchallenges.com\/wp-content\/uploads\/2023\/10\/logo-1.png\",\"contentUrl\":\"https:\/\/territorialchallenges.com\/wp-content\/uploads\/2023\/10\/logo-1.png\",\"width\":1832,\"height\":576,\"caption\":\"Territorial Challenges\"},\"image\":{\"@id\":\"https:\/\/territorialchallenges.com\/#\/schema\/logo\/image\/\"}},{\"@type\":\"Person\",\"@id\":\"https:\/\/territorialchallenges.com\/#\/schema\/person\/098f145c7c61a021c425e010f840080f\",\"name\":\"ni.abdi\",\"image\":{\"@type\":\"ImageObject\",\"inLanguage\":\"es\",\"@id\":\"https:\/\/territorialchallenges.com\/#\/schema\/person\/image\/\",\"url\":\"https:\/\/secure.gravatar.com\/avatar\/2a2f2491f3c80039986ba989b1e4b510?s=96&d=identicon&r=g\",\"contentUrl\":\"https:\/\/secure.gravatar.com\/avatar\/2a2f2491f3c80039986ba989b1e4b510?s=96&d=identicon&r=g\",\"caption\":\"ni.abdi\"},\"sameAs\":[\"https:\/\/twitter.com\/Ni.abdi\"],\"url\":\"https:\/\/territorialchallenges.com\/es\/author\/ni-abdi\/\"}]}<\/script>\n<!-- \/ Yoast SEO plugin. -->","yoast_head_json":{"title":"Espagne: Jos\u00e9 de la Uz Pardos, le visionnaire de Las Rozas - Territorial Challenges","robots":{"index":"index","follow":"follow","max-snippet":"max-snippet:-1","max-image-preview":"max-image-preview:large","max-video-preview":"max-video-preview:-1"},"canonical":"https:\/\/territorialchallenges.com\/es\/2024\/07\/03\/espagne-jose-de-la-uz-pardos-le-visionnaire-de-las-rozas\/123000\/","og_locale":"es_ES","og_type":"article","og_title":"Espagne: Jos\u00e9 de la Uz Pardos, le visionnaire de Las Rozas - Territorial Challenges","og_description":"Jos\u00e9 de la Uz Pardos, maire de Las Rozas, ville del&rsquo;agglom\u00e9ration de Madrid depuis 2015, a marqu\u00e9 sa ville par une gestion innovante et r\u00e9solument tourn\u00e9e vers l&rsquo;avenir. Pr\u00e9sident du R\u00e9seau espagnol des villes intelligentes (RECI) depuis d\u00e9cembre 2023, il se distingue par sa vision de l&rsquo;administration publique comme facilitateur du progr\u00e8s. Sous sa direction, [&hellip;]","og_url":"https:\/\/territorialchallenges.com\/es\/2024\/07\/03\/espagne-jose-de-la-uz-pardos-le-visionnaire-de-las-rozas\/123000\/","og_site_name":"Territorial Challenges","article_published_time":"2024-07-03T14:21:48+00:00","article_modified_time":"2024-07-03T14:21:49+00:00","og_image":[{"width":800,"height":800,"url":"https:\/\/territorialchallenges.com\/wp-content\/uploads\/2024\/07\/onparledeuxJose-de-la-Uz-Pardos-maire-de-Las-Rozas.jpeg","type":"image\/jpeg"}],"author":"ni.abdi","twitter_card":"summary_large_image","twitter_creator":"@Ni.abdi","twitter_misc":{"Escrito por":"ni.abdi","Tiempo de lectura":"4 minutos"},"schema":{"@context":"https:\/\/schema.org","@graph":[{"@type":"Article","@id":"https:\/\/territorialchallenges.com\/2024\/07\/03\/espagne-jose-de-la-uz-pardos-le-visionnaire-de-las-rozas\/123000\/#article","isPartOf":{"@id":"https:\/\/territorialchallenges.com\/2024\/07\/03\/espagne-jose-de-la-uz-pardos-le-visionnaire-de-las-rozas\/123000\/"},"author":{"name":"ni.abdi","@id":"https:\/\/territorialchallenges.com\/#\/schema\/person\/098f145c7c61a021c425e010f840080f"},"headline":"Espagne: Jos\u00e9 de la Uz Pardos, le visionnaire de Las Rozas","datePublished":"2024-07-03T14:21:48+00:00","dateModified":"2024-07-03T14:21:49+00:00","mainEntityOfPage":{"@id":"https:\/\/territorialchallenges.com\/2024\/07\/03\/espagne-jose-de-la-uz-pardos-le-visionnaire-de-las-rozas\/123000\/"},"wordCount":774,"publisher":{"@id":"https:\/\/territorialchallenges.com\/#organization"},"articleSection":["On parle d'eux","\u00c9cosyst\u00e8me"],"inLanguage":"es"},{"@type":"WebPage","@id":"https:\/\/territorialchallenges.com\/2024\/07\/03\/espagne-jose-de-la-uz-pardos-le-visionnaire-de-las-rozas\/123000\/","url":"https:\/\/territorialchallenges.com\/2024\/07\/03\/espagne-jose-de-la-uz-pardos-le-visionnaire-de-las-rozas\/123000\/","name":"Espagne: Jos\u00e9 de la Uz Pardos, le visionnaire de Las Rozas - Territorial Challenges","isPartOf":{"@id":"https:\/\/territorialchallenges.com\/#website"},"datePublished":"2024-07-03T14:21:48+00:00","dateModified":"2024-07-03T14:21:49+00:00","breadcrumb":{"@id":"https:\/\/territorialchallenges.com\/2024\/07\/03\/espagne-jose-de-la-uz-pardos-le-visionnaire-de-las-rozas\/123000\/#breadcrumb"},"inLanguage":"es","potentialAction":[{"@type":"ReadAction","target":["https:\/\/territorialchallenges.com\/2024\/07\/03\/espagne-jose-de-la-uz-pardos-le-visionnaire-de-las-rozas\/123000\/"]}]},{"@type":"BreadcrumbList","@id":"https:\/\/territorialchallenges.com\/2024\/07\/03\/espagne-jose-de-la-uz-pardos-le-visionnaire-de-las-rozas\/123000\/#breadcrumb","itemListElement":[{"@type":"ListItem","position":1,"name":"Home","item":"https:\/\/territorialchallenges.com\/"},{"@type":"ListItem","position":2,"name":"Espagne: Jos\u00e9 de la Uz Pardos, le visionnaire de Las Rozas"}]},{"@type":"WebSite","@id":"https:\/\/territorialchallenges.com\/#website","url":"https:\/\/territorialchallenges.com\/","name":"Desaf\u00edos territoriales","description":"Monitoreo Internacional - Estrategias Inteligentes - Mejores Pr\u00e1cticas","publisher":{"@id":"https:\/\/territorialchallenges.com\/#organization"},"potentialAction":[{"@type":"SearchAction","target":{"@type":"EntryPoint","urlTemplate":"https:\/\/territorialchallenges.com\/?s={search_term_string}"},"query-input":"required name=search_term_string"}],"inLanguage":"es"},{"@type":"Organization","@id":"https:\/\/territorialchallenges.com\/#organization","name":"Desaf\u00edos territoriales","url":"https:\/\/territorialchallenges.com\/","logo":{"@type":"ImageObject","inLanguage":"es","@id":"https:\/\/territorialchallenges.com\/#\/schema\/logo\/image\/","url":"https:\/\/territorialchallenges.com\/wp-content\/uploads\/2023\/10\/logo-1.png","contentUrl":"https:\/\/territorialchallenges.com\/wp-content\/uploads\/2023\/10\/logo-1.png","width":1832,"height":576,"caption":"Territorial Challenges"},"image":{"@id":"https:\/\/territorialchallenges.com\/#\/schema\/logo\/image\/"}},{"@type":"Person","@id":"https:\/\/territorialchallenges.com\/#\/schema\/person\/098f145c7c61a021c425e010f840080f","name":"ni.abdi","image":{"@type":"ImageObject","inLanguage":"es","@id":"https:\/\/territorialchallenges.com\/#\/schema\/person\/image\/","url":"https:\/\/secure.gravatar.com\/avatar\/2a2f2491f3c80039986ba989b1e4b510?s=96&d=identicon&r=g","contentUrl":"https:\/\/secure.gravatar.com\/avatar\/2a2f2491f3c80039986ba989b1e4b510?s=96&d=identicon&r=g","caption":"ni.abdi"},"sameAs":["https:\/\/twitter.com\/Ni.abdi"],"url":"https:\/\/territorialchallenges.com\/es\/author\/ni-abdi\/"}]}},"_links":{"self":[{"href":"https:\/\/territorialchallenges.com\/es\/wp-json\/wp\/v2\/posts\/123000"}],"collection":[{"href":"https:\/\/territorialchallenges.com\/es\/wp-json\/wp\/v2\/posts"}],"about":[{"href":"https:\/\/territorialchallenges.com\/es\/wp-json\/wp\/v2\/types\/post"}],"author":[{"embeddable":true,"href":"https:\/\/territorialchallenges.com\/es\/wp-json\/wp\/v2\/users\/11"}],"replies":[{"embeddable":true,"href":"https:\/\/territorialchallenges.com\/es\/wp-json\/wp\/v2\/comments?post=123000"}],"version-history":[{"count":1,"href":"https:\/\/territorialchallenges.com\/es\/wp-json\/wp\/v2\/posts\/123000\/revisions"}],"predecessor-version":[{"id":123002,"href":"https:\/\/territorialchallenges.com\/es\/wp-json\/wp\/v2\/posts\/123000\/revisions\/123002"}],"wp:featuredmedia":[{"embeddable":true,"href":"https:\/\/territorialchallenges.com\/es\/wp-json\/wp\/v2\/media\/123001"}],"wp:attachment":[{"href":"https:\/\/territorialchallenges.com\/es\/wp-json\/wp\/v2\/media?parent=123000"}],"wp:term":[{"taxonomy":"category","embeddable":true,"href":"https:\/\/territorialchallenges.com\/es\/wp-json\/wp\/v2\/categories?post=123000"},{"taxonomy":"post_tag","embeddable":true,"href":"https:\/\/territorialchallenges.com\/es\/wp-json\/wp\/v2\/tags?post=123000"}],"curies":[{"name":"gracias","href":"https:\/\/api.w.org\/{rel}","templated":true}]}}