{"id":122995,"date":"2024-07-03T16:16:35","date_gmt":"2024-07-03T14:16:35","guid":{"rendered":"https:\/\/territorialchallenges.com\/?p=122995"},"modified":"2024-07-03T16:17:33","modified_gmt":"2024-07-03T14:17:33","slug":"allemagne-la-ville-de-darmstadt-lance-un-essai-revolutionnaire-de-vehicules-autonomes","status":"publish","type":"post","link":"https:\/\/territorialchallenges.com\/es\/2024\/07\/03\/allemagne-la-ville-de-darmstadt-lance-un-essai-revolutionnaire-de-vehicules-autonomes\/122995\/","title":{"rendered":"Alemania: Darmstadt lanza una innovadora prueba de veh\u00edculos aut\u00f3nomos"},"content":{"rendered":"<p>Darmstadt, la &quot;Ciudad de las Ciencias&quot; en el estado federado de Hesse, est\u00e1 a punto de dar un gran paso adelante en el transporte con el lanzamiento de una ambiciosa prueba de veh\u00edculos aut\u00f3nomos. Con la tan esperada aprobaci\u00f3n de la Autoridad Federal de Transporte Motorizado (Kraftfahrtbundesamt), seis lanzaderas aut\u00f3nomas de nivel 4 se pondr\u00e1n en funcionamiento en la ciudad\u2026 <\/p>\n<div class=\"pmpro_content_message\">Art\u00edculo disponible s\u00f3lo para suscriptores.<br \/><a href=\"https:\/\/territorialchallenges.com\/wp-login.php\">Acceso<\/a><br \/><a href=\"https:\/\/territorialchallenges.com\/es\/wp-login.php\/?action=register\">Registro<\/a><\/div>","protected":false},"excerpt":{"rendered":"<p>Darmstadt, la \u00ab\u00a0Ville de la Science\u00a0\u00bb de l&rsquo;\u00c9tat de Hesse en Allemagne, s&rsquo;appr\u00eate \u00e0 franchir une \u00e9tape majeure dans le domaine des transports en lan\u00e7ant un ambitieux essai de v\u00e9hicules autonomes. Avec l&rsquo;autorisation tant attendue de l&rsquo;Autorit\u00e9 f\u00e9d\u00e9rale des transports motoris\u00e9s (Kraftfahrtbundesamt), six navettes autonomes de niveau 4 seront mises en service dans la ville... <\/p>\n<div class=\"pmpro_content_message\">Art\u00edculo disponible s\u00f3lo para suscriptores.<br \/><a href=\"https:\/\/territorialchallenges.com\/wp-login.php\">Acceso<\/a><br \/><a href=\"https:\/\/territorialchallenges.com\/es\/wp-login.php\/?action=register\">Registro<\/a><\/div>","protected":false},"author":11,"featured_media":122996,"comment_status":"closed","ping_status":"closed","sticky":true,"template":"","format":"standard","meta":{"pmpro_default_level":0,"footnotes":""},"categories":[120,117],"tags":[],"blocksy_meta":"","yoast_head":"<!-- This site is optimized with the Yoast SEO plugin v21.5 - https:\/\/yoast.com\/wordpress\/plugins\/seo\/ -->\n<title>Allemagne: la ville de Darmstadt lance un essai r\u00e9volutionnaire de v\u00e9hicules autonomes - Territorial Challenges<\/title>\n<meta name=\"robots\" content=\"index, follow, max-snippet:-1, max-image-preview:large, max-video-preview:-1\" \/>\n<link rel=\"canonical\" href=\"https:\/\/territorialchallenges.com\/es\/2024\/07\/03\/allemagne-la-ville-de-darmstadt-lance-un-essai-revolutionnaire-de-vehicules-autonomes\/122995\/\" \/>\n<meta property=\"og:locale\" content=\"es_ES\" \/>\n<meta property=\"og:type\" content=\"article\" \/>\n<meta property=\"og:title\" content=\"Allemagne: la ville de Darmstadt lance un essai r\u00e9volutionnaire de v\u00e9hicules autonomes - Territorial Challenges\" \/>\n<meta property=\"og:description\" content=\"Darmstadt, la \u00ab\u00a0Ville de la Science\u00a0\u00bb de l&rsquo;\u00c9tat de Hesse en Allemagne, s&rsquo;appr\u00eate \u00e0 franchir une \u00e9tape majeure dans le domaine des transports en lan\u00e7ant un ambitieux essai de v\u00e9hicules autonomes. Avec l&rsquo;autorisation tant attendue de l&rsquo;Autorit\u00e9 f\u00e9d\u00e9rale des transports motoris\u00e9s (Kraftfahrtbundesamt), six navettes autonomes de niveau 4 seront mises en service dans la ville [&hellip;]\" \/>\n<meta property=\"og:url\" content=\"https:\/\/territorialchallenges.com\/es\/2024\/07\/03\/allemagne-la-ville-de-darmstadt-lance-un-essai-revolutionnaire-de-vehicules-autonomes\/122995\/\" \/>\n<meta property=\"og:site_name\" content=\"Territorial Challenges\" \/>\n<meta property=\"article:published_time\" content=\"2024-07-03T14:16:35+00:00\" \/>\n<meta property=\"article:modified_time\" content=\"2024-07-03T14:17:33+00:00\" \/>\n<meta property=\"og:image\" content=\"https:\/\/territorialchallenges.com\/wp-content\/uploads\/2024\/07\/ilsestpasseaDarmstadtImage.jpg\" \/>\n\t<meta property=\"og:image:width\" content=\"1280\" \/>\n\t<meta property=\"og:image:height\" content=\"872\" \/>\n\t<meta property=\"og:image:type\" content=\"image\/jpeg\" \/>\n<meta name=\"author\" content=\"ni.abdi\" \/>\n<meta name=\"twitter:card\" content=\"summary_large_image\" \/>\n<meta name=\"twitter:creator\" content=\"@Ni.abdi\" \/>\n<meta name=\"twitter:label1\" content=\"Escrito por\" \/>\n\t<meta name=\"twitter:data1\" content=\"ni.abdi\" \/>\n\t<meta name=\"twitter:label2\" content=\"Tiempo de lectura\" \/>\n\t<meta name=\"twitter:data2\" content=\"4 minutos\" \/>\n<script type=\"application\/ld+json\" class=\"yoast-schema-graph\">{\"@context\":\"https:\/\/schema.org\",\"@graph\":[{\"@type\":\"Article\",\"@id\":\"https:\/\/territorialchallenges.com\/2024\/07\/03\/allemagne-la-ville-de-darmstadt-lance-un-essai-revolutionnaire-de-vehicules-autonomes\/122995\/#article\",\"isPartOf\":{\"@id\":\"https:\/\/territorialchallenges.com\/2024\/07\/03\/allemagne-la-ville-de-darmstadt-lance-un-essai-revolutionnaire-de-vehicules-autonomes\/122995\/\"},\"author\":{\"name\":\"ni.abdi\",\"@id\":\"https:\/\/territorialchallenges.com\/#\/schema\/person\/098f145c7c61a021c425e010f840080f\"},\"headline\":\"Allemagne: la ville de Darmstadt lance un essai r\u00e9volutionnaire de v\u00e9hicules autonomes\",\"datePublished\":\"2024-07-03T14:16:35+00:00\",\"dateModified\":\"2024-07-03T14:17:33+00:00\",\"mainEntityOfPage\":{\"@id\":\"https:\/\/territorialchallenges.com\/2024\/07\/03\/allemagne-la-ville-de-darmstadt-lance-un-essai-revolutionnaire-de-vehicules-autonomes\/122995\/\"},\"wordCount\":774,\"publisher\":{\"@id\":\"https:\/\/territorialchallenges.com\/#organization\"},\"articleSection\":[\"Il s'est pass\u00e9 \u00e0\",\"\u00c9cosyst\u00e8me\"],\"inLanguage\":\"es\"},{\"@type\":\"WebPage\",\"@id\":\"https:\/\/territorialchallenges.com\/2024\/07\/03\/allemagne-la-ville-de-darmstadt-lance-un-essai-revolutionnaire-de-vehicules-autonomes\/122995\/\",\"url\":\"https:\/\/territorialchallenges.com\/2024\/07\/03\/allemagne-la-ville-de-darmstadt-lance-un-essai-revolutionnaire-de-vehicules-autonomes\/122995\/\",\"name\":\"Allemagne: la ville de Darmstadt lance un essai r\u00e9volutionnaire de v\u00e9hicules autonomes - Territorial Challenges\",\"isPartOf\":{\"@id\":\"https:\/\/territorialchallenges.com\/#website\"},\"datePublished\":\"2024-07-03T14:16:35+00:00\",\"dateModified\":\"2024-07-03T14:17:33+00:00\",\"breadcrumb\":{\"@id\":\"https:\/\/territorialchallenges.com\/2024\/07\/03\/allemagne-la-ville-de-darmstadt-lance-un-essai-revolutionnaire-de-vehicules-autonomes\/122995\/#breadcrumb\"},\"inLanguage\":\"es\",\"potentialAction\":[{\"@type\":\"ReadAction\",\"target\":[\"https:\/\/territorialchallenges.com\/2024\/07\/03\/allemagne-la-ville-de-darmstadt-lance-un-essai-revolutionnaire-de-vehicules-autonomes\/122995\/\"]}]},{\"@type\":\"BreadcrumbList\",\"@id\":\"https:\/\/territorialchallenges.com\/2024\/07\/03\/allemagne-la-ville-de-darmstadt-lance-un-essai-revolutionnaire-de-vehicules-autonomes\/122995\/#breadcrumb\",\"itemListElement\":[{\"@type\":\"ListItem\",\"position\":1,\"name\":\"Home\",\"item\":\"https:\/\/territorialchallenges.com\/\"},{\"@type\":\"ListItem\",\"position\":2,\"name\":\"Allemagne: la ville de Darmstadt lance un essai r\u00e9volutionnaire de v\u00e9hicules autonomes\"}]},{\"@type\":\"WebSite\",\"@id\":\"https:\/\/territorialchallenges.com\/#website\",\"url\":\"https:\/\/territorialchallenges.com\/\",\"name\":\"Territorial Challenges\",\"description\":\"Veille Internationale - Strat\u00e9gie Intelligentes - Bonnes pratiques\",\"publisher\":{\"@id\":\"https:\/\/territorialchallenges.com\/#organization\"},\"potentialAction\":[{\"@type\":\"SearchAction\",\"target\":{\"@type\":\"EntryPoint\",\"urlTemplate\":\"https:\/\/territorialchallenges.com\/?s={search_term_string}\"},\"query-input\":\"required name=search_term_string\"}],\"inLanguage\":\"es\"},{\"@type\":\"Organization\",\"@id\":\"https:\/\/territorialchallenges.com\/#organization\",\"name\":\"Territorial Challenges\",\"url\":\"https:\/\/territorialchallenges.com\/\",\"logo\":{\"@type\":\"ImageObject\",\"inLanguage\":\"es\",\"@id\":\"https:\/\/territorialchallenges.com\/#\/schema\/logo\/image\/\",\"url\":\"https:\/\/territorialchallenges.com\/wp-content\/uploads\/2023\/10\/logo-1.png\",\"contentUrl\":\"https:\/\/territorialchallenges.com\/wp-content\/uploads\/2023\/10\/logo-1.png\",\"width\":1832,\"height\":576,\"caption\":\"Territorial Challenges\"},\"image\":{\"@id\":\"https:\/\/territorialchallenges.com\/#\/schema\/logo\/image\/\"}},{\"@type\":\"Person\",\"@id\":\"https:\/\/territorialchallenges.com\/#\/schema\/person\/098f145c7c61a021c425e010f840080f\",\"name\":\"ni.abdi\",\"image\":{\"@type\":\"ImageObject\",\"inLanguage\":\"es\",\"@id\":\"https:\/\/territorialchallenges.com\/#\/schema\/person\/image\/\",\"url\":\"https:\/\/secure.gravatar.com\/avatar\/2a2f2491f3c80039986ba989b1e4b510?s=96&d=identicon&r=g\",\"contentUrl\":\"https:\/\/secure.gravatar.com\/avatar\/2a2f2491f3c80039986ba989b1e4b510?s=96&d=identicon&r=g\",\"caption\":\"ni.abdi\"},\"sameAs\":[\"https:\/\/twitter.com\/Ni.abdi\"],\"url\":\"https:\/\/territorialchallenges.com\/es\/author\/ni-abdi\/\"}]}<\/script>\n<!-- \/ Yoast SEO plugin. -->","yoast_head_json":{"title":"Allemagne: la ville de Darmstadt lance un essai r\u00e9volutionnaire de v\u00e9hicules autonomes - Territorial Challenges","robots":{"index":"index","follow":"follow","max-snippet":"max-snippet:-1","max-image-preview":"max-image-preview:large","max-video-preview":"max-video-preview:-1"},"canonical":"https:\/\/territorialchallenges.com\/es\/2024\/07\/03\/allemagne-la-ville-de-darmstadt-lance-un-essai-revolutionnaire-de-vehicules-autonomes\/122995\/","og_locale":"es_ES","og_type":"article","og_title":"Allemagne: la ville de Darmstadt lance un essai r\u00e9volutionnaire de v\u00e9hicules autonomes - Territorial Challenges","og_description":"Darmstadt, la \u00ab\u00a0Ville de la Science\u00a0\u00bb de l&rsquo;\u00c9tat de Hesse en Allemagne, s&rsquo;appr\u00eate \u00e0 franchir une \u00e9tape majeure dans le domaine des transports en lan\u00e7ant un ambitieux essai de v\u00e9hicules autonomes. Avec l&rsquo;autorisation tant attendue de l&rsquo;Autorit\u00e9 f\u00e9d\u00e9rale des transports motoris\u00e9s (Kraftfahrtbundesamt), six navettes autonomes de niveau 4 seront mises en service dans la ville [&hellip;]","og_url":"https:\/\/territorialchallenges.com\/es\/2024\/07\/03\/allemagne-la-ville-de-darmstadt-lance-un-essai-revolutionnaire-de-vehicules-autonomes\/122995\/","og_site_name":"Territorial Challenges","article_published_time":"2024-07-03T14:16:35+00:00","article_modified_time":"2024-07-03T14:17:33+00:00","og_image":[{"width":1280,"height":872,"url":"https:\/\/territorialchallenges.com\/wp-content\/uploads\/2024\/07\/ilsestpasseaDarmstadtImage.jpg","type":"image\/jpeg"}],"author":"ni.abdi","twitter_card":"summary_large_image","twitter_creator":"@Ni.abdi","twitter_misc":{"Escrito por":"ni.abdi","Tiempo de lectura":"4 minutos"},"schema":{"@context":"https:\/\/schema.org","@graph":[{"@type":"Article","@id":"https:\/\/territorialchallenges.com\/2024\/07\/03\/allemagne-la-ville-de-darmstadt-lance-un-essai-revolutionnaire-de-vehicules-autonomes\/122995\/#article","isPartOf":{"@id":"https:\/\/territorialchallenges.com\/2024\/07\/03\/allemagne-la-ville-de-darmstadt-lance-un-essai-revolutionnaire-de-vehicules-autonomes\/122995\/"},"author":{"name":"ni.abdi","@id":"https:\/\/territorialchallenges.com\/#\/schema\/person\/098f145c7c61a021c425e010f840080f"},"headline":"Allemagne: la ville de Darmstadt lance un essai r\u00e9volutionnaire de v\u00e9hicules autonomes","datePublished":"2024-07-03T14:16:35+00:00","dateModified":"2024-07-03T14:17:33+00:00","mainEntityOfPage":{"@id":"https:\/\/territorialchallenges.com\/2024\/07\/03\/allemagne-la-ville-de-darmstadt-lance-un-essai-revolutionnaire-de-vehicules-autonomes\/122995\/"},"wordCount":774,"publisher":{"@id":"https:\/\/territorialchallenges.com\/#organization"},"articleSection":["Il s'est pass\u00e9 \u00e0","\u00c9cosyst\u00e8me"],"inLanguage":"es"},{"@type":"WebPage","@id":"https:\/\/territorialchallenges.com\/2024\/07\/03\/allemagne-la-ville-de-darmstadt-lance-un-essai-revolutionnaire-de-vehicules-autonomes\/122995\/","url":"https:\/\/territorialchallenges.com\/2024\/07\/03\/allemagne-la-ville-de-darmstadt-lance-un-essai-revolutionnaire-de-vehicules-autonomes\/122995\/","name":"Allemagne: la ville de Darmstadt lance un essai r\u00e9volutionnaire de v\u00e9hicules autonomes - Territorial Challenges","isPartOf":{"@id":"https:\/\/territorialchallenges.com\/#website"},"datePublished":"2024-07-03T14:16:35+00:00","dateModified":"2024-07-03T14:17:33+00:00","breadcrumb":{"@id":"https:\/\/territorialchallenges.com\/2024\/07\/03\/allemagne-la-ville-de-darmstadt-lance-un-essai-revolutionnaire-de-vehicules-autonomes\/122995\/#breadcrumb"},"inLanguage":"es","potentialAction":[{"@type":"ReadAction","target":["https:\/\/territorialchallenges.com\/2024\/07\/03\/allemagne-la-ville-de-darmstadt-lance-un-essai-revolutionnaire-de-vehicules-autonomes\/122995\/"]}]},{"@type":"BreadcrumbList","@id":"https:\/\/territorialchallenges.com\/2024\/07\/03\/allemagne-la-ville-de-darmstadt-lance-un-essai-revolutionnaire-de-vehicules-autonomes\/122995\/#breadcrumb","itemListElement":[{"@type":"ListItem","position":1,"name":"Home","item":"https:\/\/territorialchallenges.com\/"},{"@type":"ListItem","position":2,"name":"Allemagne: la ville de Darmstadt lance un essai r\u00e9volutionnaire de v\u00e9hicules autonomes"}]},{"@type":"WebSite","@id":"https:\/\/territorialchallenges.com\/#website","url":"https:\/\/territorialchallenges.com\/","name":"Desaf\u00edos territoriales","description":"Monitoreo Internacional - Estrategias Inteligentes - Mejores Pr\u00e1cticas","publisher":{"@id":"https:\/\/territorialchallenges.com\/#organization"},"potentialAction":[{"@type":"SearchAction","target":{"@type":"EntryPoint","urlTemplate":"https:\/\/territorialchallenges.com\/?s={search_term_string}"},"query-input":"required name=search_term_string"}],"inLanguage":"es"},{"@type":"Organization","@id":"https:\/\/territorialchallenges.com\/#organization","name":"Desaf\u00edos territoriales","url":"https:\/\/territorialchallenges.com\/","logo":{"@type":"ImageObject","inLanguage":"es","@id":"https:\/\/territorialchallenges.com\/#\/schema\/logo\/image\/","url":"https:\/\/territorialchallenges.com\/wp-content\/uploads\/2023\/10\/logo-1.png","contentUrl":"https:\/\/territorialchallenges.com\/wp-content\/uploads\/2023\/10\/logo-1.png","width":1832,"height":576,"caption":"Territorial Challenges"},"image":{"@id":"https:\/\/territorialchallenges.com\/#\/schema\/logo\/image\/"}},{"@type":"Person","@id":"https:\/\/territorialchallenges.com\/#\/schema\/person\/098f145c7c61a021c425e010f840080f","name":"ni.abdi","image":{"@type":"ImageObject","inLanguage":"es","@id":"https:\/\/territorialchallenges.com\/#\/schema\/person\/image\/","url":"https:\/\/secure.gravatar.com\/avatar\/2a2f2491f3c80039986ba989b1e4b510?s=96&d=identicon&r=g","contentUrl":"https:\/\/secure.gravatar.com\/avatar\/2a2f2491f3c80039986ba989b1e4b510?s=96&d=identicon&r=g","caption":"ni.abdi"},"sameAs":["https:\/\/twitter.com\/Ni.abdi"],"url":"https:\/\/territorialchallenges.com\/es\/author\/ni-abdi\/"}]}},"_links":{"self":[{"href":"https:\/\/territorialchallenges.com\/es\/wp-json\/wp\/v2\/posts\/122995"}],"collection":[{"href":"https:\/\/territorialchallenges.com\/es\/wp-json\/wp\/v2\/posts"}],"about":[{"href":"https:\/\/territorialchallenges.com\/es\/wp-json\/wp\/v2\/types\/post"}],"author":[{"embeddable":true,"href":"https:\/\/territorialchallenges.com\/es\/wp-json\/wp\/v2\/users\/11"}],"replies":[{"embeddable":true,"href":"https:\/\/territorialchallenges.com\/es\/wp-json\/wp\/v2\/comments?post=122995"}],"version-history":[{"count":3,"href":"https:\/\/territorialchallenges.com\/es\/wp-json\/wp\/v2\/posts\/122995\/revisions"}],"predecessor-version":[{"id":122999,"href":"https:\/\/territorialchallenges.com\/es\/wp-json\/wp\/v2\/posts\/122995\/revisions\/122999"}],"wp:featuredmedia":[{"embeddable":true,"href":"https:\/\/territorialchallenges.com\/es\/wp-json\/wp\/v2\/media\/122996"}],"wp:attachment":[{"href":"https:\/\/territorialchallenges.com\/es\/wp-json\/wp\/v2\/media?parent=122995"}],"wp:term":[{"taxonomy":"category","embeddable":true,"href":"https:\/\/territorialchallenges.com\/es\/wp-json\/wp\/v2\/categories?post=122995"},{"taxonomy":"post_tag","embeddable":true,"href":"https:\/\/territorialchallenges.com\/es\/wp-json\/wp\/v2\/tags?post=122995"}],"curies":[{"name":"gracias","href":"https:\/\/api.w.org\/{rel}","templated":true}]}}