{"id":122887,"date":"2024-06-12T20:24:41","date_gmt":"2024-06-12T18:24:41","guid":{"rendered":"https:\/\/territorialchallenges.com\/?p=122887"},"modified":"2024-06-12T20:24:42","modified_gmt":"2024-06-12T18:24:42","slug":"lalliance-europeenne-pour-une-ia-ethique-et-inclusive","status":"publish","type":"post","link":"https:\/\/territorialchallenges.com\/es\/2024\/06\/12\/lalliance-europeenne-pour-une-ia-ethique-et-inclusive\/122887\/","title":{"rendered":"La Alianza Europea para una IA \u00c9tica e Inclusiva"},"content":{"rendered":"<p>La Universidad de Deusto en Bilbao (Espa\u00f1a), la Universidad Erasmus de R\u00f3terdam (Pa\u00edses Bajos) y la Universidad de Lodz (Polonia) unen fuerzas para reducir la desigualdad entre las poblaciones vulnerables mediante IA centrada en el ser humano. En enero, la Universidad de Deusto organiz\u00f3 una reuni\u00f3n crucial con la Universidad Erasmus de R\u00f3terdam y la Universidad de Lodz en\u2026 <\/p>\n<div class=\"pmpro_content_message\">Art\u00edculo disponible s\u00f3lo para suscriptores.<br \/><a href=\"https:\/\/territorialchallenges.com\/wp-login.php\">Acceso<\/a><br \/><a href=\"https:\/\/territorialchallenges.com\/es\/wp-login.php\/?action=register\">Registro<\/a><\/div>","protected":false},"excerpt":{"rendered":"<p>L&rsquo;Universit\u00e9 de Deusto \u00e0 Bilbao en Espagne, l&rsquo;Universit\u00e9 Erasmus de Rotterdam aux Pays-Bas et l&rsquo;Universit\u00e9 de Lodz en Pologne s&rsquo;unissent pour r\u00e9duire les in\u00e9galit\u00e9s des populations vuln\u00e9rables gr\u00e2ce \u00e0 une IA centr\u00e9e sur l&rsquo;humain. En janvier, l&rsquo;Universit\u00e9 de Deusto a accueilli une r\u00e9union cruciale avec l&rsquo;Universit\u00e9 Erasmus de Rotterdam et l&rsquo;Universit\u00e9 de Lodz dans le... <\/p>\n<div class=\"pmpro_content_message\">Art\u00edculo disponible s\u00f3lo para suscriptores.<br \/><a href=\"https:\/\/territorialchallenges.com\/wp-login.php\">Acceso<\/a><br \/><a href=\"https:\/\/territorialchallenges.com\/es\/wp-login.php\/?action=register\">Registro<\/a><\/div>","protected":false},"author":11,"featured_media":122888,"comment_status":"closed","ping_status":"closed","sticky":true,"template":"","format":"standard","meta":{"pmpro_default_level":0,"footnotes":""},"categories":[120,117],"tags":[],"blocksy_meta":"","yoast_head":"<!-- This site is optimized with the Yoast SEO plugin v21.5 - https:\/\/yoast.com\/wordpress\/plugins\/seo\/ -->\n<title>L&#039;alliance europ\u00e9enne pour une IA \u00e9thique et inclusive - Territorial Challenges<\/title>\n<meta name=\"robots\" content=\"index, follow, max-snippet:-1, max-image-preview:large, max-video-preview:-1\" \/>\n<link rel=\"canonical\" href=\"https:\/\/territorialchallenges.com\/es\/2024\/06\/12\/lalliance-europeenne-pour-une-ia-ethique-et-inclusive\/122887\/\" \/>\n<meta property=\"og:locale\" content=\"es_ES\" \/>\n<meta property=\"og:type\" content=\"article\" \/>\n<meta property=\"og:title\" content=\"L&#039;alliance europ\u00e9enne pour une IA \u00e9thique et inclusive - Territorial Challenges\" \/>\n<meta property=\"og:description\" content=\"L&rsquo;Universit\u00e9 de Deusto \u00e0 Bilbao en Espagne, l&rsquo;Universit\u00e9 Erasmus de Rotterdam aux Pays-Bas et l&rsquo;Universit\u00e9 de Lodz en Pologne s&rsquo;unissent pour r\u00e9duire les in\u00e9galit\u00e9s des populations vuln\u00e9rables gr\u00e2ce \u00e0 une IA centr\u00e9e sur l&rsquo;humain. En janvier, l&rsquo;Universit\u00e9 de Deusto a accueilli une r\u00e9union cruciale avec l&rsquo;Universit\u00e9 Erasmus de Rotterdam et l&rsquo;Universit\u00e9 de Lodz dans le [&hellip;]\" \/>\n<meta property=\"og:url\" content=\"https:\/\/territorialchallenges.com\/es\/2024\/06\/12\/lalliance-europeenne-pour-une-ia-ethique-et-inclusive\/122887\/\" \/>\n<meta property=\"og:site_name\" content=\"Territorial Challenges\" \/>\n<meta property=\"article:published_time\" content=\"2024-06-12T18:24:41+00:00\" \/>\n<meta property=\"article:modified_time\" content=\"2024-06-12T18:24:42+00:00\" \/>\n<meta property=\"og:image\" content=\"https:\/\/territorialchallenges.com\/wp-content\/uploads\/2024\/06\/ilsestpasseavillesportuairesPhoto.jpg\" \/>\n\t<meta property=\"og:image:width\" content=\"1280\" \/>\n\t<meta property=\"og:image:height\" content=\"853\" \/>\n\t<meta property=\"og:image:type\" content=\"image\/jpeg\" \/>\n<meta name=\"author\" content=\"ni.abdi\" \/>\n<meta name=\"twitter:card\" content=\"summary_large_image\" \/>\n<meta name=\"twitter:creator\" content=\"@Ni.abdi\" \/>\n<meta name=\"twitter:label1\" content=\"Escrito por\" \/>\n\t<meta name=\"twitter:data1\" content=\"ni.abdi\" \/>\n\t<meta name=\"twitter:label2\" content=\"Tiempo de lectura\" \/>\n\t<meta name=\"twitter:data2\" content=\"4 minutos\" \/>\n<script type=\"application\/ld+json\" class=\"yoast-schema-graph\">{\"@context\":\"https:\/\/schema.org\",\"@graph\":[{\"@type\":\"Article\",\"@id\":\"https:\/\/territorialchallenges.com\/2024\/06\/12\/lalliance-europeenne-pour-une-ia-ethique-et-inclusive\/122887\/#article\",\"isPartOf\":{\"@id\":\"https:\/\/territorialchallenges.com\/2024\/06\/12\/lalliance-europeenne-pour-une-ia-ethique-et-inclusive\/122887\/\"},\"author\":{\"name\":\"ni.abdi\",\"@id\":\"https:\/\/territorialchallenges.com\/#\/schema\/person\/098f145c7c61a021c425e010f840080f\"},\"headline\":\"L&rsquo;alliance europ\u00e9enne pour une IA \u00e9thique et inclusive\",\"datePublished\":\"2024-06-12T18:24:41+00:00\",\"dateModified\":\"2024-06-12T18:24:42+00:00\",\"mainEntityOfPage\":{\"@id\":\"https:\/\/territorialchallenges.com\/2024\/06\/12\/lalliance-europeenne-pour-une-ia-ethique-et-inclusive\/122887\/\"},\"wordCount\":932,\"publisher\":{\"@id\":\"https:\/\/territorialchallenges.com\/#organization\"},\"articleSection\":[\"Il s'est pass\u00e9 \u00e0\",\"\u00c9cosyst\u00e8me\"],\"inLanguage\":\"es\"},{\"@type\":\"WebPage\",\"@id\":\"https:\/\/territorialchallenges.com\/2024\/06\/12\/lalliance-europeenne-pour-une-ia-ethique-et-inclusive\/122887\/\",\"url\":\"https:\/\/territorialchallenges.com\/2024\/06\/12\/lalliance-europeenne-pour-une-ia-ethique-et-inclusive\/122887\/\",\"name\":\"L'alliance europ\u00e9enne pour une IA \u00e9thique et inclusive - Territorial Challenges\",\"isPartOf\":{\"@id\":\"https:\/\/territorialchallenges.com\/#website\"},\"datePublished\":\"2024-06-12T18:24:41+00:00\",\"dateModified\":\"2024-06-12T18:24:42+00:00\",\"breadcrumb\":{\"@id\":\"https:\/\/territorialchallenges.com\/2024\/06\/12\/lalliance-europeenne-pour-une-ia-ethique-et-inclusive\/122887\/#breadcrumb\"},\"inLanguage\":\"es\",\"potentialAction\":[{\"@type\":\"ReadAction\",\"target\":[\"https:\/\/territorialchallenges.com\/2024\/06\/12\/lalliance-europeenne-pour-une-ia-ethique-et-inclusive\/122887\/\"]}]},{\"@type\":\"BreadcrumbList\",\"@id\":\"https:\/\/territorialchallenges.com\/2024\/06\/12\/lalliance-europeenne-pour-une-ia-ethique-et-inclusive\/122887\/#breadcrumb\",\"itemListElement\":[{\"@type\":\"ListItem\",\"position\":1,\"name\":\"Home\",\"item\":\"https:\/\/territorialchallenges.com\/\"},{\"@type\":\"ListItem\",\"position\":2,\"name\":\"L&rsquo;alliance europ\u00e9enne pour une IA \u00e9thique et inclusive\"}]},{\"@type\":\"WebSite\",\"@id\":\"https:\/\/territorialchallenges.com\/#website\",\"url\":\"https:\/\/territorialchallenges.com\/\",\"name\":\"Territorial Challenges\",\"description\":\"Veille Internationale - Strat\u00e9gie Intelligentes - Bonnes pratiques\",\"publisher\":{\"@id\":\"https:\/\/territorialchallenges.com\/#organization\"},\"potentialAction\":[{\"@type\":\"SearchAction\",\"target\":{\"@type\":\"EntryPoint\",\"urlTemplate\":\"https:\/\/territorialchallenges.com\/?s={search_term_string}\"},\"query-input\":\"required name=search_term_string\"}],\"inLanguage\":\"es\"},{\"@type\":\"Organization\",\"@id\":\"https:\/\/territorialchallenges.com\/#organization\",\"name\":\"Territorial Challenges\",\"url\":\"https:\/\/territorialchallenges.com\/\",\"logo\":{\"@type\":\"ImageObject\",\"inLanguage\":\"es\",\"@id\":\"https:\/\/territorialchallenges.com\/#\/schema\/logo\/image\/\",\"url\":\"https:\/\/territorialchallenges.com\/wp-content\/uploads\/2023\/10\/logo-1.png\",\"contentUrl\":\"https:\/\/territorialchallenges.com\/wp-content\/uploads\/2023\/10\/logo-1.png\",\"width\":1832,\"height\":576,\"caption\":\"Territorial Challenges\"},\"image\":{\"@id\":\"https:\/\/territorialchallenges.com\/#\/schema\/logo\/image\/\"}},{\"@type\":\"Person\",\"@id\":\"https:\/\/territorialchallenges.com\/#\/schema\/person\/098f145c7c61a021c425e010f840080f\",\"name\":\"ni.abdi\",\"image\":{\"@type\":\"ImageObject\",\"inLanguage\":\"es\",\"@id\":\"https:\/\/territorialchallenges.com\/#\/schema\/person\/image\/\",\"url\":\"https:\/\/secure.gravatar.com\/avatar\/2a2f2491f3c80039986ba989b1e4b510?s=96&d=identicon&r=g\",\"contentUrl\":\"https:\/\/secure.gravatar.com\/avatar\/2a2f2491f3c80039986ba989b1e4b510?s=96&d=identicon&r=g\",\"caption\":\"ni.abdi\"},\"sameAs\":[\"https:\/\/twitter.com\/Ni.abdi\"],\"url\":\"https:\/\/territorialchallenges.com\/es\/author\/ni-abdi\/\"}]}<\/script>\n<!-- \/ Yoast SEO plugin. -->","yoast_head_json":{"title":"L'alliance europ\u00e9enne pour une IA \u00e9thique et inclusive - Territorial Challenges","robots":{"index":"index","follow":"follow","max-snippet":"max-snippet:-1","max-image-preview":"max-image-preview:large","max-video-preview":"max-video-preview:-1"},"canonical":"https:\/\/territorialchallenges.com\/es\/2024\/06\/12\/lalliance-europeenne-pour-une-ia-ethique-et-inclusive\/122887\/","og_locale":"es_ES","og_type":"article","og_title":"L'alliance europ\u00e9enne pour une IA \u00e9thique et inclusive - Territorial Challenges","og_description":"L&rsquo;Universit\u00e9 de Deusto \u00e0 Bilbao en Espagne, l&rsquo;Universit\u00e9 Erasmus de Rotterdam aux Pays-Bas et l&rsquo;Universit\u00e9 de Lodz en Pologne s&rsquo;unissent pour r\u00e9duire les in\u00e9galit\u00e9s des populations vuln\u00e9rables gr\u00e2ce \u00e0 une IA centr\u00e9e sur l&rsquo;humain. En janvier, l&rsquo;Universit\u00e9 de Deusto a accueilli une r\u00e9union cruciale avec l&rsquo;Universit\u00e9 Erasmus de Rotterdam et l&rsquo;Universit\u00e9 de Lodz dans le [&hellip;]","og_url":"https:\/\/territorialchallenges.com\/es\/2024\/06\/12\/lalliance-europeenne-pour-une-ia-ethique-et-inclusive\/122887\/","og_site_name":"Territorial Challenges","article_published_time":"2024-06-12T18:24:41+00:00","article_modified_time":"2024-06-12T18:24:42+00:00","og_image":[{"width":1280,"height":853,"url":"https:\/\/territorialchallenges.com\/wp-content\/uploads\/2024\/06\/ilsestpasseavillesportuairesPhoto.jpg","type":"image\/jpeg"}],"author":"ni.abdi","twitter_card":"summary_large_image","twitter_creator":"@Ni.abdi","twitter_misc":{"Escrito por":"ni.abdi","Tiempo de lectura":"4 minutos"},"schema":{"@context":"https:\/\/schema.org","@graph":[{"@type":"Article","@id":"https:\/\/territorialchallenges.com\/2024\/06\/12\/lalliance-europeenne-pour-une-ia-ethique-et-inclusive\/122887\/#article","isPartOf":{"@id":"https:\/\/territorialchallenges.com\/2024\/06\/12\/lalliance-europeenne-pour-une-ia-ethique-et-inclusive\/122887\/"},"author":{"name":"ni.abdi","@id":"https:\/\/territorialchallenges.com\/#\/schema\/person\/098f145c7c61a021c425e010f840080f"},"headline":"L&rsquo;alliance europ\u00e9enne pour une IA \u00e9thique et inclusive","datePublished":"2024-06-12T18:24:41+00:00","dateModified":"2024-06-12T18:24:42+00:00","mainEntityOfPage":{"@id":"https:\/\/territorialchallenges.com\/2024\/06\/12\/lalliance-europeenne-pour-une-ia-ethique-et-inclusive\/122887\/"},"wordCount":932,"publisher":{"@id":"https:\/\/territorialchallenges.com\/#organization"},"articleSection":["Il s'est pass\u00e9 \u00e0","\u00c9cosyst\u00e8me"],"inLanguage":"es"},{"@type":"WebPage","@id":"https:\/\/territorialchallenges.com\/2024\/06\/12\/lalliance-europeenne-pour-une-ia-ethique-et-inclusive\/122887\/","url":"https:\/\/territorialchallenges.com\/2024\/06\/12\/lalliance-europeenne-pour-une-ia-ethique-et-inclusive\/122887\/","name":"L'alliance europ\u00e9enne pour une IA \u00e9thique et inclusive - Territorial Challenges","isPartOf":{"@id":"https:\/\/territorialchallenges.com\/#website"},"datePublished":"2024-06-12T18:24:41+00:00","dateModified":"2024-06-12T18:24:42+00:00","breadcrumb":{"@id":"https:\/\/territorialchallenges.com\/2024\/06\/12\/lalliance-europeenne-pour-une-ia-ethique-et-inclusive\/122887\/#breadcrumb"},"inLanguage":"es","potentialAction":[{"@type":"ReadAction","target":["https:\/\/territorialchallenges.com\/2024\/06\/12\/lalliance-europeenne-pour-une-ia-ethique-et-inclusive\/122887\/"]}]},{"@type":"BreadcrumbList","@id":"https:\/\/territorialchallenges.com\/2024\/06\/12\/lalliance-europeenne-pour-une-ia-ethique-et-inclusive\/122887\/#breadcrumb","itemListElement":[{"@type":"ListItem","position":1,"name":"Home","item":"https:\/\/territorialchallenges.com\/"},{"@type":"ListItem","position":2,"name":"L&rsquo;alliance europ\u00e9enne pour une IA \u00e9thique et inclusive"}]},{"@type":"WebSite","@id":"https:\/\/territorialchallenges.com\/#website","url":"https:\/\/territorialchallenges.com\/","name":"Desaf\u00edos territoriales","description":"Monitoreo Internacional - Estrategias Inteligentes - Mejores Pr\u00e1cticas","publisher":{"@id":"https:\/\/territorialchallenges.com\/#organization"},"potentialAction":[{"@type":"SearchAction","target":{"@type":"EntryPoint","urlTemplate":"https:\/\/territorialchallenges.com\/?s={search_term_string}"},"query-input":"required name=search_term_string"}],"inLanguage":"es"},{"@type":"Organization","@id":"https:\/\/territorialchallenges.com\/#organization","name":"Desaf\u00edos territoriales","url":"https:\/\/territorialchallenges.com\/","logo":{"@type":"ImageObject","inLanguage":"es","@id":"https:\/\/territorialchallenges.com\/#\/schema\/logo\/image\/","url":"https:\/\/territorialchallenges.com\/wp-content\/uploads\/2023\/10\/logo-1.png","contentUrl":"https:\/\/territorialchallenges.com\/wp-content\/uploads\/2023\/10\/logo-1.png","width":1832,"height":576,"caption":"Territorial Challenges"},"image":{"@id":"https:\/\/territorialchallenges.com\/#\/schema\/logo\/image\/"}},{"@type":"Person","@id":"https:\/\/territorialchallenges.com\/#\/schema\/person\/098f145c7c61a021c425e010f840080f","name":"ni.abdi","image":{"@type":"ImageObject","inLanguage":"es","@id":"https:\/\/territorialchallenges.com\/#\/schema\/person\/image\/","url":"https:\/\/secure.gravatar.com\/avatar\/2a2f2491f3c80039986ba989b1e4b510?s=96&d=identicon&r=g","contentUrl":"https:\/\/secure.gravatar.com\/avatar\/2a2f2491f3c80039986ba989b1e4b510?s=96&d=identicon&r=g","caption":"ni.abdi"},"sameAs":["https:\/\/twitter.com\/Ni.abdi"],"url":"https:\/\/territorialchallenges.com\/es\/author\/ni-abdi\/"}]}},"_links":{"self":[{"href":"https:\/\/territorialchallenges.com\/es\/wp-json\/wp\/v2\/posts\/122887"}],"collection":[{"href":"https:\/\/territorialchallenges.com\/es\/wp-json\/wp\/v2\/posts"}],"about":[{"href":"https:\/\/territorialchallenges.com\/es\/wp-json\/wp\/v2\/types\/post"}],"author":[{"embeddable":true,"href":"https:\/\/territorialchallenges.com\/es\/wp-json\/wp\/v2\/users\/11"}],"replies":[{"embeddable":true,"href":"https:\/\/territorialchallenges.com\/es\/wp-json\/wp\/v2\/comments?post=122887"}],"version-history":[{"count":1,"href":"https:\/\/territorialchallenges.com\/es\/wp-json\/wp\/v2\/posts\/122887\/revisions"}],"predecessor-version":[{"id":122889,"href":"https:\/\/territorialchallenges.com\/es\/wp-json\/wp\/v2\/posts\/122887\/revisions\/122889"}],"wp:featuredmedia":[{"embeddable":true,"href":"https:\/\/territorialchallenges.com\/es\/wp-json\/wp\/v2\/media\/122888"}],"wp:attachment":[{"href":"https:\/\/territorialchallenges.com\/es\/wp-json\/wp\/v2\/media?parent=122887"}],"wp:term":[{"taxonomy":"category","embeddable":true,"href":"https:\/\/territorialchallenges.com\/es\/wp-json\/wp\/v2\/categories?post=122887"},{"taxonomy":"post_tag","embeddable":true,"href":"https:\/\/territorialchallenges.com\/es\/wp-json\/wp\/v2\/tags?post=122887"}],"curies":[{"name":"gracias","href":"https:\/\/api.w.org\/{rel}","templated":true}]}}