{"id":122655,"date":"2024-04-21T21:30:19","date_gmt":"2024-04-21T19:30:19","guid":{"rendered":"https:\/\/territorialchallenges.com\/?p=122655"},"modified":"2024-04-22T09:02:35","modified_gmt":"2024-04-22T07:02:35","slug":"urban-sky-lab-revolution-a-amsterdam-par-les-drones","status":"publish","type":"post","link":"https:\/\/territorialchallenges.com\/es\/2024\/04\/21\/urban-sky-lab-revolution-a-amsterdam-par-les-drones\/122655\/","title":{"rendered":"Urban Sky Lab: La revoluci\u00f3n de los drones en \u00c1msterdam"},"content":{"rendered":"<p>A medida que los drones se hacen un hueco en nuestros cielos urbanos, \u00c1msterdam se perfila como pionera de esta revoluci\u00f3n. El Urban Sky Lab, un proyecto colaborativo entre el Amsterdam Drone Lab y Arcam (Centro de Arquitectura de \u00c1msterdam), presenta sus primeros resultados prometedores en la Semana del Drone de \u00c1msterdam (del 16 al 20\u2026) <\/p>\n<div class=\"pmpro_content_message\">Art\u00edculo disponible s\u00f3lo para suscriptores.<br \/><a href=\"https:\/\/territorialchallenges.com\/wp-login.php\">Acceso<\/a><br \/><a href=\"https:\/\/territorialchallenges.com\/es\/wp-login.php\/?action=register\">Registro<\/a><\/div>","protected":false},"excerpt":{"rendered":"<p>Alors que les drones se taillent une place dans nos cieux urbains, Amsterdam s&rsquo;illustre en tant que pionni\u00e8re de cette r\u00e9volution. L&rsquo;Urban Sky Lab, un projet collaboratif entre le Amsterdam Drone Lab et l&rsquo;Arcam (Centre d&rsquo;architecture d&rsquo;Amsterdam), d\u00e9voile les premiers r\u00e9sultats prometteurs lors de la Semaine des drones d\u2019Amsterdam (Amsterdam Drone Week du 16 au... <\/p>\n<div class=\"pmpro_content_message\">Art\u00edculo disponible s\u00f3lo para suscriptores.<br \/><a href=\"https:\/\/territorialchallenges.com\/wp-login.php\">Acceso<\/a><br \/><a href=\"https:\/\/territorialchallenges.com\/es\/wp-login.php\/?action=register\">Registro<\/a><\/div>","protected":false},"author":11,"featured_media":122656,"comment_status":"closed","ping_status":"closed","sticky":true,"template":"","format":"standard","meta":{"pmpro_default_level":0,"footnotes":""},"categories":[19,127],"tags":[],"blocksy_meta":"","yoast_head":"<!-- This site is optimized with the Yoast SEO plugin v21.5 - https:\/\/yoast.com\/wordpress\/plugins\/seo\/ -->\n<title>Urban Sky Lab : r\u00e9volution \u00e0 Amsterdam par les drones - Territorial Challenges<\/title>\n<meta name=\"robots\" content=\"index, follow, max-snippet:-1, max-image-preview:large, max-video-preview:-1\" \/>\n<link rel=\"canonical\" href=\"https:\/\/territorialchallenges.com\/es\/2024\/04\/21\/urban-sky-lab-revolution-a-amsterdam-par-les-drones\/122655\/\" \/>\n<meta property=\"og:locale\" content=\"es_ES\" \/>\n<meta property=\"og:type\" content=\"article\" \/>\n<meta property=\"og:title\" content=\"Urban Sky Lab : r\u00e9volution \u00e0 Amsterdam par les drones - Territorial Challenges\" \/>\n<meta property=\"og:description\" content=\"Alors que les drones se taillent une place dans nos cieux urbains, Amsterdam s&rsquo;illustre en tant que pionni\u00e8re de cette r\u00e9volution. L&rsquo;Urban Sky Lab, un projet collaboratif entre le Amsterdam Drone Lab et l&rsquo;Arcam (Centre d&rsquo;architecture d&rsquo;Amsterdam), d\u00e9voile les premiers r\u00e9sultats prometteurs lors de la Semaine des drones d\u2019Amsterdam (Amsterdam Drone Week du 16 au [&hellip;]\" \/>\n<meta property=\"og:url\" content=\"https:\/\/territorialchallenges.com\/es\/2024\/04\/21\/urban-sky-lab-revolution-a-amsterdam-par-les-drones\/122655\/\" \/>\n<meta property=\"og:site_name\" content=\"Territorial Challenges\" \/>\n<meta property=\"article:published_time\" content=\"2024-04-21T19:30:19+00:00\" \/>\n<meta property=\"article:modified_time\" content=\"2024-04-22T07:02:35+00:00\" \/>\n<meta property=\"og:image\" content=\"https:\/\/territorialchallenges.com\/wp-content\/uploads\/2024\/04\/territoiresintelligentsPhotoAmsterdam.jpg\" \/>\n\t<meta property=\"og:image:width\" content=\"480\" \/>\n\t<meta property=\"og:image:height\" content=\"320\" \/>\n\t<meta property=\"og:image:type\" content=\"image\/jpeg\" \/>\n<meta name=\"author\" content=\"ni.abdi\" \/>\n<meta name=\"twitter:card\" content=\"summary_large_image\" \/>\n<meta name=\"twitter:creator\" content=\"@Ni.abdi\" \/>\n<meta name=\"twitter:label1\" content=\"Escrito por\" \/>\n\t<meta name=\"twitter:data1\" content=\"ni.abdi\" \/>\n\t<meta name=\"twitter:label2\" content=\"Tiempo de lectura\" \/>\n\t<meta name=\"twitter:data2\" content=\"3 minutos\" \/>\n<script type=\"application\/ld+json\" class=\"yoast-schema-graph\">{\"@context\":\"https:\/\/schema.org\",\"@graph\":[{\"@type\":\"Article\",\"@id\":\"https:\/\/territorialchallenges.com\/2024\/04\/21\/urban-sky-lab-revolution-a-amsterdam-par-les-drones\/122655\/#article\",\"isPartOf\":{\"@id\":\"https:\/\/territorialchallenges.com\/2024\/04\/21\/urban-sky-lab-revolution-a-amsterdam-par-les-drones\/122655\/\"},\"author\":{\"name\":\"ni.abdi\",\"@id\":\"https:\/\/territorialchallenges.com\/#\/schema\/person\/098f145c7c61a021c425e010f840080f\"},\"headline\":\"Urban Sky Lab : r\u00e9volution \u00e0 Amsterdam par les drones\",\"datePublished\":\"2024-04-21T19:30:19+00:00\",\"dateModified\":\"2024-04-22T07:02:35+00:00\",\"mainEntityOfPage\":{\"@id\":\"https:\/\/territorialchallenges.com\/2024\/04\/21\/urban-sky-lab-revolution-a-amsterdam-par-les-drones\/122655\/\"},\"wordCount\":515,\"publisher\":{\"@id\":\"https:\/\/territorialchallenges.com\/#organization\"},\"articleSection\":[\"Territoires Intelligents\",\"Actualit\u00e9 Europe\"],\"inLanguage\":\"es\"},{\"@type\":\"WebPage\",\"@id\":\"https:\/\/territorialchallenges.com\/2024\/04\/21\/urban-sky-lab-revolution-a-amsterdam-par-les-drones\/122655\/\",\"url\":\"https:\/\/territorialchallenges.com\/2024\/04\/21\/urban-sky-lab-revolution-a-amsterdam-par-les-drones\/122655\/\",\"name\":\"Urban Sky Lab : r\u00e9volution \u00e0 Amsterdam par les drones - Territorial Challenges\",\"isPartOf\":{\"@id\":\"https:\/\/territorialchallenges.com\/#website\"},\"datePublished\":\"2024-04-21T19:30:19+00:00\",\"dateModified\":\"2024-04-22T07:02:35+00:00\",\"breadcrumb\":{\"@id\":\"https:\/\/territorialchallenges.com\/2024\/04\/21\/urban-sky-lab-revolution-a-amsterdam-par-les-drones\/122655\/#breadcrumb\"},\"inLanguage\":\"es\",\"potentialAction\":[{\"@type\":\"ReadAction\",\"target\":[\"https:\/\/territorialchallenges.com\/2024\/04\/21\/urban-sky-lab-revolution-a-amsterdam-par-les-drones\/122655\/\"]}]},{\"@type\":\"BreadcrumbList\",\"@id\":\"https:\/\/territorialchallenges.com\/2024\/04\/21\/urban-sky-lab-revolution-a-amsterdam-par-les-drones\/122655\/#breadcrumb\",\"itemListElement\":[{\"@type\":\"ListItem\",\"position\":1,\"name\":\"Home\",\"item\":\"https:\/\/territorialchallenges.com\/\"},{\"@type\":\"ListItem\",\"position\":2,\"name\":\"Urban Sky Lab : r\u00e9volution \u00e0 Amsterdam par les drones\"}]},{\"@type\":\"WebSite\",\"@id\":\"https:\/\/territorialchallenges.com\/#website\",\"url\":\"https:\/\/territorialchallenges.com\/\",\"name\":\"Territorial Challenges\",\"description\":\"Veille Internationale - Strat\u00e9gie Intelligentes - Bonnes pratiques\",\"publisher\":{\"@id\":\"https:\/\/territorialchallenges.com\/#organization\"},\"potentialAction\":[{\"@type\":\"SearchAction\",\"target\":{\"@type\":\"EntryPoint\",\"urlTemplate\":\"https:\/\/territorialchallenges.com\/?s={search_term_string}\"},\"query-input\":\"required name=search_term_string\"}],\"inLanguage\":\"es\"},{\"@type\":\"Organization\",\"@id\":\"https:\/\/territorialchallenges.com\/#organization\",\"name\":\"Territorial Challenges\",\"url\":\"https:\/\/territorialchallenges.com\/\",\"logo\":{\"@type\":\"ImageObject\",\"inLanguage\":\"es\",\"@id\":\"https:\/\/territorialchallenges.com\/#\/schema\/logo\/image\/\",\"url\":\"https:\/\/territorialchallenges.com\/wp-content\/uploads\/2023\/10\/logo-1.png\",\"contentUrl\":\"https:\/\/territorialchallenges.com\/wp-content\/uploads\/2023\/10\/logo-1.png\",\"width\":1832,\"height\":576,\"caption\":\"Territorial Challenges\"},\"image\":{\"@id\":\"https:\/\/territorialchallenges.com\/#\/schema\/logo\/image\/\"}},{\"@type\":\"Person\",\"@id\":\"https:\/\/territorialchallenges.com\/#\/schema\/person\/098f145c7c61a021c425e010f840080f\",\"name\":\"ni.abdi\",\"image\":{\"@type\":\"ImageObject\",\"inLanguage\":\"es\",\"@id\":\"https:\/\/territorialchallenges.com\/#\/schema\/person\/image\/\",\"url\":\"https:\/\/secure.gravatar.com\/avatar\/2a2f2491f3c80039986ba989b1e4b510?s=96&d=identicon&r=g\",\"contentUrl\":\"https:\/\/secure.gravatar.com\/avatar\/2a2f2491f3c80039986ba989b1e4b510?s=96&d=identicon&r=g\",\"caption\":\"ni.abdi\"},\"sameAs\":[\"https:\/\/twitter.com\/Ni.abdi\"],\"url\":\"https:\/\/territorialchallenges.com\/es\/author\/ni-abdi\/\"}]}<\/script>\n<!-- \/ Yoast SEO plugin. -->","yoast_head_json":{"title":"Urban Sky Lab : r\u00e9volution \u00e0 Amsterdam par les drones - Territorial Challenges","robots":{"index":"index","follow":"follow","max-snippet":"max-snippet:-1","max-image-preview":"max-image-preview:large","max-video-preview":"max-video-preview:-1"},"canonical":"https:\/\/territorialchallenges.com\/es\/2024\/04\/21\/urban-sky-lab-revolution-a-amsterdam-par-les-drones\/122655\/","og_locale":"es_ES","og_type":"article","og_title":"Urban Sky Lab : r\u00e9volution \u00e0 Amsterdam par les drones - Territorial Challenges","og_description":"Alors que les drones se taillent une place dans nos cieux urbains, Amsterdam s&rsquo;illustre en tant que pionni\u00e8re de cette r\u00e9volution. L&rsquo;Urban Sky Lab, un projet collaboratif entre le Amsterdam Drone Lab et l&rsquo;Arcam (Centre d&rsquo;architecture d&rsquo;Amsterdam), d\u00e9voile les premiers r\u00e9sultats prometteurs lors de la Semaine des drones d\u2019Amsterdam (Amsterdam Drone Week du 16 au [&hellip;]","og_url":"https:\/\/territorialchallenges.com\/es\/2024\/04\/21\/urban-sky-lab-revolution-a-amsterdam-par-les-drones\/122655\/","og_site_name":"Territorial Challenges","article_published_time":"2024-04-21T19:30:19+00:00","article_modified_time":"2024-04-22T07:02:35+00:00","og_image":[{"width":480,"height":320,"url":"https:\/\/territorialchallenges.com\/wp-content\/uploads\/2024\/04\/territoiresintelligentsPhotoAmsterdam.jpg","type":"image\/jpeg"}],"author":"ni.abdi","twitter_card":"summary_large_image","twitter_creator":"@Ni.abdi","twitter_misc":{"Escrito por":"ni.abdi","Tiempo de lectura":"3 minutos"},"schema":{"@context":"https:\/\/schema.org","@graph":[{"@type":"Article","@id":"https:\/\/territorialchallenges.com\/2024\/04\/21\/urban-sky-lab-revolution-a-amsterdam-par-les-drones\/122655\/#article","isPartOf":{"@id":"https:\/\/territorialchallenges.com\/2024\/04\/21\/urban-sky-lab-revolution-a-amsterdam-par-les-drones\/122655\/"},"author":{"name":"ni.abdi","@id":"https:\/\/territorialchallenges.com\/#\/schema\/person\/098f145c7c61a021c425e010f840080f"},"headline":"Urban Sky Lab : r\u00e9volution \u00e0 Amsterdam par les drones","datePublished":"2024-04-21T19:30:19+00:00","dateModified":"2024-04-22T07:02:35+00:00","mainEntityOfPage":{"@id":"https:\/\/territorialchallenges.com\/2024\/04\/21\/urban-sky-lab-revolution-a-amsterdam-par-les-drones\/122655\/"},"wordCount":515,"publisher":{"@id":"https:\/\/territorialchallenges.com\/#organization"},"articleSection":["Territoires Intelligents","Actualit\u00e9 Europe"],"inLanguage":"es"},{"@type":"WebPage","@id":"https:\/\/territorialchallenges.com\/2024\/04\/21\/urban-sky-lab-revolution-a-amsterdam-par-les-drones\/122655\/","url":"https:\/\/territorialchallenges.com\/2024\/04\/21\/urban-sky-lab-revolution-a-amsterdam-par-les-drones\/122655\/","name":"Urban Sky Lab : r\u00e9volution \u00e0 Amsterdam par les drones - Territorial Challenges","isPartOf":{"@id":"https:\/\/territorialchallenges.com\/#website"},"datePublished":"2024-04-21T19:30:19+00:00","dateModified":"2024-04-22T07:02:35+00:00","breadcrumb":{"@id":"https:\/\/territorialchallenges.com\/2024\/04\/21\/urban-sky-lab-revolution-a-amsterdam-par-les-drones\/122655\/#breadcrumb"},"inLanguage":"es","potentialAction":[{"@type":"ReadAction","target":["https:\/\/territorialchallenges.com\/2024\/04\/21\/urban-sky-lab-revolution-a-amsterdam-par-les-drones\/122655\/"]}]},{"@type":"BreadcrumbList","@id":"https:\/\/territorialchallenges.com\/2024\/04\/21\/urban-sky-lab-revolution-a-amsterdam-par-les-drones\/122655\/#breadcrumb","itemListElement":[{"@type":"ListItem","position":1,"name":"Home","item":"https:\/\/territorialchallenges.com\/"},{"@type":"ListItem","position":2,"name":"Urban Sky Lab : r\u00e9volution \u00e0 Amsterdam par les drones"}]},{"@type":"WebSite","@id":"https:\/\/territorialchallenges.com\/#website","url":"https:\/\/territorialchallenges.com\/","name":"Desaf\u00edos territoriales","description":"Monitoreo Internacional - Estrategias Inteligentes - Mejores Pr\u00e1cticas","publisher":{"@id":"https:\/\/territorialchallenges.com\/#organization"},"potentialAction":[{"@type":"SearchAction","target":{"@type":"EntryPoint","urlTemplate":"https:\/\/territorialchallenges.com\/?s={search_term_string}"},"query-input":"required name=search_term_string"}],"inLanguage":"es"},{"@type":"Organization","@id":"https:\/\/territorialchallenges.com\/#organization","name":"Desaf\u00edos territoriales","url":"https:\/\/territorialchallenges.com\/","logo":{"@type":"ImageObject","inLanguage":"es","@id":"https:\/\/territorialchallenges.com\/#\/schema\/logo\/image\/","url":"https:\/\/territorialchallenges.com\/wp-content\/uploads\/2023\/10\/logo-1.png","contentUrl":"https:\/\/territorialchallenges.com\/wp-content\/uploads\/2023\/10\/logo-1.png","width":1832,"height":576,"caption":"Territorial Challenges"},"image":{"@id":"https:\/\/territorialchallenges.com\/#\/schema\/logo\/image\/"}},{"@type":"Person","@id":"https:\/\/territorialchallenges.com\/#\/schema\/person\/098f145c7c61a021c425e010f840080f","name":"ni.abdi","image":{"@type":"ImageObject","inLanguage":"es","@id":"https:\/\/territorialchallenges.com\/#\/schema\/person\/image\/","url":"https:\/\/secure.gravatar.com\/avatar\/2a2f2491f3c80039986ba989b1e4b510?s=96&d=identicon&r=g","contentUrl":"https:\/\/secure.gravatar.com\/avatar\/2a2f2491f3c80039986ba989b1e4b510?s=96&d=identicon&r=g","caption":"ni.abdi"},"sameAs":["https:\/\/twitter.com\/Ni.abdi"],"url":"https:\/\/territorialchallenges.com\/es\/author\/ni-abdi\/"}]}},"_links":{"self":[{"href":"https:\/\/territorialchallenges.com\/es\/wp-json\/wp\/v2\/posts\/122655"}],"collection":[{"href":"https:\/\/territorialchallenges.com\/es\/wp-json\/wp\/v2\/posts"}],"about":[{"href":"https:\/\/territorialchallenges.com\/es\/wp-json\/wp\/v2\/types\/post"}],"author":[{"embeddable":true,"href":"https:\/\/territorialchallenges.com\/es\/wp-json\/wp\/v2\/users\/11"}],"replies":[{"embeddable":true,"href":"https:\/\/territorialchallenges.com\/es\/wp-json\/wp\/v2\/comments?post=122655"}],"version-history":[{"count":2,"href":"https:\/\/territorialchallenges.com\/es\/wp-json\/wp\/v2\/posts\/122655\/revisions"}],"predecessor-version":[{"id":122677,"href":"https:\/\/territorialchallenges.com\/es\/wp-json\/wp\/v2\/posts\/122655\/revisions\/122677"}],"wp:featuredmedia":[{"embeddable":true,"href":"https:\/\/territorialchallenges.com\/es\/wp-json\/wp\/v2\/media\/122656"}],"wp:attachment":[{"href":"https:\/\/territorialchallenges.com\/es\/wp-json\/wp\/v2\/media?parent=122655"}],"wp:term":[{"taxonomy":"category","embeddable":true,"href":"https:\/\/territorialchallenges.com\/es\/wp-json\/wp\/v2\/categories?post=122655"},{"taxonomy":"post_tag","embeddable":true,"href":"https:\/\/territorialchallenges.com\/es\/wp-json\/wp\/v2\/tags?post=122655"}],"curies":[{"name":"gracias","href":"https:\/\/api.w.org\/{rel}","templated":true}]}}