{"id":122649,"date":"2024-04-21T21:22:43","date_gmt":"2024-04-21T19:22:43","guid":{"rendered":"https:\/\/territorialchallenges.com\/?p=122649"},"modified":"2024-04-21T21:22:45","modified_gmt":"2024-04-21T19:22:45","slug":"siemens-redefinit-lindustrie-et-linnovation-a-la-foire-de-hanovre","status":"publish","type":"post","link":"https:\/\/territorialchallenges.com\/es\/2024\/04\/21\/siemens-redefinit-lindustrie-et-linnovation-a-la-foire-de-hanovre\/122649\/","title":{"rendered":"Siemens redefine la industria y la innovaci\u00f3n en la Hannover Messe"},"content":{"rendered":"<p>El gigante industrial alem\u00e1n Siemens se prepara para dejar su huella en la Hannover Messe (del 22 al 26 de abril), la feria industrial m\u00e1s grande del mundo, con una serie de anuncios y demostraciones que resaltan su audaz estrategia en inteligencia artificial (IA) y el desarrollo de\u2026 <\/p>\n<div class=\"pmpro_content_message\">Art\u00edculo disponible s\u00f3lo para suscriptores.<br \/><a href=\"https:\/\/territorialchallenges.com\/wp-login.php\">Acceso<\/a><br \/><a href=\"https:\/\/territorialchallenges.com\/es\/wp-login.php\/?action=register\">Registro<\/a><\/div>","protected":false},"excerpt":{"rendered":"<p>Siemens, le g\u00e9ant de l&rsquo;industrie allemande, se pr\u00e9pare \u00e0 marquer de son empreinte la Foire de Hanovre (du 22 au 26 avril), le plus grand salon au monde d\u00e9di\u00e9 \u00e0 l&rsquo;industrie, avec une s\u00e9rie d&rsquo;annonces et de d\u00e9monstrations qui mettent en lumi\u00e8re sa strat\u00e9gie audacieuse dans le domaine de l&rsquo;intelligence artificielle (IA) et du d\u00e9veloppement... <\/p>\n<div class=\"pmpro_content_message\">Art\u00edculo disponible s\u00f3lo para suscriptores.<br \/><a href=\"https:\/\/territorialchallenges.com\/wp-login.php\">Acceso<\/a><br \/><a href=\"https:\/\/territorialchallenges.com\/es\/wp-login.php\/?action=register\">Registro<\/a><\/div>","protected":false},"author":11,"featured_media":122650,"comment_status":"closed","ping_status":"closed","sticky":true,"template":"","format":"standard","meta":{"pmpro_default_level":0,"footnotes":""},"categories":[17,127],"tags":[],"blocksy_meta":"","yoast_head":"<!-- This site is optimized with the Yoast SEO plugin v21.5 - https:\/\/yoast.com\/wordpress\/plugins\/seo\/ -->\n<title>Siemens red\u00e9finit l\u2019industrie et l\u2019innovation \u00e0 la Foire de Hanovre - Territorial Challenges<\/title>\n<meta name=\"robots\" content=\"index, follow, max-snippet:-1, max-image-preview:large, max-video-preview:-1\" \/>\n<link rel=\"canonical\" href=\"https:\/\/territorialchallenges.com\/es\/2024\/04\/21\/siemens-redefinit-lindustrie-et-linnovation-a-la-foire-de-hanovre\/122649\/\" \/>\n<meta property=\"og:locale\" content=\"es_ES\" \/>\n<meta property=\"og:type\" content=\"article\" \/>\n<meta property=\"og:title\" content=\"Siemens red\u00e9finit l\u2019industrie et l\u2019innovation \u00e0 la Foire de Hanovre - Territorial Challenges\" \/>\n<meta property=\"og:description\" content=\"Siemens, le g\u00e9ant de l&rsquo;industrie allemande, se pr\u00e9pare \u00e0 marquer de son empreinte la Foire de Hanovre (du 22 au 26 avril), le plus grand salon au monde d\u00e9di\u00e9 \u00e0 l&rsquo;industrie, avec une s\u00e9rie d&rsquo;annonces et de d\u00e9monstrations qui mettent en lumi\u00e8re sa strat\u00e9gie audacieuse dans le domaine de l&rsquo;intelligence artificielle (IA) et du d\u00e9veloppement [&hellip;]\" \/>\n<meta property=\"og:url\" content=\"https:\/\/territorialchallenges.com\/es\/2024\/04\/21\/siemens-redefinit-lindustrie-et-linnovation-a-la-foire-de-hanovre\/122649\/\" \/>\n<meta property=\"og:site_name\" content=\"Territorial Challenges\" \/>\n<meta property=\"article:published_time\" content=\"2024-04-21T19:22:43+00:00\" \/>\n<meta property=\"article:modified_time\" content=\"2024-04-21T19:22:45+00:00\" \/>\n<meta property=\"og:image\" content=\"https:\/\/territorialchallenges.com\/wp-content\/uploads\/2024\/04\/Industrie4.0siemens.jpg\" \/>\n\t<meta property=\"og:image:width\" content=\"1280\" \/>\n\t<meta property=\"og:image:height\" content=\"960\" \/>\n\t<meta property=\"og:image:type\" content=\"image\/jpeg\" \/>\n<meta name=\"author\" content=\"ni.abdi\" \/>\n<meta name=\"twitter:card\" content=\"summary_large_image\" \/>\n<meta name=\"twitter:creator\" content=\"@Ni.abdi\" \/>\n<meta name=\"twitter:label1\" content=\"Escrito por\" \/>\n\t<meta name=\"twitter:data1\" content=\"ni.abdi\" \/>\n\t<meta name=\"twitter:label2\" content=\"Tiempo de lectura\" \/>\n\t<meta name=\"twitter:data2\" content=\"2 minutos\" \/>\n<script type=\"application\/ld+json\" class=\"yoast-schema-graph\">{\"@context\":\"https:\/\/schema.org\",\"@graph\":[{\"@type\":\"Article\",\"@id\":\"https:\/\/territorialchallenges.com\/2024\/04\/21\/siemens-redefinit-lindustrie-et-linnovation-a-la-foire-de-hanovre\/122649\/#article\",\"isPartOf\":{\"@id\":\"https:\/\/territorialchallenges.com\/2024\/04\/21\/siemens-redefinit-lindustrie-et-linnovation-a-la-foire-de-hanovre\/122649\/\"},\"author\":{\"name\":\"ni.abdi\",\"@id\":\"https:\/\/territorialchallenges.com\/#\/schema\/person\/098f145c7c61a021c425e010f840080f\"},\"headline\":\"Siemens red\u00e9finit l\u2019industrie et l\u2019innovation \u00e0 la Foire de Hanovre\",\"datePublished\":\"2024-04-21T19:22:43+00:00\",\"dateModified\":\"2024-04-21T19:22:45+00:00\",\"mainEntityOfPage\":{\"@id\":\"https:\/\/territorialchallenges.com\/2024\/04\/21\/siemens-redefinit-lindustrie-et-linnovation-a-la-foire-de-hanovre\/122649\/\"},\"wordCount\":401,\"publisher\":{\"@id\":\"https:\/\/territorialchallenges.com\/#organization\"},\"articleSection\":[\"Industrie 5.0\",\"Actualit\u00e9 Europe\"],\"inLanguage\":\"es\"},{\"@type\":\"WebPage\",\"@id\":\"https:\/\/territorialchallenges.com\/2024\/04\/21\/siemens-redefinit-lindustrie-et-linnovation-a-la-foire-de-hanovre\/122649\/\",\"url\":\"https:\/\/territorialchallenges.com\/2024\/04\/21\/siemens-redefinit-lindustrie-et-linnovation-a-la-foire-de-hanovre\/122649\/\",\"name\":\"Siemens red\u00e9finit l\u2019industrie et l\u2019innovation \u00e0 la Foire de Hanovre - Territorial Challenges\",\"isPartOf\":{\"@id\":\"https:\/\/territorialchallenges.com\/#website\"},\"datePublished\":\"2024-04-21T19:22:43+00:00\",\"dateModified\":\"2024-04-21T19:22:45+00:00\",\"breadcrumb\":{\"@id\":\"https:\/\/territorialchallenges.com\/2024\/04\/21\/siemens-redefinit-lindustrie-et-linnovation-a-la-foire-de-hanovre\/122649\/#breadcrumb\"},\"inLanguage\":\"es\",\"potentialAction\":[{\"@type\":\"ReadAction\",\"target\":[\"https:\/\/territorialchallenges.com\/2024\/04\/21\/siemens-redefinit-lindustrie-et-linnovation-a-la-foire-de-hanovre\/122649\/\"]}]},{\"@type\":\"BreadcrumbList\",\"@id\":\"https:\/\/territorialchallenges.com\/2024\/04\/21\/siemens-redefinit-lindustrie-et-linnovation-a-la-foire-de-hanovre\/122649\/#breadcrumb\",\"itemListElement\":[{\"@type\":\"ListItem\",\"position\":1,\"name\":\"Home\",\"item\":\"https:\/\/territorialchallenges.com\/\"},{\"@type\":\"ListItem\",\"position\":2,\"name\":\"Siemens red\u00e9finit l\u2019industrie et l\u2019innovation \u00e0 la Foire de Hanovre\"}]},{\"@type\":\"WebSite\",\"@id\":\"https:\/\/territorialchallenges.com\/#website\",\"url\":\"https:\/\/territorialchallenges.com\/\",\"name\":\"Territorial Challenges\",\"description\":\"Veille Internationale - Strat\u00e9gie Intelligentes - Bonnes pratiques\",\"publisher\":{\"@id\":\"https:\/\/territorialchallenges.com\/#organization\"},\"potentialAction\":[{\"@type\":\"SearchAction\",\"target\":{\"@type\":\"EntryPoint\",\"urlTemplate\":\"https:\/\/territorialchallenges.com\/?s={search_term_string}\"},\"query-input\":\"required name=search_term_string\"}],\"inLanguage\":\"es\"},{\"@type\":\"Organization\",\"@id\":\"https:\/\/territorialchallenges.com\/#organization\",\"name\":\"Territorial Challenges\",\"url\":\"https:\/\/territorialchallenges.com\/\",\"logo\":{\"@type\":\"ImageObject\",\"inLanguage\":\"es\",\"@id\":\"https:\/\/territorialchallenges.com\/#\/schema\/logo\/image\/\",\"url\":\"https:\/\/territorialchallenges.com\/wp-content\/uploads\/2023\/10\/logo-1.png\",\"contentUrl\":\"https:\/\/territorialchallenges.com\/wp-content\/uploads\/2023\/10\/logo-1.png\",\"width\":1832,\"height\":576,\"caption\":\"Territorial Challenges\"},\"image\":{\"@id\":\"https:\/\/territorialchallenges.com\/#\/schema\/logo\/image\/\"}},{\"@type\":\"Person\",\"@id\":\"https:\/\/territorialchallenges.com\/#\/schema\/person\/098f145c7c61a021c425e010f840080f\",\"name\":\"ni.abdi\",\"image\":{\"@type\":\"ImageObject\",\"inLanguage\":\"es\",\"@id\":\"https:\/\/territorialchallenges.com\/#\/schema\/person\/image\/\",\"url\":\"https:\/\/secure.gravatar.com\/avatar\/2a2f2491f3c80039986ba989b1e4b510?s=96&d=identicon&r=g\",\"contentUrl\":\"https:\/\/secure.gravatar.com\/avatar\/2a2f2491f3c80039986ba989b1e4b510?s=96&d=identicon&r=g\",\"caption\":\"ni.abdi\"},\"sameAs\":[\"https:\/\/twitter.com\/Ni.abdi\"],\"url\":\"https:\/\/territorialchallenges.com\/es\/author\/ni-abdi\/\"}]}<\/script>\n<!-- \/ Yoast SEO plugin. -->","yoast_head_json":{"title":"Siemens red\u00e9finit l\u2019industrie et l\u2019innovation \u00e0 la Foire de Hanovre - Territorial Challenges","robots":{"index":"index","follow":"follow","max-snippet":"max-snippet:-1","max-image-preview":"max-image-preview:large","max-video-preview":"max-video-preview:-1"},"canonical":"https:\/\/territorialchallenges.com\/es\/2024\/04\/21\/siemens-redefinit-lindustrie-et-linnovation-a-la-foire-de-hanovre\/122649\/","og_locale":"es_ES","og_type":"article","og_title":"Siemens red\u00e9finit l\u2019industrie et l\u2019innovation \u00e0 la Foire de Hanovre - Territorial Challenges","og_description":"Siemens, le g\u00e9ant de l&rsquo;industrie allemande, se pr\u00e9pare \u00e0 marquer de son empreinte la Foire de Hanovre (du 22 au 26 avril), le plus grand salon au monde d\u00e9di\u00e9 \u00e0 l&rsquo;industrie, avec une s\u00e9rie d&rsquo;annonces et de d\u00e9monstrations qui mettent en lumi\u00e8re sa strat\u00e9gie audacieuse dans le domaine de l&rsquo;intelligence artificielle (IA) et du d\u00e9veloppement [&hellip;]","og_url":"https:\/\/territorialchallenges.com\/es\/2024\/04\/21\/siemens-redefinit-lindustrie-et-linnovation-a-la-foire-de-hanovre\/122649\/","og_site_name":"Territorial Challenges","article_published_time":"2024-04-21T19:22:43+00:00","article_modified_time":"2024-04-21T19:22:45+00:00","og_image":[{"width":1280,"height":960,"url":"https:\/\/territorialchallenges.com\/wp-content\/uploads\/2024\/04\/Industrie4.0siemens.jpg","type":"image\/jpeg"}],"author":"ni.abdi","twitter_card":"summary_large_image","twitter_creator":"@Ni.abdi","twitter_misc":{"Escrito por":"ni.abdi","Tiempo de lectura":"2 minutos"},"schema":{"@context":"https:\/\/schema.org","@graph":[{"@type":"Article","@id":"https:\/\/territorialchallenges.com\/2024\/04\/21\/siemens-redefinit-lindustrie-et-linnovation-a-la-foire-de-hanovre\/122649\/#article","isPartOf":{"@id":"https:\/\/territorialchallenges.com\/2024\/04\/21\/siemens-redefinit-lindustrie-et-linnovation-a-la-foire-de-hanovre\/122649\/"},"author":{"name":"ni.abdi","@id":"https:\/\/territorialchallenges.com\/#\/schema\/person\/098f145c7c61a021c425e010f840080f"},"headline":"Siemens red\u00e9finit l\u2019industrie et l\u2019innovation \u00e0 la Foire de Hanovre","datePublished":"2024-04-21T19:22:43+00:00","dateModified":"2024-04-21T19:22:45+00:00","mainEntityOfPage":{"@id":"https:\/\/territorialchallenges.com\/2024\/04\/21\/siemens-redefinit-lindustrie-et-linnovation-a-la-foire-de-hanovre\/122649\/"},"wordCount":401,"publisher":{"@id":"https:\/\/territorialchallenges.com\/#organization"},"articleSection":["Industrie 5.0","Actualit\u00e9 Europe"],"inLanguage":"es"},{"@type":"WebPage","@id":"https:\/\/territorialchallenges.com\/2024\/04\/21\/siemens-redefinit-lindustrie-et-linnovation-a-la-foire-de-hanovre\/122649\/","url":"https:\/\/territorialchallenges.com\/2024\/04\/21\/siemens-redefinit-lindustrie-et-linnovation-a-la-foire-de-hanovre\/122649\/","name":"Siemens red\u00e9finit l\u2019industrie et l\u2019innovation \u00e0 la Foire de Hanovre - Territorial Challenges","isPartOf":{"@id":"https:\/\/territorialchallenges.com\/#website"},"datePublished":"2024-04-21T19:22:43+00:00","dateModified":"2024-04-21T19:22:45+00:00","breadcrumb":{"@id":"https:\/\/territorialchallenges.com\/2024\/04\/21\/siemens-redefinit-lindustrie-et-linnovation-a-la-foire-de-hanovre\/122649\/#breadcrumb"},"inLanguage":"es","potentialAction":[{"@type":"ReadAction","target":["https:\/\/territorialchallenges.com\/2024\/04\/21\/siemens-redefinit-lindustrie-et-linnovation-a-la-foire-de-hanovre\/122649\/"]}]},{"@type":"BreadcrumbList","@id":"https:\/\/territorialchallenges.com\/2024\/04\/21\/siemens-redefinit-lindustrie-et-linnovation-a-la-foire-de-hanovre\/122649\/#breadcrumb","itemListElement":[{"@type":"ListItem","position":1,"name":"Home","item":"https:\/\/territorialchallenges.com\/"},{"@type":"ListItem","position":2,"name":"Siemens red\u00e9finit l\u2019industrie et l\u2019innovation \u00e0 la Foire de Hanovre"}]},{"@type":"WebSite","@id":"https:\/\/territorialchallenges.com\/#website","url":"https:\/\/territorialchallenges.com\/","name":"Desaf\u00edos territoriales","description":"Monitoreo Internacional - Estrategias Inteligentes - Mejores Pr\u00e1cticas","publisher":{"@id":"https:\/\/territorialchallenges.com\/#organization"},"potentialAction":[{"@type":"SearchAction","target":{"@type":"EntryPoint","urlTemplate":"https:\/\/territorialchallenges.com\/?s={search_term_string}"},"query-input":"required name=search_term_string"}],"inLanguage":"es"},{"@type":"Organization","@id":"https:\/\/territorialchallenges.com\/#organization","name":"Desaf\u00edos territoriales","url":"https:\/\/territorialchallenges.com\/","logo":{"@type":"ImageObject","inLanguage":"es","@id":"https:\/\/territorialchallenges.com\/#\/schema\/logo\/image\/","url":"https:\/\/territorialchallenges.com\/wp-content\/uploads\/2023\/10\/logo-1.png","contentUrl":"https:\/\/territorialchallenges.com\/wp-content\/uploads\/2023\/10\/logo-1.png","width":1832,"height":576,"caption":"Territorial Challenges"},"image":{"@id":"https:\/\/territorialchallenges.com\/#\/schema\/logo\/image\/"}},{"@type":"Person","@id":"https:\/\/territorialchallenges.com\/#\/schema\/person\/098f145c7c61a021c425e010f840080f","name":"ni.abdi","image":{"@type":"ImageObject","inLanguage":"es","@id":"https:\/\/territorialchallenges.com\/#\/schema\/person\/image\/","url":"https:\/\/secure.gravatar.com\/avatar\/2a2f2491f3c80039986ba989b1e4b510?s=96&d=identicon&r=g","contentUrl":"https:\/\/secure.gravatar.com\/avatar\/2a2f2491f3c80039986ba989b1e4b510?s=96&d=identicon&r=g","caption":"ni.abdi"},"sameAs":["https:\/\/twitter.com\/Ni.abdi"],"url":"https:\/\/territorialchallenges.com\/es\/author\/ni-abdi\/"}]}},"_links":{"self":[{"href":"https:\/\/territorialchallenges.com\/es\/wp-json\/wp\/v2\/posts\/122649"}],"collection":[{"href":"https:\/\/territorialchallenges.com\/es\/wp-json\/wp\/v2\/posts"}],"about":[{"href":"https:\/\/territorialchallenges.com\/es\/wp-json\/wp\/v2\/types\/post"}],"author":[{"embeddable":true,"href":"https:\/\/territorialchallenges.com\/es\/wp-json\/wp\/v2\/users\/11"}],"replies":[{"embeddable":true,"href":"https:\/\/territorialchallenges.com\/es\/wp-json\/wp\/v2\/comments?post=122649"}],"version-history":[{"count":1,"href":"https:\/\/territorialchallenges.com\/es\/wp-json\/wp\/v2\/posts\/122649\/revisions"}],"predecessor-version":[{"id":122651,"href":"https:\/\/territorialchallenges.com\/es\/wp-json\/wp\/v2\/posts\/122649\/revisions\/122651"}],"wp:featuredmedia":[{"embeddable":true,"href":"https:\/\/territorialchallenges.com\/es\/wp-json\/wp\/v2\/media\/122650"}],"wp:attachment":[{"href":"https:\/\/territorialchallenges.com\/es\/wp-json\/wp\/v2\/media?parent=122649"}],"wp:term":[{"taxonomy":"category","embeddable":true,"href":"https:\/\/territorialchallenges.com\/es\/wp-json\/wp\/v2\/categories?post=122649"},{"taxonomy":"post_tag","embeddable":true,"href":"https:\/\/territorialchallenges.com\/es\/wp-json\/wp\/v2\/tags?post=122649"}],"curies":[{"name":"gracias","href":"https:\/\/api.w.org\/{rel}","templated":true}]}}