{"id":122576,"date":"2024-04-09T14:42:17","date_gmt":"2024-04-09T12:42:17","guid":{"rendered":"https:\/\/territorialchallenges.com\/?p=122576"},"modified":"2024-04-09T14:42:18","modified_gmt":"2024-04-09T12:42:18","slug":"seoul-enregistre-une-baisse-significative-de-37-des-niveaux-de-particules-fines","status":"publish","type":"post","link":"https:\/\/territorialchallenges.com\/es\/2024\/04\/09\/seoul-enregistre-une-baisse-significative-de-37-des-niveaux-de-particules-fines\/122576\/","title":{"rendered":"Se\u00fal registra una ca\u00edda significativa del 37% en los niveles de part\u00edculas finas"},"content":{"rendered":"<p>Los intensos esfuerzos de Se\u00fal para reducir los niveles de polvo fino est\u00e1n dando sus frutos, con una notable disminuci\u00f3n de 37 % desde la implementaci\u00f3n del quinto sistema estacional de gesti\u00f3n de polvo fino. Las autoridades han implementado 16 medidas en cuatro \u00e1reas clave, como transporte y calefacci\u00f3n, se\u00f1alizaci\u00f3n... <\/p>\n<div class=\"pmpro_content_message\">Art\u00edculo disponible s\u00f3lo para suscriptores.<br \/><a href=\"https:\/\/territorialchallenges.com\/wp-login.php\">Acceso<\/a><br \/><a href=\"https:\/\/territorialchallenges.com\/es\/wp-login.php\/?action=register\">Registro<\/a><\/div>","protected":false},"excerpt":{"rendered":"<p>Les efforts intensifs de S\u00e9oul pour r\u00e9duire les niveaux de particules fines portent leurs fruits, avec une baisse marqu\u00e9e de 37 % depuis la mise en \u0153uvre du 5e syst\u00e8me de gestion saisonni\u00e8re des poussi\u00e8res fines. Les autorit\u00e9s ont mis en place 16 mesures dans quatre domaines cl\u00e9s, dont les transports et le chauffage, marquant... <\/p>\n<div class=\"pmpro_content_message\">Art\u00edculo disponible s\u00f3lo para suscriptores.<br \/><a href=\"https:\/\/territorialchallenges.com\/wp-login.php\">Acceso<\/a><br \/><a href=\"https:\/\/territorialchallenges.com\/es\/wp-login.php\/?action=register\">Registro<\/a><\/div>","protected":false},"author":11,"featured_media":122577,"comment_status":"closed","ping_status":"closed","sticky":true,"template":"","format":"standard","meta":{"pmpro_default_level":0,"footnotes":""},"categories":[18,124],"tags":[],"blocksy_meta":"","yoast_head":"<!-- This site is optimized with the Yoast SEO plugin v21.5 - https:\/\/yoast.com\/wordpress\/plugins\/seo\/ -->\n<title>S\u00e9oul enregistre une baisse significative de 37 % des niveaux de particules fines - Territorial Challenges<\/title>\n<meta name=\"robots\" content=\"index, follow, max-snippet:-1, max-image-preview:large, max-video-preview:-1\" \/>\n<link rel=\"canonical\" href=\"https:\/\/territorialchallenges.com\/es\/2024\/04\/09\/seoul-enregistre-une-baisse-significative-de-37-des-niveaux-de-particules-fines\/122576\/\" \/>\n<meta property=\"og:locale\" content=\"es_ES\" \/>\n<meta property=\"og:type\" content=\"article\" \/>\n<meta property=\"og:title\" content=\"S\u00e9oul enregistre une baisse significative de 37 % des niveaux de particules fines - Territorial Challenges\" \/>\n<meta property=\"og:description\" content=\"Les efforts intensifs de S\u00e9oul pour r\u00e9duire les niveaux de particules fines portent leurs fruits, avec une baisse marqu\u00e9e de 37 % depuis la mise en \u0153uvre du 5e syst\u00e8me de gestion saisonni\u00e8re des poussi\u00e8res fines. Les autorit\u00e9s ont mis en place 16 mesures dans quatre domaines cl\u00e9s, dont les transports et le chauffage, marquant [&hellip;]\" \/>\n<meta property=\"og:url\" content=\"https:\/\/territorialchallenges.com\/es\/2024\/04\/09\/seoul-enregistre-une-baisse-significative-de-37-des-niveaux-de-particules-fines\/122576\/\" \/>\n<meta property=\"og:site_name\" content=\"Territorial Challenges\" \/>\n<meta property=\"article:published_time\" content=\"2024-04-09T12:42:17+00:00\" \/>\n<meta property=\"article:modified_time\" content=\"2024-04-09T12:42:18+00:00\" \/>\n<meta property=\"og:image\" content=\"https:\/\/territorialchallenges.com\/wp-content\/uploads\/2024\/04\/seoul.jpg\" \/>\n\t<meta property=\"og:image:width\" content=\"1280\" \/>\n\t<meta property=\"og:image:height\" content=\"853\" \/>\n\t<meta property=\"og:image:type\" content=\"image\/jpeg\" \/>\n<meta name=\"author\" content=\"ni.abdi\" \/>\n<meta name=\"twitter:card\" content=\"summary_large_image\" \/>\n<meta name=\"twitter:creator\" content=\"@Ni.abdi\" \/>\n<meta name=\"twitter:label1\" content=\"Escrito por\" \/>\n\t<meta name=\"twitter:data1\" content=\"ni.abdi\" \/>\n\t<meta name=\"twitter:label2\" content=\"Tiempo de lectura\" \/>\n\t<meta name=\"twitter:data2\" content=\"3 minutos\" \/>\n<script type=\"application\/ld+json\" class=\"yoast-schema-graph\">{\"@context\":\"https:\/\/schema.org\",\"@graph\":[{\"@type\":\"Article\",\"@id\":\"https:\/\/territorialchallenges.com\/2024\/04\/09\/seoul-enregistre-une-baisse-significative-de-37-des-niveaux-de-particules-fines\/122576\/#article\",\"isPartOf\":{\"@id\":\"https:\/\/territorialchallenges.com\/2024\/04\/09\/seoul-enregistre-une-baisse-significative-de-37-des-niveaux-de-particules-fines\/122576\/\"},\"author\":{\"name\":\"ni.abdi\",\"@id\":\"https:\/\/territorialchallenges.com\/#\/schema\/person\/098f145c7c61a021c425e010f840080f\"},\"headline\":\"S\u00e9oul enregistre une baisse significative de 37 % des niveaux de particules fines\",\"datePublished\":\"2024-04-09T12:42:17+00:00\",\"dateModified\":\"2024-04-09T12:42:18+00:00\",\"mainEntityOfPage\":{\"@id\":\"https:\/\/territorialchallenges.com\/2024\/04\/09\/seoul-enregistre-une-baisse-significative-de-37-des-niveaux-de-particules-fines\/122576\/\"},\"wordCount\":581,\"publisher\":{\"@id\":\"https:\/\/territorialchallenges.com\/#organization\"},\"articleSection\":[\"Transition \u00c9nerg\u00e9tique\",\"Actualit\u00e9 internationale\"],\"inLanguage\":\"es\"},{\"@type\":\"WebPage\",\"@id\":\"https:\/\/territorialchallenges.com\/2024\/04\/09\/seoul-enregistre-une-baisse-significative-de-37-des-niveaux-de-particules-fines\/122576\/\",\"url\":\"https:\/\/territorialchallenges.com\/2024\/04\/09\/seoul-enregistre-une-baisse-significative-de-37-des-niveaux-de-particules-fines\/122576\/\",\"name\":\"S\u00e9oul enregistre une baisse significative de 37 % des niveaux de particules fines - Territorial Challenges\",\"isPartOf\":{\"@id\":\"https:\/\/territorialchallenges.com\/#website\"},\"datePublished\":\"2024-04-09T12:42:17+00:00\",\"dateModified\":\"2024-04-09T12:42:18+00:00\",\"breadcrumb\":{\"@id\":\"https:\/\/territorialchallenges.com\/2024\/04\/09\/seoul-enregistre-une-baisse-significative-de-37-des-niveaux-de-particules-fines\/122576\/#breadcrumb\"},\"inLanguage\":\"es\",\"potentialAction\":[{\"@type\":\"ReadAction\",\"target\":[\"https:\/\/territorialchallenges.com\/2024\/04\/09\/seoul-enregistre-une-baisse-significative-de-37-des-niveaux-de-particules-fines\/122576\/\"]}]},{\"@type\":\"BreadcrumbList\",\"@id\":\"https:\/\/territorialchallenges.com\/2024\/04\/09\/seoul-enregistre-une-baisse-significative-de-37-des-niveaux-de-particules-fines\/122576\/#breadcrumb\",\"itemListElement\":[{\"@type\":\"ListItem\",\"position\":1,\"name\":\"Home\",\"item\":\"https:\/\/territorialchallenges.com\/\"},{\"@type\":\"ListItem\",\"position\":2,\"name\":\"S\u00e9oul enregistre une baisse significative de 37 % des niveaux de particules fines\"}]},{\"@type\":\"WebSite\",\"@id\":\"https:\/\/territorialchallenges.com\/#website\",\"url\":\"https:\/\/territorialchallenges.com\/\",\"name\":\"Territorial Challenges\",\"description\":\"Veille Internationale - Strat\u00e9gie Intelligentes - Bonnes pratiques\",\"publisher\":{\"@id\":\"https:\/\/territorialchallenges.com\/#organization\"},\"potentialAction\":[{\"@type\":\"SearchAction\",\"target\":{\"@type\":\"EntryPoint\",\"urlTemplate\":\"https:\/\/territorialchallenges.com\/?s={search_term_string}\"},\"query-input\":\"required name=search_term_string\"}],\"inLanguage\":\"es\"},{\"@type\":\"Organization\",\"@id\":\"https:\/\/territorialchallenges.com\/#organization\",\"name\":\"Territorial Challenges\",\"url\":\"https:\/\/territorialchallenges.com\/\",\"logo\":{\"@type\":\"ImageObject\",\"inLanguage\":\"es\",\"@id\":\"https:\/\/territorialchallenges.com\/#\/schema\/logo\/image\/\",\"url\":\"https:\/\/territorialchallenges.com\/wp-content\/uploads\/2023\/10\/logo-1.png\",\"contentUrl\":\"https:\/\/territorialchallenges.com\/wp-content\/uploads\/2023\/10\/logo-1.png\",\"width\":1832,\"height\":576,\"caption\":\"Territorial Challenges\"},\"image\":{\"@id\":\"https:\/\/territorialchallenges.com\/#\/schema\/logo\/image\/\"}},{\"@type\":\"Person\",\"@id\":\"https:\/\/territorialchallenges.com\/#\/schema\/person\/098f145c7c61a021c425e010f840080f\",\"name\":\"ni.abdi\",\"image\":{\"@type\":\"ImageObject\",\"inLanguage\":\"es\",\"@id\":\"https:\/\/territorialchallenges.com\/#\/schema\/person\/image\/\",\"url\":\"https:\/\/secure.gravatar.com\/avatar\/2a2f2491f3c80039986ba989b1e4b510?s=96&d=identicon&r=g\",\"contentUrl\":\"https:\/\/secure.gravatar.com\/avatar\/2a2f2491f3c80039986ba989b1e4b510?s=96&d=identicon&r=g\",\"caption\":\"ni.abdi\"},\"sameAs\":[\"https:\/\/twitter.com\/Ni.abdi\"],\"url\":\"https:\/\/territorialchallenges.com\/es\/author\/ni-abdi\/\"}]}<\/script>\n<!-- \/ Yoast SEO plugin. -->","yoast_head_json":{"title":"S\u00e9oul enregistre une baisse significative de 37 % des niveaux de particules fines - Territorial Challenges","robots":{"index":"index","follow":"follow","max-snippet":"max-snippet:-1","max-image-preview":"max-image-preview:large","max-video-preview":"max-video-preview:-1"},"canonical":"https:\/\/territorialchallenges.com\/es\/2024\/04\/09\/seoul-enregistre-une-baisse-significative-de-37-des-niveaux-de-particules-fines\/122576\/","og_locale":"es_ES","og_type":"article","og_title":"S\u00e9oul enregistre une baisse significative de 37 % des niveaux de particules fines - Territorial Challenges","og_description":"Les efforts intensifs de S\u00e9oul pour r\u00e9duire les niveaux de particules fines portent leurs fruits, avec une baisse marqu\u00e9e de 37 % depuis la mise en \u0153uvre du 5e syst\u00e8me de gestion saisonni\u00e8re des poussi\u00e8res fines. Les autorit\u00e9s ont mis en place 16 mesures dans quatre domaines cl\u00e9s, dont les transports et le chauffage, marquant [&hellip;]","og_url":"https:\/\/territorialchallenges.com\/es\/2024\/04\/09\/seoul-enregistre-une-baisse-significative-de-37-des-niveaux-de-particules-fines\/122576\/","og_site_name":"Territorial Challenges","article_published_time":"2024-04-09T12:42:17+00:00","article_modified_time":"2024-04-09T12:42:18+00:00","og_image":[{"width":1280,"height":853,"url":"https:\/\/territorialchallenges.com\/wp-content\/uploads\/2024\/04\/seoul.jpg","type":"image\/jpeg"}],"author":"ni.abdi","twitter_card":"summary_large_image","twitter_creator":"@Ni.abdi","twitter_misc":{"Escrito por":"ni.abdi","Tiempo de lectura":"3 minutos"},"schema":{"@context":"https:\/\/schema.org","@graph":[{"@type":"Article","@id":"https:\/\/territorialchallenges.com\/2024\/04\/09\/seoul-enregistre-une-baisse-significative-de-37-des-niveaux-de-particules-fines\/122576\/#article","isPartOf":{"@id":"https:\/\/territorialchallenges.com\/2024\/04\/09\/seoul-enregistre-une-baisse-significative-de-37-des-niveaux-de-particules-fines\/122576\/"},"author":{"name":"ni.abdi","@id":"https:\/\/territorialchallenges.com\/#\/schema\/person\/098f145c7c61a021c425e010f840080f"},"headline":"S\u00e9oul enregistre une baisse significative de 37 % des niveaux de particules fines","datePublished":"2024-04-09T12:42:17+00:00","dateModified":"2024-04-09T12:42:18+00:00","mainEntityOfPage":{"@id":"https:\/\/territorialchallenges.com\/2024\/04\/09\/seoul-enregistre-une-baisse-significative-de-37-des-niveaux-de-particules-fines\/122576\/"},"wordCount":581,"publisher":{"@id":"https:\/\/territorialchallenges.com\/#organization"},"articleSection":["Transition \u00c9nerg\u00e9tique","Actualit\u00e9 internationale"],"inLanguage":"es"},{"@type":"WebPage","@id":"https:\/\/territorialchallenges.com\/2024\/04\/09\/seoul-enregistre-une-baisse-significative-de-37-des-niveaux-de-particules-fines\/122576\/","url":"https:\/\/territorialchallenges.com\/2024\/04\/09\/seoul-enregistre-une-baisse-significative-de-37-des-niveaux-de-particules-fines\/122576\/","name":"S\u00e9oul enregistre une baisse significative de 37 % des niveaux de particules fines - Territorial Challenges","isPartOf":{"@id":"https:\/\/territorialchallenges.com\/#website"},"datePublished":"2024-04-09T12:42:17+00:00","dateModified":"2024-04-09T12:42:18+00:00","breadcrumb":{"@id":"https:\/\/territorialchallenges.com\/2024\/04\/09\/seoul-enregistre-une-baisse-significative-de-37-des-niveaux-de-particules-fines\/122576\/#breadcrumb"},"inLanguage":"es","potentialAction":[{"@type":"ReadAction","target":["https:\/\/territorialchallenges.com\/2024\/04\/09\/seoul-enregistre-une-baisse-significative-de-37-des-niveaux-de-particules-fines\/122576\/"]}]},{"@type":"BreadcrumbList","@id":"https:\/\/territorialchallenges.com\/2024\/04\/09\/seoul-enregistre-une-baisse-significative-de-37-des-niveaux-de-particules-fines\/122576\/#breadcrumb","itemListElement":[{"@type":"ListItem","position":1,"name":"Home","item":"https:\/\/territorialchallenges.com\/"},{"@type":"ListItem","position":2,"name":"S\u00e9oul enregistre une baisse significative de 37 % des niveaux de particules fines"}]},{"@type":"WebSite","@id":"https:\/\/territorialchallenges.com\/#website","url":"https:\/\/territorialchallenges.com\/","name":"Desaf\u00edos territoriales","description":"Monitoreo Internacional - Estrategias Inteligentes - Mejores Pr\u00e1cticas","publisher":{"@id":"https:\/\/territorialchallenges.com\/#organization"},"potentialAction":[{"@type":"SearchAction","target":{"@type":"EntryPoint","urlTemplate":"https:\/\/territorialchallenges.com\/?s={search_term_string}"},"query-input":"required name=search_term_string"}],"inLanguage":"es"},{"@type":"Organization","@id":"https:\/\/territorialchallenges.com\/#organization","name":"Desaf\u00edos territoriales","url":"https:\/\/territorialchallenges.com\/","logo":{"@type":"ImageObject","inLanguage":"es","@id":"https:\/\/territorialchallenges.com\/#\/schema\/logo\/image\/","url":"https:\/\/territorialchallenges.com\/wp-content\/uploads\/2023\/10\/logo-1.png","contentUrl":"https:\/\/territorialchallenges.com\/wp-content\/uploads\/2023\/10\/logo-1.png","width":1832,"height":576,"caption":"Territorial Challenges"},"image":{"@id":"https:\/\/territorialchallenges.com\/#\/schema\/logo\/image\/"}},{"@type":"Person","@id":"https:\/\/territorialchallenges.com\/#\/schema\/person\/098f145c7c61a021c425e010f840080f","name":"ni.abdi","image":{"@type":"ImageObject","inLanguage":"es","@id":"https:\/\/territorialchallenges.com\/#\/schema\/person\/image\/","url":"https:\/\/secure.gravatar.com\/avatar\/2a2f2491f3c80039986ba989b1e4b510?s=96&d=identicon&r=g","contentUrl":"https:\/\/secure.gravatar.com\/avatar\/2a2f2491f3c80039986ba989b1e4b510?s=96&d=identicon&r=g","caption":"ni.abdi"},"sameAs":["https:\/\/twitter.com\/Ni.abdi"],"url":"https:\/\/territorialchallenges.com\/es\/author\/ni-abdi\/"}]}},"_links":{"self":[{"href":"https:\/\/territorialchallenges.com\/es\/wp-json\/wp\/v2\/posts\/122576"}],"collection":[{"href":"https:\/\/territorialchallenges.com\/es\/wp-json\/wp\/v2\/posts"}],"about":[{"href":"https:\/\/territorialchallenges.com\/es\/wp-json\/wp\/v2\/types\/post"}],"author":[{"embeddable":true,"href":"https:\/\/territorialchallenges.com\/es\/wp-json\/wp\/v2\/users\/11"}],"replies":[{"embeddable":true,"href":"https:\/\/territorialchallenges.com\/es\/wp-json\/wp\/v2\/comments?post=122576"}],"version-history":[{"count":1,"href":"https:\/\/territorialchallenges.com\/es\/wp-json\/wp\/v2\/posts\/122576\/revisions"}],"predecessor-version":[{"id":122578,"href":"https:\/\/territorialchallenges.com\/es\/wp-json\/wp\/v2\/posts\/122576\/revisions\/122578"}],"wp:featuredmedia":[{"embeddable":true,"href":"https:\/\/territorialchallenges.com\/es\/wp-json\/wp\/v2\/media\/122577"}],"wp:attachment":[{"href":"https:\/\/territorialchallenges.com\/es\/wp-json\/wp\/v2\/media?parent=122576"}],"wp:term":[{"taxonomy":"category","embeddable":true,"href":"https:\/\/territorialchallenges.com\/es\/wp-json\/wp\/v2\/categories?post=122576"},{"taxonomy":"post_tag","embeddable":true,"href":"https:\/\/territorialchallenges.com\/es\/wp-json\/wp\/v2\/tags?post=122576"}],"curies":[{"name":"gracias","href":"https:\/\/api.w.org\/{rel}","templated":true}]}}