{"id":122507,"date":"2024-03-25T19:32:49","date_gmt":"2024-03-25T18:32:49","guid":{"rendered":"https:\/\/territorialchallenges.com\/?p=122507"},"modified":"2024-03-25T19:32:50","modified_gmt":"2024-03-25T18:32:50","slug":"la-bataille-des-data-centers-entre-developpement-economique-et-preservation-environnementale","status":"publish","type":"post","link":"https:\/\/territorialchallenges.com\/es\/2024\/03\/25\/la-bataille-des-data-centers-entre-developpement-economique-et-preservation-environnementale\/122507\/","title":{"rendered":"La batalla de los centros de datos: entre el desarrollo econ\u00f3mico y la preservaci\u00f3n del medio ambiente"},"content":{"rendered":"<p>La reciente saga en torno al centro de datos propuesto por Google en Cerrillos, cerca de Santiago de Chile, ha puesto de relieve las crecientes tensiones entre el desarrollo econ\u00f3mico digital y la conservaci\u00f3n del medio ambiente. Con una colosal inversi\u00f3n de 200 millones de d\u00f3lares en juego, el proyecto promet\u00eda impulsar... <\/p>\n<div class=\"pmpro_content_message\">Art\u00edculo disponible s\u00f3lo para suscriptores.<br \/><a href=\"https:\/\/territorialchallenges.com\/wp-login.php\">Acceso<\/a><br \/><a href=\"https:\/\/territorialchallenges.com\/es\/wp-login.php\/?action=register\">Registro<\/a><\/div>","protected":false},"excerpt":{"rendered":"<p>La r\u00e9cente saga entourant le projet de construction d&rsquo;un centre de donn\u00e9es de Google \u00e0 Cerrillos, dans la r\u00e9gion de Santiago au Chili, a mis en lumi\u00e8re les tensions croissantes entre le d\u00e9veloppement \u00e9conomique num\u00e9rique et la pr\u00e9servation environnementale. Avec un investissement colossal de 200 millions de dollars en jeu, ce projet promettait de stimuler... <\/p>\n<div class=\"pmpro_content_message\">Art\u00edculo disponible s\u00f3lo para suscriptores.<br \/><a href=\"https:\/\/territorialchallenges.com\/wp-login.php\">Acceso<\/a><br \/><a href=\"https:\/\/territorialchallenges.com\/es\/wp-login.php\/?action=register\">Registro<\/a><\/div>","protected":false},"author":11,"featured_media":122508,"comment_status":"closed","ping_status":"closed","sticky":true,"template":"","format":"standard","meta":{"pmpro_default_level":0,"footnotes":""},"categories":[130,117],"tags":[],"blocksy_meta":"","yoast_head":"<!-- This site is optimized with the Yoast SEO plugin v21.5 - https:\/\/yoast.com\/wordpress\/plugins\/seo\/ -->\n<title>La bataille des data centers : entre d\u00e9veloppement \u00e9conomique et pr\u00e9servation environnementale - Territorial Challenges<\/title>\n<meta name=\"robots\" content=\"index, follow, max-snippet:-1, max-image-preview:large, max-video-preview:-1\" \/>\n<link rel=\"canonical\" href=\"https:\/\/territorialchallenges.com\/es\/2024\/03\/25\/la-bataille-des-data-centers-entre-developpement-economique-et-preservation-environnementale\/122507\/\" \/>\n<meta property=\"og:locale\" content=\"es_ES\" \/>\n<meta property=\"og:type\" content=\"article\" \/>\n<meta property=\"og:title\" content=\"La bataille des data centers : entre d\u00e9veloppement \u00e9conomique et pr\u00e9servation environnementale - Territorial Challenges\" \/>\n<meta property=\"og:description\" content=\"La r\u00e9cente saga entourant le projet de construction d&rsquo;un centre de donn\u00e9es de Google \u00e0 Cerrillos, dans la r\u00e9gion de Santiago au Chili, a mis en lumi\u00e8re les tensions croissantes entre le d\u00e9veloppement \u00e9conomique num\u00e9rique et la pr\u00e9servation environnementale. Avec un investissement colossal de 200 millions de dollars en jeu, ce projet promettait de stimuler [&hellip;]\" \/>\n<meta property=\"og:url\" content=\"https:\/\/territorialchallenges.com\/es\/2024\/03\/25\/la-bataille-des-data-centers-entre-developpement-economique-et-preservation-environnementale\/122507\/\" \/>\n<meta property=\"og:site_name\" content=\"Territorial Challenges\" \/>\n<meta property=\"article:published_time\" content=\"2024-03-25T18:32:49+00:00\" \/>\n<meta property=\"article:modified_time\" content=\"2024-03-25T18:32:50+00:00\" \/>\n<meta property=\"og:image\" content=\"https:\/\/territorialchallenges.com\/wp-content\/uploads\/2024\/03\/reflexionfaiteeauCerrillos.jpg\" \/>\n\t<meta property=\"og:image:width\" content=\"1280\" \/>\n\t<meta property=\"og:image:height\" content=\"849\" \/>\n\t<meta property=\"og:image:type\" content=\"image\/jpeg\" \/>\n<meta name=\"author\" content=\"ni.abdi\" \/>\n<meta name=\"twitter:card\" content=\"summary_large_image\" \/>\n<meta name=\"twitter:creator\" content=\"@Ni.abdi\" \/>\n<meta name=\"twitter:label1\" content=\"Escrito por\" \/>\n\t<meta name=\"twitter:data1\" content=\"ni.abdi\" \/>\n\t<meta name=\"twitter:label2\" content=\"Tiempo de lectura\" \/>\n\t<meta name=\"twitter:data2\" content=\"3 minutos\" \/>\n<script type=\"application\/ld+json\" class=\"yoast-schema-graph\">{\"@context\":\"https:\/\/schema.org\",\"@graph\":[{\"@type\":\"Article\",\"@id\":\"https:\/\/territorialchallenges.com\/2024\/03\/25\/la-bataille-des-data-centers-entre-developpement-economique-et-preservation-environnementale\/122507\/#article\",\"isPartOf\":{\"@id\":\"https:\/\/territorialchallenges.com\/2024\/03\/25\/la-bataille-des-data-centers-entre-developpement-economique-et-preservation-environnementale\/122507\/\"},\"author\":{\"name\":\"ni.abdi\",\"@id\":\"https:\/\/territorialchallenges.com\/#\/schema\/person\/098f145c7c61a021c425e010f840080f\"},\"headline\":\"La bataille des data centers : entre d\u00e9veloppement \u00e9conomique et pr\u00e9servation environnementale\",\"datePublished\":\"2024-03-25T18:32:49+00:00\",\"dateModified\":\"2024-03-25T18:32:50+00:00\",\"mainEntityOfPage\":{\"@id\":\"https:\/\/territorialchallenges.com\/2024\/03\/25\/la-bataille-des-data-centers-entre-developpement-economique-et-preservation-environnementale\/122507\/\"},\"wordCount\":534,\"publisher\":{\"@id\":\"https:\/\/territorialchallenges.com\/#organization\"},\"articleSection\":[\"R\u00e9flexion faite\",\"\u00c9cosyst\u00e8me\"],\"inLanguage\":\"es\"},{\"@type\":\"WebPage\",\"@id\":\"https:\/\/territorialchallenges.com\/2024\/03\/25\/la-bataille-des-data-centers-entre-developpement-economique-et-preservation-environnementale\/122507\/\",\"url\":\"https:\/\/territorialchallenges.com\/2024\/03\/25\/la-bataille-des-data-centers-entre-developpement-economique-et-preservation-environnementale\/122507\/\",\"name\":\"La bataille des data centers : entre d\u00e9veloppement \u00e9conomique et pr\u00e9servation environnementale - Territorial Challenges\",\"isPartOf\":{\"@id\":\"https:\/\/territorialchallenges.com\/#website\"},\"datePublished\":\"2024-03-25T18:32:49+00:00\",\"dateModified\":\"2024-03-25T18:32:50+00:00\",\"breadcrumb\":{\"@id\":\"https:\/\/territorialchallenges.com\/2024\/03\/25\/la-bataille-des-data-centers-entre-developpement-economique-et-preservation-environnementale\/122507\/#breadcrumb\"},\"inLanguage\":\"es\",\"potentialAction\":[{\"@type\":\"ReadAction\",\"target\":[\"https:\/\/territorialchallenges.com\/2024\/03\/25\/la-bataille-des-data-centers-entre-developpement-economique-et-preservation-environnementale\/122507\/\"]}]},{\"@type\":\"BreadcrumbList\",\"@id\":\"https:\/\/territorialchallenges.com\/2024\/03\/25\/la-bataille-des-data-centers-entre-developpement-economique-et-preservation-environnementale\/122507\/#breadcrumb\",\"itemListElement\":[{\"@type\":\"ListItem\",\"position\":1,\"name\":\"Home\",\"item\":\"https:\/\/territorialchallenges.com\/\"},{\"@type\":\"ListItem\",\"position\":2,\"name\":\"La bataille des data centers : entre d\u00e9veloppement \u00e9conomique et pr\u00e9servation environnementale\"}]},{\"@type\":\"WebSite\",\"@id\":\"https:\/\/territorialchallenges.com\/#website\",\"url\":\"https:\/\/territorialchallenges.com\/\",\"name\":\"Territorial Challenges\",\"description\":\"Veille Internationale - Strat\u00e9gie Intelligentes - Bonnes pratiques\",\"publisher\":{\"@id\":\"https:\/\/territorialchallenges.com\/#organization\"},\"potentialAction\":[{\"@type\":\"SearchAction\",\"target\":{\"@type\":\"EntryPoint\",\"urlTemplate\":\"https:\/\/territorialchallenges.com\/?s={search_term_string}\"},\"query-input\":\"required name=search_term_string\"}],\"inLanguage\":\"es\"},{\"@type\":\"Organization\",\"@id\":\"https:\/\/territorialchallenges.com\/#organization\",\"name\":\"Territorial Challenges\",\"url\":\"https:\/\/territorialchallenges.com\/\",\"logo\":{\"@type\":\"ImageObject\",\"inLanguage\":\"es\",\"@id\":\"https:\/\/territorialchallenges.com\/#\/schema\/logo\/image\/\",\"url\":\"https:\/\/territorialchallenges.com\/wp-content\/uploads\/2023\/10\/logo-1.png\",\"contentUrl\":\"https:\/\/territorialchallenges.com\/wp-content\/uploads\/2023\/10\/logo-1.png\",\"width\":1832,\"height\":576,\"caption\":\"Territorial Challenges\"},\"image\":{\"@id\":\"https:\/\/territorialchallenges.com\/#\/schema\/logo\/image\/\"}},{\"@type\":\"Person\",\"@id\":\"https:\/\/territorialchallenges.com\/#\/schema\/person\/098f145c7c61a021c425e010f840080f\",\"name\":\"ni.abdi\",\"image\":{\"@type\":\"ImageObject\",\"inLanguage\":\"es\",\"@id\":\"https:\/\/territorialchallenges.com\/#\/schema\/person\/image\/\",\"url\":\"https:\/\/secure.gravatar.com\/avatar\/2a2f2491f3c80039986ba989b1e4b510?s=96&d=identicon&r=g\",\"contentUrl\":\"https:\/\/secure.gravatar.com\/avatar\/2a2f2491f3c80039986ba989b1e4b510?s=96&d=identicon&r=g\",\"caption\":\"ni.abdi\"},\"sameAs\":[\"https:\/\/twitter.com\/Ni.abdi\"],\"url\":\"https:\/\/territorialchallenges.com\/es\/author\/ni-abdi\/\"}]}<\/script>\n<!-- \/ Yoast SEO plugin. -->","yoast_head_json":{"title":"La bataille des data centers : entre d\u00e9veloppement \u00e9conomique et pr\u00e9servation environnementale - Territorial Challenges","robots":{"index":"index","follow":"follow","max-snippet":"max-snippet:-1","max-image-preview":"max-image-preview:large","max-video-preview":"max-video-preview:-1"},"canonical":"https:\/\/territorialchallenges.com\/es\/2024\/03\/25\/la-bataille-des-data-centers-entre-developpement-economique-et-preservation-environnementale\/122507\/","og_locale":"es_ES","og_type":"article","og_title":"La bataille des data centers : entre d\u00e9veloppement \u00e9conomique et pr\u00e9servation environnementale - Territorial Challenges","og_description":"La r\u00e9cente saga entourant le projet de construction d&rsquo;un centre de donn\u00e9es de Google \u00e0 Cerrillos, dans la r\u00e9gion de Santiago au Chili, a mis en lumi\u00e8re les tensions croissantes entre le d\u00e9veloppement \u00e9conomique num\u00e9rique et la pr\u00e9servation environnementale. Avec un investissement colossal de 200 millions de dollars en jeu, ce projet promettait de stimuler [&hellip;]","og_url":"https:\/\/territorialchallenges.com\/es\/2024\/03\/25\/la-bataille-des-data-centers-entre-developpement-economique-et-preservation-environnementale\/122507\/","og_site_name":"Territorial Challenges","article_published_time":"2024-03-25T18:32:49+00:00","article_modified_time":"2024-03-25T18:32:50+00:00","og_image":[{"width":1280,"height":849,"url":"https:\/\/territorialchallenges.com\/wp-content\/uploads\/2024\/03\/reflexionfaiteeauCerrillos.jpg","type":"image\/jpeg"}],"author":"ni.abdi","twitter_card":"summary_large_image","twitter_creator":"@Ni.abdi","twitter_misc":{"Escrito por":"ni.abdi","Tiempo de lectura":"3 minutos"},"schema":{"@context":"https:\/\/schema.org","@graph":[{"@type":"Article","@id":"https:\/\/territorialchallenges.com\/2024\/03\/25\/la-bataille-des-data-centers-entre-developpement-economique-et-preservation-environnementale\/122507\/#article","isPartOf":{"@id":"https:\/\/territorialchallenges.com\/2024\/03\/25\/la-bataille-des-data-centers-entre-developpement-economique-et-preservation-environnementale\/122507\/"},"author":{"name":"ni.abdi","@id":"https:\/\/territorialchallenges.com\/#\/schema\/person\/098f145c7c61a021c425e010f840080f"},"headline":"La bataille des data centers : entre d\u00e9veloppement \u00e9conomique et pr\u00e9servation environnementale","datePublished":"2024-03-25T18:32:49+00:00","dateModified":"2024-03-25T18:32:50+00:00","mainEntityOfPage":{"@id":"https:\/\/territorialchallenges.com\/2024\/03\/25\/la-bataille-des-data-centers-entre-developpement-economique-et-preservation-environnementale\/122507\/"},"wordCount":534,"publisher":{"@id":"https:\/\/territorialchallenges.com\/#organization"},"articleSection":["R\u00e9flexion faite","\u00c9cosyst\u00e8me"],"inLanguage":"es"},{"@type":"WebPage","@id":"https:\/\/territorialchallenges.com\/2024\/03\/25\/la-bataille-des-data-centers-entre-developpement-economique-et-preservation-environnementale\/122507\/","url":"https:\/\/territorialchallenges.com\/2024\/03\/25\/la-bataille-des-data-centers-entre-developpement-economique-et-preservation-environnementale\/122507\/","name":"La bataille des data centers : entre d\u00e9veloppement \u00e9conomique et pr\u00e9servation environnementale - Territorial Challenges","isPartOf":{"@id":"https:\/\/territorialchallenges.com\/#website"},"datePublished":"2024-03-25T18:32:49+00:00","dateModified":"2024-03-25T18:32:50+00:00","breadcrumb":{"@id":"https:\/\/territorialchallenges.com\/2024\/03\/25\/la-bataille-des-data-centers-entre-developpement-economique-et-preservation-environnementale\/122507\/#breadcrumb"},"inLanguage":"es","potentialAction":[{"@type":"ReadAction","target":["https:\/\/territorialchallenges.com\/2024\/03\/25\/la-bataille-des-data-centers-entre-developpement-economique-et-preservation-environnementale\/122507\/"]}]},{"@type":"BreadcrumbList","@id":"https:\/\/territorialchallenges.com\/2024\/03\/25\/la-bataille-des-data-centers-entre-developpement-economique-et-preservation-environnementale\/122507\/#breadcrumb","itemListElement":[{"@type":"ListItem","position":1,"name":"Home","item":"https:\/\/territorialchallenges.com\/"},{"@type":"ListItem","position":2,"name":"La bataille des data centers : entre d\u00e9veloppement \u00e9conomique et pr\u00e9servation environnementale"}]},{"@type":"WebSite","@id":"https:\/\/territorialchallenges.com\/#website","url":"https:\/\/territorialchallenges.com\/","name":"Desaf\u00edos territoriales","description":"Monitoreo Internacional - Estrategias Inteligentes - Mejores Pr\u00e1cticas","publisher":{"@id":"https:\/\/territorialchallenges.com\/#organization"},"potentialAction":[{"@type":"SearchAction","target":{"@type":"EntryPoint","urlTemplate":"https:\/\/territorialchallenges.com\/?s={search_term_string}"},"query-input":"required name=search_term_string"}],"inLanguage":"es"},{"@type":"Organization","@id":"https:\/\/territorialchallenges.com\/#organization","name":"Desaf\u00edos territoriales","url":"https:\/\/territorialchallenges.com\/","logo":{"@type":"ImageObject","inLanguage":"es","@id":"https:\/\/territorialchallenges.com\/#\/schema\/logo\/image\/","url":"https:\/\/territorialchallenges.com\/wp-content\/uploads\/2023\/10\/logo-1.png","contentUrl":"https:\/\/territorialchallenges.com\/wp-content\/uploads\/2023\/10\/logo-1.png","width":1832,"height":576,"caption":"Territorial Challenges"},"image":{"@id":"https:\/\/territorialchallenges.com\/#\/schema\/logo\/image\/"}},{"@type":"Person","@id":"https:\/\/territorialchallenges.com\/#\/schema\/person\/098f145c7c61a021c425e010f840080f","name":"ni.abdi","image":{"@type":"ImageObject","inLanguage":"es","@id":"https:\/\/territorialchallenges.com\/#\/schema\/person\/image\/","url":"https:\/\/secure.gravatar.com\/avatar\/2a2f2491f3c80039986ba989b1e4b510?s=96&d=identicon&r=g","contentUrl":"https:\/\/secure.gravatar.com\/avatar\/2a2f2491f3c80039986ba989b1e4b510?s=96&d=identicon&r=g","caption":"ni.abdi"},"sameAs":["https:\/\/twitter.com\/Ni.abdi"],"url":"https:\/\/territorialchallenges.com\/es\/author\/ni-abdi\/"}]}},"_links":{"self":[{"href":"https:\/\/territorialchallenges.com\/es\/wp-json\/wp\/v2\/posts\/122507"}],"collection":[{"href":"https:\/\/territorialchallenges.com\/es\/wp-json\/wp\/v2\/posts"}],"about":[{"href":"https:\/\/territorialchallenges.com\/es\/wp-json\/wp\/v2\/types\/post"}],"author":[{"embeddable":true,"href":"https:\/\/territorialchallenges.com\/es\/wp-json\/wp\/v2\/users\/11"}],"replies":[{"embeddable":true,"href":"https:\/\/territorialchallenges.com\/es\/wp-json\/wp\/v2\/comments?post=122507"}],"version-history":[{"count":1,"href":"https:\/\/territorialchallenges.com\/es\/wp-json\/wp\/v2\/posts\/122507\/revisions"}],"predecessor-version":[{"id":122509,"href":"https:\/\/territorialchallenges.com\/es\/wp-json\/wp\/v2\/posts\/122507\/revisions\/122509"}],"wp:featuredmedia":[{"embeddable":true,"href":"https:\/\/territorialchallenges.com\/es\/wp-json\/wp\/v2\/media\/122508"}],"wp:attachment":[{"href":"https:\/\/territorialchallenges.com\/es\/wp-json\/wp\/v2\/media?parent=122507"}],"wp:term":[{"taxonomy":"category","embeddable":true,"href":"https:\/\/territorialchallenges.com\/es\/wp-json\/wp\/v2\/categories?post=122507"},{"taxonomy":"post_tag","embeddable":true,"href":"https:\/\/territorialchallenges.com\/es\/wp-json\/wp\/v2\/tags?post=122507"}],"curies":[{"name":"gracias","href":"https:\/\/api.w.org\/{rel}","templated":true}]}}