{"id":122501,"date":"2024-03-25T19:27:40","date_gmt":"2024-03-25T18:27:40","guid":{"rendered":"https:\/\/territorialchallenges.com\/?p=122501"},"modified":"2024-03-25T19:27:41","modified_gmt":"2024-03-25T18:27:41","slug":"suisse-thun-en-route-vers-une-ville-intelligente-et-ecologique","status":"publish","type":"post","link":"https:\/\/territorialchallenges.com\/es\/2024\/03\/25\/suisse-thun-en-route-vers-une-ville-intelligente-et-ecologique\/122501\/","title":{"rendered":"Suiza: Thun en camino de convertirse en una ciudad inteligente y ecol\u00f3gica"},"content":{"rendered":"<p>La ciudad de Thun, enclavada en el coraz\u00f3n de la Suiza germanoparlante, est\u00e1 firmemente comprometida con convertirse en una ciudad inteligente. Con la reciente adopci\u00f3n de su declaraci\u00f3n de misi\u00f3n de Ciudad Inteligente, Thun se posiciona como un modelo de transformaci\u00f3n digital y sostenibilidad. Con un enfoque en el cambio clim\u00e1tico, el municipio est\u00e1 integrando tecnolog\u00eda para\u2026 <\/p>\n<div class=\"pmpro_content_message\">Art\u00edculo disponible s\u00f3lo para suscriptores.<br \/><a href=\"https:\/\/territorialchallenges.com\/wp-login.php\">Acceso<\/a><br \/><a href=\"https:\/\/territorialchallenges.com\/es\/wp-login.php\/?action=register\">Registro<\/a><\/div>","protected":false},"excerpt":{"rendered":"<p>La ville de Thun, nich\u00e9e au c\u0153ur de la Suisse allemande, s&rsquo;engage fermement sur la voie de la smart city. \u00c0 travers l&rsquo;adoption r\u00e9cente de sa d\u00e9claration de mission Smart City, Thun se positionne comme un mod\u00e8le de transformation num\u00e9rique et de durabilit\u00e9. En mettant l&rsquo;accent sur le climat, la municipalit\u00e9 int\u00e8gre la technologie pour... <\/p>\n<div class=\"pmpro_content_message\">Art\u00edculo disponible s\u00f3lo para suscriptores.<br \/><a href=\"https:\/\/territorialchallenges.com\/wp-login.php\">Acceso<\/a><br \/><a href=\"https:\/\/territorialchallenges.com\/es\/wp-login.php\/?action=register\">Registro<\/a><\/div>","protected":false},"author":11,"featured_media":122502,"comment_status":"closed","ping_status":"closed","sticky":true,"template":"","format":"standard","meta":{"pmpro_default_level":0,"footnotes":""},"categories":[120,117],"tags":[],"blocksy_meta":"","yoast_head":"<!-- This site is optimized with the Yoast SEO plugin v21.5 - https:\/\/yoast.com\/wordpress\/plugins\/seo\/ -->\n<title>Suisse\u00a0: Thun en route vers une ville intelligente et \u00e9cologique - Territorial Challenges<\/title>\n<meta name=\"robots\" content=\"index, follow, max-snippet:-1, max-image-preview:large, max-video-preview:-1\" \/>\n<link rel=\"canonical\" href=\"https:\/\/territorialchallenges.com\/es\/2024\/03\/25\/suisse-thun-en-route-vers-une-ville-intelligente-et-ecologique\/122501\/\" \/>\n<meta property=\"og:locale\" content=\"es_ES\" \/>\n<meta property=\"og:type\" content=\"article\" \/>\n<meta property=\"og:title\" content=\"Suisse\u00a0: Thun en route vers une ville intelligente et \u00e9cologique - Territorial Challenges\" \/>\n<meta property=\"og:description\" content=\"La ville de Thun, nich\u00e9e au c\u0153ur de la Suisse allemande, s&rsquo;engage fermement sur la voie de la smart city. \u00c0 travers l&rsquo;adoption r\u00e9cente de sa d\u00e9claration de mission Smart City, Thun se positionne comme un mod\u00e8le de transformation num\u00e9rique et de durabilit\u00e9. En mettant l&rsquo;accent sur le climat, la municipalit\u00e9 int\u00e8gre la technologie pour [&hellip;]\" \/>\n<meta property=\"og:url\" content=\"https:\/\/territorialchallenges.com\/es\/2024\/03\/25\/suisse-thun-en-route-vers-une-ville-intelligente-et-ecologique\/122501\/\" \/>\n<meta property=\"og:site_name\" content=\"Territorial Challenges\" \/>\n<meta property=\"article:published_time\" content=\"2024-03-25T18:27:40+00:00\" \/>\n<meta property=\"article:modified_time\" content=\"2024-03-25T18:27:41+00:00\" \/>\n<meta property=\"og:image\" content=\"https:\/\/territorialchallenges.com\/wp-content\/uploads\/2024\/03\/IlsestpasseaThunPhoto.jpg\" \/>\n\t<meta property=\"og:image:width\" content=\"1280\" \/>\n\t<meta property=\"og:image:height\" content=\"854\" \/>\n\t<meta property=\"og:image:type\" content=\"image\/jpeg\" \/>\n<meta name=\"author\" content=\"ni.abdi\" \/>\n<meta name=\"twitter:card\" content=\"summary_large_image\" \/>\n<meta name=\"twitter:creator\" content=\"@Ni.abdi\" \/>\n<meta name=\"twitter:label1\" content=\"Escrito por\" \/>\n\t<meta name=\"twitter:data1\" content=\"ni.abdi\" \/>\n\t<meta name=\"twitter:label2\" content=\"Tiempo de lectura\" \/>\n\t<meta name=\"twitter:data2\" content=\"3 minutos\" \/>\n<script type=\"application\/ld+json\" class=\"yoast-schema-graph\">{\"@context\":\"https:\/\/schema.org\",\"@graph\":[{\"@type\":\"Article\",\"@id\":\"https:\/\/territorialchallenges.com\/2024\/03\/25\/suisse-thun-en-route-vers-une-ville-intelligente-et-ecologique\/122501\/#article\",\"isPartOf\":{\"@id\":\"https:\/\/territorialchallenges.com\/2024\/03\/25\/suisse-thun-en-route-vers-une-ville-intelligente-et-ecologique\/122501\/\"},\"author\":{\"name\":\"ni.abdi\",\"@id\":\"https:\/\/territorialchallenges.com\/#\/schema\/person\/098f145c7c61a021c425e010f840080f\"},\"headline\":\"Suisse\u00a0: Thun en route vers une ville intelligente et \u00e9cologique\",\"datePublished\":\"2024-03-25T18:27:40+00:00\",\"dateModified\":\"2024-03-25T18:27:41+00:00\",\"mainEntityOfPage\":{\"@id\":\"https:\/\/territorialchallenges.com\/2024\/03\/25\/suisse-thun-en-route-vers-une-ville-intelligente-et-ecologique\/122501\/\"},\"wordCount\":643,\"publisher\":{\"@id\":\"https:\/\/territorialchallenges.com\/#organization\"},\"articleSection\":[\"Il s'est pass\u00e9 \u00e0\",\"\u00c9cosyst\u00e8me\"],\"inLanguage\":\"es\"},{\"@type\":\"WebPage\",\"@id\":\"https:\/\/territorialchallenges.com\/2024\/03\/25\/suisse-thun-en-route-vers-une-ville-intelligente-et-ecologique\/122501\/\",\"url\":\"https:\/\/territorialchallenges.com\/2024\/03\/25\/suisse-thun-en-route-vers-une-ville-intelligente-et-ecologique\/122501\/\",\"name\":\"Suisse\u00a0: Thun en route vers une ville intelligente et \u00e9cologique - Territorial Challenges\",\"isPartOf\":{\"@id\":\"https:\/\/territorialchallenges.com\/#website\"},\"datePublished\":\"2024-03-25T18:27:40+00:00\",\"dateModified\":\"2024-03-25T18:27:41+00:00\",\"breadcrumb\":{\"@id\":\"https:\/\/territorialchallenges.com\/2024\/03\/25\/suisse-thun-en-route-vers-une-ville-intelligente-et-ecologique\/122501\/#breadcrumb\"},\"inLanguage\":\"es\",\"potentialAction\":[{\"@type\":\"ReadAction\",\"target\":[\"https:\/\/territorialchallenges.com\/2024\/03\/25\/suisse-thun-en-route-vers-une-ville-intelligente-et-ecologique\/122501\/\"]}]},{\"@type\":\"BreadcrumbList\",\"@id\":\"https:\/\/territorialchallenges.com\/2024\/03\/25\/suisse-thun-en-route-vers-une-ville-intelligente-et-ecologique\/122501\/#breadcrumb\",\"itemListElement\":[{\"@type\":\"ListItem\",\"position\":1,\"name\":\"Home\",\"item\":\"https:\/\/territorialchallenges.com\/\"},{\"@type\":\"ListItem\",\"position\":2,\"name\":\"Suisse\u00a0: Thun en route vers une ville intelligente et \u00e9cologique\"}]},{\"@type\":\"WebSite\",\"@id\":\"https:\/\/territorialchallenges.com\/#website\",\"url\":\"https:\/\/territorialchallenges.com\/\",\"name\":\"Territorial Challenges\",\"description\":\"Veille Internationale - Strat\u00e9gie Intelligentes - Bonnes pratiques\",\"publisher\":{\"@id\":\"https:\/\/territorialchallenges.com\/#organization\"},\"potentialAction\":[{\"@type\":\"SearchAction\",\"target\":{\"@type\":\"EntryPoint\",\"urlTemplate\":\"https:\/\/territorialchallenges.com\/?s={search_term_string}\"},\"query-input\":\"required name=search_term_string\"}],\"inLanguage\":\"es\"},{\"@type\":\"Organization\",\"@id\":\"https:\/\/territorialchallenges.com\/#organization\",\"name\":\"Territorial Challenges\",\"url\":\"https:\/\/territorialchallenges.com\/\",\"logo\":{\"@type\":\"ImageObject\",\"inLanguage\":\"es\",\"@id\":\"https:\/\/territorialchallenges.com\/#\/schema\/logo\/image\/\",\"url\":\"https:\/\/territorialchallenges.com\/wp-content\/uploads\/2023\/10\/logo-1.png\",\"contentUrl\":\"https:\/\/territorialchallenges.com\/wp-content\/uploads\/2023\/10\/logo-1.png\",\"width\":1832,\"height\":576,\"caption\":\"Territorial Challenges\"},\"image\":{\"@id\":\"https:\/\/territorialchallenges.com\/#\/schema\/logo\/image\/\"}},{\"@type\":\"Person\",\"@id\":\"https:\/\/territorialchallenges.com\/#\/schema\/person\/098f145c7c61a021c425e010f840080f\",\"name\":\"ni.abdi\",\"image\":{\"@type\":\"ImageObject\",\"inLanguage\":\"es\",\"@id\":\"https:\/\/territorialchallenges.com\/#\/schema\/person\/image\/\",\"url\":\"https:\/\/secure.gravatar.com\/avatar\/2a2f2491f3c80039986ba989b1e4b510?s=96&d=identicon&r=g\",\"contentUrl\":\"https:\/\/secure.gravatar.com\/avatar\/2a2f2491f3c80039986ba989b1e4b510?s=96&d=identicon&r=g\",\"caption\":\"ni.abdi\"},\"sameAs\":[\"https:\/\/twitter.com\/Ni.abdi\"],\"url\":\"https:\/\/territorialchallenges.com\/es\/author\/ni-abdi\/\"}]}<\/script>\n<!-- \/ Yoast SEO plugin. -->","yoast_head_json":{"title":"Suisse\u00a0: Thun en route vers une ville intelligente et \u00e9cologique - Territorial Challenges","robots":{"index":"index","follow":"follow","max-snippet":"max-snippet:-1","max-image-preview":"max-image-preview:large","max-video-preview":"max-video-preview:-1"},"canonical":"https:\/\/territorialchallenges.com\/es\/2024\/03\/25\/suisse-thun-en-route-vers-une-ville-intelligente-et-ecologique\/122501\/","og_locale":"es_ES","og_type":"article","og_title":"Suisse\u00a0: Thun en route vers une ville intelligente et \u00e9cologique - Territorial Challenges","og_description":"La ville de Thun, nich\u00e9e au c\u0153ur de la Suisse allemande, s&rsquo;engage fermement sur la voie de la smart city. \u00c0 travers l&rsquo;adoption r\u00e9cente de sa d\u00e9claration de mission Smart City, Thun se positionne comme un mod\u00e8le de transformation num\u00e9rique et de durabilit\u00e9. En mettant l&rsquo;accent sur le climat, la municipalit\u00e9 int\u00e8gre la technologie pour [&hellip;]","og_url":"https:\/\/territorialchallenges.com\/es\/2024\/03\/25\/suisse-thun-en-route-vers-une-ville-intelligente-et-ecologique\/122501\/","og_site_name":"Territorial Challenges","article_published_time":"2024-03-25T18:27:40+00:00","article_modified_time":"2024-03-25T18:27:41+00:00","og_image":[{"width":1280,"height":854,"url":"https:\/\/territorialchallenges.com\/wp-content\/uploads\/2024\/03\/IlsestpasseaThunPhoto.jpg","type":"image\/jpeg"}],"author":"ni.abdi","twitter_card":"summary_large_image","twitter_creator":"@Ni.abdi","twitter_misc":{"Escrito por":"ni.abdi","Tiempo de lectura":"3 minutos"},"schema":{"@context":"https:\/\/schema.org","@graph":[{"@type":"Article","@id":"https:\/\/territorialchallenges.com\/2024\/03\/25\/suisse-thun-en-route-vers-une-ville-intelligente-et-ecologique\/122501\/#article","isPartOf":{"@id":"https:\/\/territorialchallenges.com\/2024\/03\/25\/suisse-thun-en-route-vers-une-ville-intelligente-et-ecologique\/122501\/"},"author":{"name":"ni.abdi","@id":"https:\/\/territorialchallenges.com\/#\/schema\/person\/098f145c7c61a021c425e010f840080f"},"headline":"Suisse\u00a0: Thun en route vers une ville intelligente et \u00e9cologique","datePublished":"2024-03-25T18:27:40+00:00","dateModified":"2024-03-25T18:27:41+00:00","mainEntityOfPage":{"@id":"https:\/\/territorialchallenges.com\/2024\/03\/25\/suisse-thun-en-route-vers-une-ville-intelligente-et-ecologique\/122501\/"},"wordCount":643,"publisher":{"@id":"https:\/\/territorialchallenges.com\/#organization"},"articleSection":["Il s'est pass\u00e9 \u00e0","\u00c9cosyst\u00e8me"],"inLanguage":"es"},{"@type":"WebPage","@id":"https:\/\/territorialchallenges.com\/2024\/03\/25\/suisse-thun-en-route-vers-une-ville-intelligente-et-ecologique\/122501\/","url":"https:\/\/territorialchallenges.com\/2024\/03\/25\/suisse-thun-en-route-vers-une-ville-intelligente-et-ecologique\/122501\/","name":"Suisse\u00a0: Thun en route vers une ville intelligente et \u00e9cologique - Territorial Challenges","isPartOf":{"@id":"https:\/\/territorialchallenges.com\/#website"},"datePublished":"2024-03-25T18:27:40+00:00","dateModified":"2024-03-25T18:27:41+00:00","breadcrumb":{"@id":"https:\/\/territorialchallenges.com\/2024\/03\/25\/suisse-thun-en-route-vers-une-ville-intelligente-et-ecologique\/122501\/#breadcrumb"},"inLanguage":"es","potentialAction":[{"@type":"ReadAction","target":["https:\/\/territorialchallenges.com\/2024\/03\/25\/suisse-thun-en-route-vers-une-ville-intelligente-et-ecologique\/122501\/"]}]},{"@type":"BreadcrumbList","@id":"https:\/\/territorialchallenges.com\/2024\/03\/25\/suisse-thun-en-route-vers-une-ville-intelligente-et-ecologique\/122501\/#breadcrumb","itemListElement":[{"@type":"ListItem","position":1,"name":"Home","item":"https:\/\/territorialchallenges.com\/"},{"@type":"ListItem","position":2,"name":"Suisse\u00a0: Thun en route vers une ville intelligente et \u00e9cologique"}]},{"@type":"WebSite","@id":"https:\/\/territorialchallenges.com\/#website","url":"https:\/\/territorialchallenges.com\/","name":"Desaf\u00edos territoriales","description":"Monitoreo Internacional - Estrategias Inteligentes - Mejores Pr\u00e1cticas","publisher":{"@id":"https:\/\/territorialchallenges.com\/#organization"},"potentialAction":[{"@type":"SearchAction","target":{"@type":"EntryPoint","urlTemplate":"https:\/\/territorialchallenges.com\/?s={search_term_string}"},"query-input":"required name=search_term_string"}],"inLanguage":"es"},{"@type":"Organization","@id":"https:\/\/territorialchallenges.com\/#organization","name":"Desaf\u00edos territoriales","url":"https:\/\/territorialchallenges.com\/","logo":{"@type":"ImageObject","inLanguage":"es","@id":"https:\/\/territorialchallenges.com\/#\/schema\/logo\/image\/","url":"https:\/\/territorialchallenges.com\/wp-content\/uploads\/2023\/10\/logo-1.png","contentUrl":"https:\/\/territorialchallenges.com\/wp-content\/uploads\/2023\/10\/logo-1.png","width":1832,"height":576,"caption":"Territorial Challenges"},"image":{"@id":"https:\/\/territorialchallenges.com\/#\/schema\/logo\/image\/"}},{"@type":"Person","@id":"https:\/\/territorialchallenges.com\/#\/schema\/person\/098f145c7c61a021c425e010f840080f","name":"ni.abdi","image":{"@type":"ImageObject","inLanguage":"es","@id":"https:\/\/territorialchallenges.com\/#\/schema\/person\/image\/","url":"https:\/\/secure.gravatar.com\/avatar\/2a2f2491f3c80039986ba989b1e4b510?s=96&d=identicon&r=g","contentUrl":"https:\/\/secure.gravatar.com\/avatar\/2a2f2491f3c80039986ba989b1e4b510?s=96&d=identicon&r=g","caption":"ni.abdi"},"sameAs":["https:\/\/twitter.com\/Ni.abdi"],"url":"https:\/\/territorialchallenges.com\/es\/author\/ni-abdi\/"}]}},"_links":{"self":[{"href":"https:\/\/territorialchallenges.com\/es\/wp-json\/wp\/v2\/posts\/122501"}],"collection":[{"href":"https:\/\/territorialchallenges.com\/es\/wp-json\/wp\/v2\/posts"}],"about":[{"href":"https:\/\/territorialchallenges.com\/es\/wp-json\/wp\/v2\/types\/post"}],"author":[{"embeddable":true,"href":"https:\/\/territorialchallenges.com\/es\/wp-json\/wp\/v2\/users\/11"}],"replies":[{"embeddable":true,"href":"https:\/\/territorialchallenges.com\/es\/wp-json\/wp\/v2\/comments?post=122501"}],"version-history":[{"count":1,"href":"https:\/\/territorialchallenges.com\/es\/wp-json\/wp\/v2\/posts\/122501\/revisions"}],"predecessor-version":[{"id":122503,"href":"https:\/\/territorialchallenges.com\/es\/wp-json\/wp\/v2\/posts\/122501\/revisions\/122503"}],"wp:featuredmedia":[{"embeddable":true,"href":"https:\/\/territorialchallenges.com\/es\/wp-json\/wp\/v2\/media\/122502"}],"wp:attachment":[{"href":"https:\/\/territorialchallenges.com\/es\/wp-json\/wp\/v2\/media?parent=122501"}],"wp:term":[{"taxonomy":"category","embeddable":true,"href":"https:\/\/territorialchallenges.com\/es\/wp-json\/wp\/v2\/categories?post=122501"},{"taxonomy":"post_tag","embeddable":true,"href":"https:\/\/territorialchallenges.com\/es\/wp-json\/wp\/v2\/tags?post=122501"}],"curies":[{"name":"gracias","href":"https:\/\/api.w.org\/{rel}","templated":true}]}}