{"id":122479,"date":"2024-03-19T12:22:32","date_gmt":"2024-03-19T11:22:32","guid":{"rendered":"https:\/\/territorialchallenges.com\/?p=122479"},"modified":"2024-03-19T12:22:33","modified_gmt":"2024-03-19T11:22:33","slug":"pour-une-gouvernance-inclusive-de-lintelligence-artificielle-limperatif-decouter-les-experts-locaux","status":"publish","type":"post","link":"https:\/\/territorialchallenges.com\/es\/2024\/03\/19\/pour-une-gouvernance-inclusive-de-lintelligence-artificielle-limperatif-decouter-les-experts-locaux\/122479\/","title":{"rendered":"Por una gobernanza inclusiva de la inteligencia artificial: el imperativo de escuchar a los expertos locales"},"content":{"rendered":"<p>A medida que Francia se embarca en el camino hacia la inteligencia artificial, surge una pregunta crucial: \u00bfqui\u00e9n deber\u00eda dar forma a esta revoluci\u00f3n tecnol\u00f3gica? La ausencia de expertos locales en la comisi\u00f3n gubernamental dedicada a la IA, que present\u00f3 su informe al presidente Macron el 13 de marzo, titulado &quot;IA: Nuestra ambici\u00f3n para\u2026&quot; <\/p>\n<div class=\"pmpro_content_message\">Art\u00edculo disponible s\u00f3lo para suscriptores.<br \/><a href=\"https:\/\/territorialchallenges.com\/wp-login.php\">Acceso<\/a><br \/><a href=\"https:\/\/territorialchallenges.com\/es\/wp-login.php\/?action=register\">Registro<\/a><\/div>","protected":false},"excerpt":{"rendered":"<p>Alors que la France s&rsquo;engage dans la voie de l&rsquo;intelligence artificielle, une question cruciale \u00e9merge : qui doit fa\u00e7onner cette r\u00e9volution technologique ? L&rsquo;absence d&rsquo;experts locaux dans la commission d\u00e9di\u00e9e \u00e0 l&rsquo;IA aupr\u00e8s du gouvernement et qui le 13 mars a remis au Pr\u00e9sident Macron son rapport avec pour titre \u00ab\u00a0IA\u00a0: notre ambition pour la... <\/p>\n<div class=\"pmpro_content_message\">Art\u00edculo disponible s\u00f3lo para suscriptores.<br \/><a href=\"https:\/\/territorialchallenges.com\/wp-login.php\">Acceso<\/a><br \/><a href=\"https:\/\/territorialchallenges.com\/es\/wp-login.php\/?action=register\">Registro<\/a><\/div>","protected":false},"author":11,"featured_media":122480,"comment_status":"closed","ping_status":"closed","sticky":true,"template":"","format":"standard","meta":{"pmpro_default_level":0,"footnotes":""},"categories":[130,117],"tags":[],"blocksy_meta":"","yoast_head":"<!-- This site is optimized with the Yoast SEO plugin v21.5 - https:\/\/yoast.com\/wordpress\/plugins\/seo\/ -->\n<title>Pour une gouvernance inclusive de l&#039;intelligence artificielle : l&#039;imp\u00e9ratif d&#039;\u00e9couter les experts locaux - Territorial Challenges<\/title>\n<meta name=\"robots\" content=\"index, follow, max-snippet:-1, max-image-preview:large, max-video-preview:-1\" \/>\n<link rel=\"canonical\" href=\"https:\/\/territorialchallenges.com\/es\/2024\/03\/19\/pour-une-gouvernance-inclusive-de-lintelligence-artificielle-limperatif-decouter-les-experts-locaux\/122479\/\" \/>\n<meta property=\"og:locale\" content=\"es_ES\" \/>\n<meta property=\"og:type\" content=\"article\" \/>\n<meta property=\"og:title\" content=\"Pour une gouvernance inclusive de l&#039;intelligence artificielle : l&#039;imp\u00e9ratif d&#039;\u00e9couter les experts locaux - Territorial Challenges\" \/>\n<meta property=\"og:description\" content=\"Alors que la France s&rsquo;engage dans la voie de l&rsquo;intelligence artificielle, une question cruciale \u00e9merge : qui doit fa\u00e7onner cette r\u00e9volution technologique ? L&rsquo;absence d&rsquo;experts locaux dans la commission d\u00e9di\u00e9e \u00e0 l&rsquo;IA aupr\u00e8s du gouvernement et qui le 13 mars a remis au Pr\u00e9sident Macron son rapport avec pour titre \u00ab\u00a0IA\u00a0: notre ambition pour la [&hellip;]\" \/>\n<meta property=\"og:url\" content=\"https:\/\/territorialchallenges.com\/es\/2024\/03\/19\/pour-une-gouvernance-inclusive-de-lintelligence-artificielle-limperatif-decouter-les-experts-locaux\/122479\/\" \/>\n<meta property=\"og:site_name\" content=\"Territorial Challenges\" \/>\n<meta property=\"article:published_time\" content=\"2024-03-19T11:22:32+00:00\" \/>\n<meta property=\"article:modified_time\" content=\"2024-03-19T11:22:33+00:00\" \/>\n<meta property=\"og:image\" content=\"https:\/\/territorialchallenges.com\/wp-content\/uploads\/2024\/03\/reflexionfaitephoto-1.jpg\" \/>\n\t<meta property=\"og:image:width\" content=\"1280\" \/>\n\t<meta property=\"og:image:height\" content=\"914\" \/>\n\t<meta property=\"og:image:type\" content=\"image\/jpeg\" \/>\n<meta name=\"author\" content=\"ni.abdi\" \/>\n<meta name=\"twitter:card\" content=\"summary_large_image\" \/>\n<meta name=\"twitter:creator\" content=\"@Ni.abdi\" \/>\n<meta name=\"twitter:label1\" content=\"Escrito por\" \/>\n\t<meta name=\"twitter:data1\" content=\"ni.abdi\" \/>\n\t<meta name=\"twitter:label2\" content=\"Tiempo de lectura\" \/>\n\t<meta name=\"twitter:data2\" content=\"3 minutos\" \/>\n<script type=\"application\/ld+json\" class=\"yoast-schema-graph\">{\"@context\":\"https:\/\/schema.org\",\"@graph\":[{\"@type\":\"Article\",\"@id\":\"https:\/\/territorialchallenges.com\/2024\/03\/19\/pour-une-gouvernance-inclusive-de-lintelligence-artificielle-limperatif-decouter-les-experts-locaux\/122479\/#article\",\"isPartOf\":{\"@id\":\"https:\/\/territorialchallenges.com\/2024\/03\/19\/pour-une-gouvernance-inclusive-de-lintelligence-artificielle-limperatif-decouter-les-experts-locaux\/122479\/\"},\"author\":{\"name\":\"ni.abdi\",\"@id\":\"https:\/\/territorialchallenges.com\/#\/schema\/person\/098f145c7c61a021c425e010f840080f\"},\"headline\":\"Pour une gouvernance inclusive de l&rsquo;intelligence artificielle : l&rsquo;imp\u00e9ratif d&rsquo;\u00e9couter les experts locaux\",\"datePublished\":\"2024-03-19T11:22:32+00:00\",\"dateModified\":\"2024-03-19T11:22:33+00:00\",\"mainEntityOfPage\":{\"@id\":\"https:\/\/territorialchallenges.com\/2024\/03\/19\/pour-une-gouvernance-inclusive-de-lintelligence-artificielle-limperatif-decouter-les-experts-locaux\/122479\/\"},\"wordCount\":600,\"publisher\":{\"@id\":\"https:\/\/territorialchallenges.com\/#organization\"},\"articleSection\":[\"R\u00e9flexion faite\",\"\u00c9cosyst\u00e8me\"],\"inLanguage\":\"es\"},{\"@type\":\"WebPage\",\"@id\":\"https:\/\/territorialchallenges.com\/2024\/03\/19\/pour-une-gouvernance-inclusive-de-lintelligence-artificielle-limperatif-decouter-les-experts-locaux\/122479\/\",\"url\":\"https:\/\/territorialchallenges.com\/2024\/03\/19\/pour-une-gouvernance-inclusive-de-lintelligence-artificielle-limperatif-decouter-les-experts-locaux\/122479\/\",\"name\":\"Pour une gouvernance inclusive de l'intelligence artificielle : l'imp\u00e9ratif d'\u00e9couter les experts locaux - Territorial Challenges\",\"isPartOf\":{\"@id\":\"https:\/\/territorialchallenges.com\/#website\"},\"datePublished\":\"2024-03-19T11:22:32+00:00\",\"dateModified\":\"2024-03-19T11:22:33+00:00\",\"breadcrumb\":{\"@id\":\"https:\/\/territorialchallenges.com\/2024\/03\/19\/pour-une-gouvernance-inclusive-de-lintelligence-artificielle-limperatif-decouter-les-experts-locaux\/122479\/#breadcrumb\"},\"inLanguage\":\"es\",\"potentialAction\":[{\"@type\":\"ReadAction\",\"target\":[\"https:\/\/territorialchallenges.com\/2024\/03\/19\/pour-une-gouvernance-inclusive-de-lintelligence-artificielle-limperatif-decouter-les-experts-locaux\/122479\/\"]}]},{\"@type\":\"BreadcrumbList\",\"@id\":\"https:\/\/territorialchallenges.com\/2024\/03\/19\/pour-une-gouvernance-inclusive-de-lintelligence-artificielle-limperatif-decouter-les-experts-locaux\/122479\/#breadcrumb\",\"itemListElement\":[{\"@type\":\"ListItem\",\"position\":1,\"name\":\"Home\",\"item\":\"https:\/\/territorialchallenges.com\/\"},{\"@type\":\"ListItem\",\"position\":2,\"name\":\"Pour une gouvernance inclusive de l&rsquo;intelligence artificielle : l&rsquo;imp\u00e9ratif d&rsquo;\u00e9couter les experts locaux\"}]},{\"@type\":\"WebSite\",\"@id\":\"https:\/\/territorialchallenges.com\/#website\",\"url\":\"https:\/\/territorialchallenges.com\/\",\"name\":\"Territorial Challenges\",\"description\":\"Veille Internationale - Strat\u00e9gie Intelligentes - Bonnes pratiques\",\"publisher\":{\"@id\":\"https:\/\/territorialchallenges.com\/#organization\"},\"potentialAction\":[{\"@type\":\"SearchAction\",\"target\":{\"@type\":\"EntryPoint\",\"urlTemplate\":\"https:\/\/territorialchallenges.com\/?s={search_term_string}\"},\"query-input\":\"required name=search_term_string\"}],\"inLanguage\":\"es\"},{\"@type\":\"Organization\",\"@id\":\"https:\/\/territorialchallenges.com\/#organization\",\"name\":\"Territorial Challenges\",\"url\":\"https:\/\/territorialchallenges.com\/\",\"logo\":{\"@type\":\"ImageObject\",\"inLanguage\":\"es\",\"@id\":\"https:\/\/territorialchallenges.com\/#\/schema\/logo\/image\/\",\"url\":\"https:\/\/territorialchallenges.com\/wp-content\/uploads\/2023\/10\/logo-1.png\",\"contentUrl\":\"https:\/\/territorialchallenges.com\/wp-content\/uploads\/2023\/10\/logo-1.png\",\"width\":1832,\"height\":576,\"caption\":\"Territorial Challenges\"},\"image\":{\"@id\":\"https:\/\/territorialchallenges.com\/#\/schema\/logo\/image\/\"}},{\"@type\":\"Person\",\"@id\":\"https:\/\/territorialchallenges.com\/#\/schema\/person\/098f145c7c61a021c425e010f840080f\",\"name\":\"ni.abdi\",\"image\":{\"@type\":\"ImageObject\",\"inLanguage\":\"es\",\"@id\":\"https:\/\/territorialchallenges.com\/#\/schema\/person\/image\/\",\"url\":\"https:\/\/secure.gravatar.com\/avatar\/2a2f2491f3c80039986ba989b1e4b510?s=96&d=identicon&r=g\",\"contentUrl\":\"https:\/\/secure.gravatar.com\/avatar\/2a2f2491f3c80039986ba989b1e4b510?s=96&d=identicon&r=g\",\"caption\":\"ni.abdi\"},\"sameAs\":[\"https:\/\/twitter.com\/Ni.abdi\"],\"url\":\"https:\/\/territorialchallenges.com\/es\/author\/ni-abdi\/\"}]}<\/script>\n<!-- \/ Yoast SEO plugin. -->","yoast_head_json":{"title":"Pour une gouvernance inclusive de l'intelligence artificielle : l'imp\u00e9ratif d'\u00e9couter les experts locaux - Territorial Challenges","robots":{"index":"index","follow":"follow","max-snippet":"max-snippet:-1","max-image-preview":"max-image-preview:large","max-video-preview":"max-video-preview:-1"},"canonical":"https:\/\/territorialchallenges.com\/es\/2024\/03\/19\/pour-une-gouvernance-inclusive-de-lintelligence-artificielle-limperatif-decouter-les-experts-locaux\/122479\/","og_locale":"es_ES","og_type":"article","og_title":"Pour une gouvernance inclusive de l'intelligence artificielle : l'imp\u00e9ratif d'\u00e9couter les experts locaux - Territorial Challenges","og_description":"Alors que la France s&rsquo;engage dans la voie de l&rsquo;intelligence artificielle, une question cruciale \u00e9merge : qui doit fa\u00e7onner cette r\u00e9volution technologique ? L&rsquo;absence d&rsquo;experts locaux dans la commission d\u00e9di\u00e9e \u00e0 l&rsquo;IA aupr\u00e8s du gouvernement et qui le 13 mars a remis au Pr\u00e9sident Macron son rapport avec pour titre \u00ab\u00a0IA\u00a0: notre ambition pour la [&hellip;]","og_url":"https:\/\/territorialchallenges.com\/es\/2024\/03\/19\/pour-une-gouvernance-inclusive-de-lintelligence-artificielle-limperatif-decouter-les-experts-locaux\/122479\/","og_site_name":"Territorial Challenges","article_published_time":"2024-03-19T11:22:32+00:00","article_modified_time":"2024-03-19T11:22:33+00:00","og_image":[{"width":1280,"height":914,"url":"https:\/\/territorialchallenges.com\/wp-content\/uploads\/2024\/03\/reflexionfaitephoto-1.jpg","type":"image\/jpeg"}],"author":"ni.abdi","twitter_card":"summary_large_image","twitter_creator":"@Ni.abdi","twitter_misc":{"Escrito por":"ni.abdi","Tiempo de lectura":"3 minutos"},"schema":{"@context":"https:\/\/schema.org","@graph":[{"@type":"Article","@id":"https:\/\/territorialchallenges.com\/2024\/03\/19\/pour-une-gouvernance-inclusive-de-lintelligence-artificielle-limperatif-decouter-les-experts-locaux\/122479\/#article","isPartOf":{"@id":"https:\/\/territorialchallenges.com\/2024\/03\/19\/pour-une-gouvernance-inclusive-de-lintelligence-artificielle-limperatif-decouter-les-experts-locaux\/122479\/"},"author":{"name":"ni.abdi","@id":"https:\/\/territorialchallenges.com\/#\/schema\/person\/098f145c7c61a021c425e010f840080f"},"headline":"Pour une gouvernance inclusive de l&rsquo;intelligence artificielle : l&rsquo;imp\u00e9ratif d&rsquo;\u00e9couter les experts locaux","datePublished":"2024-03-19T11:22:32+00:00","dateModified":"2024-03-19T11:22:33+00:00","mainEntityOfPage":{"@id":"https:\/\/territorialchallenges.com\/2024\/03\/19\/pour-une-gouvernance-inclusive-de-lintelligence-artificielle-limperatif-decouter-les-experts-locaux\/122479\/"},"wordCount":600,"publisher":{"@id":"https:\/\/territorialchallenges.com\/#organization"},"articleSection":["R\u00e9flexion faite","\u00c9cosyst\u00e8me"],"inLanguage":"es"},{"@type":"WebPage","@id":"https:\/\/territorialchallenges.com\/2024\/03\/19\/pour-une-gouvernance-inclusive-de-lintelligence-artificielle-limperatif-decouter-les-experts-locaux\/122479\/","url":"https:\/\/territorialchallenges.com\/2024\/03\/19\/pour-une-gouvernance-inclusive-de-lintelligence-artificielle-limperatif-decouter-les-experts-locaux\/122479\/","name":"Pour une gouvernance inclusive de l'intelligence artificielle : l'imp\u00e9ratif d'\u00e9couter les experts locaux - Territorial Challenges","isPartOf":{"@id":"https:\/\/territorialchallenges.com\/#website"},"datePublished":"2024-03-19T11:22:32+00:00","dateModified":"2024-03-19T11:22:33+00:00","breadcrumb":{"@id":"https:\/\/territorialchallenges.com\/2024\/03\/19\/pour-une-gouvernance-inclusive-de-lintelligence-artificielle-limperatif-decouter-les-experts-locaux\/122479\/#breadcrumb"},"inLanguage":"es","potentialAction":[{"@type":"ReadAction","target":["https:\/\/territorialchallenges.com\/2024\/03\/19\/pour-une-gouvernance-inclusive-de-lintelligence-artificielle-limperatif-decouter-les-experts-locaux\/122479\/"]}]},{"@type":"BreadcrumbList","@id":"https:\/\/territorialchallenges.com\/2024\/03\/19\/pour-une-gouvernance-inclusive-de-lintelligence-artificielle-limperatif-decouter-les-experts-locaux\/122479\/#breadcrumb","itemListElement":[{"@type":"ListItem","position":1,"name":"Home","item":"https:\/\/territorialchallenges.com\/"},{"@type":"ListItem","position":2,"name":"Pour une gouvernance inclusive de l&rsquo;intelligence artificielle : l&rsquo;imp\u00e9ratif d&rsquo;\u00e9couter les experts locaux"}]},{"@type":"WebSite","@id":"https:\/\/territorialchallenges.com\/#website","url":"https:\/\/territorialchallenges.com\/","name":"Desaf\u00edos territoriales","description":"Monitoreo Internacional - Estrategias Inteligentes - Mejores Pr\u00e1cticas","publisher":{"@id":"https:\/\/territorialchallenges.com\/#organization"},"potentialAction":[{"@type":"SearchAction","target":{"@type":"EntryPoint","urlTemplate":"https:\/\/territorialchallenges.com\/?s={search_term_string}"},"query-input":"required name=search_term_string"}],"inLanguage":"es"},{"@type":"Organization","@id":"https:\/\/territorialchallenges.com\/#organization","name":"Desaf\u00edos territoriales","url":"https:\/\/territorialchallenges.com\/","logo":{"@type":"ImageObject","inLanguage":"es","@id":"https:\/\/territorialchallenges.com\/#\/schema\/logo\/image\/","url":"https:\/\/territorialchallenges.com\/wp-content\/uploads\/2023\/10\/logo-1.png","contentUrl":"https:\/\/territorialchallenges.com\/wp-content\/uploads\/2023\/10\/logo-1.png","width":1832,"height":576,"caption":"Territorial Challenges"},"image":{"@id":"https:\/\/territorialchallenges.com\/#\/schema\/logo\/image\/"}},{"@type":"Person","@id":"https:\/\/territorialchallenges.com\/#\/schema\/person\/098f145c7c61a021c425e010f840080f","name":"ni.abdi","image":{"@type":"ImageObject","inLanguage":"es","@id":"https:\/\/territorialchallenges.com\/#\/schema\/person\/image\/","url":"https:\/\/secure.gravatar.com\/avatar\/2a2f2491f3c80039986ba989b1e4b510?s=96&d=identicon&r=g","contentUrl":"https:\/\/secure.gravatar.com\/avatar\/2a2f2491f3c80039986ba989b1e4b510?s=96&d=identicon&r=g","caption":"ni.abdi"},"sameAs":["https:\/\/twitter.com\/Ni.abdi"],"url":"https:\/\/territorialchallenges.com\/es\/author\/ni-abdi\/"}]}},"_links":{"self":[{"href":"https:\/\/territorialchallenges.com\/es\/wp-json\/wp\/v2\/posts\/122479"}],"collection":[{"href":"https:\/\/territorialchallenges.com\/es\/wp-json\/wp\/v2\/posts"}],"about":[{"href":"https:\/\/territorialchallenges.com\/es\/wp-json\/wp\/v2\/types\/post"}],"author":[{"embeddable":true,"href":"https:\/\/territorialchallenges.com\/es\/wp-json\/wp\/v2\/users\/11"}],"replies":[{"embeddable":true,"href":"https:\/\/territorialchallenges.com\/es\/wp-json\/wp\/v2\/comments?post=122479"}],"version-history":[{"count":1,"href":"https:\/\/territorialchallenges.com\/es\/wp-json\/wp\/v2\/posts\/122479\/revisions"}],"predecessor-version":[{"id":122481,"href":"https:\/\/territorialchallenges.com\/es\/wp-json\/wp\/v2\/posts\/122479\/revisions\/122481"}],"wp:featuredmedia":[{"embeddable":true,"href":"https:\/\/territorialchallenges.com\/es\/wp-json\/wp\/v2\/media\/122480"}],"wp:attachment":[{"href":"https:\/\/territorialchallenges.com\/es\/wp-json\/wp\/v2\/media?parent=122479"}],"wp:term":[{"taxonomy":"category","embeddable":true,"href":"https:\/\/territorialchallenges.com\/es\/wp-json\/wp\/v2\/categories?post=122479"},{"taxonomy":"post_tag","embeddable":true,"href":"https:\/\/territorialchallenges.com\/es\/wp-json\/wp\/v2\/tags?post=122479"}],"curies":[{"name":"gracias","href":"https:\/\/api.w.org\/{rel}","templated":true}]}}