{"id":122428,"date":"2024-03-11T21:07:21","date_gmt":"2024-03-11T20:07:21","guid":{"rendered":"https:\/\/territorialchallenges.com\/?p=122428"},"modified":"2024-03-11T21:07:22","modified_gmt":"2024-03-11T20:07:22","slug":"les-villes-intelligentes-bien-plus-que-de-la-technologie-le-premier-debat-villes-didees-a-wroclaw-en-pologne","status":"publish","type":"post","link":"https:\/\/territorialchallenges.com\/es\/2024\/03\/11\/les-villes-intelligentes-bien-plus-que-de-la-technologie-le-premier-debat-villes-didees-a-wroclaw-en-pologne\/122428\/","title":{"rendered":"Ciudades inteligentes, mucho m\u00e1s que tecnolog\u00eda: el primer debate sobre \u201cCiudades de Ideas\u201d en Wroc\u0142aw, Polonia"},"content":{"rendered":"<p>El peri\u00f3dico Wyborcza Wroc\u0142aw y la Universidad de Ciencia y Tecnolog\u00eda de Wroc\u0142aw lanzaron en marzo su ciclo de debates &quot;Ciudades de Ideas&quot;, centrado en las ciudades inteligentes. Los expertos invitados destacaron la importancia de situar a los residentes en el centro del desarrollo de las ciudades inteligentes, en lugar de centrarse \u00fanicamente en... <\/p>\n<div class=\"pmpro_content_message\">Art\u00edculo disponible s\u00f3lo para suscriptores.<br \/><a href=\"https:\/\/territorialchallenges.com\/wp-login.php\">Acceso<\/a><br \/><a href=\"https:\/\/territorialchallenges.com\/es\/wp-login.php\/?action=register\">Registro<\/a><\/div>","protected":false},"excerpt":{"rendered":"<p>Le journal Wyborcza Wroc\u0142aw et l\u2019Universit\u00e9 des sciences et technologies de Wroc\u0142aw ont lanc\u00e9 leur s\u00e9rie de d\u00e9bats \u00ab Villes d\u2019id\u00e9es \u00bb en mars, avec pour th\u00e8me la smart city. Les experts invit\u00e9s ont mis l\u2019accent sur l\u2019importance de placer les habitants au c\u0153ur du d\u00e9veloppement des villes intelligentes, plut\u00f4t que de se focaliser uniquement... <\/p>\n<div class=\"pmpro_content_message\">Art\u00edculo disponible s\u00f3lo para suscriptores.<br \/><a href=\"https:\/\/territorialchallenges.com\/wp-login.php\">Acceso<\/a><br \/><a href=\"https:\/\/territorialchallenges.com\/es\/wp-login.php\/?action=register\">Registro<\/a><\/div>","protected":false},"author":11,"featured_media":122433,"comment_status":"closed","ping_status":"closed","sticky":true,"template":"","format":"standard","meta":{"pmpro_default_level":0,"footnotes":""},"categories":[19,127],"tags":[],"blocksy_meta":"","yoast_head":"<!-- This site is optimized with the Yoast SEO plugin v21.5 - https:\/\/yoast.com\/wordpress\/plugins\/seo\/ -->\n<title>Les villes intelligentes, bien plus que de la technologie : le premier d\u00e9bat \u00ab Villes d\u2019id\u00e9es \u00bb \u00e0 Wroc\u0142aw en Pologne - Territorial Challenges<\/title>\n<meta name=\"robots\" content=\"index, follow, max-snippet:-1, max-image-preview:large, max-video-preview:-1\" \/>\n<link rel=\"canonical\" href=\"https:\/\/territorialchallenges.com\/es\/2024\/03\/11\/les-villes-intelligentes-bien-plus-que-de-la-technologie-le-premier-debat-villes-didees-a-wroclaw-en-pologne\/122428\/\" \/>\n<meta property=\"og:locale\" content=\"es_ES\" \/>\n<meta property=\"og:type\" content=\"article\" \/>\n<meta property=\"og:title\" content=\"Les villes intelligentes, bien plus que de la technologie : le premier d\u00e9bat \u00ab Villes d\u2019id\u00e9es \u00bb \u00e0 Wroc\u0142aw en Pologne - Territorial Challenges\" \/>\n<meta property=\"og:description\" content=\"Le journal Wyborcza Wroc\u0142aw et l\u2019Universit\u00e9 des sciences et technologies de Wroc\u0142aw ont lanc\u00e9 leur s\u00e9rie de d\u00e9bats \u00ab Villes d\u2019id\u00e9es \u00bb en mars, avec pour th\u00e8me la smart city. Les experts invit\u00e9s ont mis l\u2019accent sur l\u2019importance de placer les habitants au c\u0153ur du d\u00e9veloppement des villes intelligentes, plut\u00f4t que de se focaliser uniquement [&hellip;]\" \/>\n<meta property=\"og:url\" content=\"https:\/\/territorialchallenges.com\/es\/2024\/03\/11\/les-villes-intelligentes-bien-plus-que-de-la-technologie-le-premier-debat-villes-didees-a-wroclaw-en-pologne\/122428\/\" \/>\n<meta property=\"og:site_name\" content=\"Territorial Challenges\" \/>\n<meta property=\"article:published_time\" content=\"2024-03-11T20:07:21+00:00\" \/>\n<meta property=\"article:modified_time\" content=\"2024-03-11T20:07:22+00:00\" \/>\n<meta property=\"og:image\" content=\"https:\/\/territorialchallenges.com\/wp-content\/uploads\/2024\/03\/territoiresintelligentsPhoto.jpg\" \/>\n\t<meta property=\"og:image:width\" content=\"960\" \/>\n\t<meta property=\"og:image:height\" content=\"1280\" \/>\n\t<meta property=\"og:image:type\" content=\"image\/jpeg\" \/>\n<meta name=\"author\" content=\"ni.abdi\" \/>\n<meta name=\"twitter:card\" content=\"summary_large_image\" \/>\n<meta name=\"twitter:creator\" content=\"@Ni.abdi\" \/>\n<meta name=\"twitter:label1\" content=\"Escrito por\" \/>\n\t<meta name=\"twitter:data1\" content=\"ni.abdi\" \/>\n\t<meta name=\"twitter:label2\" content=\"Tiempo de lectura\" \/>\n\t<meta name=\"twitter:data2\" content=\"3 minutos\" \/>\n<script type=\"application\/ld+json\" class=\"yoast-schema-graph\">{\"@context\":\"https:\/\/schema.org\",\"@graph\":[{\"@type\":\"Article\",\"@id\":\"https:\/\/territorialchallenges.com\/2024\/03\/11\/les-villes-intelligentes-bien-plus-que-de-la-technologie-le-premier-debat-villes-didees-a-wroclaw-en-pologne\/122428\/#article\",\"isPartOf\":{\"@id\":\"https:\/\/territorialchallenges.com\/2024\/03\/11\/les-villes-intelligentes-bien-plus-que-de-la-technologie-le-premier-debat-villes-didees-a-wroclaw-en-pologne\/122428\/\"},\"author\":{\"name\":\"ni.abdi\",\"@id\":\"https:\/\/territorialchallenges.com\/#\/schema\/person\/098f145c7c61a021c425e010f840080f\"},\"headline\":\"Les villes intelligentes, bien plus que de la technologie : le premier d\u00e9bat \u00ab Villes d\u2019id\u00e9es \u00bb \u00e0 Wroc\u0142aw en Pologne\",\"datePublished\":\"2024-03-11T20:07:21+00:00\",\"dateModified\":\"2024-03-11T20:07:22+00:00\",\"mainEntityOfPage\":{\"@id\":\"https:\/\/territorialchallenges.com\/2024\/03\/11\/les-villes-intelligentes-bien-plus-que-de-la-technologie-le-premier-debat-villes-didees-a-wroclaw-en-pologne\/122428\/\"},\"wordCount\":551,\"publisher\":{\"@id\":\"https:\/\/territorialchallenges.com\/#organization\"},\"articleSection\":[\"Territoires Intelligents\",\"Actualit\u00e9 Europe\"],\"inLanguage\":\"es\"},{\"@type\":\"WebPage\",\"@id\":\"https:\/\/territorialchallenges.com\/2024\/03\/11\/les-villes-intelligentes-bien-plus-que-de-la-technologie-le-premier-debat-villes-didees-a-wroclaw-en-pologne\/122428\/\",\"url\":\"https:\/\/territorialchallenges.com\/2024\/03\/11\/les-villes-intelligentes-bien-plus-que-de-la-technologie-le-premier-debat-villes-didees-a-wroclaw-en-pologne\/122428\/\",\"name\":\"Les villes intelligentes, bien plus que de la technologie : le premier d\u00e9bat \u00ab Villes d\u2019id\u00e9es \u00bb \u00e0 Wroc\u0142aw en Pologne - Territorial Challenges\",\"isPartOf\":{\"@id\":\"https:\/\/territorialchallenges.com\/#website\"},\"datePublished\":\"2024-03-11T20:07:21+00:00\",\"dateModified\":\"2024-03-11T20:07:22+00:00\",\"breadcrumb\":{\"@id\":\"https:\/\/territorialchallenges.com\/2024\/03\/11\/les-villes-intelligentes-bien-plus-que-de-la-technologie-le-premier-debat-villes-didees-a-wroclaw-en-pologne\/122428\/#breadcrumb\"},\"inLanguage\":\"es\",\"potentialAction\":[{\"@type\":\"ReadAction\",\"target\":[\"https:\/\/territorialchallenges.com\/2024\/03\/11\/les-villes-intelligentes-bien-plus-que-de-la-technologie-le-premier-debat-villes-didees-a-wroclaw-en-pologne\/122428\/\"]}]},{\"@type\":\"BreadcrumbList\",\"@id\":\"https:\/\/territorialchallenges.com\/2024\/03\/11\/les-villes-intelligentes-bien-plus-que-de-la-technologie-le-premier-debat-villes-didees-a-wroclaw-en-pologne\/122428\/#breadcrumb\",\"itemListElement\":[{\"@type\":\"ListItem\",\"position\":1,\"name\":\"Home\",\"item\":\"https:\/\/territorialchallenges.com\/\"},{\"@type\":\"ListItem\",\"position\":2,\"name\":\"Les villes intelligentes, bien plus que de la technologie : le premier d\u00e9bat \u00ab Villes d\u2019id\u00e9es \u00bb \u00e0 Wroc\u0142aw en Pologne\"}]},{\"@type\":\"WebSite\",\"@id\":\"https:\/\/territorialchallenges.com\/#website\",\"url\":\"https:\/\/territorialchallenges.com\/\",\"name\":\"Territorial Challenges\",\"description\":\"Veille Internationale - Strat\u00e9gie Intelligentes - Bonnes pratiques\",\"publisher\":{\"@id\":\"https:\/\/territorialchallenges.com\/#organization\"},\"potentialAction\":[{\"@type\":\"SearchAction\",\"target\":{\"@type\":\"EntryPoint\",\"urlTemplate\":\"https:\/\/territorialchallenges.com\/?s={search_term_string}\"},\"query-input\":\"required name=search_term_string\"}],\"inLanguage\":\"es\"},{\"@type\":\"Organization\",\"@id\":\"https:\/\/territorialchallenges.com\/#organization\",\"name\":\"Territorial Challenges\",\"url\":\"https:\/\/territorialchallenges.com\/\",\"logo\":{\"@type\":\"ImageObject\",\"inLanguage\":\"es\",\"@id\":\"https:\/\/territorialchallenges.com\/#\/schema\/logo\/image\/\",\"url\":\"https:\/\/territorialchallenges.com\/wp-content\/uploads\/2023\/10\/logo-1.png\",\"contentUrl\":\"https:\/\/territorialchallenges.com\/wp-content\/uploads\/2023\/10\/logo-1.png\",\"width\":1832,\"height\":576,\"caption\":\"Territorial Challenges\"},\"image\":{\"@id\":\"https:\/\/territorialchallenges.com\/#\/schema\/logo\/image\/\"}},{\"@type\":\"Person\",\"@id\":\"https:\/\/territorialchallenges.com\/#\/schema\/person\/098f145c7c61a021c425e010f840080f\",\"name\":\"ni.abdi\",\"image\":{\"@type\":\"ImageObject\",\"inLanguage\":\"es\",\"@id\":\"https:\/\/territorialchallenges.com\/#\/schema\/person\/image\/\",\"url\":\"https:\/\/secure.gravatar.com\/avatar\/2a2f2491f3c80039986ba989b1e4b510?s=96&d=identicon&r=g\",\"contentUrl\":\"https:\/\/secure.gravatar.com\/avatar\/2a2f2491f3c80039986ba989b1e4b510?s=96&d=identicon&r=g\",\"caption\":\"ni.abdi\"},\"sameAs\":[\"https:\/\/twitter.com\/Ni.abdi\"],\"url\":\"https:\/\/territorialchallenges.com\/es\/author\/ni-abdi\/\"}]}<\/script>\n<!-- \/ Yoast SEO plugin. -->","yoast_head_json":{"title":"Les villes intelligentes, bien plus que de la technologie : le premier d\u00e9bat \u00ab Villes d\u2019id\u00e9es \u00bb \u00e0 Wroc\u0142aw en Pologne - Territorial Challenges","robots":{"index":"index","follow":"follow","max-snippet":"max-snippet:-1","max-image-preview":"max-image-preview:large","max-video-preview":"max-video-preview:-1"},"canonical":"https:\/\/territorialchallenges.com\/es\/2024\/03\/11\/les-villes-intelligentes-bien-plus-que-de-la-technologie-le-premier-debat-villes-didees-a-wroclaw-en-pologne\/122428\/","og_locale":"es_ES","og_type":"article","og_title":"Les villes intelligentes, bien plus que de la technologie : le premier d\u00e9bat \u00ab Villes d\u2019id\u00e9es \u00bb \u00e0 Wroc\u0142aw en Pologne - Territorial Challenges","og_description":"Le journal Wyborcza Wroc\u0142aw et l\u2019Universit\u00e9 des sciences et technologies de Wroc\u0142aw ont lanc\u00e9 leur s\u00e9rie de d\u00e9bats \u00ab Villes d\u2019id\u00e9es \u00bb en mars, avec pour th\u00e8me la smart city. Les experts invit\u00e9s ont mis l\u2019accent sur l\u2019importance de placer les habitants au c\u0153ur du d\u00e9veloppement des villes intelligentes, plut\u00f4t que de se focaliser uniquement [&hellip;]","og_url":"https:\/\/territorialchallenges.com\/es\/2024\/03\/11\/les-villes-intelligentes-bien-plus-que-de-la-technologie-le-premier-debat-villes-didees-a-wroclaw-en-pologne\/122428\/","og_site_name":"Territorial Challenges","article_published_time":"2024-03-11T20:07:21+00:00","article_modified_time":"2024-03-11T20:07:22+00:00","og_image":[{"width":960,"height":1280,"url":"https:\/\/territorialchallenges.com\/wp-content\/uploads\/2024\/03\/territoiresintelligentsPhoto.jpg","type":"image\/jpeg"}],"author":"ni.abdi","twitter_card":"summary_large_image","twitter_creator":"@Ni.abdi","twitter_misc":{"Escrito por":"ni.abdi","Tiempo de lectura":"3 minutos"},"schema":{"@context":"https:\/\/schema.org","@graph":[{"@type":"Article","@id":"https:\/\/territorialchallenges.com\/2024\/03\/11\/les-villes-intelligentes-bien-plus-que-de-la-technologie-le-premier-debat-villes-didees-a-wroclaw-en-pologne\/122428\/#article","isPartOf":{"@id":"https:\/\/territorialchallenges.com\/2024\/03\/11\/les-villes-intelligentes-bien-plus-que-de-la-technologie-le-premier-debat-villes-didees-a-wroclaw-en-pologne\/122428\/"},"author":{"name":"ni.abdi","@id":"https:\/\/territorialchallenges.com\/#\/schema\/person\/098f145c7c61a021c425e010f840080f"},"headline":"Les villes intelligentes, bien plus que de la technologie : le premier d\u00e9bat \u00ab Villes d\u2019id\u00e9es \u00bb \u00e0 Wroc\u0142aw en Pologne","datePublished":"2024-03-11T20:07:21+00:00","dateModified":"2024-03-11T20:07:22+00:00","mainEntityOfPage":{"@id":"https:\/\/territorialchallenges.com\/2024\/03\/11\/les-villes-intelligentes-bien-plus-que-de-la-technologie-le-premier-debat-villes-didees-a-wroclaw-en-pologne\/122428\/"},"wordCount":551,"publisher":{"@id":"https:\/\/territorialchallenges.com\/#organization"},"articleSection":["Territoires Intelligents","Actualit\u00e9 Europe"],"inLanguage":"es"},{"@type":"WebPage","@id":"https:\/\/territorialchallenges.com\/2024\/03\/11\/les-villes-intelligentes-bien-plus-que-de-la-technologie-le-premier-debat-villes-didees-a-wroclaw-en-pologne\/122428\/","url":"https:\/\/territorialchallenges.com\/2024\/03\/11\/les-villes-intelligentes-bien-plus-que-de-la-technologie-le-premier-debat-villes-didees-a-wroclaw-en-pologne\/122428\/","name":"Les villes intelligentes, bien plus que de la technologie : le premier d\u00e9bat \u00ab Villes d\u2019id\u00e9es \u00bb \u00e0 Wroc\u0142aw en Pologne - Territorial Challenges","isPartOf":{"@id":"https:\/\/territorialchallenges.com\/#website"},"datePublished":"2024-03-11T20:07:21+00:00","dateModified":"2024-03-11T20:07:22+00:00","breadcrumb":{"@id":"https:\/\/territorialchallenges.com\/2024\/03\/11\/les-villes-intelligentes-bien-plus-que-de-la-technologie-le-premier-debat-villes-didees-a-wroclaw-en-pologne\/122428\/#breadcrumb"},"inLanguage":"es","potentialAction":[{"@type":"ReadAction","target":["https:\/\/territorialchallenges.com\/2024\/03\/11\/les-villes-intelligentes-bien-plus-que-de-la-technologie-le-premier-debat-villes-didees-a-wroclaw-en-pologne\/122428\/"]}]},{"@type":"BreadcrumbList","@id":"https:\/\/territorialchallenges.com\/2024\/03\/11\/les-villes-intelligentes-bien-plus-que-de-la-technologie-le-premier-debat-villes-didees-a-wroclaw-en-pologne\/122428\/#breadcrumb","itemListElement":[{"@type":"ListItem","position":1,"name":"Home","item":"https:\/\/territorialchallenges.com\/"},{"@type":"ListItem","position":2,"name":"Les villes intelligentes, bien plus que de la technologie : le premier d\u00e9bat \u00ab Villes d\u2019id\u00e9es \u00bb \u00e0 Wroc\u0142aw en Pologne"}]},{"@type":"WebSite","@id":"https:\/\/territorialchallenges.com\/#website","url":"https:\/\/territorialchallenges.com\/","name":"Desaf\u00edos territoriales","description":"Monitoreo Internacional - Estrategias Inteligentes - Mejores Pr\u00e1cticas","publisher":{"@id":"https:\/\/territorialchallenges.com\/#organization"},"potentialAction":[{"@type":"SearchAction","target":{"@type":"EntryPoint","urlTemplate":"https:\/\/territorialchallenges.com\/?s={search_term_string}"},"query-input":"required name=search_term_string"}],"inLanguage":"es"},{"@type":"Organization","@id":"https:\/\/territorialchallenges.com\/#organization","name":"Desaf\u00edos territoriales","url":"https:\/\/territorialchallenges.com\/","logo":{"@type":"ImageObject","inLanguage":"es","@id":"https:\/\/territorialchallenges.com\/#\/schema\/logo\/image\/","url":"https:\/\/territorialchallenges.com\/wp-content\/uploads\/2023\/10\/logo-1.png","contentUrl":"https:\/\/territorialchallenges.com\/wp-content\/uploads\/2023\/10\/logo-1.png","width":1832,"height":576,"caption":"Territorial Challenges"},"image":{"@id":"https:\/\/territorialchallenges.com\/#\/schema\/logo\/image\/"}},{"@type":"Person","@id":"https:\/\/territorialchallenges.com\/#\/schema\/person\/098f145c7c61a021c425e010f840080f","name":"ni.abdi","image":{"@type":"ImageObject","inLanguage":"es","@id":"https:\/\/territorialchallenges.com\/#\/schema\/person\/image\/","url":"https:\/\/secure.gravatar.com\/avatar\/2a2f2491f3c80039986ba989b1e4b510?s=96&d=identicon&r=g","contentUrl":"https:\/\/secure.gravatar.com\/avatar\/2a2f2491f3c80039986ba989b1e4b510?s=96&d=identicon&r=g","caption":"ni.abdi"},"sameAs":["https:\/\/twitter.com\/Ni.abdi"],"url":"https:\/\/territorialchallenges.com\/es\/author\/ni-abdi\/"}]}},"_links":{"self":[{"href":"https:\/\/territorialchallenges.com\/es\/wp-json\/wp\/v2\/posts\/122428"}],"collection":[{"href":"https:\/\/territorialchallenges.com\/es\/wp-json\/wp\/v2\/posts"}],"about":[{"href":"https:\/\/territorialchallenges.com\/es\/wp-json\/wp\/v2\/types\/post"}],"author":[{"embeddable":true,"href":"https:\/\/territorialchallenges.com\/es\/wp-json\/wp\/v2\/users\/11"}],"replies":[{"embeddable":true,"href":"https:\/\/territorialchallenges.com\/es\/wp-json\/wp\/v2\/comments?post=122428"}],"version-history":[{"count":1,"href":"https:\/\/territorialchallenges.com\/es\/wp-json\/wp\/v2\/posts\/122428\/revisions"}],"predecessor-version":[{"id":122434,"href":"https:\/\/territorialchallenges.com\/es\/wp-json\/wp\/v2\/posts\/122428\/revisions\/122434"}],"wp:featuredmedia":[{"embeddable":true,"href":"https:\/\/territorialchallenges.com\/es\/wp-json\/wp\/v2\/media\/122433"}],"wp:attachment":[{"href":"https:\/\/territorialchallenges.com\/es\/wp-json\/wp\/v2\/media?parent=122428"}],"wp:term":[{"taxonomy":"category","embeddable":true,"href":"https:\/\/territorialchallenges.com\/es\/wp-json\/wp\/v2\/categories?post=122428"},{"taxonomy":"post_tag","embeddable":true,"href":"https:\/\/territorialchallenges.com\/es\/wp-json\/wp\/v2\/tags?post=122428"}],"curies":[{"name":"gracias","href":"https:\/\/api.w.org\/{rel}","templated":true}]}}