{"id":122422,"date":"2024-03-11T21:00:22","date_gmt":"2024-03-11T20:00:22","guid":{"rendered":"https:\/\/territorialchallenges.com\/?p=122422"},"modified":"2024-03-11T21:00:23","modified_gmt":"2024-03-11T20:00:23","slug":"tchequie-le-patrimoine-industriel-de-la-region-dusti-nad-labem-a-travers-le-regard-des-institutions","status":"publish","type":"post","link":"https:\/\/territorialchallenges.com\/es\/2024\/03\/11\/tchequie-le-patrimoine-industriel-de-la-region-dusti-nad-labem-a-travers-le-regard-des-institutions\/122422\/","title":{"rendered":"Rep\u00fablica Checa: El patrimonio industrial de la regi\u00f3n de \u00dast\u00ed nad Labem a trav\u00e9s de la mirada de las instituciones"},"content":{"rendered":"<p>\u00bfEs absurdo el t\u00e9rmino &quot;patrimonio industrial&quot;? \u00bfTenemos alguna idea de su significado? La industria ha desempe\u00f1ado un papel importante en la regi\u00f3n de \u00dast\u00ed nad Labem durante m\u00e1s de un siglo. \u00bfC\u00f3mo perciben su legado las instituciones que residen aqu\u00ed? La Universidad JE Purkyn\u011b de \u00dast\u00ed nad Labem presenta otra pieza de\u2026 <\/p>\n<div class=\"pmpro_content_message\">Art\u00edculo disponible s\u00f3lo para suscriptores.<br \/><a href=\"https:\/\/territorialchallenges.com\/wp-login.php\">Acceso<\/a><br \/><a href=\"https:\/\/territorialchallenges.com\/es\/wp-login.php\/?action=register\">Registro<\/a><\/div>","protected":false},"excerpt":{"rendered":"<p>L\u2019expression \u00ab patrimoine industriel \u00bb est-elle absurde et avons-nous une id\u00e9e de ce qu\u2019elle signifie ? L\u2019industrie joue un r\u00f4le important dans la r\u00e9gion d\u2019\u00dast\u00ed nad Labem depuis plus d\u2019un si\u00e8cle. Comment son h\u00e9ritage est-il per\u00e7u par les institutions qui r\u00e9sident ici ? L\u2019Universit\u00e9 J. E. Purkyn\u011b d\u2019\u00dast\u00ed nad Labem pr\u00e9sente une autre pi\u00e8ce du... <\/p>\n<div class=\"pmpro_content_message\">Art\u00edculo disponible s\u00f3lo para suscriptores.<br \/><a href=\"https:\/\/territorialchallenges.com\/wp-login.php\">Acceso<\/a><br \/><a href=\"https:\/\/territorialchallenges.com\/es\/wp-login.php\/?action=register\">Registro<\/a><\/div>","protected":false},"author":11,"featured_media":122423,"comment_status":"closed","ping_status":"closed","sticky":true,"template":"","format":"standard","meta":{"pmpro_default_level":0,"footnotes":""},"categories":[17,127],"tags":[],"blocksy_meta":"","yoast_head":"<!-- This site is optimized with the Yoast SEO plugin v21.5 - https:\/\/yoast.com\/wordpress\/plugins\/seo\/ -->\n<title>Tch\u00e9quie: Le patrimoine industriel de la r\u00e9gion d\u2019\u00dast\u00ed nad Labem \u00e0 travers le regard des institutions - Territorial Challenges<\/title>\n<meta name=\"robots\" content=\"index, follow, max-snippet:-1, max-image-preview:large, max-video-preview:-1\" \/>\n<link rel=\"canonical\" href=\"https:\/\/territorialchallenges.com\/es\/2024\/03\/11\/tchequie-le-patrimoine-industriel-de-la-region-dusti-nad-labem-a-travers-le-regard-des-institutions\/122422\/\" \/>\n<meta property=\"og:locale\" content=\"es_ES\" \/>\n<meta property=\"og:type\" content=\"article\" \/>\n<meta property=\"og:title\" content=\"Tch\u00e9quie: Le patrimoine industriel de la r\u00e9gion d\u2019\u00dast\u00ed nad Labem \u00e0 travers le regard des institutions - Territorial Challenges\" \/>\n<meta property=\"og:description\" content=\"L\u2019expression \u00ab patrimoine industriel \u00bb est-elle absurde et avons-nous une id\u00e9e de ce qu\u2019elle signifie ? L\u2019industrie joue un r\u00f4le important dans la r\u00e9gion d\u2019\u00dast\u00ed nad Labem depuis plus d\u2019un si\u00e8cle. Comment son h\u00e9ritage est-il per\u00e7u par les institutions qui r\u00e9sident ici ? L\u2019Universit\u00e9 J. E. Purkyn\u011b d\u2019\u00dast\u00ed nad Labem pr\u00e9sente une autre pi\u00e8ce du [&hellip;]\" \/>\n<meta property=\"og:url\" content=\"https:\/\/territorialchallenges.com\/es\/2024\/03\/11\/tchequie-le-patrimoine-industriel-de-la-region-dusti-nad-labem-a-travers-le-regard-des-institutions\/122422\/\" \/>\n<meta property=\"og:site_name\" content=\"Territorial Challenges\" \/>\n<meta property=\"article:published_time\" content=\"2024-03-11T20:00:22+00:00\" \/>\n<meta property=\"article:modified_time\" content=\"2024-03-11T20:00:23+00:00\" \/>\n<meta property=\"og:image\" content=\"https:\/\/territorialchallenges.com\/wp-content\/uploads\/2024\/03\/Industrie4.0Photo.jpg\" \/>\n\t<meta property=\"og:image:width\" content=\"1280\" \/>\n\t<meta property=\"og:image:height\" content=\"727\" \/>\n\t<meta property=\"og:image:type\" content=\"image\/jpeg\" \/>\n<meta name=\"author\" content=\"ni.abdi\" \/>\n<meta name=\"twitter:card\" content=\"summary_large_image\" \/>\n<meta name=\"twitter:creator\" content=\"@Ni.abdi\" \/>\n<meta name=\"twitter:label1\" content=\"Escrito por\" \/>\n\t<meta name=\"twitter:data1\" content=\"ni.abdi\" \/>\n\t<meta name=\"twitter:label2\" content=\"Tiempo de lectura\" \/>\n\t<meta name=\"twitter:data2\" content=\"5 minutos\" \/>\n<script type=\"application\/ld+json\" class=\"yoast-schema-graph\">{\"@context\":\"https:\/\/schema.org\",\"@graph\":[{\"@type\":\"Article\",\"@id\":\"https:\/\/territorialchallenges.com\/2024\/03\/11\/tchequie-le-patrimoine-industriel-de-la-region-dusti-nad-labem-a-travers-le-regard-des-institutions\/122422\/#article\",\"isPartOf\":{\"@id\":\"https:\/\/territorialchallenges.com\/2024\/03\/11\/tchequie-le-patrimoine-industriel-de-la-region-dusti-nad-labem-a-travers-le-regard-des-institutions\/122422\/\"},\"author\":{\"name\":\"ni.abdi\",\"@id\":\"https:\/\/territorialchallenges.com\/#\/schema\/person\/098f145c7c61a021c425e010f840080f\"},\"headline\":\"Tch\u00e9quie: Le patrimoine industriel de la r\u00e9gion d\u2019\u00dast\u00ed nad Labem \u00e0 travers le regard des institutions\",\"datePublished\":\"2024-03-11T20:00:22+00:00\",\"dateModified\":\"2024-03-11T20:00:23+00:00\",\"mainEntityOfPage\":{\"@id\":\"https:\/\/territorialchallenges.com\/2024\/03\/11\/tchequie-le-patrimoine-industriel-de-la-region-dusti-nad-labem-a-travers-le-regard-des-institutions\/122422\/\"},\"wordCount\":954,\"publisher\":{\"@id\":\"https:\/\/territorialchallenges.com\/#organization\"},\"articleSection\":[\"Industrie 5.0\",\"Actualit\u00e9 Europe\"],\"inLanguage\":\"es\"},{\"@type\":\"WebPage\",\"@id\":\"https:\/\/territorialchallenges.com\/2024\/03\/11\/tchequie-le-patrimoine-industriel-de-la-region-dusti-nad-labem-a-travers-le-regard-des-institutions\/122422\/\",\"url\":\"https:\/\/territorialchallenges.com\/2024\/03\/11\/tchequie-le-patrimoine-industriel-de-la-region-dusti-nad-labem-a-travers-le-regard-des-institutions\/122422\/\",\"name\":\"Tch\u00e9quie: Le patrimoine industriel de la r\u00e9gion d\u2019\u00dast\u00ed nad Labem \u00e0 travers le regard des institutions - Territorial Challenges\",\"isPartOf\":{\"@id\":\"https:\/\/territorialchallenges.com\/#website\"},\"datePublished\":\"2024-03-11T20:00:22+00:00\",\"dateModified\":\"2024-03-11T20:00:23+00:00\",\"breadcrumb\":{\"@id\":\"https:\/\/territorialchallenges.com\/2024\/03\/11\/tchequie-le-patrimoine-industriel-de-la-region-dusti-nad-labem-a-travers-le-regard-des-institutions\/122422\/#breadcrumb\"},\"inLanguage\":\"es\",\"potentialAction\":[{\"@type\":\"ReadAction\",\"target\":[\"https:\/\/territorialchallenges.com\/2024\/03\/11\/tchequie-le-patrimoine-industriel-de-la-region-dusti-nad-labem-a-travers-le-regard-des-institutions\/122422\/\"]}]},{\"@type\":\"BreadcrumbList\",\"@id\":\"https:\/\/territorialchallenges.com\/2024\/03\/11\/tchequie-le-patrimoine-industriel-de-la-region-dusti-nad-labem-a-travers-le-regard-des-institutions\/122422\/#breadcrumb\",\"itemListElement\":[{\"@type\":\"ListItem\",\"position\":1,\"name\":\"Home\",\"item\":\"https:\/\/territorialchallenges.com\/\"},{\"@type\":\"ListItem\",\"position\":2,\"name\":\"Tch\u00e9quie: Le patrimoine industriel de la r\u00e9gion d\u2019\u00dast\u00ed nad Labem \u00e0 travers le regard des institutions\"}]},{\"@type\":\"WebSite\",\"@id\":\"https:\/\/territorialchallenges.com\/#website\",\"url\":\"https:\/\/territorialchallenges.com\/\",\"name\":\"Territorial Challenges\",\"description\":\"Veille Internationale - Strat\u00e9gie Intelligentes - Bonnes pratiques\",\"publisher\":{\"@id\":\"https:\/\/territorialchallenges.com\/#organization\"},\"potentialAction\":[{\"@type\":\"SearchAction\",\"target\":{\"@type\":\"EntryPoint\",\"urlTemplate\":\"https:\/\/territorialchallenges.com\/?s={search_term_string}\"},\"query-input\":\"required name=search_term_string\"}],\"inLanguage\":\"es\"},{\"@type\":\"Organization\",\"@id\":\"https:\/\/territorialchallenges.com\/#organization\",\"name\":\"Territorial Challenges\",\"url\":\"https:\/\/territorialchallenges.com\/\",\"logo\":{\"@type\":\"ImageObject\",\"inLanguage\":\"es\",\"@id\":\"https:\/\/territorialchallenges.com\/#\/schema\/logo\/image\/\",\"url\":\"https:\/\/territorialchallenges.com\/wp-content\/uploads\/2023\/10\/logo-1.png\",\"contentUrl\":\"https:\/\/territorialchallenges.com\/wp-content\/uploads\/2023\/10\/logo-1.png\",\"width\":1832,\"height\":576,\"caption\":\"Territorial Challenges\"},\"image\":{\"@id\":\"https:\/\/territorialchallenges.com\/#\/schema\/logo\/image\/\"}},{\"@type\":\"Person\",\"@id\":\"https:\/\/territorialchallenges.com\/#\/schema\/person\/098f145c7c61a021c425e010f840080f\",\"name\":\"ni.abdi\",\"image\":{\"@type\":\"ImageObject\",\"inLanguage\":\"es\",\"@id\":\"https:\/\/territorialchallenges.com\/#\/schema\/person\/image\/\",\"url\":\"https:\/\/secure.gravatar.com\/avatar\/2a2f2491f3c80039986ba989b1e4b510?s=96&d=identicon&r=g\",\"contentUrl\":\"https:\/\/secure.gravatar.com\/avatar\/2a2f2491f3c80039986ba989b1e4b510?s=96&d=identicon&r=g\",\"caption\":\"ni.abdi\"},\"sameAs\":[\"https:\/\/twitter.com\/Ni.abdi\"],\"url\":\"https:\/\/territorialchallenges.com\/es\/author\/ni-abdi\/\"}]}<\/script>\n<!-- \/ Yoast SEO plugin. -->","yoast_head_json":{"title":"Tch\u00e9quie: Le patrimoine industriel de la r\u00e9gion d\u2019\u00dast\u00ed nad Labem \u00e0 travers le regard des institutions - Territorial Challenges","robots":{"index":"index","follow":"follow","max-snippet":"max-snippet:-1","max-image-preview":"max-image-preview:large","max-video-preview":"max-video-preview:-1"},"canonical":"https:\/\/territorialchallenges.com\/es\/2024\/03\/11\/tchequie-le-patrimoine-industriel-de-la-region-dusti-nad-labem-a-travers-le-regard-des-institutions\/122422\/","og_locale":"es_ES","og_type":"article","og_title":"Tch\u00e9quie: Le patrimoine industriel de la r\u00e9gion d\u2019\u00dast\u00ed nad Labem \u00e0 travers le regard des institutions - Territorial Challenges","og_description":"L\u2019expression \u00ab patrimoine industriel \u00bb est-elle absurde et avons-nous une id\u00e9e de ce qu\u2019elle signifie ? L\u2019industrie joue un r\u00f4le important dans la r\u00e9gion d\u2019\u00dast\u00ed nad Labem depuis plus d\u2019un si\u00e8cle. Comment son h\u00e9ritage est-il per\u00e7u par les institutions qui r\u00e9sident ici ? L\u2019Universit\u00e9 J. E. Purkyn\u011b d\u2019\u00dast\u00ed nad Labem pr\u00e9sente une autre pi\u00e8ce du [&hellip;]","og_url":"https:\/\/territorialchallenges.com\/es\/2024\/03\/11\/tchequie-le-patrimoine-industriel-de-la-region-dusti-nad-labem-a-travers-le-regard-des-institutions\/122422\/","og_site_name":"Territorial Challenges","article_published_time":"2024-03-11T20:00:22+00:00","article_modified_time":"2024-03-11T20:00:23+00:00","og_image":[{"width":1280,"height":727,"url":"https:\/\/territorialchallenges.com\/wp-content\/uploads\/2024\/03\/Industrie4.0Photo.jpg","type":"image\/jpeg"}],"author":"ni.abdi","twitter_card":"summary_large_image","twitter_creator":"@Ni.abdi","twitter_misc":{"Escrito por":"ni.abdi","Tiempo de lectura":"5 minutos"},"schema":{"@context":"https:\/\/schema.org","@graph":[{"@type":"Article","@id":"https:\/\/territorialchallenges.com\/2024\/03\/11\/tchequie-le-patrimoine-industriel-de-la-region-dusti-nad-labem-a-travers-le-regard-des-institutions\/122422\/#article","isPartOf":{"@id":"https:\/\/territorialchallenges.com\/2024\/03\/11\/tchequie-le-patrimoine-industriel-de-la-region-dusti-nad-labem-a-travers-le-regard-des-institutions\/122422\/"},"author":{"name":"ni.abdi","@id":"https:\/\/territorialchallenges.com\/#\/schema\/person\/098f145c7c61a021c425e010f840080f"},"headline":"Tch\u00e9quie: Le patrimoine industriel de la r\u00e9gion d\u2019\u00dast\u00ed nad Labem \u00e0 travers le regard des institutions","datePublished":"2024-03-11T20:00:22+00:00","dateModified":"2024-03-11T20:00:23+00:00","mainEntityOfPage":{"@id":"https:\/\/territorialchallenges.com\/2024\/03\/11\/tchequie-le-patrimoine-industriel-de-la-region-dusti-nad-labem-a-travers-le-regard-des-institutions\/122422\/"},"wordCount":954,"publisher":{"@id":"https:\/\/territorialchallenges.com\/#organization"},"articleSection":["Industrie 5.0","Actualit\u00e9 Europe"],"inLanguage":"es"},{"@type":"WebPage","@id":"https:\/\/territorialchallenges.com\/2024\/03\/11\/tchequie-le-patrimoine-industriel-de-la-region-dusti-nad-labem-a-travers-le-regard-des-institutions\/122422\/","url":"https:\/\/territorialchallenges.com\/2024\/03\/11\/tchequie-le-patrimoine-industriel-de-la-region-dusti-nad-labem-a-travers-le-regard-des-institutions\/122422\/","name":"Tch\u00e9quie: Le patrimoine industriel de la r\u00e9gion d\u2019\u00dast\u00ed nad Labem \u00e0 travers le regard des institutions - Territorial Challenges","isPartOf":{"@id":"https:\/\/territorialchallenges.com\/#website"},"datePublished":"2024-03-11T20:00:22+00:00","dateModified":"2024-03-11T20:00:23+00:00","breadcrumb":{"@id":"https:\/\/territorialchallenges.com\/2024\/03\/11\/tchequie-le-patrimoine-industriel-de-la-region-dusti-nad-labem-a-travers-le-regard-des-institutions\/122422\/#breadcrumb"},"inLanguage":"es","potentialAction":[{"@type":"ReadAction","target":["https:\/\/territorialchallenges.com\/2024\/03\/11\/tchequie-le-patrimoine-industriel-de-la-region-dusti-nad-labem-a-travers-le-regard-des-institutions\/122422\/"]}]},{"@type":"BreadcrumbList","@id":"https:\/\/territorialchallenges.com\/2024\/03\/11\/tchequie-le-patrimoine-industriel-de-la-region-dusti-nad-labem-a-travers-le-regard-des-institutions\/122422\/#breadcrumb","itemListElement":[{"@type":"ListItem","position":1,"name":"Home","item":"https:\/\/territorialchallenges.com\/"},{"@type":"ListItem","position":2,"name":"Tch\u00e9quie: Le patrimoine industriel de la r\u00e9gion d\u2019\u00dast\u00ed nad Labem \u00e0 travers le regard des institutions"}]},{"@type":"WebSite","@id":"https:\/\/territorialchallenges.com\/#website","url":"https:\/\/territorialchallenges.com\/","name":"Desaf\u00edos territoriales","description":"Monitoreo Internacional - Estrategias Inteligentes - Mejores Pr\u00e1cticas","publisher":{"@id":"https:\/\/territorialchallenges.com\/#organization"},"potentialAction":[{"@type":"SearchAction","target":{"@type":"EntryPoint","urlTemplate":"https:\/\/territorialchallenges.com\/?s={search_term_string}"},"query-input":"required name=search_term_string"}],"inLanguage":"es"},{"@type":"Organization","@id":"https:\/\/territorialchallenges.com\/#organization","name":"Desaf\u00edos territoriales","url":"https:\/\/territorialchallenges.com\/","logo":{"@type":"ImageObject","inLanguage":"es","@id":"https:\/\/territorialchallenges.com\/#\/schema\/logo\/image\/","url":"https:\/\/territorialchallenges.com\/wp-content\/uploads\/2023\/10\/logo-1.png","contentUrl":"https:\/\/territorialchallenges.com\/wp-content\/uploads\/2023\/10\/logo-1.png","width":1832,"height":576,"caption":"Territorial Challenges"},"image":{"@id":"https:\/\/territorialchallenges.com\/#\/schema\/logo\/image\/"}},{"@type":"Person","@id":"https:\/\/territorialchallenges.com\/#\/schema\/person\/098f145c7c61a021c425e010f840080f","name":"ni.abdi","image":{"@type":"ImageObject","inLanguage":"es","@id":"https:\/\/territorialchallenges.com\/#\/schema\/person\/image\/","url":"https:\/\/secure.gravatar.com\/avatar\/2a2f2491f3c80039986ba989b1e4b510?s=96&d=identicon&r=g","contentUrl":"https:\/\/secure.gravatar.com\/avatar\/2a2f2491f3c80039986ba989b1e4b510?s=96&d=identicon&r=g","caption":"ni.abdi"},"sameAs":["https:\/\/twitter.com\/Ni.abdi"],"url":"https:\/\/territorialchallenges.com\/es\/author\/ni-abdi\/"}]}},"_links":{"self":[{"href":"https:\/\/territorialchallenges.com\/es\/wp-json\/wp\/v2\/posts\/122422"}],"collection":[{"href":"https:\/\/territorialchallenges.com\/es\/wp-json\/wp\/v2\/posts"}],"about":[{"href":"https:\/\/territorialchallenges.com\/es\/wp-json\/wp\/v2\/types\/post"}],"author":[{"embeddable":true,"href":"https:\/\/territorialchallenges.com\/es\/wp-json\/wp\/v2\/users\/11"}],"replies":[{"embeddable":true,"href":"https:\/\/territorialchallenges.com\/es\/wp-json\/wp\/v2\/comments?post=122422"}],"version-history":[{"count":1,"href":"https:\/\/territorialchallenges.com\/es\/wp-json\/wp\/v2\/posts\/122422\/revisions"}],"predecessor-version":[{"id":122424,"href":"https:\/\/territorialchallenges.com\/es\/wp-json\/wp\/v2\/posts\/122422\/revisions\/122424"}],"wp:featuredmedia":[{"embeddable":true,"href":"https:\/\/territorialchallenges.com\/es\/wp-json\/wp\/v2\/media\/122423"}],"wp:attachment":[{"href":"https:\/\/territorialchallenges.com\/es\/wp-json\/wp\/v2\/media?parent=122422"}],"wp:term":[{"taxonomy":"category","embeddable":true,"href":"https:\/\/territorialchallenges.com\/es\/wp-json\/wp\/v2\/categories?post=122422"},{"taxonomy":"post_tag","embeddable":true,"href":"https:\/\/territorialchallenges.com\/es\/wp-json\/wp\/v2\/tags?post=122422"}],"curies":[{"name":"gracias","href":"https:\/\/api.w.org\/{rel}","templated":true}]}}