{"id":122367,"date":"2024-02-26T21:27:28","date_gmt":"2024-02-26T20:27:28","guid":{"rendered":"https:\/\/territorialchallenges.com\/?p=122367"},"modified":"2024-02-26T21:27:28","modified_gmt":"2024-02-26T20:27:28","slug":"guillermo-campoamor-pionnier-de-la-mobilite-connectee-au-service-des-villes-intelligentes","status":"publish","type":"post","link":"https:\/\/territorialchallenges.com\/es\/2024\/02\/26\/guillermo-campoamor-pionnier-de-la-mobilite-connectee-au-service-des-villes-intelligentes\/122367\/","title":{"rendered":"Guillermo Campoamor: pionero de la movilidad conectada, al servicio de las ciudades inteligentes"},"content":{"rendered":"<p>Guillermo Campoamor, fundador y CEO de Meep, encarna la audaz visi\u00f3n de la movilidad interconectada para las ciudades inteligentes. Originario de Espa\u00f1a, enfatiza la importancia de que las autoridades locales mantengan el control sobre sus datos de movilidad. A trav\u00e9s de Meep, una innovadora aplicaci\u00f3n de Movilidad como Servicio (MaaS), Campoamor est\u00e1 dando forma al futuro de\u2026 <\/p>\n<div class=\"pmpro_content_message\">Art\u00edculo disponible s\u00f3lo para suscriptores.<br \/><a href=\"https:\/\/territorialchallenges.com\/wp-login.php\">Acceso<\/a><br \/><a href=\"https:\/\/territorialchallenges.com\/es\/wp-login.php\/?action=register\">Registro<\/a><\/div>","protected":false},"excerpt":{"rendered":"<p>Guillermo Campoamor, fondateur et PDG de Meep, incarne la vision audacieuse d&rsquo;une mobilit\u00e9 interconnect\u00e9e pour les villes intelligentes. Originaire d&rsquo;Espagne, il met l&rsquo;accent sur l&rsquo;importance pour les autorit\u00e9s locales de conserver le contr\u00f4le de leurs donn\u00e9es de mobilit\u00e9. \u00c0 travers Meep, une application innovante de Mobilit\u00e9 en tant que Service (MaaS), Campoamor fa\u00e7onne l&rsquo;avenir du... <\/p>\n<div class=\"pmpro_content_message\">Art\u00edculo disponible s\u00f3lo para suscriptores.<br \/><a href=\"https:\/\/territorialchallenges.com\/wp-login.php\">Acceso<\/a><br \/><a href=\"https:\/\/territorialchallenges.com\/es\/wp-login.php\/?action=register\">Registro<\/a><\/div>","protected":false},"author":11,"featured_media":122368,"comment_status":"closed","ping_status":"closed","sticky":true,"template":"","format":"standard","meta":{"pmpro_default_level":0,"footnotes":""},"categories":[126,117],"tags":[],"blocksy_meta":"","yoast_head":"<!-- This site is optimized with the Yoast SEO plugin v21.5 - https:\/\/yoast.com\/wordpress\/plugins\/seo\/ -->\n<title>Guillermo Campoamor : pionnier de la mobilit\u00e9 connect\u00e9e, au service des villes intelligentes - Territorial Challenges<\/title>\n<meta name=\"robots\" content=\"index, follow, max-snippet:-1, max-image-preview:large, max-video-preview:-1\" \/>\n<link rel=\"canonical\" href=\"https:\/\/territorialchallenges.com\/es\/2024\/02\/26\/guillermo-campoamor-pionnier-de-la-mobilite-connectee-au-service-des-villes-intelligentes\/122367\/\" \/>\n<meta property=\"og:locale\" content=\"es_ES\" \/>\n<meta property=\"og:type\" content=\"article\" \/>\n<meta property=\"og:title\" content=\"Guillermo Campoamor : pionnier de la mobilit\u00e9 connect\u00e9e, au service des villes intelligentes - Territorial Challenges\" \/>\n<meta property=\"og:description\" content=\"Guillermo Campoamor, fondateur et PDG de Meep, incarne la vision audacieuse d&rsquo;une mobilit\u00e9 interconnect\u00e9e pour les villes intelligentes. Originaire d&rsquo;Espagne, il met l&rsquo;accent sur l&rsquo;importance pour les autorit\u00e9s locales de conserver le contr\u00f4le de leurs donn\u00e9es de mobilit\u00e9. \u00c0 travers Meep, une application innovante de Mobilit\u00e9 en tant que Service (MaaS), Campoamor fa\u00e7onne l&rsquo;avenir du [&hellip;]\" \/>\n<meta property=\"og:url\" content=\"https:\/\/territorialchallenges.com\/es\/2024\/02\/26\/guillermo-campoamor-pionnier-de-la-mobilite-connectee-au-service-des-villes-intelligentes\/122367\/\" \/>\n<meta property=\"og:site_name\" content=\"Territorial Challenges\" \/>\n<meta property=\"article:published_time\" content=\"2024-02-26T20:27:28+00:00\" \/>\n<meta property=\"og:image\" content=\"https:\/\/territorialchallenges.com\/wp-content\/uploads\/2024\/02\/OnParledeuxPhoto-1.jpeg\" \/>\n\t<meta property=\"og:image:width\" content=\"800\" \/>\n\t<meta property=\"og:image:height\" content=\"800\" \/>\n\t<meta property=\"og:image:type\" content=\"image\/jpeg\" \/>\n<meta name=\"author\" content=\"ni.abdi\" \/>\n<meta name=\"twitter:card\" content=\"summary_large_image\" \/>\n<meta name=\"twitter:creator\" content=\"@Ni.abdi\" \/>\n<meta name=\"twitter:label1\" content=\"Escrito por\" \/>\n\t<meta name=\"twitter:data1\" content=\"ni.abdi\" \/>\n\t<meta name=\"twitter:label2\" content=\"Tiempo de lectura\" \/>\n\t<meta name=\"twitter:data2\" content=\"3 minutos\" \/>\n<script type=\"application\/ld+json\" class=\"yoast-schema-graph\">{\"@context\":\"https:\/\/schema.org\",\"@graph\":[{\"@type\":\"Article\",\"@id\":\"https:\/\/territorialchallenges.com\/2024\/02\/26\/guillermo-campoamor-pionnier-de-la-mobilite-connectee-au-service-des-villes-intelligentes\/122367\/#article\",\"isPartOf\":{\"@id\":\"https:\/\/territorialchallenges.com\/2024\/02\/26\/guillermo-campoamor-pionnier-de-la-mobilite-connectee-au-service-des-villes-intelligentes\/122367\/\"},\"author\":{\"name\":\"ni.abdi\",\"@id\":\"https:\/\/territorialchallenges.com\/#\/schema\/person\/098f145c7c61a021c425e010f840080f\"},\"headline\":\"Guillermo Campoamor : pionnier de la mobilit\u00e9 connect\u00e9e, au service des villes intelligentes\",\"datePublished\":\"2024-02-26T20:27:28+00:00\",\"dateModified\":\"2024-02-26T20:27:28+00:00\",\"mainEntityOfPage\":{\"@id\":\"https:\/\/territorialchallenges.com\/2024\/02\/26\/guillermo-campoamor-pionnier-de-la-mobilite-connectee-au-service-des-villes-intelligentes\/122367\/\"},\"wordCount\":511,\"publisher\":{\"@id\":\"https:\/\/territorialchallenges.com\/#organization\"},\"articleSection\":[\"On parle d'eux\",\"\u00c9cosyst\u00e8me\"],\"inLanguage\":\"es\"},{\"@type\":\"WebPage\",\"@id\":\"https:\/\/territorialchallenges.com\/2024\/02\/26\/guillermo-campoamor-pionnier-de-la-mobilite-connectee-au-service-des-villes-intelligentes\/122367\/\",\"url\":\"https:\/\/territorialchallenges.com\/2024\/02\/26\/guillermo-campoamor-pionnier-de-la-mobilite-connectee-au-service-des-villes-intelligentes\/122367\/\",\"name\":\"Guillermo Campoamor : pionnier de la mobilit\u00e9 connect\u00e9e, au service des villes intelligentes - Territorial Challenges\",\"isPartOf\":{\"@id\":\"https:\/\/territorialchallenges.com\/#website\"},\"datePublished\":\"2024-02-26T20:27:28+00:00\",\"dateModified\":\"2024-02-26T20:27:28+00:00\",\"breadcrumb\":{\"@id\":\"https:\/\/territorialchallenges.com\/2024\/02\/26\/guillermo-campoamor-pionnier-de-la-mobilite-connectee-au-service-des-villes-intelligentes\/122367\/#breadcrumb\"},\"inLanguage\":\"es\",\"potentialAction\":[{\"@type\":\"ReadAction\",\"target\":[\"https:\/\/territorialchallenges.com\/2024\/02\/26\/guillermo-campoamor-pionnier-de-la-mobilite-connectee-au-service-des-villes-intelligentes\/122367\/\"]}]},{\"@type\":\"BreadcrumbList\",\"@id\":\"https:\/\/territorialchallenges.com\/2024\/02\/26\/guillermo-campoamor-pionnier-de-la-mobilite-connectee-au-service-des-villes-intelligentes\/122367\/#breadcrumb\",\"itemListElement\":[{\"@type\":\"ListItem\",\"position\":1,\"name\":\"Home\",\"item\":\"https:\/\/territorialchallenges.com\/\"},{\"@type\":\"ListItem\",\"position\":2,\"name\":\"Guillermo Campoamor : pionnier de la mobilit\u00e9 connect\u00e9e, au service des villes intelligentes\"}]},{\"@type\":\"WebSite\",\"@id\":\"https:\/\/territorialchallenges.com\/#website\",\"url\":\"https:\/\/territorialchallenges.com\/\",\"name\":\"Territorial Challenges\",\"description\":\"Veille Internationale - Strat\u00e9gie Intelligentes - Bonnes pratiques\",\"publisher\":{\"@id\":\"https:\/\/territorialchallenges.com\/#organization\"},\"potentialAction\":[{\"@type\":\"SearchAction\",\"target\":{\"@type\":\"EntryPoint\",\"urlTemplate\":\"https:\/\/territorialchallenges.com\/?s={search_term_string}\"},\"query-input\":\"required name=search_term_string\"}],\"inLanguage\":\"es\"},{\"@type\":\"Organization\",\"@id\":\"https:\/\/territorialchallenges.com\/#organization\",\"name\":\"Territorial Challenges\",\"url\":\"https:\/\/territorialchallenges.com\/\",\"logo\":{\"@type\":\"ImageObject\",\"inLanguage\":\"es\",\"@id\":\"https:\/\/territorialchallenges.com\/#\/schema\/logo\/image\/\",\"url\":\"https:\/\/territorialchallenges.com\/wp-content\/uploads\/2023\/10\/logo-1.png\",\"contentUrl\":\"https:\/\/territorialchallenges.com\/wp-content\/uploads\/2023\/10\/logo-1.png\",\"width\":1832,\"height\":576,\"caption\":\"Territorial Challenges\"},\"image\":{\"@id\":\"https:\/\/territorialchallenges.com\/#\/schema\/logo\/image\/\"}},{\"@type\":\"Person\",\"@id\":\"https:\/\/territorialchallenges.com\/#\/schema\/person\/098f145c7c61a021c425e010f840080f\",\"name\":\"ni.abdi\",\"image\":{\"@type\":\"ImageObject\",\"inLanguage\":\"es\",\"@id\":\"https:\/\/territorialchallenges.com\/#\/schema\/person\/image\/\",\"url\":\"https:\/\/secure.gravatar.com\/avatar\/2a2f2491f3c80039986ba989b1e4b510?s=96&d=identicon&r=g\",\"contentUrl\":\"https:\/\/secure.gravatar.com\/avatar\/2a2f2491f3c80039986ba989b1e4b510?s=96&d=identicon&r=g\",\"caption\":\"ni.abdi\"},\"sameAs\":[\"https:\/\/twitter.com\/Ni.abdi\"],\"url\":\"https:\/\/territorialchallenges.com\/es\/author\/ni-abdi\/\"}]}<\/script>\n<!-- \/ Yoast SEO plugin. -->","yoast_head_json":{"title":"Guillermo Campoamor : pionnier de la mobilit\u00e9 connect\u00e9e, au service des villes intelligentes - Territorial Challenges","robots":{"index":"index","follow":"follow","max-snippet":"max-snippet:-1","max-image-preview":"max-image-preview:large","max-video-preview":"max-video-preview:-1"},"canonical":"https:\/\/territorialchallenges.com\/es\/2024\/02\/26\/guillermo-campoamor-pionnier-de-la-mobilite-connectee-au-service-des-villes-intelligentes\/122367\/","og_locale":"es_ES","og_type":"article","og_title":"Guillermo Campoamor : pionnier de la mobilit\u00e9 connect\u00e9e, au service des villes intelligentes - Territorial Challenges","og_description":"Guillermo Campoamor, fondateur et PDG de Meep, incarne la vision audacieuse d&rsquo;une mobilit\u00e9 interconnect\u00e9e pour les villes intelligentes. Originaire d&rsquo;Espagne, il met l&rsquo;accent sur l&rsquo;importance pour les autorit\u00e9s locales de conserver le contr\u00f4le de leurs donn\u00e9es de mobilit\u00e9. \u00c0 travers Meep, une application innovante de Mobilit\u00e9 en tant que Service (MaaS), Campoamor fa\u00e7onne l&rsquo;avenir du [&hellip;]","og_url":"https:\/\/territorialchallenges.com\/es\/2024\/02\/26\/guillermo-campoamor-pionnier-de-la-mobilite-connectee-au-service-des-villes-intelligentes\/122367\/","og_site_name":"Territorial Challenges","article_published_time":"2024-02-26T20:27:28+00:00","og_image":[{"width":800,"height":800,"url":"https:\/\/territorialchallenges.com\/wp-content\/uploads\/2024\/02\/OnParledeuxPhoto-1.jpeg","type":"image\/jpeg"}],"author":"ni.abdi","twitter_card":"summary_large_image","twitter_creator":"@Ni.abdi","twitter_misc":{"Escrito por":"ni.abdi","Tiempo de lectura":"3 minutos"},"schema":{"@context":"https:\/\/schema.org","@graph":[{"@type":"Article","@id":"https:\/\/territorialchallenges.com\/2024\/02\/26\/guillermo-campoamor-pionnier-de-la-mobilite-connectee-au-service-des-villes-intelligentes\/122367\/#article","isPartOf":{"@id":"https:\/\/territorialchallenges.com\/2024\/02\/26\/guillermo-campoamor-pionnier-de-la-mobilite-connectee-au-service-des-villes-intelligentes\/122367\/"},"author":{"name":"ni.abdi","@id":"https:\/\/territorialchallenges.com\/#\/schema\/person\/098f145c7c61a021c425e010f840080f"},"headline":"Guillermo Campoamor : pionnier de la mobilit\u00e9 connect\u00e9e, au service des villes intelligentes","datePublished":"2024-02-26T20:27:28+00:00","dateModified":"2024-02-26T20:27:28+00:00","mainEntityOfPage":{"@id":"https:\/\/territorialchallenges.com\/2024\/02\/26\/guillermo-campoamor-pionnier-de-la-mobilite-connectee-au-service-des-villes-intelligentes\/122367\/"},"wordCount":511,"publisher":{"@id":"https:\/\/territorialchallenges.com\/#organization"},"articleSection":["On parle d'eux","\u00c9cosyst\u00e8me"],"inLanguage":"es"},{"@type":"WebPage","@id":"https:\/\/territorialchallenges.com\/2024\/02\/26\/guillermo-campoamor-pionnier-de-la-mobilite-connectee-au-service-des-villes-intelligentes\/122367\/","url":"https:\/\/territorialchallenges.com\/2024\/02\/26\/guillermo-campoamor-pionnier-de-la-mobilite-connectee-au-service-des-villes-intelligentes\/122367\/","name":"Guillermo Campoamor : pionnier de la mobilit\u00e9 connect\u00e9e, au service des villes intelligentes - Territorial Challenges","isPartOf":{"@id":"https:\/\/territorialchallenges.com\/#website"},"datePublished":"2024-02-26T20:27:28+00:00","dateModified":"2024-02-26T20:27:28+00:00","breadcrumb":{"@id":"https:\/\/territorialchallenges.com\/2024\/02\/26\/guillermo-campoamor-pionnier-de-la-mobilite-connectee-au-service-des-villes-intelligentes\/122367\/#breadcrumb"},"inLanguage":"es","potentialAction":[{"@type":"ReadAction","target":["https:\/\/territorialchallenges.com\/2024\/02\/26\/guillermo-campoamor-pionnier-de-la-mobilite-connectee-au-service-des-villes-intelligentes\/122367\/"]}]},{"@type":"BreadcrumbList","@id":"https:\/\/territorialchallenges.com\/2024\/02\/26\/guillermo-campoamor-pionnier-de-la-mobilite-connectee-au-service-des-villes-intelligentes\/122367\/#breadcrumb","itemListElement":[{"@type":"ListItem","position":1,"name":"Home","item":"https:\/\/territorialchallenges.com\/"},{"@type":"ListItem","position":2,"name":"Guillermo Campoamor : pionnier de la mobilit\u00e9 connect\u00e9e, au service des villes intelligentes"}]},{"@type":"WebSite","@id":"https:\/\/territorialchallenges.com\/#website","url":"https:\/\/territorialchallenges.com\/","name":"Desaf\u00edos territoriales","description":"Monitoreo Internacional - Estrategias Inteligentes - Mejores Pr\u00e1cticas","publisher":{"@id":"https:\/\/territorialchallenges.com\/#organization"},"potentialAction":[{"@type":"SearchAction","target":{"@type":"EntryPoint","urlTemplate":"https:\/\/territorialchallenges.com\/?s={search_term_string}"},"query-input":"required name=search_term_string"}],"inLanguage":"es"},{"@type":"Organization","@id":"https:\/\/territorialchallenges.com\/#organization","name":"Desaf\u00edos territoriales","url":"https:\/\/territorialchallenges.com\/","logo":{"@type":"ImageObject","inLanguage":"es","@id":"https:\/\/territorialchallenges.com\/#\/schema\/logo\/image\/","url":"https:\/\/territorialchallenges.com\/wp-content\/uploads\/2023\/10\/logo-1.png","contentUrl":"https:\/\/territorialchallenges.com\/wp-content\/uploads\/2023\/10\/logo-1.png","width":1832,"height":576,"caption":"Territorial Challenges"},"image":{"@id":"https:\/\/territorialchallenges.com\/#\/schema\/logo\/image\/"}},{"@type":"Person","@id":"https:\/\/territorialchallenges.com\/#\/schema\/person\/098f145c7c61a021c425e010f840080f","name":"ni.abdi","image":{"@type":"ImageObject","inLanguage":"es","@id":"https:\/\/territorialchallenges.com\/#\/schema\/person\/image\/","url":"https:\/\/secure.gravatar.com\/avatar\/2a2f2491f3c80039986ba989b1e4b510?s=96&d=identicon&r=g","contentUrl":"https:\/\/secure.gravatar.com\/avatar\/2a2f2491f3c80039986ba989b1e4b510?s=96&d=identicon&r=g","caption":"ni.abdi"},"sameAs":["https:\/\/twitter.com\/Ni.abdi"],"url":"https:\/\/territorialchallenges.com\/es\/author\/ni-abdi\/"}]}},"_links":{"self":[{"href":"https:\/\/territorialchallenges.com\/es\/wp-json\/wp\/v2\/posts\/122367"}],"collection":[{"href":"https:\/\/territorialchallenges.com\/es\/wp-json\/wp\/v2\/posts"}],"about":[{"href":"https:\/\/territorialchallenges.com\/es\/wp-json\/wp\/v2\/types\/post"}],"author":[{"embeddable":true,"href":"https:\/\/territorialchallenges.com\/es\/wp-json\/wp\/v2\/users\/11"}],"replies":[{"embeddable":true,"href":"https:\/\/territorialchallenges.com\/es\/wp-json\/wp\/v2\/comments?post=122367"}],"version-history":[{"count":1,"href":"https:\/\/territorialchallenges.com\/es\/wp-json\/wp\/v2\/posts\/122367\/revisions"}],"predecessor-version":[{"id":122369,"href":"https:\/\/territorialchallenges.com\/es\/wp-json\/wp\/v2\/posts\/122367\/revisions\/122369"}],"wp:featuredmedia":[{"embeddable":true,"href":"https:\/\/territorialchallenges.com\/es\/wp-json\/wp\/v2\/media\/122368"}],"wp:attachment":[{"href":"https:\/\/territorialchallenges.com\/es\/wp-json\/wp\/v2\/media?parent=122367"}],"wp:term":[{"taxonomy":"category","embeddable":true,"href":"https:\/\/territorialchallenges.com\/es\/wp-json\/wp\/v2\/categories?post=122367"},{"taxonomy":"post_tag","embeddable":true,"href":"https:\/\/territorialchallenges.com\/es\/wp-json\/wp\/v2\/tags?post=122367"}],"curies":[{"name":"gracias","href":"https:\/\/api.w.org\/{rel}","templated":true}]}}