{"id":122329,"date":"2024-02-19T23:57:15","date_gmt":"2024-02-19T22:57:15","guid":{"rendered":"https:\/\/territorialchallenges.com\/?p=122329"},"modified":"2024-02-20T04:13:52","modified_gmt":"2024-02-20T03:13:52","slug":"repenser-le-numerique-du-virtuel-au-materiel-une-perspective-holistique-pour-les-politiques-publiques","status":"publish","type":"post","link":"https:\/\/territorialchallenges.com\/es\/2024\/02\/19\/repenser-le-numerique-du-virtuel-au-materiel-une-perspective-holistique-pour-les-politiques-publiques\/122329\/","title":{"rendered":"Repensando lo digital: De lo virtual a lo f\u00edsico, una perspectiva hol\u00edstica para las pol\u00edticas p\u00fablicas"},"content":{"rendered":"<p>Durante muchos a\u00f1os, el discurso digital se ha centrado en lo intangible, con \u00e9nfasis en el software, los datos y las interacciones en l\u00ednea. Sin embargo, se est\u00e1 produciendo un cambio significativo, un giro material que reconoce la creciente importancia de la infraestructura f\u00edsica que subyace al mundo digital. Este cambio de perspectiva, inspirado en las reflexiones del fil\u00f3sofo italiano\u2026 <\/p>\n<div class=\"pmpro_content_message\">Art\u00edculo disponible s\u00f3lo para suscriptores.<br \/><a href=\"https:\/\/territorialchallenges.com\/wp-login.php\">Acceso<\/a><br \/><a href=\"https:\/\/territorialchallenges.com\/es\/wp-login.php\/?action=register\">Registro<\/a><\/div>","protected":false},"excerpt":{"rendered":"<p>Pendant de nombreuses ann\u00e9es, le discours num\u00e9rique s&rsquo;est focalis\u00e9 sur l&rsquo;immat\u00e9riel, mettant en avant les logiciels, les donn\u00e9es et les interactions en ligne. Cependant, une \u00e9volution significative s&rsquo;amorce actuellement, marquant un \u00ab\u00a0tournant mat\u00e9riel\u00a0\u00bb qui reconna\u00eet l&rsquo;importance croissante de l&rsquo;infrastructure physique sous-jacente au monde num\u00e9rique. Cette transformation de perspective, inspir\u00e9e par les r\u00e9flexions du philosophe italien... <\/p>\n<div class=\"pmpro_content_message\">Art\u00edculo disponible s\u00f3lo para suscriptores.<br \/><a href=\"https:\/\/territorialchallenges.com\/wp-login.php\">Acceso<\/a><br \/><a href=\"https:\/\/territorialchallenges.com\/es\/wp-login.php\/?action=register\">Registro<\/a><\/div>","protected":false},"author":11,"featured_media":122330,"comment_status":"closed","ping_status":"closed","sticky":true,"template":"","format":"standard","meta":{"pmpro_default_level":0,"footnotes":""},"categories":[130,117],"tags":[],"blocksy_meta":"","yoast_head":"<!-- This site is optimized with the Yoast SEO plugin v21.5 - https:\/\/yoast.com\/wordpress\/plugins\/seo\/ -->\n<title>Repenser le num\u00e9rique: du virtuel au mat\u00e9riel, une perspective holistique pour les politiques publiques - Territorial Challenges<\/title>\n<meta name=\"robots\" content=\"index, follow, max-snippet:-1, max-image-preview:large, max-video-preview:-1\" \/>\n<link rel=\"canonical\" href=\"https:\/\/territorialchallenges.com\/es\/2024\/02\/19\/repenser-le-numerique-du-virtuel-au-materiel-une-perspective-holistique-pour-les-politiques-publiques\/122329\/\" \/>\n<meta property=\"og:locale\" content=\"es_ES\" \/>\n<meta property=\"og:type\" content=\"article\" \/>\n<meta property=\"og:title\" content=\"Repenser le num\u00e9rique: du virtuel au mat\u00e9riel, une perspective holistique pour les politiques publiques - Territorial Challenges\" \/>\n<meta property=\"og:description\" content=\"Pendant de nombreuses ann\u00e9es, le discours num\u00e9rique s&rsquo;est focalis\u00e9 sur l&rsquo;immat\u00e9riel, mettant en avant les logiciels, les donn\u00e9es et les interactions en ligne. Cependant, une \u00e9volution significative s&rsquo;amorce actuellement, marquant un \u00ab\u00a0tournant mat\u00e9riel\u00a0\u00bb qui reconna\u00eet l&rsquo;importance croissante de l&rsquo;infrastructure physique sous-jacente au monde num\u00e9rique. Cette transformation de perspective, inspir\u00e9e par les r\u00e9flexions du philosophe italien [&hellip;]\" \/>\n<meta property=\"og:url\" content=\"https:\/\/territorialchallenges.com\/es\/2024\/02\/19\/repenser-le-numerique-du-virtuel-au-materiel-une-perspective-holistique-pour-les-politiques-publiques\/122329\/\" \/>\n<meta property=\"og:site_name\" content=\"Territorial Challenges\" \/>\n<meta property=\"article:published_time\" content=\"2024-02-19T22:57:15+00:00\" \/>\n<meta property=\"article:modified_time\" content=\"2024-02-20T03:13:52+00:00\" \/>\n<meta property=\"og:image\" content=\"https:\/\/territorialchallenges.com\/wp-content\/uploads\/2024\/02\/ReflexionFaitePhoto-1.jpg\" \/>\n\t<meta property=\"og:image:width\" content=\"1280\" \/>\n\t<meta property=\"og:image:height\" content=\"894\" \/>\n\t<meta property=\"og:image:type\" content=\"image\/jpeg\" \/>\n<meta name=\"author\" content=\"ni.abdi\" \/>\n<meta name=\"twitter:card\" content=\"summary_large_image\" \/>\n<meta name=\"twitter:creator\" content=\"@Ni.abdi\" \/>\n<meta name=\"twitter:label1\" content=\"Escrito por\" \/>\n\t<meta name=\"twitter:data1\" content=\"ni.abdi\" \/>\n\t<meta name=\"twitter:label2\" content=\"Tiempo de lectura\" \/>\n\t<meta name=\"twitter:data2\" content=\"3 minutos\" \/>\n<script type=\"application\/ld+json\" class=\"yoast-schema-graph\">{\"@context\":\"https:\/\/schema.org\",\"@graph\":[{\"@type\":\"Article\",\"@id\":\"https:\/\/territorialchallenges.com\/2024\/02\/19\/repenser-le-numerique-du-virtuel-au-materiel-une-perspective-holistique-pour-les-politiques-publiques\/122329\/#article\",\"isPartOf\":{\"@id\":\"https:\/\/territorialchallenges.com\/2024\/02\/19\/repenser-le-numerique-du-virtuel-au-materiel-une-perspective-holistique-pour-les-politiques-publiques\/122329\/\"},\"author\":{\"name\":\"ni.abdi\",\"@id\":\"https:\/\/territorialchallenges.com\/#\/schema\/person\/098f145c7c61a021c425e010f840080f\"},\"headline\":\"Repenser le num\u00e9rique: du virtuel au mat\u00e9riel, une perspective holistique pour les politiques publiques\",\"datePublished\":\"2024-02-19T22:57:15+00:00\",\"dateModified\":\"2024-02-20T03:13:52+00:00\",\"mainEntityOfPage\":{\"@id\":\"https:\/\/territorialchallenges.com\/2024\/02\/19\/repenser-le-numerique-du-virtuel-au-materiel-une-perspective-holistique-pour-les-politiques-publiques\/122329\/\"},\"wordCount\":510,\"publisher\":{\"@id\":\"https:\/\/territorialchallenges.com\/#organization\"},\"articleSection\":[\"R\u00e9flexion faite\",\"\u00c9cosyst\u00e8me\"],\"inLanguage\":\"es\"},{\"@type\":\"WebPage\",\"@id\":\"https:\/\/territorialchallenges.com\/2024\/02\/19\/repenser-le-numerique-du-virtuel-au-materiel-une-perspective-holistique-pour-les-politiques-publiques\/122329\/\",\"url\":\"https:\/\/territorialchallenges.com\/2024\/02\/19\/repenser-le-numerique-du-virtuel-au-materiel-une-perspective-holistique-pour-les-politiques-publiques\/122329\/\",\"name\":\"Repenser le num\u00e9rique: du virtuel au mat\u00e9riel, une perspective holistique pour les politiques publiques - Territorial Challenges\",\"isPartOf\":{\"@id\":\"https:\/\/territorialchallenges.com\/#website\"},\"datePublished\":\"2024-02-19T22:57:15+00:00\",\"dateModified\":\"2024-02-20T03:13:52+00:00\",\"breadcrumb\":{\"@id\":\"https:\/\/territorialchallenges.com\/2024\/02\/19\/repenser-le-numerique-du-virtuel-au-materiel-une-perspective-holistique-pour-les-politiques-publiques\/122329\/#breadcrumb\"},\"inLanguage\":\"es\",\"potentialAction\":[{\"@type\":\"ReadAction\",\"target\":[\"https:\/\/territorialchallenges.com\/2024\/02\/19\/repenser-le-numerique-du-virtuel-au-materiel-une-perspective-holistique-pour-les-politiques-publiques\/122329\/\"]}]},{\"@type\":\"BreadcrumbList\",\"@id\":\"https:\/\/territorialchallenges.com\/2024\/02\/19\/repenser-le-numerique-du-virtuel-au-materiel-une-perspective-holistique-pour-les-politiques-publiques\/122329\/#breadcrumb\",\"itemListElement\":[{\"@type\":\"ListItem\",\"position\":1,\"name\":\"Home\",\"item\":\"https:\/\/territorialchallenges.com\/\"},{\"@type\":\"ListItem\",\"position\":2,\"name\":\"Repenser le num\u00e9rique: du virtuel au mat\u00e9riel, une perspective holistique pour les politiques publiques\"}]},{\"@type\":\"WebSite\",\"@id\":\"https:\/\/territorialchallenges.com\/#website\",\"url\":\"https:\/\/territorialchallenges.com\/\",\"name\":\"Territorial Challenges\",\"description\":\"Veille Internationale - Strat\u00e9gie Intelligentes - Bonnes pratiques\",\"publisher\":{\"@id\":\"https:\/\/territorialchallenges.com\/#organization\"},\"potentialAction\":[{\"@type\":\"SearchAction\",\"target\":{\"@type\":\"EntryPoint\",\"urlTemplate\":\"https:\/\/territorialchallenges.com\/?s={search_term_string}\"},\"query-input\":\"required name=search_term_string\"}],\"inLanguage\":\"es\"},{\"@type\":\"Organization\",\"@id\":\"https:\/\/territorialchallenges.com\/#organization\",\"name\":\"Territorial Challenges\",\"url\":\"https:\/\/territorialchallenges.com\/\",\"logo\":{\"@type\":\"ImageObject\",\"inLanguage\":\"es\",\"@id\":\"https:\/\/territorialchallenges.com\/#\/schema\/logo\/image\/\",\"url\":\"https:\/\/territorialchallenges.com\/wp-content\/uploads\/2023\/10\/logo-1.png\",\"contentUrl\":\"https:\/\/territorialchallenges.com\/wp-content\/uploads\/2023\/10\/logo-1.png\",\"width\":1832,\"height\":576,\"caption\":\"Territorial Challenges\"},\"image\":{\"@id\":\"https:\/\/territorialchallenges.com\/#\/schema\/logo\/image\/\"}},{\"@type\":\"Person\",\"@id\":\"https:\/\/territorialchallenges.com\/#\/schema\/person\/098f145c7c61a021c425e010f840080f\",\"name\":\"ni.abdi\",\"image\":{\"@type\":\"ImageObject\",\"inLanguage\":\"es\",\"@id\":\"https:\/\/territorialchallenges.com\/#\/schema\/person\/image\/\",\"url\":\"https:\/\/secure.gravatar.com\/avatar\/2a2f2491f3c80039986ba989b1e4b510?s=96&d=identicon&r=g\",\"contentUrl\":\"https:\/\/secure.gravatar.com\/avatar\/2a2f2491f3c80039986ba989b1e4b510?s=96&d=identicon&r=g\",\"caption\":\"ni.abdi\"},\"sameAs\":[\"https:\/\/twitter.com\/Ni.abdi\"],\"url\":\"https:\/\/territorialchallenges.com\/es\/author\/ni-abdi\/\"}]}<\/script>\n<!-- \/ Yoast SEO plugin. -->","yoast_head_json":{"title":"Repenser le num\u00e9rique: du virtuel au mat\u00e9riel, une perspective holistique pour les politiques publiques - Territorial Challenges","robots":{"index":"index","follow":"follow","max-snippet":"max-snippet:-1","max-image-preview":"max-image-preview:large","max-video-preview":"max-video-preview:-1"},"canonical":"https:\/\/territorialchallenges.com\/es\/2024\/02\/19\/repenser-le-numerique-du-virtuel-au-materiel-une-perspective-holistique-pour-les-politiques-publiques\/122329\/","og_locale":"es_ES","og_type":"article","og_title":"Repenser le num\u00e9rique: du virtuel au mat\u00e9riel, une perspective holistique pour les politiques publiques - Territorial Challenges","og_description":"Pendant de nombreuses ann\u00e9es, le discours num\u00e9rique s&rsquo;est focalis\u00e9 sur l&rsquo;immat\u00e9riel, mettant en avant les logiciels, les donn\u00e9es et les interactions en ligne. Cependant, une \u00e9volution significative s&rsquo;amorce actuellement, marquant un \u00ab\u00a0tournant mat\u00e9riel\u00a0\u00bb qui reconna\u00eet l&rsquo;importance croissante de l&rsquo;infrastructure physique sous-jacente au monde num\u00e9rique. Cette transformation de perspective, inspir\u00e9e par les r\u00e9flexions du philosophe italien [&hellip;]","og_url":"https:\/\/territorialchallenges.com\/es\/2024\/02\/19\/repenser-le-numerique-du-virtuel-au-materiel-une-perspective-holistique-pour-les-politiques-publiques\/122329\/","og_site_name":"Territorial Challenges","article_published_time":"2024-02-19T22:57:15+00:00","article_modified_time":"2024-02-20T03:13:52+00:00","og_image":[{"width":1280,"height":894,"url":"https:\/\/territorialchallenges.com\/wp-content\/uploads\/2024\/02\/ReflexionFaitePhoto-1.jpg","type":"image\/jpeg"}],"author":"ni.abdi","twitter_card":"summary_large_image","twitter_creator":"@Ni.abdi","twitter_misc":{"Escrito por":"ni.abdi","Tiempo de lectura":"3 minutos"},"schema":{"@context":"https:\/\/schema.org","@graph":[{"@type":"Article","@id":"https:\/\/territorialchallenges.com\/2024\/02\/19\/repenser-le-numerique-du-virtuel-au-materiel-une-perspective-holistique-pour-les-politiques-publiques\/122329\/#article","isPartOf":{"@id":"https:\/\/territorialchallenges.com\/2024\/02\/19\/repenser-le-numerique-du-virtuel-au-materiel-une-perspective-holistique-pour-les-politiques-publiques\/122329\/"},"author":{"name":"ni.abdi","@id":"https:\/\/territorialchallenges.com\/#\/schema\/person\/098f145c7c61a021c425e010f840080f"},"headline":"Repenser le num\u00e9rique: du virtuel au mat\u00e9riel, une perspective holistique pour les politiques publiques","datePublished":"2024-02-19T22:57:15+00:00","dateModified":"2024-02-20T03:13:52+00:00","mainEntityOfPage":{"@id":"https:\/\/territorialchallenges.com\/2024\/02\/19\/repenser-le-numerique-du-virtuel-au-materiel-une-perspective-holistique-pour-les-politiques-publiques\/122329\/"},"wordCount":510,"publisher":{"@id":"https:\/\/territorialchallenges.com\/#organization"},"articleSection":["R\u00e9flexion faite","\u00c9cosyst\u00e8me"],"inLanguage":"es"},{"@type":"WebPage","@id":"https:\/\/territorialchallenges.com\/2024\/02\/19\/repenser-le-numerique-du-virtuel-au-materiel-une-perspective-holistique-pour-les-politiques-publiques\/122329\/","url":"https:\/\/territorialchallenges.com\/2024\/02\/19\/repenser-le-numerique-du-virtuel-au-materiel-une-perspective-holistique-pour-les-politiques-publiques\/122329\/","name":"Repenser le num\u00e9rique: du virtuel au mat\u00e9riel, une perspective holistique pour les politiques publiques - Territorial Challenges","isPartOf":{"@id":"https:\/\/territorialchallenges.com\/#website"},"datePublished":"2024-02-19T22:57:15+00:00","dateModified":"2024-02-20T03:13:52+00:00","breadcrumb":{"@id":"https:\/\/territorialchallenges.com\/2024\/02\/19\/repenser-le-numerique-du-virtuel-au-materiel-une-perspective-holistique-pour-les-politiques-publiques\/122329\/#breadcrumb"},"inLanguage":"es","potentialAction":[{"@type":"ReadAction","target":["https:\/\/territorialchallenges.com\/2024\/02\/19\/repenser-le-numerique-du-virtuel-au-materiel-une-perspective-holistique-pour-les-politiques-publiques\/122329\/"]}]},{"@type":"BreadcrumbList","@id":"https:\/\/territorialchallenges.com\/2024\/02\/19\/repenser-le-numerique-du-virtuel-au-materiel-une-perspective-holistique-pour-les-politiques-publiques\/122329\/#breadcrumb","itemListElement":[{"@type":"ListItem","position":1,"name":"Home","item":"https:\/\/territorialchallenges.com\/"},{"@type":"ListItem","position":2,"name":"Repenser le num\u00e9rique: du virtuel au mat\u00e9riel, une perspective holistique pour les politiques publiques"}]},{"@type":"WebSite","@id":"https:\/\/territorialchallenges.com\/#website","url":"https:\/\/territorialchallenges.com\/","name":"Desaf\u00edos territoriales","description":"Monitoreo Internacional - Estrategias Inteligentes - Mejores Pr\u00e1cticas","publisher":{"@id":"https:\/\/territorialchallenges.com\/#organization"},"potentialAction":[{"@type":"SearchAction","target":{"@type":"EntryPoint","urlTemplate":"https:\/\/territorialchallenges.com\/?s={search_term_string}"},"query-input":"required name=search_term_string"}],"inLanguage":"es"},{"@type":"Organization","@id":"https:\/\/territorialchallenges.com\/#organization","name":"Desaf\u00edos territoriales","url":"https:\/\/territorialchallenges.com\/","logo":{"@type":"ImageObject","inLanguage":"es","@id":"https:\/\/territorialchallenges.com\/#\/schema\/logo\/image\/","url":"https:\/\/territorialchallenges.com\/wp-content\/uploads\/2023\/10\/logo-1.png","contentUrl":"https:\/\/territorialchallenges.com\/wp-content\/uploads\/2023\/10\/logo-1.png","width":1832,"height":576,"caption":"Territorial Challenges"},"image":{"@id":"https:\/\/territorialchallenges.com\/#\/schema\/logo\/image\/"}},{"@type":"Person","@id":"https:\/\/territorialchallenges.com\/#\/schema\/person\/098f145c7c61a021c425e010f840080f","name":"ni.abdi","image":{"@type":"ImageObject","inLanguage":"es","@id":"https:\/\/territorialchallenges.com\/#\/schema\/person\/image\/","url":"https:\/\/secure.gravatar.com\/avatar\/2a2f2491f3c80039986ba989b1e4b510?s=96&d=identicon&r=g","contentUrl":"https:\/\/secure.gravatar.com\/avatar\/2a2f2491f3c80039986ba989b1e4b510?s=96&d=identicon&r=g","caption":"ni.abdi"},"sameAs":["https:\/\/twitter.com\/Ni.abdi"],"url":"https:\/\/territorialchallenges.com\/es\/author\/ni-abdi\/"}]}},"_links":{"self":[{"href":"https:\/\/territorialchallenges.com\/es\/wp-json\/wp\/v2\/posts\/122329"}],"collection":[{"href":"https:\/\/territorialchallenges.com\/es\/wp-json\/wp\/v2\/posts"}],"about":[{"href":"https:\/\/territorialchallenges.com\/es\/wp-json\/wp\/v2\/types\/post"}],"author":[{"embeddable":true,"href":"https:\/\/territorialchallenges.com\/es\/wp-json\/wp\/v2\/users\/11"}],"replies":[{"embeddable":true,"href":"https:\/\/territorialchallenges.com\/es\/wp-json\/wp\/v2\/comments?post=122329"}],"version-history":[{"count":1,"href":"https:\/\/territorialchallenges.com\/es\/wp-json\/wp\/v2\/posts\/122329\/revisions"}],"predecessor-version":[{"id":122331,"href":"https:\/\/territorialchallenges.com\/es\/wp-json\/wp\/v2\/posts\/122329\/revisions\/122331"}],"wp:featuredmedia":[{"embeddable":true,"href":"https:\/\/territorialchallenges.com\/es\/wp-json\/wp\/v2\/media\/122330"}],"wp:attachment":[{"href":"https:\/\/territorialchallenges.com\/es\/wp-json\/wp\/v2\/media?parent=122329"}],"wp:term":[{"taxonomy":"category","embeddable":true,"href":"https:\/\/territorialchallenges.com\/es\/wp-json\/wp\/v2\/categories?post=122329"},{"taxonomy":"post_tag","embeddable":true,"href":"https:\/\/territorialchallenges.com\/es\/wp-json\/wp\/v2\/tags?post=122329"}],"curies":[{"name":"gracias","href":"https:\/\/api.w.org\/{rel}","templated":true}]}}