{"id":122305,"date":"2024-02-19T22:53:41","date_gmt":"2024-02-19T21:53:41","guid":{"rendered":"https:\/\/territorialchallenges.com\/?p=122305"},"modified":"2024-02-19T22:53:42","modified_gmt":"2024-02-19T21:53:42","slug":"levaluation-des-politiques-publiques-et-le-defi-du-concept-de-beneficiaires","status":"publish","type":"post","link":"https:\/\/territorialchallenges.com\/es\/2024\/02\/19\/levaluation-des-politiques-publiques-et-le-defi-du-concept-de-beneficiaires\/122305\/","title":{"rendered":"La evaluaci\u00f3n de pol\u00edticas p\u00fablicas y el desaf\u00edo del concepto de beneficiarios"},"content":{"rendered":"<p>En su obra de referencia publicada en 1995, \u00abLa evaluaci\u00f3n de las pol\u00edticas p\u00fablicas y el concepto de beneficiarios\u00bb, el Centro de Investigaci\u00f3n para el Estudio y la Observaci\u00f3n de las Condiciones de Vida (CREDOC), bajo la direcci\u00f3n de Guy Poquet, explora el delicado equilibrio entre los objetivos de las pol\u00edticas p\u00fablicas, los beneficiarios previstos y las complejas realidades sobre el terreno. <\/p>\n<div class=\"pmpro_content_message\">Art\u00edculo disponible s\u00f3lo para suscriptores.<br \/><a href=\"https:\/\/territorialchallenges.com\/wp-login.php\">Acceso<\/a><br \/><a href=\"https:\/\/territorialchallenges.com\/es\/wp-login.php\/?action=register\">Registro<\/a><\/div>","protected":false},"excerpt":{"rendered":"<p>Dans son ouvrage de r\u00e9f\u00e9rence publi\u00e9 en 1995, \u00ab\u00a0L&rsquo;\u00e9valuation des politiques publiques et le concept de b\u00e9n\u00e9ficiaires\u00a0\u00bb, le Centre de recherche pour l&rsquo;\u00e9tude et l&rsquo;observation des conditions de vie (CREDOC), sous la direction de Guy Poquet, explore le d\u00e9licat \u00e9quilibre entre les objectifs des politiques publiques, les b\u00e9n\u00e9ficiaires envisag\u00e9s, et les r\u00e9alit\u00e9s complexes du terrain.... <\/p>\n<div class=\"pmpro_content_message\">Art\u00edculo disponible s\u00f3lo para suscriptores.<br \/><a href=\"https:\/\/territorialchallenges.com\/wp-login.php\">Acceso<\/a><br \/><a href=\"https:\/\/territorialchallenges.com\/es\/wp-login.php\/?action=register\">Registro<\/a><\/div>","protected":false},"author":11,"featured_media":122306,"comment_status":"closed","ping_status":"closed","sticky":true,"template":"","format":"standard","meta":{"pmpro_default_level":0,"footnotes":""},"categories":[121],"tags":[],"blocksy_meta":"","yoast_head":"<!-- This site is optimized with the Yoast SEO plugin v21.5 - https:\/\/yoast.com\/wordpress\/plugins\/seo\/ -->\n<title>L&#039;\u00e9valuation des politiques publiques et le d\u00e9fi du concept de b\u00e9n\u00e9ficiaires - Territorial Challenges<\/title>\n<meta name=\"robots\" content=\"index, follow, max-snippet:-1, max-image-preview:large, max-video-preview:-1\" \/>\n<link rel=\"canonical\" href=\"https:\/\/territorialchallenges.com\/es\/2024\/02\/19\/levaluation-des-politiques-publiques-et-le-defi-du-concept-de-beneficiaires\/122305\/\" \/>\n<meta property=\"og:locale\" content=\"es_ES\" \/>\n<meta property=\"og:type\" content=\"article\" \/>\n<meta property=\"og:title\" content=\"L&#039;\u00e9valuation des politiques publiques et le d\u00e9fi du concept de b\u00e9n\u00e9ficiaires - Territorial Challenges\" \/>\n<meta property=\"og:description\" content=\"Dans son ouvrage de r\u00e9f\u00e9rence publi\u00e9 en 1995, \u00ab\u00a0L&rsquo;\u00e9valuation des politiques publiques et le concept de b\u00e9n\u00e9ficiaires\u00a0\u00bb, le Centre de recherche pour l&rsquo;\u00e9tude et l&rsquo;observation des conditions de vie (CREDOC), sous la direction de Guy Poquet, explore le d\u00e9licat \u00e9quilibre entre les objectifs des politiques publiques, les b\u00e9n\u00e9ficiaires envisag\u00e9s, et les r\u00e9alit\u00e9s complexes du terrain. [&hellip;]\" \/>\n<meta property=\"og:url\" content=\"https:\/\/territorialchallenges.com\/es\/2024\/02\/19\/levaluation-des-politiques-publiques-et-le-defi-du-concept-de-beneficiaires\/122305\/\" \/>\n<meta property=\"og:site_name\" content=\"Territorial Challenges\" \/>\n<meta property=\"article:published_time\" content=\"2024-02-19T21:53:41+00:00\" \/>\n<meta property=\"article:modified_time\" content=\"2024-02-19T21:53:42+00:00\" \/>\n<meta property=\"og:image\" content=\"https:\/\/territorialchallenges.com\/wp-content\/uploads\/2024\/02\/MemoireEvaluation_des_politiques_publiques.jpeg\" \/>\n\t<meta property=\"og:image:width\" content=\"1024\" \/>\n\t<meta property=\"og:image:height\" content=\"1533\" \/>\n\t<meta property=\"og:image:type\" content=\"image\/jpeg\" \/>\n<meta name=\"author\" content=\"ni.abdi\" \/>\n<meta name=\"twitter:card\" content=\"summary_large_image\" \/>\n<meta name=\"twitter:creator\" content=\"@Ni.abdi\" \/>\n<meta name=\"twitter:label1\" content=\"Escrito por\" \/>\n\t<meta name=\"twitter:data1\" content=\"ni.abdi\" \/>\n\t<meta name=\"twitter:label2\" content=\"Tiempo de lectura\" \/>\n\t<meta name=\"twitter:data2\" content=\"3 minutos\" \/>\n<script type=\"application\/ld+json\" class=\"yoast-schema-graph\">{\"@context\":\"https:\/\/schema.org\",\"@graph\":[{\"@type\":\"Article\",\"@id\":\"https:\/\/territorialchallenges.com\/2024\/02\/19\/levaluation-des-politiques-publiques-et-le-defi-du-concept-de-beneficiaires\/122305\/#article\",\"isPartOf\":{\"@id\":\"https:\/\/territorialchallenges.com\/2024\/02\/19\/levaluation-des-politiques-publiques-et-le-defi-du-concept-de-beneficiaires\/122305\/\"},\"author\":{\"name\":\"ni.abdi\",\"@id\":\"https:\/\/territorialchallenges.com\/#\/schema\/person\/098f145c7c61a021c425e010f840080f\"},\"headline\":\"L&rsquo;\u00e9valuation des politiques publiques et le d\u00e9fi du concept de b\u00e9n\u00e9ficiaires\",\"datePublished\":\"2024-02-19T21:53:41+00:00\",\"dateModified\":\"2024-02-19T21:53:42+00:00\",\"mainEntityOfPage\":{\"@id\":\"https:\/\/territorialchallenges.com\/2024\/02\/19\/levaluation-des-politiques-publiques-et-le-defi-du-concept-de-beneficiaires\/122305\/\"},\"wordCount\":609,\"publisher\":{\"@id\":\"https:\/\/territorialchallenges.com\/#organization\"},\"articleSection\":[\"M\u00e9moire\"],\"inLanguage\":\"es\"},{\"@type\":\"WebPage\",\"@id\":\"https:\/\/territorialchallenges.com\/2024\/02\/19\/levaluation-des-politiques-publiques-et-le-defi-du-concept-de-beneficiaires\/122305\/\",\"url\":\"https:\/\/territorialchallenges.com\/2024\/02\/19\/levaluation-des-politiques-publiques-et-le-defi-du-concept-de-beneficiaires\/122305\/\",\"name\":\"L'\u00e9valuation des politiques publiques et le d\u00e9fi du concept de b\u00e9n\u00e9ficiaires - Territorial Challenges\",\"isPartOf\":{\"@id\":\"https:\/\/territorialchallenges.com\/#website\"},\"datePublished\":\"2024-02-19T21:53:41+00:00\",\"dateModified\":\"2024-02-19T21:53:42+00:00\",\"breadcrumb\":{\"@id\":\"https:\/\/territorialchallenges.com\/2024\/02\/19\/levaluation-des-politiques-publiques-et-le-defi-du-concept-de-beneficiaires\/122305\/#breadcrumb\"},\"inLanguage\":\"es\",\"potentialAction\":[{\"@type\":\"ReadAction\",\"target\":[\"https:\/\/territorialchallenges.com\/2024\/02\/19\/levaluation-des-politiques-publiques-et-le-defi-du-concept-de-beneficiaires\/122305\/\"]}]},{\"@type\":\"BreadcrumbList\",\"@id\":\"https:\/\/territorialchallenges.com\/2024\/02\/19\/levaluation-des-politiques-publiques-et-le-defi-du-concept-de-beneficiaires\/122305\/#breadcrumb\",\"itemListElement\":[{\"@type\":\"ListItem\",\"position\":1,\"name\":\"Home\",\"item\":\"https:\/\/territorialchallenges.com\/\"},{\"@type\":\"ListItem\",\"position\":2,\"name\":\"L&rsquo;\u00e9valuation des politiques publiques et le d\u00e9fi du concept de b\u00e9n\u00e9ficiaires\"}]},{\"@type\":\"WebSite\",\"@id\":\"https:\/\/territorialchallenges.com\/#website\",\"url\":\"https:\/\/territorialchallenges.com\/\",\"name\":\"Territorial Challenges\",\"description\":\"Veille Internationale - Strat\u00e9gie Intelligentes - Bonnes pratiques\",\"publisher\":{\"@id\":\"https:\/\/territorialchallenges.com\/#organization\"},\"potentialAction\":[{\"@type\":\"SearchAction\",\"target\":{\"@type\":\"EntryPoint\",\"urlTemplate\":\"https:\/\/territorialchallenges.com\/?s={search_term_string}\"},\"query-input\":\"required name=search_term_string\"}],\"inLanguage\":\"es\"},{\"@type\":\"Organization\",\"@id\":\"https:\/\/territorialchallenges.com\/#organization\",\"name\":\"Territorial Challenges\",\"url\":\"https:\/\/territorialchallenges.com\/\",\"logo\":{\"@type\":\"ImageObject\",\"inLanguage\":\"es\",\"@id\":\"https:\/\/territorialchallenges.com\/#\/schema\/logo\/image\/\",\"url\":\"https:\/\/territorialchallenges.com\/wp-content\/uploads\/2023\/10\/logo-1.png\",\"contentUrl\":\"https:\/\/territorialchallenges.com\/wp-content\/uploads\/2023\/10\/logo-1.png\",\"width\":1832,\"height\":576,\"caption\":\"Territorial Challenges\"},\"image\":{\"@id\":\"https:\/\/territorialchallenges.com\/#\/schema\/logo\/image\/\"}},{\"@type\":\"Person\",\"@id\":\"https:\/\/territorialchallenges.com\/#\/schema\/person\/098f145c7c61a021c425e010f840080f\",\"name\":\"ni.abdi\",\"image\":{\"@type\":\"ImageObject\",\"inLanguage\":\"es\",\"@id\":\"https:\/\/territorialchallenges.com\/#\/schema\/person\/image\/\",\"url\":\"https:\/\/secure.gravatar.com\/avatar\/2a2f2491f3c80039986ba989b1e4b510?s=96&d=identicon&r=g\",\"contentUrl\":\"https:\/\/secure.gravatar.com\/avatar\/2a2f2491f3c80039986ba989b1e4b510?s=96&d=identicon&r=g\",\"caption\":\"ni.abdi\"},\"sameAs\":[\"https:\/\/twitter.com\/Ni.abdi\"],\"url\":\"https:\/\/territorialchallenges.com\/es\/author\/ni-abdi\/\"}]}<\/script>\n<!-- \/ Yoast SEO plugin. -->","yoast_head_json":{"title":"L'\u00e9valuation des politiques publiques et le d\u00e9fi du concept de b\u00e9n\u00e9ficiaires - Territorial Challenges","robots":{"index":"index","follow":"follow","max-snippet":"max-snippet:-1","max-image-preview":"max-image-preview:large","max-video-preview":"max-video-preview:-1"},"canonical":"https:\/\/territorialchallenges.com\/es\/2024\/02\/19\/levaluation-des-politiques-publiques-et-le-defi-du-concept-de-beneficiaires\/122305\/","og_locale":"es_ES","og_type":"article","og_title":"L'\u00e9valuation des politiques publiques et le d\u00e9fi du concept de b\u00e9n\u00e9ficiaires - Territorial Challenges","og_description":"Dans son ouvrage de r\u00e9f\u00e9rence publi\u00e9 en 1995, \u00ab\u00a0L&rsquo;\u00e9valuation des politiques publiques et le concept de b\u00e9n\u00e9ficiaires\u00a0\u00bb, le Centre de recherche pour l&rsquo;\u00e9tude et l&rsquo;observation des conditions de vie (CREDOC), sous la direction de Guy Poquet, explore le d\u00e9licat \u00e9quilibre entre les objectifs des politiques publiques, les b\u00e9n\u00e9ficiaires envisag\u00e9s, et les r\u00e9alit\u00e9s complexes du terrain. [&hellip;]","og_url":"https:\/\/territorialchallenges.com\/es\/2024\/02\/19\/levaluation-des-politiques-publiques-et-le-defi-du-concept-de-beneficiaires\/122305\/","og_site_name":"Territorial Challenges","article_published_time":"2024-02-19T21:53:41+00:00","article_modified_time":"2024-02-19T21:53:42+00:00","og_image":[{"width":1024,"height":1533,"url":"https:\/\/territorialchallenges.com\/wp-content\/uploads\/2024\/02\/MemoireEvaluation_des_politiques_publiques.jpeg","type":"image\/jpeg"}],"author":"ni.abdi","twitter_card":"summary_large_image","twitter_creator":"@Ni.abdi","twitter_misc":{"Escrito por":"ni.abdi","Tiempo de lectura":"3 minutos"},"schema":{"@context":"https:\/\/schema.org","@graph":[{"@type":"Article","@id":"https:\/\/territorialchallenges.com\/2024\/02\/19\/levaluation-des-politiques-publiques-et-le-defi-du-concept-de-beneficiaires\/122305\/#article","isPartOf":{"@id":"https:\/\/territorialchallenges.com\/2024\/02\/19\/levaluation-des-politiques-publiques-et-le-defi-du-concept-de-beneficiaires\/122305\/"},"author":{"name":"ni.abdi","@id":"https:\/\/territorialchallenges.com\/#\/schema\/person\/098f145c7c61a021c425e010f840080f"},"headline":"L&rsquo;\u00e9valuation des politiques publiques et le d\u00e9fi du concept de b\u00e9n\u00e9ficiaires","datePublished":"2024-02-19T21:53:41+00:00","dateModified":"2024-02-19T21:53:42+00:00","mainEntityOfPage":{"@id":"https:\/\/territorialchallenges.com\/2024\/02\/19\/levaluation-des-politiques-publiques-et-le-defi-du-concept-de-beneficiaires\/122305\/"},"wordCount":609,"publisher":{"@id":"https:\/\/territorialchallenges.com\/#organization"},"articleSection":["M\u00e9moire"],"inLanguage":"es"},{"@type":"WebPage","@id":"https:\/\/territorialchallenges.com\/2024\/02\/19\/levaluation-des-politiques-publiques-et-le-defi-du-concept-de-beneficiaires\/122305\/","url":"https:\/\/territorialchallenges.com\/2024\/02\/19\/levaluation-des-politiques-publiques-et-le-defi-du-concept-de-beneficiaires\/122305\/","name":"L'\u00e9valuation des politiques publiques et le d\u00e9fi du concept de b\u00e9n\u00e9ficiaires - Territorial Challenges","isPartOf":{"@id":"https:\/\/territorialchallenges.com\/#website"},"datePublished":"2024-02-19T21:53:41+00:00","dateModified":"2024-02-19T21:53:42+00:00","breadcrumb":{"@id":"https:\/\/territorialchallenges.com\/2024\/02\/19\/levaluation-des-politiques-publiques-et-le-defi-du-concept-de-beneficiaires\/122305\/#breadcrumb"},"inLanguage":"es","potentialAction":[{"@type":"ReadAction","target":["https:\/\/territorialchallenges.com\/2024\/02\/19\/levaluation-des-politiques-publiques-et-le-defi-du-concept-de-beneficiaires\/122305\/"]}]},{"@type":"BreadcrumbList","@id":"https:\/\/territorialchallenges.com\/2024\/02\/19\/levaluation-des-politiques-publiques-et-le-defi-du-concept-de-beneficiaires\/122305\/#breadcrumb","itemListElement":[{"@type":"ListItem","position":1,"name":"Home","item":"https:\/\/territorialchallenges.com\/"},{"@type":"ListItem","position":2,"name":"L&rsquo;\u00e9valuation des politiques publiques et le d\u00e9fi du concept de b\u00e9n\u00e9ficiaires"}]},{"@type":"WebSite","@id":"https:\/\/territorialchallenges.com\/#website","url":"https:\/\/territorialchallenges.com\/","name":"Desaf\u00edos territoriales","description":"Monitoreo Internacional - Estrategias Inteligentes - Mejores Pr\u00e1cticas","publisher":{"@id":"https:\/\/territorialchallenges.com\/#organization"},"potentialAction":[{"@type":"SearchAction","target":{"@type":"EntryPoint","urlTemplate":"https:\/\/territorialchallenges.com\/?s={search_term_string}"},"query-input":"required name=search_term_string"}],"inLanguage":"es"},{"@type":"Organization","@id":"https:\/\/territorialchallenges.com\/#organization","name":"Desaf\u00edos territoriales","url":"https:\/\/territorialchallenges.com\/","logo":{"@type":"ImageObject","inLanguage":"es","@id":"https:\/\/territorialchallenges.com\/#\/schema\/logo\/image\/","url":"https:\/\/territorialchallenges.com\/wp-content\/uploads\/2023\/10\/logo-1.png","contentUrl":"https:\/\/territorialchallenges.com\/wp-content\/uploads\/2023\/10\/logo-1.png","width":1832,"height":576,"caption":"Territorial Challenges"},"image":{"@id":"https:\/\/territorialchallenges.com\/#\/schema\/logo\/image\/"}},{"@type":"Person","@id":"https:\/\/territorialchallenges.com\/#\/schema\/person\/098f145c7c61a021c425e010f840080f","name":"ni.abdi","image":{"@type":"ImageObject","inLanguage":"es","@id":"https:\/\/territorialchallenges.com\/#\/schema\/person\/image\/","url":"https:\/\/secure.gravatar.com\/avatar\/2a2f2491f3c80039986ba989b1e4b510?s=96&d=identicon&r=g","contentUrl":"https:\/\/secure.gravatar.com\/avatar\/2a2f2491f3c80039986ba989b1e4b510?s=96&d=identicon&r=g","caption":"ni.abdi"},"sameAs":["https:\/\/twitter.com\/Ni.abdi"],"url":"https:\/\/territorialchallenges.com\/es\/author\/ni-abdi\/"}]}},"_links":{"self":[{"href":"https:\/\/territorialchallenges.com\/es\/wp-json\/wp\/v2\/posts\/122305"}],"collection":[{"href":"https:\/\/territorialchallenges.com\/es\/wp-json\/wp\/v2\/posts"}],"about":[{"href":"https:\/\/territorialchallenges.com\/es\/wp-json\/wp\/v2\/types\/post"}],"author":[{"embeddable":true,"href":"https:\/\/territorialchallenges.com\/es\/wp-json\/wp\/v2\/users\/11"}],"replies":[{"embeddable":true,"href":"https:\/\/territorialchallenges.com\/es\/wp-json\/wp\/v2\/comments?post=122305"}],"version-history":[{"count":1,"href":"https:\/\/territorialchallenges.com\/es\/wp-json\/wp\/v2\/posts\/122305\/revisions"}],"predecessor-version":[{"id":122307,"href":"https:\/\/territorialchallenges.com\/es\/wp-json\/wp\/v2\/posts\/122305\/revisions\/122307"}],"wp:featuredmedia":[{"embeddable":true,"href":"https:\/\/territorialchallenges.com\/es\/wp-json\/wp\/v2\/media\/122306"}],"wp:attachment":[{"href":"https:\/\/territorialchallenges.com\/es\/wp-json\/wp\/v2\/media?parent=122305"}],"wp:term":[{"taxonomy":"category","embeddable":true,"href":"https:\/\/territorialchallenges.com\/es\/wp-json\/wp\/v2\/categories?post=122305"},{"taxonomy":"post_tag","embeddable":true,"href":"https:\/\/territorialchallenges.com\/es\/wp-json\/wp\/v2\/tags?post=122305"}],"curies":[{"name":"gracias","href":"https:\/\/api.w.org\/{rel}","templated":true}]}}