{"id":122195,"date":"2024-01-29T11:27:44","date_gmt":"2024-01-29T10:27:44","guid":{"rendered":"https:\/\/territorialchallenges.com\/?p=122195"},"modified":"2024-01-29T11:27:46","modified_gmt":"2024-01-29T10:27:46","slug":"lexploration-de-la-fusion-de-lintelligence-artificielle-et-des-objets-connectes-iot-une-porte-ouverte-vers-un-avenir-plus-intelligent","status":"publish","type":"post","link":"https:\/\/territorialchallenges.com\/es\/2024\/01\/29\/lexploration-de-la-fusion-de-lintelligence-artificielle-et-des-objets-connectes-iot-une-porte-ouverte-vers-un-avenir-plus-intelligent\/122195\/","title":{"rendered":"Explorando la fusi\u00f3n de la inteligencia artificial y los objetos conectados (IoT): una puerta de entrada a un futuro m\u00e1s inteligente"},"content":{"rendered":"<p>En el mundo tecnol\u00f3gico en constante evoluci\u00f3n, la convergencia de la inteligencia artificial (IA) y los objetos conectados (IdC) est\u00e1 creando una poderosa sinergia que redefine nuestra interacci\u00f3n con el mundo. Un an\u00e1lisis m\u00e1s detallado de los beneficios y desaf\u00edos inherentes a esta fusi\u00f3n revela un panorama donde la IA y el IdC unen fuerzas para forjar un futuro\u2026 <\/p>\n<div class=\"pmpro_content_message\">Art\u00edculo disponible s\u00f3lo para suscriptores.<br \/><a href=\"https:\/\/territorialchallenges.com\/wp-login.php\">Acceso<\/a><br \/><a href=\"https:\/\/territorialchallenges.com\/es\/wp-login.php\/?action=register\">Registro<\/a><\/div>","protected":false},"excerpt":{"rendered":"<p>Dans l&rsquo;univers en perp\u00e9tuelle \u00e9volution de la technologie, la convergence de l&rsquo;intelligence artificielle (IA) et des objets connect\u00e9s (IoT) cr\u00e9e une synergie puissante, red\u00e9finissant la mani\u00e8re dont nous interagissons avec le monde. Zoom sur les avantages et les d\u00e9fis inh\u00e9rents \u00e0 cette fusion, d\u00e9voilant un paysage o\u00f9 l&rsquo;IA et l&rsquo;IoT s&rsquo;allient pour fa\u00e7onner un avenir... <\/p>\n<div class=\"pmpro_content_message\">Art\u00edculo disponible s\u00f3lo para suscriptores.<br \/><a href=\"https:\/\/territorialchallenges.com\/wp-login.php\">Acceso<\/a><br \/><a href=\"https:\/\/territorialchallenges.com\/es\/wp-login.php\/?action=register\">Registro<\/a><\/div>","protected":false},"author":11,"featured_media":122196,"comment_status":"closed","ping_status":"closed","sticky":true,"template":"","format":"standard","meta":{"pmpro_default_level":0,"footnotes":""},"categories":[16,124],"tags":[],"blocksy_meta":"","yoast_head":"<!-- This site is optimized with the Yoast SEO plugin v21.5 - https:\/\/yoast.com\/wordpress\/plugins\/seo\/ -->\n<title>L&#039;Exploration de la fusion de l&#039;intelligence artificielle et des objets connect\u00e9s (IoT) \u2013 une porte ouverte vers un avenir plus intelligent - Territorial Challenges<\/title>\n<meta name=\"robots\" content=\"index, follow, max-snippet:-1, max-image-preview:large, max-video-preview:-1\" \/>\n<link rel=\"canonical\" href=\"https:\/\/territorialchallenges.com\/es\/2024\/01\/29\/lexploration-de-la-fusion-de-lintelligence-artificielle-et-des-objets-connectes-iot-une-porte-ouverte-vers-un-avenir-plus-intelligent\/122195\/\" \/>\n<meta property=\"og:locale\" content=\"es_ES\" \/>\n<meta property=\"og:type\" content=\"article\" \/>\n<meta property=\"og:title\" content=\"L&#039;Exploration de la fusion de l&#039;intelligence artificielle et des objets connect\u00e9s (IoT) \u2013 une porte ouverte vers un avenir plus intelligent - Territorial Challenges\" \/>\n<meta property=\"og:description\" content=\"Dans l&rsquo;univers en perp\u00e9tuelle \u00e9volution de la technologie, la convergence de l&rsquo;intelligence artificielle (IA) et des objets connect\u00e9s (IoT) cr\u00e9e une synergie puissante, red\u00e9finissant la mani\u00e8re dont nous interagissons avec le monde. Zoom sur les avantages et les d\u00e9fis inh\u00e9rents \u00e0 cette fusion, d\u00e9voilant un paysage o\u00f9 l&rsquo;IA et l&rsquo;IoT s&rsquo;allient pour fa\u00e7onner un avenir [&hellip;]\" \/>\n<meta property=\"og:url\" content=\"https:\/\/territorialchallenges.com\/es\/2024\/01\/29\/lexploration-de-la-fusion-de-lintelligence-artificielle-et-des-objets-connectes-iot-une-porte-ouverte-vers-un-avenir-plus-intelligent\/122195\/\" \/>\n<meta property=\"og:site_name\" content=\"Territorial Challenges\" \/>\n<meta property=\"article:published_time\" content=\"2024-01-29T10:27:44+00:00\" \/>\n<meta property=\"article:modified_time\" content=\"2024-01-29T10:27:46+00:00\" \/>\n<meta property=\"og:image\" content=\"https:\/\/territorialchallenges.com\/wp-content\/uploads\/2024\/01\/donnees.objetsconnectes.29.01.Photo_.jpg\" \/>\n\t<meta property=\"og:image:width\" content=\"1280\" \/>\n\t<meta property=\"og:image:height\" content=\"720\" \/>\n\t<meta property=\"og:image:type\" content=\"image\/jpeg\" \/>\n<meta name=\"author\" content=\"ni.abdi\" \/>\n<meta name=\"twitter:card\" content=\"summary_large_image\" \/>\n<meta name=\"twitter:creator\" content=\"@Ni.abdi\" \/>\n<meta name=\"twitter:label1\" content=\"Escrito por\" \/>\n\t<meta name=\"twitter:data1\" content=\"ni.abdi\" \/>\n\t<meta name=\"twitter:label2\" content=\"Tiempo de lectura\" \/>\n\t<meta name=\"twitter:data2\" content=\"3 minutos\" \/>\n<script type=\"application\/ld+json\" class=\"yoast-schema-graph\">{\"@context\":\"https:\/\/schema.org\",\"@graph\":[{\"@type\":\"Article\",\"@id\":\"https:\/\/territorialchallenges.com\/2024\/01\/29\/lexploration-de-la-fusion-de-lintelligence-artificielle-et-des-objets-connectes-iot-une-porte-ouverte-vers-un-avenir-plus-intelligent\/122195\/#article\",\"isPartOf\":{\"@id\":\"https:\/\/territorialchallenges.com\/2024\/01\/29\/lexploration-de-la-fusion-de-lintelligence-artificielle-et-des-objets-connectes-iot-une-porte-ouverte-vers-un-avenir-plus-intelligent\/122195\/\"},\"author\":{\"name\":\"ni.abdi\",\"@id\":\"https:\/\/territorialchallenges.com\/#\/schema\/person\/098f145c7c61a021c425e010f840080f\"},\"headline\":\"L&rsquo;Exploration de la fusion de l&rsquo;intelligence artificielle et des objets connect\u00e9s (IoT) \u2013 une porte ouverte vers un avenir plus intelligent\",\"datePublished\":\"2024-01-29T10:27:44+00:00\",\"dateModified\":\"2024-01-29T10:27:46+00:00\",\"mainEntityOfPage\":{\"@id\":\"https:\/\/territorialchallenges.com\/2024\/01\/29\/lexploration-de-la-fusion-de-lintelligence-artificielle-et-des-objets-connectes-iot-une-porte-ouverte-vers-un-avenir-plus-intelligent\/122195\/\"},\"wordCount\":701,\"publisher\":{\"@id\":\"https:\/\/territorialchallenges.com\/#organization\"},\"articleSection\":[\"Donn\u00e9es\/Objets Connect\u00e9s\",\"Actualit\u00e9 internationale\"],\"inLanguage\":\"es\"},{\"@type\":\"WebPage\",\"@id\":\"https:\/\/territorialchallenges.com\/2024\/01\/29\/lexploration-de-la-fusion-de-lintelligence-artificielle-et-des-objets-connectes-iot-une-porte-ouverte-vers-un-avenir-plus-intelligent\/122195\/\",\"url\":\"https:\/\/territorialchallenges.com\/2024\/01\/29\/lexploration-de-la-fusion-de-lintelligence-artificielle-et-des-objets-connectes-iot-une-porte-ouverte-vers-un-avenir-plus-intelligent\/122195\/\",\"name\":\"L'Exploration de la fusion de l'intelligence artificielle et des objets connect\u00e9s (IoT) \u2013 une porte ouverte vers un avenir plus intelligent - Territorial Challenges\",\"isPartOf\":{\"@id\":\"https:\/\/territorialchallenges.com\/#website\"},\"datePublished\":\"2024-01-29T10:27:44+00:00\",\"dateModified\":\"2024-01-29T10:27:46+00:00\",\"breadcrumb\":{\"@id\":\"https:\/\/territorialchallenges.com\/2024\/01\/29\/lexploration-de-la-fusion-de-lintelligence-artificielle-et-des-objets-connectes-iot-une-porte-ouverte-vers-un-avenir-plus-intelligent\/122195\/#breadcrumb\"},\"inLanguage\":\"es\",\"potentialAction\":[{\"@type\":\"ReadAction\",\"target\":[\"https:\/\/territorialchallenges.com\/2024\/01\/29\/lexploration-de-la-fusion-de-lintelligence-artificielle-et-des-objets-connectes-iot-une-porte-ouverte-vers-un-avenir-plus-intelligent\/122195\/\"]}]},{\"@type\":\"BreadcrumbList\",\"@id\":\"https:\/\/territorialchallenges.com\/2024\/01\/29\/lexploration-de-la-fusion-de-lintelligence-artificielle-et-des-objets-connectes-iot-une-porte-ouverte-vers-un-avenir-plus-intelligent\/122195\/#breadcrumb\",\"itemListElement\":[{\"@type\":\"ListItem\",\"position\":1,\"name\":\"Home\",\"item\":\"https:\/\/territorialchallenges.com\/\"},{\"@type\":\"ListItem\",\"position\":2,\"name\":\"L&rsquo;Exploration de la fusion de l&rsquo;intelligence artificielle et des objets connect\u00e9s (IoT) \u2013 une porte ouverte vers un avenir plus intelligent\"}]},{\"@type\":\"WebSite\",\"@id\":\"https:\/\/territorialchallenges.com\/#website\",\"url\":\"https:\/\/territorialchallenges.com\/\",\"name\":\"Territorial Challenges\",\"description\":\"Veille Internationale - Strat\u00e9gie Intelligentes - Bonnes pratiques\",\"publisher\":{\"@id\":\"https:\/\/territorialchallenges.com\/#organization\"},\"potentialAction\":[{\"@type\":\"SearchAction\",\"target\":{\"@type\":\"EntryPoint\",\"urlTemplate\":\"https:\/\/territorialchallenges.com\/?s={search_term_string}\"},\"query-input\":\"required name=search_term_string\"}],\"inLanguage\":\"es\"},{\"@type\":\"Organization\",\"@id\":\"https:\/\/territorialchallenges.com\/#organization\",\"name\":\"Territorial Challenges\",\"url\":\"https:\/\/territorialchallenges.com\/\",\"logo\":{\"@type\":\"ImageObject\",\"inLanguage\":\"es\",\"@id\":\"https:\/\/territorialchallenges.com\/#\/schema\/logo\/image\/\",\"url\":\"https:\/\/territorialchallenges.com\/wp-content\/uploads\/2023\/10\/logo-1.png\",\"contentUrl\":\"https:\/\/territorialchallenges.com\/wp-content\/uploads\/2023\/10\/logo-1.png\",\"width\":1832,\"height\":576,\"caption\":\"Territorial Challenges\"},\"image\":{\"@id\":\"https:\/\/territorialchallenges.com\/#\/schema\/logo\/image\/\"}},{\"@type\":\"Person\",\"@id\":\"https:\/\/territorialchallenges.com\/#\/schema\/person\/098f145c7c61a021c425e010f840080f\",\"name\":\"ni.abdi\",\"image\":{\"@type\":\"ImageObject\",\"inLanguage\":\"es\",\"@id\":\"https:\/\/territorialchallenges.com\/#\/schema\/person\/image\/\",\"url\":\"https:\/\/secure.gravatar.com\/avatar\/2a2f2491f3c80039986ba989b1e4b510?s=96&d=identicon&r=g\",\"contentUrl\":\"https:\/\/secure.gravatar.com\/avatar\/2a2f2491f3c80039986ba989b1e4b510?s=96&d=identicon&r=g\",\"caption\":\"ni.abdi\"},\"sameAs\":[\"https:\/\/twitter.com\/Ni.abdi\"],\"url\":\"https:\/\/territorialchallenges.com\/es\/author\/ni-abdi\/\"}]}<\/script>\n<!-- \/ Yoast SEO plugin. -->","yoast_head_json":{"title":"L'Exploration de la fusion de l'intelligence artificielle et des objets connect\u00e9s (IoT) \u2013 une porte ouverte vers un avenir plus intelligent - Territorial Challenges","robots":{"index":"index","follow":"follow","max-snippet":"max-snippet:-1","max-image-preview":"max-image-preview:large","max-video-preview":"max-video-preview:-1"},"canonical":"https:\/\/territorialchallenges.com\/es\/2024\/01\/29\/lexploration-de-la-fusion-de-lintelligence-artificielle-et-des-objets-connectes-iot-une-porte-ouverte-vers-un-avenir-plus-intelligent\/122195\/","og_locale":"es_ES","og_type":"article","og_title":"L'Exploration de la fusion de l'intelligence artificielle et des objets connect\u00e9s (IoT) \u2013 une porte ouverte vers un avenir plus intelligent - Territorial Challenges","og_description":"Dans l&rsquo;univers en perp\u00e9tuelle \u00e9volution de la technologie, la convergence de l&rsquo;intelligence artificielle (IA) et des objets connect\u00e9s (IoT) cr\u00e9e une synergie puissante, red\u00e9finissant la mani\u00e8re dont nous interagissons avec le monde. Zoom sur les avantages et les d\u00e9fis inh\u00e9rents \u00e0 cette fusion, d\u00e9voilant un paysage o\u00f9 l&rsquo;IA et l&rsquo;IoT s&rsquo;allient pour fa\u00e7onner un avenir [&hellip;]","og_url":"https:\/\/territorialchallenges.com\/es\/2024\/01\/29\/lexploration-de-la-fusion-de-lintelligence-artificielle-et-des-objets-connectes-iot-une-porte-ouverte-vers-un-avenir-plus-intelligent\/122195\/","og_site_name":"Territorial Challenges","article_published_time":"2024-01-29T10:27:44+00:00","article_modified_time":"2024-01-29T10:27:46+00:00","og_image":[{"width":1280,"height":720,"url":"https:\/\/territorialchallenges.com\/wp-content\/uploads\/2024\/01\/donnees.objetsconnectes.29.01.Photo_.jpg","type":"image\/jpeg"}],"author":"ni.abdi","twitter_card":"summary_large_image","twitter_creator":"@Ni.abdi","twitter_misc":{"Escrito por":"ni.abdi","Tiempo de lectura":"3 minutos"},"schema":{"@context":"https:\/\/schema.org","@graph":[{"@type":"Article","@id":"https:\/\/territorialchallenges.com\/2024\/01\/29\/lexploration-de-la-fusion-de-lintelligence-artificielle-et-des-objets-connectes-iot-une-porte-ouverte-vers-un-avenir-plus-intelligent\/122195\/#article","isPartOf":{"@id":"https:\/\/territorialchallenges.com\/2024\/01\/29\/lexploration-de-la-fusion-de-lintelligence-artificielle-et-des-objets-connectes-iot-une-porte-ouverte-vers-un-avenir-plus-intelligent\/122195\/"},"author":{"name":"ni.abdi","@id":"https:\/\/territorialchallenges.com\/#\/schema\/person\/098f145c7c61a021c425e010f840080f"},"headline":"L&rsquo;Exploration de la fusion de l&rsquo;intelligence artificielle et des objets connect\u00e9s (IoT) \u2013 une porte ouverte vers un avenir plus intelligent","datePublished":"2024-01-29T10:27:44+00:00","dateModified":"2024-01-29T10:27:46+00:00","mainEntityOfPage":{"@id":"https:\/\/territorialchallenges.com\/2024\/01\/29\/lexploration-de-la-fusion-de-lintelligence-artificielle-et-des-objets-connectes-iot-une-porte-ouverte-vers-un-avenir-plus-intelligent\/122195\/"},"wordCount":701,"publisher":{"@id":"https:\/\/territorialchallenges.com\/#organization"},"articleSection":["Donn\u00e9es\/Objets Connect\u00e9s","Actualit\u00e9 internationale"],"inLanguage":"es"},{"@type":"WebPage","@id":"https:\/\/territorialchallenges.com\/2024\/01\/29\/lexploration-de-la-fusion-de-lintelligence-artificielle-et-des-objets-connectes-iot-une-porte-ouverte-vers-un-avenir-plus-intelligent\/122195\/","url":"https:\/\/territorialchallenges.com\/2024\/01\/29\/lexploration-de-la-fusion-de-lintelligence-artificielle-et-des-objets-connectes-iot-une-porte-ouverte-vers-un-avenir-plus-intelligent\/122195\/","name":"L'Exploration de la fusion de l'intelligence artificielle et des objets connect\u00e9s (IoT) \u2013 une porte ouverte vers un avenir plus intelligent - Territorial Challenges","isPartOf":{"@id":"https:\/\/territorialchallenges.com\/#website"},"datePublished":"2024-01-29T10:27:44+00:00","dateModified":"2024-01-29T10:27:46+00:00","breadcrumb":{"@id":"https:\/\/territorialchallenges.com\/2024\/01\/29\/lexploration-de-la-fusion-de-lintelligence-artificielle-et-des-objets-connectes-iot-une-porte-ouverte-vers-un-avenir-plus-intelligent\/122195\/#breadcrumb"},"inLanguage":"es","potentialAction":[{"@type":"ReadAction","target":["https:\/\/territorialchallenges.com\/2024\/01\/29\/lexploration-de-la-fusion-de-lintelligence-artificielle-et-des-objets-connectes-iot-une-porte-ouverte-vers-un-avenir-plus-intelligent\/122195\/"]}]},{"@type":"BreadcrumbList","@id":"https:\/\/territorialchallenges.com\/2024\/01\/29\/lexploration-de-la-fusion-de-lintelligence-artificielle-et-des-objets-connectes-iot-une-porte-ouverte-vers-un-avenir-plus-intelligent\/122195\/#breadcrumb","itemListElement":[{"@type":"ListItem","position":1,"name":"Home","item":"https:\/\/territorialchallenges.com\/"},{"@type":"ListItem","position":2,"name":"L&rsquo;Exploration de la fusion de l&rsquo;intelligence artificielle et des objets connect\u00e9s (IoT) \u2013 une porte ouverte vers un avenir plus intelligent"}]},{"@type":"WebSite","@id":"https:\/\/territorialchallenges.com\/#website","url":"https:\/\/territorialchallenges.com\/","name":"Desaf\u00edos territoriales","description":"Monitoreo Internacional - Estrategias Inteligentes - Mejores Pr\u00e1cticas","publisher":{"@id":"https:\/\/territorialchallenges.com\/#organization"},"potentialAction":[{"@type":"SearchAction","target":{"@type":"EntryPoint","urlTemplate":"https:\/\/territorialchallenges.com\/?s={search_term_string}"},"query-input":"required name=search_term_string"}],"inLanguage":"es"},{"@type":"Organization","@id":"https:\/\/territorialchallenges.com\/#organization","name":"Desaf\u00edos territoriales","url":"https:\/\/territorialchallenges.com\/","logo":{"@type":"ImageObject","inLanguage":"es","@id":"https:\/\/territorialchallenges.com\/#\/schema\/logo\/image\/","url":"https:\/\/territorialchallenges.com\/wp-content\/uploads\/2023\/10\/logo-1.png","contentUrl":"https:\/\/territorialchallenges.com\/wp-content\/uploads\/2023\/10\/logo-1.png","width":1832,"height":576,"caption":"Territorial Challenges"},"image":{"@id":"https:\/\/territorialchallenges.com\/#\/schema\/logo\/image\/"}},{"@type":"Person","@id":"https:\/\/territorialchallenges.com\/#\/schema\/person\/098f145c7c61a021c425e010f840080f","name":"ni.abdi","image":{"@type":"ImageObject","inLanguage":"es","@id":"https:\/\/territorialchallenges.com\/#\/schema\/person\/image\/","url":"https:\/\/secure.gravatar.com\/avatar\/2a2f2491f3c80039986ba989b1e4b510?s=96&d=identicon&r=g","contentUrl":"https:\/\/secure.gravatar.com\/avatar\/2a2f2491f3c80039986ba989b1e4b510?s=96&d=identicon&r=g","caption":"ni.abdi"},"sameAs":["https:\/\/twitter.com\/Ni.abdi"],"url":"https:\/\/territorialchallenges.com\/es\/author\/ni-abdi\/"}]}},"_links":{"self":[{"href":"https:\/\/territorialchallenges.com\/es\/wp-json\/wp\/v2\/posts\/122195"}],"collection":[{"href":"https:\/\/territorialchallenges.com\/es\/wp-json\/wp\/v2\/posts"}],"about":[{"href":"https:\/\/territorialchallenges.com\/es\/wp-json\/wp\/v2\/types\/post"}],"author":[{"embeddable":true,"href":"https:\/\/territorialchallenges.com\/es\/wp-json\/wp\/v2\/users\/11"}],"replies":[{"embeddable":true,"href":"https:\/\/territorialchallenges.com\/es\/wp-json\/wp\/v2\/comments?post=122195"}],"version-history":[{"count":1,"href":"https:\/\/territorialchallenges.com\/es\/wp-json\/wp\/v2\/posts\/122195\/revisions"}],"predecessor-version":[{"id":122197,"href":"https:\/\/territorialchallenges.com\/es\/wp-json\/wp\/v2\/posts\/122195\/revisions\/122197"}],"wp:featuredmedia":[{"embeddable":true,"href":"https:\/\/territorialchallenges.com\/es\/wp-json\/wp\/v2\/media\/122196"}],"wp:attachment":[{"href":"https:\/\/territorialchallenges.com\/es\/wp-json\/wp\/v2\/media?parent=122195"}],"wp:term":[{"taxonomy":"category","embeddable":true,"href":"https:\/\/territorialchallenges.com\/es\/wp-json\/wp\/v2\/categories?post=122195"},{"taxonomy":"post_tag","embeddable":true,"href":"https:\/\/territorialchallenges.com\/es\/wp-json\/wp\/v2\/tags?post=122195"}],"curies":[{"name":"gracias","href":"https:\/\/api.w.org\/{rel}","templated":true}]}}