{"id":122137,"date":"2024-01-15T08:21:12","date_gmt":"2024-01-15T07:21:12","guid":{"rendered":"https:\/\/territorialchallenges.com\/?p=122137"},"modified":"2024-01-15T08:21:13","modified_gmt":"2024-01-15T07:21:13","slug":"en-catalogne-lintercommunalite-garrotxa-innove-avec-lintelligence-artificielle-pour-prevenir-les-situations-de-vulnerabilite-sociale","status":"publish","type":"post","link":"https:\/\/territorialchallenges.com\/es\/2024\/01\/15\/en-catalogne-lintercommunalite-garrotxa-innove-avec-lintelligence-artificielle-pour-prevenir-les-situations-de-vulnerabilite-sociale\/122137\/","title":{"rendered":"En Catalu\u00f1a, el intermunicipal de la Garrotxa innova con inteligencia artificial para prevenir situaciones de vulnerabilidad social"},"content":{"rendered":"<p>El Consorci d&#039;Acci\u00f3 Social de la Garrotxa, con el apoyo de una subvenci\u00f3n del Fondo Next Generation EU, emprende una revoluci\u00f3n social con la introducci\u00f3n de la herramienta \u00abMomentum\u00bb, un software basado en inteligencia artificial, para anticipar y prevenir las necesidades sociales de las poblaciones vulnerables. Esta iniciativa forma parte de un programa m\u00e1s amplio de innovaci\u00f3n social... <\/p>\n<div class=\"pmpro_content_message\">Art\u00edculo disponible s\u00f3lo para suscriptores.<br \/><a href=\"https:\/\/territorialchallenges.com\/wp-login.php\">Acceso<\/a><br \/><a href=\"https:\/\/territorialchallenges.com\/es\/wp-login.php\/?action=register\">Registro<\/a><\/div>","protected":false},"excerpt":{"rendered":"<p>Le Consorci d\u2019Acci\u00f3 Social de la Garrotxa, soutenu par une subvention du Fonds Next Generation EU, se lance dans une r\u00e9volution sociale en introduisant l&rsquo;outil \u00ab Momentum \u00bb, un logiciel bas\u00e9 sur l&rsquo;intelligence artificielle, pour anticiper et pr\u00e9venir les besoins sociaux des populations vuln\u00e9rables. Cette initiative s&rsquo;inscrit dans le cadre d&rsquo;un vaste programme d&rsquo;innovation sociale... <\/p>\n<div class=\"pmpro_content_message\">Art\u00edculo disponible s\u00f3lo para suscriptores.<br \/><a href=\"https:\/\/territorialchallenges.com\/wp-login.php\">Acceso<\/a><br \/><a href=\"https:\/\/territorialchallenges.com\/es\/wp-login.php\/?action=register\">Registro<\/a><\/div>","protected":false},"author":11,"featured_media":122138,"comment_status":"closed","ping_status":"closed","sticky":true,"template":"","format":"standard","meta":{"pmpro_default_level":0,"footnotes":""},"categories":[120,117],"tags":[],"blocksy_meta":"","yoast_head":"<!-- This site is optimized with the Yoast SEO plugin v21.5 - https:\/\/yoast.com\/wordpress\/plugins\/seo\/ -->\n<title>En Catalogne, L&#039;intercommunalit\u00e9 Garrotxa innove avec l&#039;intelligence artificielle pour pr\u00e9venir les situations de vuln\u00e9rabilit\u00e9 sociale - Territorial Challenges<\/title>\n<meta name=\"robots\" content=\"index, follow, max-snippet:-1, max-image-preview:large, max-video-preview:-1\" \/>\n<link rel=\"canonical\" href=\"https:\/\/territorialchallenges.com\/es\/2024\/01\/15\/en-catalogne-lintercommunalite-garrotxa-innove-avec-lintelligence-artificielle-pour-prevenir-les-situations-de-vulnerabilite-sociale\/122137\/\" \/>\n<meta property=\"og:locale\" content=\"es_ES\" \/>\n<meta property=\"og:type\" content=\"article\" \/>\n<meta property=\"og:title\" content=\"En Catalogne, L&#039;intercommunalit\u00e9 Garrotxa innove avec l&#039;intelligence artificielle pour pr\u00e9venir les situations de vuln\u00e9rabilit\u00e9 sociale - Territorial Challenges\" \/>\n<meta property=\"og:description\" content=\"Le Consorci d\u2019Acci\u00f3 Social de la Garrotxa, soutenu par une subvention du Fonds Next Generation EU, se lance dans une r\u00e9volution sociale en introduisant l&rsquo;outil \u00ab Momentum \u00bb, un logiciel bas\u00e9 sur l&rsquo;intelligence artificielle, pour anticiper et pr\u00e9venir les besoins sociaux des populations vuln\u00e9rables. Cette initiative s&rsquo;inscrit dans le cadre d&rsquo;un vaste programme d&rsquo;innovation sociale [&hellip;]\" \/>\n<meta property=\"og:url\" content=\"https:\/\/territorialchallenges.com\/es\/2024\/01\/15\/en-catalogne-lintercommunalite-garrotxa-innove-avec-lintelligence-artificielle-pour-prevenir-les-situations-de-vulnerabilite-sociale\/122137\/\" \/>\n<meta property=\"og:site_name\" content=\"Territorial Challenges\" \/>\n<meta property=\"article:published_time\" content=\"2024-01-15T07:21:12+00:00\" \/>\n<meta property=\"article:modified_time\" content=\"2024-01-15T07:21:13+00:00\" \/>\n<meta property=\"og:image\" content=\"https:\/\/territorialchallenges.com\/wp-content\/uploads\/2024\/01\/Ilsestpassea15.01.24Photo.jpg\" \/>\n\t<meta property=\"og:image:width\" content=\"1280\" \/>\n\t<meta property=\"og:image:height\" content=\"960\" \/>\n\t<meta property=\"og:image:type\" content=\"image\/jpeg\" \/>\n<meta name=\"author\" content=\"ni.abdi\" \/>\n<meta name=\"twitter:card\" content=\"summary_large_image\" \/>\n<meta name=\"twitter:creator\" content=\"@Ni.abdi\" \/>\n<meta name=\"twitter:label1\" content=\"Escrito por\" \/>\n\t<meta name=\"twitter:data1\" content=\"ni.abdi\" \/>\n\t<meta name=\"twitter:label2\" content=\"Tiempo de lectura\" \/>\n\t<meta name=\"twitter:data2\" content=\"3 minutos\" \/>\n<script type=\"application\/ld+json\" class=\"yoast-schema-graph\">{\"@context\":\"https:\/\/schema.org\",\"@graph\":[{\"@type\":\"Article\",\"@id\":\"https:\/\/territorialchallenges.com\/2024\/01\/15\/en-catalogne-lintercommunalite-garrotxa-innove-avec-lintelligence-artificielle-pour-prevenir-les-situations-de-vulnerabilite-sociale\/122137\/#article\",\"isPartOf\":{\"@id\":\"https:\/\/territorialchallenges.com\/2024\/01\/15\/en-catalogne-lintercommunalite-garrotxa-innove-avec-lintelligence-artificielle-pour-prevenir-les-situations-de-vulnerabilite-sociale\/122137\/\"},\"author\":{\"name\":\"ni.abdi\",\"@id\":\"https:\/\/territorialchallenges.com\/#\/schema\/person\/098f145c7c61a021c425e010f840080f\"},\"headline\":\"En Catalogne, L&rsquo;intercommunalit\u00e9 Garrotxa innove avec l&rsquo;intelligence artificielle pour pr\u00e9venir les situations de vuln\u00e9rabilit\u00e9 sociale\",\"datePublished\":\"2024-01-15T07:21:12+00:00\",\"dateModified\":\"2024-01-15T07:21:13+00:00\",\"mainEntityOfPage\":{\"@id\":\"https:\/\/territorialchallenges.com\/2024\/01\/15\/en-catalogne-lintercommunalite-garrotxa-innove-avec-lintelligence-artificielle-pour-prevenir-les-situations-de-vulnerabilite-sociale\/122137\/\"},\"wordCount\":633,\"publisher\":{\"@id\":\"https:\/\/territorialchallenges.com\/#organization\"},\"articleSection\":[\"Il s'est pass\u00e9 \u00e0\",\"\u00c9cosyst\u00e8me\"],\"inLanguage\":\"es\"},{\"@type\":\"WebPage\",\"@id\":\"https:\/\/territorialchallenges.com\/2024\/01\/15\/en-catalogne-lintercommunalite-garrotxa-innove-avec-lintelligence-artificielle-pour-prevenir-les-situations-de-vulnerabilite-sociale\/122137\/\",\"url\":\"https:\/\/territorialchallenges.com\/2024\/01\/15\/en-catalogne-lintercommunalite-garrotxa-innove-avec-lintelligence-artificielle-pour-prevenir-les-situations-de-vulnerabilite-sociale\/122137\/\",\"name\":\"En Catalogne, L'intercommunalit\u00e9 Garrotxa innove avec l'intelligence artificielle pour pr\u00e9venir les situations de vuln\u00e9rabilit\u00e9 sociale - Territorial Challenges\",\"isPartOf\":{\"@id\":\"https:\/\/territorialchallenges.com\/#website\"},\"datePublished\":\"2024-01-15T07:21:12+00:00\",\"dateModified\":\"2024-01-15T07:21:13+00:00\",\"breadcrumb\":{\"@id\":\"https:\/\/territorialchallenges.com\/2024\/01\/15\/en-catalogne-lintercommunalite-garrotxa-innove-avec-lintelligence-artificielle-pour-prevenir-les-situations-de-vulnerabilite-sociale\/122137\/#breadcrumb\"},\"inLanguage\":\"es\",\"potentialAction\":[{\"@type\":\"ReadAction\",\"target\":[\"https:\/\/territorialchallenges.com\/2024\/01\/15\/en-catalogne-lintercommunalite-garrotxa-innove-avec-lintelligence-artificielle-pour-prevenir-les-situations-de-vulnerabilite-sociale\/122137\/\"]}]},{\"@type\":\"BreadcrumbList\",\"@id\":\"https:\/\/territorialchallenges.com\/2024\/01\/15\/en-catalogne-lintercommunalite-garrotxa-innove-avec-lintelligence-artificielle-pour-prevenir-les-situations-de-vulnerabilite-sociale\/122137\/#breadcrumb\",\"itemListElement\":[{\"@type\":\"ListItem\",\"position\":1,\"name\":\"Home\",\"item\":\"https:\/\/territorialchallenges.com\/\"},{\"@type\":\"ListItem\",\"position\":2,\"name\":\"En Catalogne, L&rsquo;intercommunalit\u00e9 Garrotxa innove avec l&rsquo;intelligence artificielle pour pr\u00e9venir les situations de vuln\u00e9rabilit\u00e9 sociale\"}]},{\"@type\":\"WebSite\",\"@id\":\"https:\/\/territorialchallenges.com\/#website\",\"url\":\"https:\/\/territorialchallenges.com\/\",\"name\":\"Territorial Challenges\",\"description\":\"Veille Internationale - Strat\u00e9gie Intelligentes - Bonnes pratiques\",\"publisher\":{\"@id\":\"https:\/\/territorialchallenges.com\/#organization\"},\"potentialAction\":[{\"@type\":\"SearchAction\",\"target\":{\"@type\":\"EntryPoint\",\"urlTemplate\":\"https:\/\/territorialchallenges.com\/?s={search_term_string}\"},\"query-input\":\"required name=search_term_string\"}],\"inLanguage\":\"es\"},{\"@type\":\"Organization\",\"@id\":\"https:\/\/territorialchallenges.com\/#organization\",\"name\":\"Territorial Challenges\",\"url\":\"https:\/\/territorialchallenges.com\/\",\"logo\":{\"@type\":\"ImageObject\",\"inLanguage\":\"es\",\"@id\":\"https:\/\/territorialchallenges.com\/#\/schema\/logo\/image\/\",\"url\":\"https:\/\/territorialchallenges.com\/wp-content\/uploads\/2023\/10\/logo-1.png\",\"contentUrl\":\"https:\/\/territorialchallenges.com\/wp-content\/uploads\/2023\/10\/logo-1.png\",\"width\":1832,\"height\":576,\"caption\":\"Territorial Challenges\"},\"image\":{\"@id\":\"https:\/\/territorialchallenges.com\/#\/schema\/logo\/image\/\"}},{\"@type\":\"Person\",\"@id\":\"https:\/\/territorialchallenges.com\/#\/schema\/person\/098f145c7c61a021c425e010f840080f\",\"name\":\"ni.abdi\",\"image\":{\"@type\":\"ImageObject\",\"inLanguage\":\"es\",\"@id\":\"https:\/\/territorialchallenges.com\/#\/schema\/person\/image\/\",\"url\":\"https:\/\/secure.gravatar.com\/avatar\/2a2f2491f3c80039986ba989b1e4b510?s=96&d=identicon&r=g\",\"contentUrl\":\"https:\/\/secure.gravatar.com\/avatar\/2a2f2491f3c80039986ba989b1e4b510?s=96&d=identicon&r=g\",\"caption\":\"ni.abdi\"},\"sameAs\":[\"https:\/\/twitter.com\/Ni.abdi\"],\"url\":\"https:\/\/territorialchallenges.com\/es\/author\/ni-abdi\/\"}]}<\/script>\n<!-- \/ Yoast SEO plugin. -->","yoast_head_json":{"title":"En Catalogne, L'intercommunalit\u00e9 Garrotxa innove avec l'intelligence artificielle pour pr\u00e9venir les situations de vuln\u00e9rabilit\u00e9 sociale - Territorial Challenges","robots":{"index":"index","follow":"follow","max-snippet":"max-snippet:-1","max-image-preview":"max-image-preview:large","max-video-preview":"max-video-preview:-1"},"canonical":"https:\/\/territorialchallenges.com\/es\/2024\/01\/15\/en-catalogne-lintercommunalite-garrotxa-innove-avec-lintelligence-artificielle-pour-prevenir-les-situations-de-vulnerabilite-sociale\/122137\/","og_locale":"es_ES","og_type":"article","og_title":"En Catalogne, L'intercommunalit\u00e9 Garrotxa innove avec l'intelligence artificielle pour pr\u00e9venir les situations de vuln\u00e9rabilit\u00e9 sociale - Territorial Challenges","og_description":"Le Consorci d\u2019Acci\u00f3 Social de la Garrotxa, soutenu par une subvention du Fonds Next Generation EU, se lance dans une r\u00e9volution sociale en introduisant l&rsquo;outil \u00ab Momentum \u00bb, un logiciel bas\u00e9 sur l&rsquo;intelligence artificielle, pour anticiper et pr\u00e9venir les besoins sociaux des populations vuln\u00e9rables. Cette initiative s&rsquo;inscrit dans le cadre d&rsquo;un vaste programme d&rsquo;innovation sociale [&hellip;]","og_url":"https:\/\/territorialchallenges.com\/es\/2024\/01\/15\/en-catalogne-lintercommunalite-garrotxa-innove-avec-lintelligence-artificielle-pour-prevenir-les-situations-de-vulnerabilite-sociale\/122137\/","og_site_name":"Territorial Challenges","article_published_time":"2024-01-15T07:21:12+00:00","article_modified_time":"2024-01-15T07:21:13+00:00","og_image":[{"width":1280,"height":960,"url":"https:\/\/territorialchallenges.com\/wp-content\/uploads\/2024\/01\/Ilsestpassea15.01.24Photo.jpg","type":"image\/jpeg"}],"author":"ni.abdi","twitter_card":"summary_large_image","twitter_creator":"@Ni.abdi","twitter_misc":{"Escrito por":"ni.abdi","Tiempo de lectura":"3 minutos"},"schema":{"@context":"https:\/\/schema.org","@graph":[{"@type":"Article","@id":"https:\/\/territorialchallenges.com\/2024\/01\/15\/en-catalogne-lintercommunalite-garrotxa-innove-avec-lintelligence-artificielle-pour-prevenir-les-situations-de-vulnerabilite-sociale\/122137\/#article","isPartOf":{"@id":"https:\/\/territorialchallenges.com\/2024\/01\/15\/en-catalogne-lintercommunalite-garrotxa-innove-avec-lintelligence-artificielle-pour-prevenir-les-situations-de-vulnerabilite-sociale\/122137\/"},"author":{"name":"ni.abdi","@id":"https:\/\/territorialchallenges.com\/#\/schema\/person\/098f145c7c61a021c425e010f840080f"},"headline":"En Catalogne, L&rsquo;intercommunalit\u00e9 Garrotxa innove avec l&rsquo;intelligence artificielle pour pr\u00e9venir les situations de vuln\u00e9rabilit\u00e9 sociale","datePublished":"2024-01-15T07:21:12+00:00","dateModified":"2024-01-15T07:21:13+00:00","mainEntityOfPage":{"@id":"https:\/\/territorialchallenges.com\/2024\/01\/15\/en-catalogne-lintercommunalite-garrotxa-innove-avec-lintelligence-artificielle-pour-prevenir-les-situations-de-vulnerabilite-sociale\/122137\/"},"wordCount":633,"publisher":{"@id":"https:\/\/territorialchallenges.com\/#organization"},"articleSection":["Il s'est pass\u00e9 \u00e0","\u00c9cosyst\u00e8me"],"inLanguage":"es"},{"@type":"WebPage","@id":"https:\/\/territorialchallenges.com\/2024\/01\/15\/en-catalogne-lintercommunalite-garrotxa-innove-avec-lintelligence-artificielle-pour-prevenir-les-situations-de-vulnerabilite-sociale\/122137\/","url":"https:\/\/territorialchallenges.com\/2024\/01\/15\/en-catalogne-lintercommunalite-garrotxa-innove-avec-lintelligence-artificielle-pour-prevenir-les-situations-de-vulnerabilite-sociale\/122137\/","name":"En Catalogne, L'intercommunalit\u00e9 Garrotxa innove avec l'intelligence artificielle pour pr\u00e9venir les situations de vuln\u00e9rabilit\u00e9 sociale - Territorial Challenges","isPartOf":{"@id":"https:\/\/territorialchallenges.com\/#website"},"datePublished":"2024-01-15T07:21:12+00:00","dateModified":"2024-01-15T07:21:13+00:00","breadcrumb":{"@id":"https:\/\/territorialchallenges.com\/2024\/01\/15\/en-catalogne-lintercommunalite-garrotxa-innove-avec-lintelligence-artificielle-pour-prevenir-les-situations-de-vulnerabilite-sociale\/122137\/#breadcrumb"},"inLanguage":"es","potentialAction":[{"@type":"ReadAction","target":["https:\/\/territorialchallenges.com\/2024\/01\/15\/en-catalogne-lintercommunalite-garrotxa-innove-avec-lintelligence-artificielle-pour-prevenir-les-situations-de-vulnerabilite-sociale\/122137\/"]}]},{"@type":"BreadcrumbList","@id":"https:\/\/territorialchallenges.com\/2024\/01\/15\/en-catalogne-lintercommunalite-garrotxa-innove-avec-lintelligence-artificielle-pour-prevenir-les-situations-de-vulnerabilite-sociale\/122137\/#breadcrumb","itemListElement":[{"@type":"ListItem","position":1,"name":"Home","item":"https:\/\/territorialchallenges.com\/"},{"@type":"ListItem","position":2,"name":"En Catalogne, L&rsquo;intercommunalit\u00e9 Garrotxa innove avec l&rsquo;intelligence artificielle pour pr\u00e9venir les situations de vuln\u00e9rabilit\u00e9 sociale"}]},{"@type":"WebSite","@id":"https:\/\/territorialchallenges.com\/#website","url":"https:\/\/territorialchallenges.com\/","name":"Desaf\u00edos territoriales","description":"Monitoreo Internacional - Estrategias Inteligentes - Mejores Pr\u00e1cticas","publisher":{"@id":"https:\/\/territorialchallenges.com\/#organization"},"potentialAction":[{"@type":"SearchAction","target":{"@type":"EntryPoint","urlTemplate":"https:\/\/territorialchallenges.com\/?s={search_term_string}"},"query-input":"required name=search_term_string"}],"inLanguage":"es"},{"@type":"Organization","@id":"https:\/\/territorialchallenges.com\/#organization","name":"Desaf\u00edos territoriales","url":"https:\/\/territorialchallenges.com\/","logo":{"@type":"ImageObject","inLanguage":"es","@id":"https:\/\/territorialchallenges.com\/#\/schema\/logo\/image\/","url":"https:\/\/territorialchallenges.com\/wp-content\/uploads\/2023\/10\/logo-1.png","contentUrl":"https:\/\/territorialchallenges.com\/wp-content\/uploads\/2023\/10\/logo-1.png","width":1832,"height":576,"caption":"Territorial Challenges"},"image":{"@id":"https:\/\/territorialchallenges.com\/#\/schema\/logo\/image\/"}},{"@type":"Person","@id":"https:\/\/territorialchallenges.com\/#\/schema\/person\/098f145c7c61a021c425e010f840080f","name":"ni.abdi","image":{"@type":"ImageObject","inLanguage":"es","@id":"https:\/\/territorialchallenges.com\/#\/schema\/person\/image\/","url":"https:\/\/secure.gravatar.com\/avatar\/2a2f2491f3c80039986ba989b1e4b510?s=96&d=identicon&r=g","contentUrl":"https:\/\/secure.gravatar.com\/avatar\/2a2f2491f3c80039986ba989b1e4b510?s=96&d=identicon&r=g","caption":"ni.abdi"},"sameAs":["https:\/\/twitter.com\/Ni.abdi"],"url":"https:\/\/territorialchallenges.com\/es\/author\/ni-abdi\/"}]}},"_links":{"self":[{"href":"https:\/\/territorialchallenges.com\/es\/wp-json\/wp\/v2\/posts\/122137"}],"collection":[{"href":"https:\/\/territorialchallenges.com\/es\/wp-json\/wp\/v2\/posts"}],"about":[{"href":"https:\/\/territorialchallenges.com\/es\/wp-json\/wp\/v2\/types\/post"}],"author":[{"embeddable":true,"href":"https:\/\/territorialchallenges.com\/es\/wp-json\/wp\/v2\/users\/11"}],"replies":[{"embeddable":true,"href":"https:\/\/territorialchallenges.com\/es\/wp-json\/wp\/v2\/comments?post=122137"}],"version-history":[{"count":1,"href":"https:\/\/territorialchallenges.com\/es\/wp-json\/wp\/v2\/posts\/122137\/revisions"}],"predecessor-version":[{"id":122139,"href":"https:\/\/territorialchallenges.com\/es\/wp-json\/wp\/v2\/posts\/122137\/revisions\/122139"}],"wp:featuredmedia":[{"embeddable":true,"href":"https:\/\/territorialchallenges.com\/es\/wp-json\/wp\/v2\/media\/122138"}],"wp:attachment":[{"href":"https:\/\/territorialchallenges.com\/es\/wp-json\/wp\/v2\/media?parent=122137"}],"wp:term":[{"taxonomy":"category","embeddable":true,"href":"https:\/\/territorialchallenges.com\/es\/wp-json\/wp\/v2\/categories?post=122137"},{"taxonomy":"post_tag","embeddable":true,"href":"https:\/\/territorialchallenges.com\/es\/wp-json\/wp\/v2\/tags?post=122137"}],"curies":[{"name":"gracias","href":"https:\/\/api.w.org\/{rel}","templated":true}]}}