{"id":122126,"date":"2024-01-15T08:08:25","date_gmt":"2024-01-15T07:08:25","guid":{"rendered":"https:\/\/territorialchallenges.com\/?p=122126"},"modified":"2024-01-15T08:10:05","modified_gmt":"2024-01-15T07:10:05","slug":"les-lander-du-nord-de-lallemagne-unis-pour-une-transition-energetique-decisive","status":"publish","type":"post","link":"https:\/\/territorialchallenges.com\/es\/2024\/01\/15\/les-lander-du-nord-de-lallemagne-unis-pour-une-transition-energetique-decisive\/122126\/","title":{"rendered":"Los estados del norte de Alemania unidos por una transici\u00f3n energ\u00e9tica decisiva"},"content":{"rendered":"<p>A finales de noviembre, los estados del norte de Alemania se reunieron en la Convenci\u00f3n de Energ\u00eda en Hamburgo, expresando su compromiso colectivo de fortalecer la industria y acelerar la transici\u00f3n energ\u00e9tica en Alemania. Jefes de gobierno, representantes de c\u00e1maras de comercio, sindicatos y asociaciones profesionales unieron fuerzas para instar\u2026 <\/p>\n<div class=\"pmpro_content_message\">Art\u00edculo disponible s\u00f3lo para suscriptores.<br \/><a href=\"https:\/\/territorialchallenges.com\/wp-login.php\">Acceso<\/a><br \/><a href=\"https:\/\/territorialchallenges.com\/es\/wp-login.php\/?action=register\">Registro<\/a><\/div>","protected":false},"excerpt":{"rendered":"<p>Les L\u00e4nder du nord de l\u2019Allemagne ont fin novembre, converg\u00e9 lors de la Convention sur l&rsquo;\u00e9nergie \u00e0 Hambourg, exprimant leur engagement collectif \u00e0 renforcer l&rsquo;industrie et \u00e0 acc\u00e9l\u00e9rer la transition \u00e9nerg\u00e9tique en Allemagne. Les chefs de gouvernement, les repr\u00e9sentants des chambres de commerce, des syndicats et des associations professionnelles ont uni leurs forces pour exhorter... <\/p>\n<div class=\"pmpro_content_message\">Art\u00edculo disponible s\u00f3lo para suscriptores.<br \/><a href=\"https:\/\/territorialchallenges.com\/wp-login.php\">Acceso<\/a><br \/><a href=\"https:\/\/territorialchallenges.com\/es\/wp-login.php\/?action=register\">Registro<\/a><\/div>","protected":false},"author":11,"featured_media":122132,"comment_status":"closed","ping_status":"closed","sticky":true,"template":"","format":"standard","meta":{"pmpro_default_level":0,"footnotes":""},"categories":[18,127],"tags":[],"blocksy_meta":"","yoast_head":"<!-- This site is optimized with the Yoast SEO plugin v21.5 - https:\/\/yoast.com\/wordpress\/plugins\/seo\/ -->\n<title>Les L\u00e4nder du Nord de l&#039;Allemagne Unis pour une Transition \u00c9nerg\u00e9tique D\u00e9cisive - Territorial Challenges<\/title>\n<meta name=\"robots\" content=\"index, follow, max-snippet:-1, max-image-preview:large, max-video-preview:-1\" \/>\n<link rel=\"canonical\" href=\"https:\/\/territorialchallenges.com\/es\/2024\/01\/15\/les-lander-du-nord-de-lallemagne-unis-pour-une-transition-energetique-decisive\/122126\/\" \/>\n<meta property=\"og:locale\" content=\"es_ES\" \/>\n<meta property=\"og:type\" content=\"article\" \/>\n<meta property=\"og:title\" content=\"Les L\u00e4nder du Nord de l&#039;Allemagne Unis pour une Transition \u00c9nerg\u00e9tique D\u00e9cisive - Territorial Challenges\" \/>\n<meta property=\"og:description\" content=\"Les L\u00e4nder du nord de l\u2019Allemagne ont fin novembre, converg\u00e9 lors de la Convention sur l&rsquo;\u00e9nergie \u00e0 Hambourg, exprimant leur engagement collectif \u00e0 renforcer l&rsquo;industrie et \u00e0 acc\u00e9l\u00e9rer la transition \u00e9nerg\u00e9tique en Allemagne. Les chefs de gouvernement, les repr\u00e9sentants des chambres de commerce, des syndicats et des associations professionnelles ont uni leurs forces pour exhorter [&hellip;]\" \/>\n<meta property=\"og:url\" content=\"https:\/\/territorialchallenges.com\/es\/2024\/01\/15\/les-lander-du-nord-de-lallemagne-unis-pour-une-transition-energetique-decisive\/122126\/\" \/>\n<meta property=\"og:site_name\" content=\"Territorial Challenges\" \/>\n<meta property=\"article:published_time\" content=\"2024-01-15T07:08:25+00:00\" \/>\n<meta property=\"article:modified_time\" content=\"2024-01-15T07:10:05+00:00\" \/>\n<meta property=\"og:image\" content=\"https:\/\/territorialchallenges.com\/wp-content\/uploads\/2024\/01\/transitionenergetique15.01.23Photo.jpg\" \/>\n\t<meta property=\"og:image:width\" content=\"1280\" \/>\n\t<meta property=\"og:image:height\" content=\"845\" \/>\n\t<meta property=\"og:image:type\" content=\"image\/jpeg\" \/>\n<meta name=\"author\" content=\"ni.abdi\" \/>\n<meta name=\"twitter:card\" content=\"summary_large_image\" \/>\n<meta name=\"twitter:creator\" content=\"@Ni.abdi\" \/>\n<meta name=\"twitter:label1\" content=\"Escrito por\" \/>\n\t<meta name=\"twitter:data1\" content=\"ni.abdi\" \/>\n\t<meta name=\"twitter:label2\" content=\"Tiempo de lectura\" \/>\n\t<meta name=\"twitter:data2\" content=\"4 minutos\" \/>\n<script type=\"application\/ld+json\" class=\"yoast-schema-graph\">{\"@context\":\"https:\/\/schema.org\",\"@graph\":[{\"@type\":\"Article\",\"@id\":\"https:\/\/territorialchallenges.com\/2024\/01\/15\/les-lander-du-nord-de-lallemagne-unis-pour-une-transition-energetique-decisive\/122126\/#article\",\"isPartOf\":{\"@id\":\"https:\/\/territorialchallenges.com\/2024\/01\/15\/les-lander-du-nord-de-lallemagne-unis-pour-une-transition-energetique-decisive\/122126\/\"},\"author\":{\"name\":\"ni.abdi\",\"@id\":\"https:\/\/territorialchallenges.com\/#\/schema\/person\/098f145c7c61a021c425e010f840080f\"},\"headline\":\"Les L\u00e4nder du Nord de l&rsquo;Allemagne Unis pour une Transition \u00c9nerg\u00e9tique D\u00e9cisive\",\"datePublished\":\"2024-01-15T07:08:25+00:00\",\"dateModified\":\"2024-01-15T07:10:05+00:00\",\"mainEntityOfPage\":{\"@id\":\"https:\/\/territorialchallenges.com\/2024\/01\/15\/les-lander-du-nord-de-lallemagne-unis-pour-une-transition-energetique-decisive\/122126\/\"},\"wordCount\":737,\"publisher\":{\"@id\":\"https:\/\/territorialchallenges.com\/#organization\"},\"articleSection\":[\"Transition \u00c9nerg\u00e9tique\",\"Actualit\u00e9 Europe\"],\"inLanguage\":\"es\"},{\"@type\":\"WebPage\",\"@id\":\"https:\/\/territorialchallenges.com\/2024\/01\/15\/les-lander-du-nord-de-lallemagne-unis-pour-une-transition-energetique-decisive\/122126\/\",\"url\":\"https:\/\/territorialchallenges.com\/2024\/01\/15\/les-lander-du-nord-de-lallemagne-unis-pour-une-transition-energetique-decisive\/122126\/\",\"name\":\"Les L\u00e4nder du Nord de l'Allemagne Unis pour une Transition \u00c9nerg\u00e9tique D\u00e9cisive - Territorial Challenges\",\"isPartOf\":{\"@id\":\"https:\/\/territorialchallenges.com\/#website\"},\"datePublished\":\"2024-01-15T07:08:25+00:00\",\"dateModified\":\"2024-01-15T07:10:05+00:00\",\"breadcrumb\":{\"@id\":\"https:\/\/territorialchallenges.com\/2024\/01\/15\/les-lander-du-nord-de-lallemagne-unis-pour-une-transition-energetique-decisive\/122126\/#breadcrumb\"},\"inLanguage\":\"es\",\"potentialAction\":[{\"@type\":\"ReadAction\",\"target\":[\"https:\/\/territorialchallenges.com\/2024\/01\/15\/les-lander-du-nord-de-lallemagne-unis-pour-une-transition-energetique-decisive\/122126\/\"]}]},{\"@type\":\"BreadcrumbList\",\"@id\":\"https:\/\/territorialchallenges.com\/2024\/01\/15\/les-lander-du-nord-de-lallemagne-unis-pour-une-transition-energetique-decisive\/122126\/#breadcrumb\",\"itemListElement\":[{\"@type\":\"ListItem\",\"position\":1,\"name\":\"Home\",\"item\":\"https:\/\/territorialchallenges.com\/\"},{\"@type\":\"ListItem\",\"position\":2,\"name\":\"Les L\u00e4nder du Nord de l&rsquo;Allemagne Unis pour une Transition \u00c9nerg\u00e9tique D\u00e9cisive\"}]},{\"@type\":\"WebSite\",\"@id\":\"https:\/\/territorialchallenges.com\/#website\",\"url\":\"https:\/\/territorialchallenges.com\/\",\"name\":\"Territorial Challenges\",\"description\":\"Veille Internationale - Strat\u00e9gie Intelligentes - Bonnes pratiques\",\"publisher\":{\"@id\":\"https:\/\/territorialchallenges.com\/#organization\"},\"potentialAction\":[{\"@type\":\"SearchAction\",\"target\":{\"@type\":\"EntryPoint\",\"urlTemplate\":\"https:\/\/territorialchallenges.com\/?s={search_term_string}\"},\"query-input\":\"required name=search_term_string\"}],\"inLanguage\":\"es\"},{\"@type\":\"Organization\",\"@id\":\"https:\/\/territorialchallenges.com\/#organization\",\"name\":\"Territorial Challenges\",\"url\":\"https:\/\/territorialchallenges.com\/\",\"logo\":{\"@type\":\"ImageObject\",\"inLanguage\":\"es\",\"@id\":\"https:\/\/territorialchallenges.com\/#\/schema\/logo\/image\/\",\"url\":\"https:\/\/territorialchallenges.com\/wp-content\/uploads\/2023\/10\/logo-1.png\",\"contentUrl\":\"https:\/\/territorialchallenges.com\/wp-content\/uploads\/2023\/10\/logo-1.png\",\"width\":1832,\"height\":576,\"caption\":\"Territorial Challenges\"},\"image\":{\"@id\":\"https:\/\/territorialchallenges.com\/#\/schema\/logo\/image\/\"}},{\"@type\":\"Person\",\"@id\":\"https:\/\/territorialchallenges.com\/#\/schema\/person\/098f145c7c61a021c425e010f840080f\",\"name\":\"ni.abdi\",\"image\":{\"@type\":\"ImageObject\",\"inLanguage\":\"es\",\"@id\":\"https:\/\/territorialchallenges.com\/#\/schema\/person\/image\/\",\"url\":\"https:\/\/secure.gravatar.com\/avatar\/2a2f2491f3c80039986ba989b1e4b510?s=96&d=identicon&r=g\",\"contentUrl\":\"https:\/\/secure.gravatar.com\/avatar\/2a2f2491f3c80039986ba989b1e4b510?s=96&d=identicon&r=g\",\"caption\":\"ni.abdi\"},\"sameAs\":[\"https:\/\/twitter.com\/Ni.abdi\"],\"url\":\"https:\/\/territorialchallenges.com\/es\/author\/ni-abdi\/\"}]}<\/script>\n<!-- \/ Yoast SEO plugin. -->","yoast_head_json":{"title":"Les L\u00e4nder du Nord de l'Allemagne Unis pour une Transition \u00c9nerg\u00e9tique D\u00e9cisive - Territorial Challenges","robots":{"index":"index","follow":"follow","max-snippet":"max-snippet:-1","max-image-preview":"max-image-preview:large","max-video-preview":"max-video-preview:-1"},"canonical":"https:\/\/territorialchallenges.com\/es\/2024\/01\/15\/les-lander-du-nord-de-lallemagne-unis-pour-une-transition-energetique-decisive\/122126\/","og_locale":"es_ES","og_type":"article","og_title":"Les L\u00e4nder du Nord de l'Allemagne Unis pour une Transition \u00c9nerg\u00e9tique D\u00e9cisive - Territorial Challenges","og_description":"Les L\u00e4nder du nord de l\u2019Allemagne ont fin novembre, converg\u00e9 lors de la Convention sur l&rsquo;\u00e9nergie \u00e0 Hambourg, exprimant leur engagement collectif \u00e0 renforcer l&rsquo;industrie et \u00e0 acc\u00e9l\u00e9rer la transition \u00e9nerg\u00e9tique en Allemagne. Les chefs de gouvernement, les repr\u00e9sentants des chambres de commerce, des syndicats et des associations professionnelles ont uni leurs forces pour exhorter [&hellip;]","og_url":"https:\/\/territorialchallenges.com\/es\/2024\/01\/15\/les-lander-du-nord-de-lallemagne-unis-pour-une-transition-energetique-decisive\/122126\/","og_site_name":"Territorial Challenges","article_published_time":"2024-01-15T07:08:25+00:00","article_modified_time":"2024-01-15T07:10:05+00:00","og_image":[{"width":1280,"height":845,"url":"https:\/\/territorialchallenges.com\/wp-content\/uploads\/2024\/01\/transitionenergetique15.01.23Photo.jpg","type":"image\/jpeg"}],"author":"ni.abdi","twitter_card":"summary_large_image","twitter_creator":"@Ni.abdi","twitter_misc":{"Escrito por":"ni.abdi","Tiempo de lectura":"4 minutos"},"schema":{"@context":"https:\/\/schema.org","@graph":[{"@type":"Article","@id":"https:\/\/territorialchallenges.com\/2024\/01\/15\/les-lander-du-nord-de-lallemagne-unis-pour-une-transition-energetique-decisive\/122126\/#article","isPartOf":{"@id":"https:\/\/territorialchallenges.com\/2024\/01\/15\/les-lander-du-nord-de-lallemagne-unis-pour-une-transition-energetique-decisive\/122126\/"},"author":{"name":"ni.abdi","@id":"https:\/\/territorialchallenges.com\/#\/schema\/person\/098f145c7c61a021c425e010f840080f"},"headline":"Les L\u00e4nder du Nord de l&rsquo;Allemagne Unis pour une Transition \u00c9nerg\u00e9tique D\u00e9cisive","datePublished":"2024-01-15T07:08:25+00:00","dateModified":"2024-01-15T07:10:05+00:00","mainEntityOfPage":{"@id":"https:\/\/territorialchallenges.com\/2024\/01\/15\/les-lander-du-nord-de-lallemagne-unis-pour-une-transition-energetique-decisive\/122126\/"},"wordCount":737,"publisher":{"@id":"https:\/\/territorialchallenges.com\/#organization"},"articleSection":["Transition \u00c9nerg\u00e9tique","Actualit\u00e9 Europe"],"inLanguage":"es"},{"@type":"WebPage","@id":"https:\/\/territorialchallenges.com\/2024\/01\/15\/les-lander-du-nord-de-lallemagne-unis-pour-une-transition-energetique-decisive\/122126\/","url":"https:\/\/territorialchallenges.com\/2024\/01\/15\/les-lander-du-nord-de-lallemagne-unis-pour-une-transition-energetique-decisive\/122126\/","name":"Les L\u00e4nder du Nord de l'Allemagne Unis pour une Transition \u00c9nerg\u00e9tique D\u00e9cisive - Territorial Challenges","isPartOf":{"@id":"https:\/\/territorialchallenges.com\/#website"},"datePublished":"2024-01-15T07:08:25+00:00","dateModified":"2024-01-15T07:10:05+00:00","breadcrumb":{"@id":"https:\/\/territorialchallenges.com\/2024\/01\/15\/les-lander-du-nord-de-lallemagne-unis-pour-une-transition-energetique-decisive\/122126\/#breadcrumb"},"inLanguage":"es","potentialAction":[{"@type":"ReadAction","target":["https:\/\/territorialchallenges.com\/2024\/01\/15\/les-lander-du-nord-de-lallemagne-unis-pour-une-transition-energetique-decisive\/122126\/"]}]},{"@type":"BreadcrumbList","@id":"https:\/\/territorialchallenges.com\/2024\/01\/15\/les-lander-du-nord-de-lallemagne-unis-pour-une-transition-energetique-decisive\/122126\/#breadcrumb","itemListElement":[{"@type":"ListItem","position":1,"name":"Home","item":"https:\/\/territorialchallenges.com\/"},{"@type":"ListItem","position":2,"name":"Les L\u00e4nder du Nord de l&rsquo;Allemagne Unis pour une Transition \u00c9nerg\u00e9tique D\u00e9cisive"}]},{"@type":"WebSite","@id":"https:\/\/territorialchallenges.com\/#website","url":"https:\/\/territorialchallenges.com\/","name":"Desaf\u00edos territoriales","description":"Monitoreo Internacional - Estrategias Inteligentes - Mejores Pr\u00e1cticas","publisher":{"@id":"https:\/\/territorialchallenges.com\/#organization"},"potentialAction":[{"@type":"SearchAction","target":{"@type":"EntryPoint","urlTemplate":"https:\/\/territorialchallenges.com\/?s={search_term_string}"},"query-input":"required name=search_term_string"}],"inLanguage":"es"},{"@type":"Organization","@id":"https:\/\/territorialchallenges.com\/#organization","name":"Desaf\u00edos territoriales","url":"https:\/\/territorialchallenges.com\/","logo":{"@type":"ImageObject","inLanguage":"es","@id":"https:\/\/territorialchallenges.com\/#\/schema\/logo\/image\/","url":"https:\/\/territorialchallenges.com\/wp-content\/uploads\/2023\/10\/logo-1.png","contentUrl":"https:\/\/territorialchallenges.com\/wp-content\/uploads\/2023\/10\/logo-1.png","width":1832,"height":576,"caption":"Territorial Challenges"},"image":{"@id":"https:\/\/territorialchallenges.com\/#\/schema\/logo\/image\/"}},{"@type":"Person","@id":"https:\/\/territorialchallenges.com\/#\/schema\/person\/098f145c7c61a021c425e010f840080f","name":"ni.abdi","image":{"@type":"ImageObject","inLanguage":"es","@id":"https:\/\/territorialchallenges.com\/#\/schema\/person\/image\/","url":"https:\/\/secure.gravatar.com\/avatar\/2a2f2491f3c80039986ba989b1e4b510?s=96&d=identicon&r=g","contentUrl":"https:\/\/secure.gravatar.com\/avatar\/2a2f2491f3c80039986ba989b1e4b510?s=96&d=identicon&r=g","caption":"ni.abdi"},"sameAs":["https:\/\/twitter.com\/Ni.abdi"],"url":"https:\/\/territorialchallenges.com\/es\/author\/ni-abdi\/"}]}},"_links":{"self":[{"href":"https:\/\/territorialchallenges.com\/es\/wp-json\/wp\/v2\/posts\/122126"}],"collection":[{"href":"https:\/\/territorialchallenges.com\/es\/wp-json\/wp\/v2\/posts"}],"about":[{"href":"https:\/\/territorialchallenges.com\/es\/wp-json\/wp\/v2\/types\/post"}],"author":[{"embeddable":true,"href":"https:\/\/territorialchallenges.com\/es\/wp-json\/wp\/v2\/users\/11"}],"replies":[{"embeddable":true,"href":"https:\/\/territorialchallenges.com\/es\/wp-json\/wp\/v2\/comments?post=122126"}],"version-history":[{"count":1,"href":"https:\/\/territorialchallenges.com\/es\/wp-json\/wp\/v2\/posts\/122126\/revisions"}],"predecessor-version":[{"id":122131,"href":"https:\/\/territorialchallenges.com\/es\/wp-json\/wp\/v2\/posts\/122126\/revisions\/122131"}],"wp:featuredmedia":[{"embeddable":true,"href":"https:\/\/territorialchallenges.com\/es\/wp-json\/wp\/v2\/media\/122132"}],"wp:attachment":[{"href":"https:\/\/territorialchallenges.com\/es\/wp-json\/wp\/v2\/media?parent=122126"}],"wp:term":[{"taxonomy":"category","embeddable":true,"href":"https:\/\/territorialchallenges.com\/es\/wp-json\/wp\/v2\/categories?post=122126"},{"taxonomy":"post_tag","embeddable":true,"href":"https:\/\/territorialchallenges.com\/es\/wp-json\/wp\/v2\/tags?post=122126"}],"curies":[{"name":"gracias","href":"https:\/\/api.w.org\/{rel}","templated":true}]}}