{"id":122086,"date":"2024-01-08T11:37:41","date_gmt":"2024-01-08T10:37:41","guid":{"rendered":"https:\/\/territorialchallenges.com\/?p=122086"},"modified":"2024-01-08T12:28:22","modified_gmt":"2024-01-08T11:28:22","slug":"zone-economique-et-commerciale-intelligente-dold-village-un-pas-en-avant-pour-renforcer-la-competitivite-de-velenje-en-slovenie","status":"publish","type":"post","link":"https:\/\/territorialchallenges.com\/es\/2024\/01\/08\/zone-economique-et-commerciale-intelligente-dold-village-un-pas-en-avant-pour-renforcer-la-competitivite-de-velenje-en-slovenie\/122086\/","title":{"rendered":"Zona econ\u00f3mica y empresarial inteligente de Old Village: un paso adelante para fortalecer la competitividad de Velenje en Eslovenia"},"content":{"rendered":"<p>Hoy, el municipio de Velenje, en Eslovenia, da un paso decisivo hacia el futuro de su econom\u00eda con la firma de un acuerdo de coinversi\u00f3n para la construcci\u00f3n de la incubadora TecHub i4.0. Este ambicioso proyecto forma parte de la reestructuraci\u00f3n de la regi\u00f3n, impulsando el crecimiento de empresas de alto valor a\u00f1adido y fortaleciendo la competitividad mediante\u2026 <\/p>\n<div class=\"pmpro_content_message\">Art\u00edculo disponible s\u00f3lo para suscriptores.<br \/><a href=\"https:\/\/territorialchallenges.com\/wp-login.php\">Acceso<\/a><br \/><a href=\"https:\/\/territorialchallenges.com\/es\/wp-login.php\/?action=register\">Registro<\/a><\/div>","protected":false},"excerpt":{"rendered":"<p>Aujourd&rsquo;hui, la municipalit\u00e9 de Velenje en Slov\u00e9nie marque une \u00e9tape d\u00e9cisive vers l&rsquo;avenir de son \u00e9conomie avec la signature d&rsquo;un accord de co-investissement pour la construction de l&rsquo;incubateur TecHub i4.0. Cet ambitieux projet s&rsquo;inscrit dans la restructuration de la r\u00e9gion, stimulant la croissance des entreprises \u00e0 forte valeur ajout\u00e9e et renfor\u00e7ant la comp\u00e9titivit\u00e9 gr\u00e2ce \u00e0... <\/p>\n<div class=\"pmpro_content_message\">Art\u00edculo disponible s\u00f3lo para suscriptores.<br \/><a href=\"https:\/\/territorialchallenges.com\/wp-login.php\">Acceso<\/a><br \/><a href=\"https:\/\/territorialchallenges.com\/es\/wp-login.php\/?action=register\">Registro<\/a><\/div>","protected":false},"author":11,"featured_media":122087,"comment_status":"closed","ping_status":"closed","sticky":true,"template":"","format":"standard","meta":{"pmpro_default_level":0,"footnotes":""},"categories":[17,127],"tags":[],"blocksy_meta":"","yoast_head":"<!-- This site is optimized with the Yoast SEO plugin v21.5 - https:\/\/yoast.com\/wordpress\/plugins\/seo\/ -->\n<title>Zone \u00e9conomique et commerciale intelligente d\u2019Old Village : un pas en avant pour renforcer la comp\u00e9titivit\u00e9 de Velenje en Slov\u00e9nie - Territorial Challenges<\/title>\n<meta name=\"robots\" content=\"index, follow, max-snippet:-1, max-image-preview:large, max-video-preview:-1\" \/>\n<link rel=\"canonical\" href=\"https:\/\/territorialchallenges.com\/es\/2024\/01\/08\/zone-economique-et-commerciale-intelligente-dold-village-un-pas-en-avant-pour-renforcer-la-competitivite-de-velenje-en-slovenie\/122086\/\" \/>\n<meta property=\"og:locale\" content=\"es_ES\" \/>\n<meta property=\"og:type\" content=\"article\" \/>\n<meta property=\"og:title\" content=\"Zone \u00e9conomique et commerciale intelligente d\u2019Old Village : un pas en avant pour renforcer la comp\u00e9titivit\u00e9 de Velenje en Slov\u00e9nie - Territorial Challenges\" \/>\n<meta property=\"og:description\" content=\"Aujourd&rsquo;hui, la municipalit\u00e9 de Velenje en Slov\u00e9nie marque une \u00e9tape d\u00e9cisive vers l&rsquo;avenir de son \u00e9conomie avec la signature d&rsquo;un accord de co-investissement pour la construction de l&rsquo;incubateur TecHub i4.0. Cet ambitieux projet s&rsquo;inscrit dans la restructuration de la r\u00e9gion, stimulant la croissance des entreprises \u00e0 forte valeur ajout\u00e9e et renfor\u00e7ant la comp\u00e9titivit\u00e9 gr\u00e2ce \u00e0 [&hellip;]\" \/>\n<meta property=\"og:url\" content=\"https:\/\/territorialchallenges.com\/es\/2024\/01\/08\/zone-economique-et-commerciale-intelligente-dold-village-un-pas-en-avant-pour-renforcer-la-competitivite-de-velenje-en-slovenie\/122086\/\" \/>\n<meta property=\"og:site_name\" content=\"Territorial Challenges\" \/>\n<meta property=\"article:published_time\" content=\"2024-01-08T10:37:41+00:00\" \/>\n<meta property=\"article:modified_time\" content=\"2024-01-08T11:28:22+00:00\" \/>\n<meta property=\"og:image\" content=\"https:\/\/territorialchallenges.com\/wp-content\/uploads\/2024\/01\/Industrie4.0.9.01.24.jpg\" \/>\n\t<meta property=\"og:image:width\" content=\"1280\" \/>\n\t<meta property=\"og:image:height\" content=\"1084\" \/>\n\t<meta property=\"og:image:type\" content=\"image\/jpeg\" \/>\n<meta name=\"author\" content=\"ni.abdi\" \/>\n<meta name=\"twitter:card\" content=\"summary_large_image\" \/>\n<meta name=\"twitter:creator\" content=\"@Ni.abdi\" \/>\n<meta name=\"twitter:label1\" content=\"Escrito por\" \/>\n\t<meta name=\"twitter:data1\" content=\"ni.abdi\" \/>\n\t<meta name=\"twitter:label2\" content=\"Tiempo de lectura\" \/>\n\t<meta name=\"twitter:data2\" content=\"3 minutos\" \/>\n<script type=\"application\/ld+json\" class=\"yoast-schema-graph\">{\"@context\":\"https:\/\/schema.org\",\"@graph\":[{\"@type\":\"Article\",\"@id\":\"https:\/\/territorialchallenges.com\/2024\/01\/08\/zone-economique-et-commerciale-intelligente-dold-village-un-pas-en-avant-pour-renforcer-la-competitivite-de-velenje-en-slovenie\/122086\/#article\",\"isPartOf\":{\"@id\":\"https:\/\/territorialchallenges.com\/2024\/01\/08\/zone-economique-et-commerciale-intelligente-dold-village-un-pas-en-avant-pour-renforcer-la-competitivite-de-velenje-en-slovenie\/122086\/\"},\"author\":{\"name\":\"ni.abdi\",\"@id\":\"https:\/\/territorialchallenges.com\/#\/schema\/person\/098f145c7c61a021c425e010f840080f\"},\"headline\":\"Zone \u00e9conomique et commerciale intelligente d\u2019Old Village : un pas en avant pour renforcer la comp\u00e9titivit\u00e9 de Velenje en Slov\u00e9nie\",\"datePublished\":\"2024-01-08T10:37:41+00:00\",\"dateModified\":\"2024-01-08T11:28:22+00:00\",\"mainEntityOfPage\":{\"@id\":\"https:\/\/territorialchallenges.com\/2024\/01\/08\/zone-economique-et-commerciale-intelligente-dold-village-un-pas-en-avant-pour-renforcer-la-competitivite-de-velenje-en-slovenie\/122086\/\"},\"wordCount\":634,\"publisher\":{\"@id\":\"https:\/\/territorialchallenges.com\/#organization\"},\"articleSection\":[\"Industrie 5.0\",\"Actualit\u00e9 Europe\"],\"inLanguage\":\"es\"},{\"@type\":\"WebPage\",\"@id\":\"https:\/\/territorialchallenges.com\/2024\/01\/08\/zone-economique-et-commerciale-intelligente-dold-village-un-pas-en-avant-pour-renforcer-la-competitivite-de-velenje-en-slovenie\/122086\/\",\"url\":\"https:\/\/territorialchallenges.com\/2024\/01\/08\/zone-economique-et-commerciale-intelligente-dold-village-un-pas-en-avant-pour-renforcer-la-competitivite-de-velenje-en-slovenie\/122086\/\",\"name\":\"Zone \u00e9conomique et commerciale intelligente d\u2019Old Village : un pas en avant pour renforcer la comp\u00e9titivit\u00e9 de Velenje en Slov\u00e9nie - Territorial Challenges\",\"isPartOf\":{\"@id\":\"https:\/\/territorialchallenges.com\/#website\"},\"datePublished\":\"2024-01-08T10:37:41+00:00\",\"dateModified\":\"2024-01-08T11:28:22+00:00\",\"breadcrumb\":{\"@id\":\"https:\/\/territorialchallenges.com\/2024\/01\/08\/zone-economique-et-commerciale-intelligente-dold-village-un-pas-en-avant-pour-renforcer-la-competitivite-de-velenje-en-slovenie\/122086\/#breadcrumb\"},\"inLanguage\":\"es\",\"potentialAction\":[{\"@type\":\"ReadAction\",\"target\":[\"https:\/\/territorialchallenges.com\/2024\/01\/08\/zone-economique-et-commerciale-intelligente-dold-village-un-pas-en-avant-pour-renforcer-la-competitivite-de-velenje-en-slovenie\/122086\/\"]}]},{\"@type\":\"BreadcrumbList\",\"@id\":\"https:\/\/territorialchallenges.com\/2024\/01\/08\/zone-economique-et-commerciale-intelligente-dold-village-un-pas-en-avant-pour-renforcer-la-competitivite-de-velenje-en-slovenie\/122086\/#breadcrumb\",\"itemListElement\":[{\"@type\":\"ListItem\",\"position\":1,\"name\":\"Home\",\"item\":\"https:\/\/territorialchallenges.com\/\"},{\"@type\":\"ListItem\",\"position\":2,\"name\":\"Zone \u00e9conomique et commerciale intelligente d\u2019Old Village : un pas en avant pour renforcer la comp\u00e9titivit\u00e9 de Velenje en Slov\u00e9nie\"}]},{\"@type\":\"WebSite\",\"@id\":\"https:\/\/territorialchallenges.com\/#website\",\"url\":\"https:\/\/territorialchallenges.com\/\",\"name\":\"Territorial Challenges\",\"description\":\"Veille Internationale - Strat\u00e9gie Intelligentes - Bonnes pratiques\",\"publisher\":{\"@id\":\"https:\/\/territorialchallenges.com\/#organization\"},\"potentialAction\":[{\"@type\":\"SearchAction\",\"target\":{\"@type\":\"EntryPoint\",\"urlTemplate\":\"https:\/\/territorialchallenges.com\/?s={search_term_string}\"},\"query-input\":\"required name=search_term_string\"}],\"inLanguage\":\"es\"},{\"@type\":\"Organization\",\"@id\":\"https:\/\/territorialchallenges.com\/#organization\",\"name\":\"Territorial Challenges\",\"url\":\"https:\/\/territorialchallenges.com\/\",\"logo\":{\"@type\":\"ImageObject\",\"inLanguage\":\"es\",\"@id\":\"https:\/\/territorialchallenges.com\/#\/schema\/logo\/image\/\",\"url\":\"https:\/\/territorialchallenges.com\/wp-content\/uploads\/2023\/10\/logo-1.png\",\"contentUrl\":\"https:\/\/territorialchallenges.com\/wp-content\/uploads\/2023\/10\/logo-1.png\",\"width\":1832,\"height\":576,\"caption\":\"Territorial Challenges\"},\"image\":{\"@id\":\"https:\/\/territorialchallenges.com\/#\/schema\/logo\/image\/\"}},{\"@type\":\"Person\",\"@id\":\"https:\/\/territorialchallenges.com\/#\/schema\/person\/098f145c7c61a021c425e010f840080f\",\"name\":\"ni.abdi\",\"image\":{\"@type\":\"ImageObject\",\"inLanguage\":\"es\",\"@id\":\"https:\/\/territorialchallenges.com\/#\/schema\/person\/image\/\",\"url\":\"https:\/\/secure.gravatar.com\/avatar\/2a2f2491f3c80039986ba989b1e4b510?s=96&d=identicon&r=g\",\"contentUrl\":\"https:\/\/secure.gravatar.com\/avatar\/2a2f2491f3c80039986ba989b1e4b510?s=96&d=identicon&r=g\",\"caption\":\"ni.abdi\"},\"sameAs\":[\"https:\/\/twitter.com\/Ni.abdi\"],\"url\":\"https:\/\/territorialchallenges.com\/es\/author\/ni-abdi\/\"}]}<\/script>\n<!-- \/ Yoast SEO plugin. -->","yoast_head_json":{"title":"Zone \u00e9conomique et commerciale intelligente d\u2019Old Village : un pas en avant pour renforcer la comp\u00e9titivit\u00e9 de Velenje en Slov\u00e9nie - Territorial Challenges","robots":{"index":"index","follow":"follow","max-snippet":"max-snippet:-1","max-image-preview":"max-image-preview:large","max-video-preview":"max-video-preview:-1"},"canonical":"https:\/\/territorialchallenges.com\/es\/2024\/01\/08\/zone-economique-et-commerciale-intelligente-dold-village-un-pas-en-avant-pour-renforcer-la-competitivite-de-velenje-en-slovenie\/122086\/","og_locale":"es_ES","og_type":"article","og_title":"Zone \u00e9conomique et commerciale intelligente d\u2019Old Village : un pas en avant pour renforcer la comp\u00e9titivit\u00e9 de Velenje en Slov\u00e9nie - Territorial Challenges","og_description":"Aujourd&rsquo;hui, la municipalit\u00e9 de Velenje en Slov\u00e9nie marque une \u00e9tape d\u00e9cisive vers l&rsquo;avenir de son \u00e9conomie avec la signature d&rsquo;un accord de co-investissement pour la construction de l&rsquo;incubateur TecHub i4.0. Cet ambitieux projet s&rsquo;inscrit dans la restructuration de la r\u00e9gion, stimulant la croissance des entreprises \u00e0 forte valeur ajout\u00e9e et renfor\u00e7ant la comp\u00e9titivit\u00e9 gr\u00e2ce \u00e0 [&hellip;]","og_url":"https:\/\/territorialchallenges.com\/es\/2024\/01\/08\/zone-economique-et-commerciale-intelligente-dold-village-un-pas-en-avant-pour-renforcer-la-competitivite-de-velenje-en-slovenie\/122086\/","og_site_name":"Territorial Challenges","article_published_time":"2024-01-08T10:37:41+00:00","article_modified_time":"2024-01-08T11:28:22+00:00","og_image":[{"width":1280,"height":1084,"url":"https:\/\/territorialchallenges.com\/wp-content\/uploads\/2024\/01\/Industrie4.0.9.01.24.jpg","type":"image\/jpeg"}],"author":"ni.abdi","twitter_card":"summary_large_image","twitter_creator":"@Ni.abdi","twitter_misc":{"Escrito por":"ni.abdi","Tiempo de lectura":"3 minutos"},"schema":{"@context":"https:\/\/schema.org","@graph":[{"@type":"Article","@id":"https:\/\/territorialchallenges.com\/2024\/01\/08\/zone-economique-et-commerciale-intelligente-dold-village-un-pas-en-avant-pour-renforcer-la-competitivite-de-velenje-en-slovenie\/122086\/#article","isPartOf":{"@id":"https:\/\/territorialchallenges.com\/2024\/01\/08\/zone-economique-et-commerciale-intelligente-dold-village-un-pas-en-avant-pour-renforcer-la-competitivite-de-velenje-en-slovenie\/122086\/"},"author":{"name":"ni.abdi","@id":"https:\/\/territorialchallenges.com\/#\/schema\/person\/098f145c7c61a021c425e010f840080f"},"headline":"Zone \u00e9conomique et commerciale intelligente d\u2019Old Village : un pas en avant pour renforcer la comp\u00e9titivit\u00e9 de Velenje en Slov\u00e9nie","datePublished":"2024-01-08T10:37:41+00:00","dateModified":"2024-01-08T11:28:22+00:00","mainEntityOfPage":{"@id":"https:\/\/territorialchallenges.com\/2024\/01\/08\/zone-economique-et-commerciale-intelligente-dold-village-un-pas-en-avant-pour-renforcer-la-competitivite-de-velenje-en-slovenie\/122086\/"},"wordCount":634,"publisher":{"@id":"https:\/\/territorialchallenges.com\/#organization"},"articleSection":["Industrie 5.0","Actualit\u00e9 Europe"],"inLanguage":"es"},{"@type":"WebPage","@id":"https:\/\/territorialchallenges.com\/2024\/01\/08\/zone-economique-et-commerciale-intelligente-dold-village-un-pas-en-avant-pour-renforcer-la-competitivite-de-velenje-en-slovenie\/122086\/","url":"https:\/\/territorialchallenges.com\/2024\/01\/08\/zone-economique-et-commerciale-intelligente-dold-village-un-pas-en-avant-pour-renforcer-la-competitivite-de-velenje-en-slovenie\/122086\/","name":"Zone \u00e9conomique et commerciale intelligente d\u2019Old Village : un pas en avant pour renforcer la comp\u00e9titivit\u00e9 de Velenje en Slov\u00e9nie - Territorial Challenges","isPartOf":{"@id":"https:\/\/territorialchallenges.com\/#website"},"datePublished":"2024-01-08T10:37:41+00:00","dateModified":"2024-01-08T11:28:22+00:00","breadcrumb":{"@id":"https:\/\/territorialchallenges.com\/2024\/01\/08\/zone-economique-et-commerciale-intelligente-dold-village-un-pas-en-avant-pour-renforcer-la-competitivite-de-velenje-en-slovenie\/122086\/#breadcrumb"},"inLanguage":"es","potentialAction":[{"@type":"ReadAction","target":["https:\/\/territorialchallenges.com\/2024\/01\/08\/zone-economique-et-commerciale-intelligente-dold-village-un-pas-en-avant-pour-renforcer-la-competitivite-de-velenje-en-slovenie\/122086\/"]}]},{"@type":"BreadcrumbList","@id":"https:\/\/territorialchallenges.com\/2024\/01\/08\/zone-economique-et-commerciale-intelligente-dold-village-un-pas-en-avant-pour-renforcer-la-competitivite-de-velenje-en-slovenie\/122086\/#breadcrumb","itemListElement":[{"@type":"ListItem","position":1,"name":"Home","item":"https:\/\/territorialchallenges.com\/"},{"@type":"ListItem","position":2,"name":"Zone \u00e9conomique et commerciale intelligente d\u2019Old Village : un pas en avant pour renforcer la comp\u00e9titivit\u00e9 de Velenje en Slov\u00e9nie"}]},{"@type":"WebSite","@id":"https:\/\/territorialchallenges.com\/#website","url":"https:\/\/territorialchallenges.com\/","name":"Desaf\u00edos territoriales","description":"Monitoreo Internacional - Estrategias Inteligentes - Mejores Pr\u00e1cticas","publisher":{"@id":"https:\/\/territorialchallenges.com\/#organization"},"potentialAction":[{"@type":"SearchAction","target":{"@type":"EntryPoint","urlTemplate":"https:\/\/territorialchallenges.com\/?s={search_term_string}"},"query-input":"required name=search_term_string"}],"inLanguage":"es"},{"@type":"Organization","@id":"https:\/\/territorialchallenges.com\/#organization","name":"Desaf\u00edos territoriales","url":"https:\/\/territorialchallenges.com\/","logo":{"@type":"ImageObject","inLanguage":"es","@id":"https:\/\/territorialchallenges.com\/#\/schema\/logo\/image\/","url":"https:\/\/territorialchallenges.com\/wp-content\/uploads\/2023\/10\/logo-1.png","contentUrl":"https:\/\/territorialchallenges.com\/wp-content\/uploads\/2023\/10\/logo-1.png","width":1832,"height":576,"caption":"Territorial Challenges"},"image":{"@id":"https:\/\/territorialchallenges.com\/#\/schema\/logo\/image\/"}},{"@type":"Person","@id":"https:\/\/territorialchallenges.com\/#\/schema\/person\/098f145c7c61a021c425e010f840080f","name":"ni.abdi","image":{"@type":"ImageObject","inLanguage":"es","@id":"https:\/\/territorialchallenges.com\/#\/schema\/person\/image\/","url":"https:\/\/secure.gravatar.com\/avatar\/2a2f2491f3c80039986ba989b1e4b510?s=96&d=identicon&r=g","contentUrl":"https:\/\/secure.gravatar.com\/avatar\/2a2f2491f3c80039986ba989b1e4b510?s=96&d=identicon&r=g","caption":"ni.abdi"},"sameAs":["https:\/\/twitter.com\/Ni.abdi"],"url":"https:\/\/territorialchallenges.com\/es\/author\/ni-abdi\/"}]}},"_links":{"self":[{"href":"https:\/\/territorialchallenges.com\/es\/wp-json\/wp\/v2\/posts\/122086"}],"collection":[{"href":"https:\/\/territorialchallenges.com\/es\/wp-json\/wp\/v2\/posts"}],"about":[{"href":"https:\/\/territorialchallenges.com\/es\/wp-json\/wp\/v2\/types\/post"}],"author":[{"embeddable":true,"href":"https:\/\/territorialchallenges.com\/es\/wp-json\/wp\/v2\/users\/11"}],"replies":[{"embeddable":true,"href":"https:\/\/territorialchallenges.com\/es\/wp-json\/wp\/v2\/comments?post=122086"}],"version-history":[{"count":1,"href":"https:\/\/territorialchallenges.com\/es\/wp-json\/wp\/v2\/posts\/122086\/revisions"}],"predecessor-version":[{"id":122088,"href":"https:\/\/territorialchallenges.com\/es\/wp-json\/wp\/v2\/posts\/122086\/revisions\/122088"}],"wp:featuredmedia":[{"embeddable":true,"href":"https:\/\/territorialchallenges.com\/es\/wp-json\/wp\/v2\/media\/122087"}],"wp:attachment":[{"href":"https:\/\/territorialchallenges.com\/es\/wp-json\/wp\/v2\/media?parent=122086"}],"wp:term":[{"taxonomy":"category","embeddable":true,"href":"https:\/\/territorialchallenges.com\/es\/wp-json\/wp\/v2\/categories?post=122086"},{"taxonomy":"post_tag","embeddable":true,"href":"https:\/\/territorialchallenges.com\/es\/wp-json\/wp\/v2\/tags?post=122086"}],"curies":[{"name":"gracias","href":"https:\/\/api.w.org\/{rel}","templated":true}]}}