{"id":121847,"date":"2023-11-27T11:57:01","date_gmt":"2023-11-27T10:57:01","guid":{"rendered":"https:\/\/territorialchallenges.com\/?p=121847"},"modified":"2023-11-27T11:57:03","modified_gmt":"2023-11-27T10:57:03","slug":"lenergie-solaire-illumine-lavenir-des-villes-intelligentes-le-forum-mondial-de-lenergie-2023-a-hermosillo-mexique","status":"publish","type":"post","link":"https:\/\/territorialchallenges.com\/es\/2023\/11\/27\/lenergie-solaire-illumine-lavenir-des-villes-intelligentes-le-forum-mondial-de-lenergie-2023-a-hermosillo-mexique\/121847\/","title":{"rendered":"La energ\u00eda solar ilumina el futuro de las ciudades inteligentes: Foro Mundial de Energ\u00eda 2023 en Hermosillo, M\u00e9xico"},"content":{"rendered":"<p>En Hermosillo, capital de Sonora, M\u00e9xico, la energ\u00eda solar cobra protagonismo con el Foro Mundial de Energ\u00eda 2023. Carla Neudert C\u00f3rdova, directora general de la Agencia Municipal de Energ\u00eda, revela los avances de la ciudad en la integraci\u00f3n de la energ\u00eda solar en sus barrios inteligentes. M\u00e1s all\u00e1 de las conferencias, la ciudad est\u00e1 atrayendo inversi\u00f3n... <\/p>\n<div class=\"pmpro_content_message\">Art\u00edculo disponible s\u00f3lo para suscriptores.<br \/><a href=\"https:\/\/territorialchallenges.com\/wp-login.php\">Acceso<\/a><br \/><a href=\"https:\/\/territorialchallenges.com\/es\/wp-login.php\/?action=register\">Registro<\/a><\/div>","protected":false},"excerpt":{"rendered":"<p>\u00c0 Hermosillo, capitale du Sonora au Mexique, l&rsquo;\u00e9nergie solaire prend le devant de la sc\u00e8ne avec le Forum mondial de l&rsquo;\u00e9nergie 2023. Carla Neudert C\u00f3rdova, directrice g\u00e9n\u00e9rale de l&rsquo;Agence municipale de l&rsquo;\u00e9nergie, d\u00e9voile les avanc\u00e9es de la ville dans l&rsquo;int\u00e9gration de l&rsquo;\u00e9nergie solaire dans ses quartiers intelligents. Au-del\u00e0 des conf\u00e9rences, la ville attire des investissements... <\/p>\n<div class=\"pmpro_content_message\">Art\u00edculo disponible s\u00f3lo para suscriptores.<br \/><a href=\"https:\/\/territorialchallenges.com\/wp-login.php\">Acceso<\/a><br \/><a href=\"https:\/\/territorialchallenges.com\/es\/wp-login.php\/?action=register\">Registro<\/a><\/div>","protected":false},"author":11,"featured_media":121848,"comment_status":"closed","ping_status":"closed","sticky":true,"template":"","format":"standard","meta":{"pmpro_default_level":0,"footnotes":""},"categories":[18,124],"tags":[],"blocksy_meta":"","yoast_head":"<!-- This site is optimized with the Yoast SEO plugin v21.5 - https:\/\/yoast.com\/wordpress\/plugins\/seo\/ -->\n<title>L&#039;\u00e9nergie solaire illumine l&#039;avenir des villes intelligentes : Le Forum mondial de l&#039;\u00e9nergie 2023 \u00e0 Hermosillo, Mexique - Territorial Challenges<\/title>\n<meta name=\"robots\" content=\"index, follow, max-snippet:-1, max-image-preview:large, max-video-preview:-1\" \/>\n<link rel=\"canonical\" href=\"https:\/\/territorialchallenges.com\/es\/2023\/11\/27\/lenergie-solaire-illumine-lavenir-des-villes-intelligentes-le-forum-mondial-de-lenergie-2023-a-hermosillo-mexique\/121847\/\" \/>\n<meta property=\"og:locale\" content=\"es_ES\" \/>\n<meta property=\"og:type\" content=\"article\" \/>\n<meta property=\"og:title\" content=\"L&#039;\u00e9nergie solaire illumine l&#039;avenir des villes intelligentes : Le Forum mondial de l&#039;\u00e9nergie 2023 \u00e0 Hermosillo, Mexique - Territorial Challenges\" \/>\n<meta property=\"og:description\" content=\"\u00c0 Hermosillo, capitale du Sonora au Mexique, l&rsquo;\u00e9nergie solaire prend le devant de la sc\u00e8ne avec le Forum mondial de l&rsquo;\u00e9nergie 2023. Carla Neudert C\u00f3rdova, directrice g\u00e9n\u00e9rale de l&rsquo;Agence municipale de l&rsquo;\u00e9nergie, d\u00e9voile les avanc\u00e9es de la ville dans l&rsquo;int\u00e9gration de l&rsquo;\u00e9nergie solaire dans ses quartiers intelligents. Au-del\u00e0 des conf\u00e9rences, la ville attire des investissements [&hellip;]\" \/>\n<meta property=\"og:url\" content=\"https:\/\/territorialchallenges.com\/es\/2023\/11\/27\/lenergie-solaire-illumine-lavenir-des-villes-intelligentes-le-forum-mondial-de-lenergie-2023-a-hermosillo-mexique\/121847\/\" \/>\n<meta property=\"og:site_name\" content=\"Territorial Challenges\" \/>\n<meta property=\"article:published_time\" content=\"2023-11-27T10:57:01+00:00\" \/>\n<meta property=\"article:modified_time\" content=\"2023-11-27T10:57:03+00:00\" \/>\n<meta property=\"og:image\" content=\"https:\/\/territorialchallenges.com\/wp-content\/uploads\/2023\/11\/transitionenergetique27.11.23.photo_.jpg\" \/>\n\t<meta property=\"og:image:width\" content=\"1280\" \/>\n\t<meta property=\"og:image:height\" content=\"848\" \/>\n\t<meta property=\"og:image:type\" content=\"image\/jpeg\" \/>\n<meta name=\"author\" content=\"ni.abdi\" \/>\n<meta name=\"twitter:card\" content=\"summary_large_image\" \/>\n<meta name=\"twitter:creator\" content=\"@Ni.abdi\" \/>\n<meta name=\"twitter:label1\" content=\"Escrito por\" \/>\n\t<meta name=\"twitter:data1\" content=\"ni.abdi\" \/>\n\t<meta name=\"twitter:label2\" content=\"Tiempo de lectura\" \/>\n\t<meta name=\"twitter:data2\" content=\"4 minutos\" \/>\n<script type=\"application\/ld+json\" class=\"yoast-schema-graph\">{\"@context\":\"https:\/\/schema.org\",\"@graph\":[{\"@type\":\"Article\",\"@id\":\"https:\/\/territorialchallenges.com\/2023\/11\/27\/lenergie-solaire-illumine-lavenir-des-villes-intelligentes-le-forum-mondial-de-lenergie-2023-a-hermosillo-mexique\/121847\/#article\",\"isPartOf\":{\"@id\":\"https:\/\/territorialchallenges.com\/2023\/11\/27\/lenergie-solaire-illumine-lavenir-des-villes-intelligentes-le-forum-mondial-de-lenergie-2023-a-hermosillo-mexique\/121847\/\"},\"author\":{\"name\":\"ni.abdi\",\"@id\":\"https:\/\/territorialchallenges.com\/#\/schema\/person\/098f145c7c61a021c425e010f840080f\"},\"headline\":\"L&rsquo;\u00e9nergie solaire illumine l&rsquo;avenir des villes intelligentes : Le Forum mondial de l&rsquo;\u00e9nergie 2023 \u00e0 Hermosillo, Mexique\",\"datePublished\":\"2023-11-27T10:57:01+00:00\",\"dateModified\":\"2023-11-27T10:57:03+00:00\",\"mainEntityOfPage\":{\"@id\":\"https:\/\/territorialchallenges.com\/2023\/11\/27\/lenergie-solaire-illumine-lavenir-des-villes-intelligentes-le-forum-mondial-de-lenergie-2023-a-hermosillo-mexique\/121847\/\"},\"wordCount\":824,\"publisher\":{\"@id\":\"https:\/\/territorialchallenges.com\/#organization\"},\"articleSection\":[\"Transition \u00c9nerg\u00e9tique\",\"Actualit\u00e9 internationale\"],\"inLanguage\":\"es\"},{\"@type\":\"WebPage\",\"@id\":\"https:\/\/territorialchallenges.com\/2023\/11\/27\/lenergie-solaire-illumine-lavenir-des-villes-intelligentes-le-forum-mondial-de-lenergie-2023-a-hermosillo-mexique\/121847\/\",\"url\":\"https:\/\/territorialchallenges.com\/2023\/11\/27\/lenergie-solaire-illumine-lavenir-des-villes-intelligentes-le-forum-mondial-de-lenergie-2023-a-hermosillo-mexique\/121847\/\",\"name\":\"L'\u00e9nergie solaire illumine l'avenir des villes intelligentes : Le Forum mondial de l'\u00e9nergie 2023 \u00e0 Hermosillo, Mexique - Territorial Challenges\",\"isPartOf\":{\"@id\":\"https:\/\/territorialchallenges.com\/#website\"},\"datePublished\":\"2023-11-27T10:57:01+00:00\",\"dateModified\":\"2023-11-27T10:57:03+00:00\",\"breadcrumb\":{\"@id\":\"https:\/\/territorialchallenges.com\/2023\/11\/27\/lenergie-solaire-illumine-lavenir-des-villes-intelligentes-le-forum-mondial-de-lenergie-2023-a-hermosillo-mexique\/121847\/#breadcrumb\"},\"inLanguage\":\"es\",\"potentialAction\":[{\"@type\":\"ReadAction\",\"target\":[\"https:\/\/territorialchallenges.com\/2023\/11\/27\/lenergie-solaire-illumine-lavenir-des-villes-intelligentes-le-forum-mondial-de-lenergie-2023-a-hermosillo-mexique\/121847\/\"]}]},{\"@type\":\"BreadcrumbList\",\"@id\":\"https:\/\/territorialchallenges.com\/2023\/11\/27\/lenergie-solaire-illumine-lavenir-des-villes-intelligentes-le-forum-mondial-de-lenergie-2023-a-hermosillo-mexique\/121847\/#breadcrumb\",\"itemListElement\":[{\"@type\":\"ListItem\",\"position\":1,\"name\":\"Home\",\"item\":\"https:\/\/territorialchallenges.com\/\"},{\"@type\":\"ListItem\",\"position\":2,\"name\":\"L&rsquo;\u00e9nergie solaire illumine l&rsquo;avenir des villes intelligentes : Le Forum mondial de l&rsquo;\u00e9nergie 2023 \u00e0 Hermosillo, Mexique\"}]},{\"@type\":\"WebSite\",\"@id\":\"https:\/\/territorialchallenges.com\/#website\",\"url\":\"https:\/\/territorialchallenges.com\/\",\"name\":\"Territorial Challenges\",\"description\":\"Veille Internationale - Strat\u00e9gie Intelligentes - Bonnes pratiques\",\"publisher\":{\"@id\":\"https:\/\/territorialchallenges.com\/#organization\"},\"potentialAction\":[{\"@type\":\"SearchAction\",\"target\":{\"@type\":\"EntryPoint\",\"urlTemplate\":\"https:\/\/territorialchallenges.com\/?s={search_term_string}\"},\"query-input\":\"required name=search_term_string\"}],\"inLanguage\":\"es\"},{\"@type\":\"Organization\",\"@id\":\"https:\/\/territorialchallenges.com\/#organization\",\"name\":\"Territorial Challenges\",\"url\":\"https:\/\/territorialchallenges.com\/\",\"logo\":{\"@type\":\"ImageObject\",\"inLanguage\":\"es\",\"@id\":\"https:\/\/territorialchallenges.com\/#\/schema\/logo\/image\/\",\"url\":\"https:\/\/territorialchallenges.com\/wp-content\/uploads\/2023\/10\/logo-1.png\",\"contentUrl\":\"https:\/\/territorialchallenges.com\/wp-content\/uploads\/2023\/10\/logo-1.png\",\"width\":1832,\"height\":576,\"caption\":\"Territorial Challenges\"},\"image\":{\"@id\":\"https:\/\/territorialchallenges.com\/#\/schema\/logo\/image\/\"}},{\"@type\":\"Person\",\"@id\":\"https:\/\/territorialchallenges.com\/#\/schema\/person\/098f145c7c61a021c425e010f840080f\",\"name\":\"ni.abdi\",\"image\":{\"@type\":\"ImageObject\",\"inLanguage\":\"es\",\"@id\":\"https:\/\/territorialchallenges.com\/#\/schema\/person\/image\/\",\"url\":\"https:\/\/secure.gravatar.com\/avatar\/2a2f2491f3c80039986ba989b1e4b510?s=96&d=identicon&r=g\",\"contentUrl\":\"https:\/\/secure.gravatar.com\/avatar\/2a2f2491f3c80039986ba989b1e4b510?s=96&d=identicon&r=g\",\"caption\":\"ni.abdi\"},\"sameAs\":[\"https:\/\/twitter.com\/Ni.abdi\"],\"url\":\"https:\/\/territorialchallenges.com\/es\/author\/ni-abdi\/\"}]}<\/script>\n<!-- \/ Yoast SEO plugin. -->","yoast_head_json":{"title":"L'\u00e9nergie solaire illumine l'avenir des villes intelligentes : Le Forum mondial de l'\u00e9nergie 2023 \u00e0 Hermosillo, Mexique - Territorial Challenges","robots":{"index":"index","follow":"follow","max-snippet":"max-snippet:-1","max-image-preview":"max-image-preview:large","max-video-preview":"max-video-preview:-1"},"canonical":"https:\/\/territorialchallenges.com\/es\/2023\/11\/27\/lenergie-solaire-illumine-lavenir-des-villes-intelligentes-le-forum-mondial-de-lenergie-2023-a-hermosillo-mexique\/121847\/","og_locale":"es_ES","og_type":"article","og_title":"L'\u00e9nergie solaire illumine l'avenir des villes intelligentes : Le Forum mondial de l'\u00e9nergie 2023 \u00e0 Hermosillo, Mexique - Territorial Challenges","og_description":"\u00c0 Hermosillo, capitale du Sonora au Mexique, l&rsquo;\u00e9nergie solaire prend le devant de la sc\u00e8ne avec le Forum mondial de l&rsquo;\u00e9nergie 2023. Carla Neudert C\u00f3rdova, directrice g\u00e9n\u00e9rale de l&rsquo;Agence municipale de l&rsquo;\u00e9nergie, d\u00e9voile les avanc\u00e9es de la ville dans l&rsquo;int\u00e9gration de l&rsquo;\u00e9nergie solaire dans ses quartiers intelligents. Au-del\u00e0 des conf\u00e9rences, la ville attire des investissements [&hellip;]","og_url":"https:\/\/territorialchallenges.com\/es\/2023\/11\/27\/lenergie-solaire-illumine-lavenir-des-villes-intelligentes-le-forum-mondial-de-lenergie-2023-a-hermosillo-mexique\/121847\/","og_site_name":"Territorial Challenges","article_published_time":"2023-11-27T10:57:01+00:00","article_modified_time":"2023-11-27T10:57:03+00:00","og_image":[{"width":1280,"height":848,"url":"https:\/\/territorialchallenges.com\/wp-content\/uploads\/2023\/11\/transitionenergetique27.11.23.photo_.jpg","type":"image\/jpeg"}],"author":"ni.abdi","twitter_card":"summary_large_image","twitter_creator":"@Ni.abdi","twitter_misc":{"Escrito por":"ni.abdi","Tiempo de lectura":"4 minutos"},"schema":{"@context":"https:\/\/schema.org","@graph":[{"@type":"Article","@id":"https:\/\/territorialchallenges.com\/2023\/11\/27\/lenergie-solaire-illumine-lavenir-des-villes-intelligentes-le-forum-mondial-de-lenergie-2023-a-hermosillo-mexique\/121847\/#article","isPartOf":{"@id":"https:\/\/territorialchallenges.com\/2023\/11\/27\/lenergie-solaire-illumine-lavenir-des-villes-intelligentes-le-forum-mondial-de-lenergie-2023-a-hermosillo-mexique\/121847\/"},"author":{"name":"ni.abdi","@id":"https:\/\/territorialchallenges.com\/#\/schema\/person\/098f145c7c61a021c425e010f840080f"},"headline":"L&rsquo;\u00e9nergie solaire illumine l&rsquo;avenir des villes intelligentes : Le Forum mondial de l&rsquo;\u00e9nergie 2023 \u00e0 Hermosillo, Mexique","datePublished":"2023-11-27T10:57:01+00:00","dateModified":"2023-11-27T10:57:03+00:00","mainEntityOfPage":{"@id":"https:\/\/territorialchallenges.com\/2023\/11\/27\/lenergie-solaire-illumine-lavenir-des-villes-intelligentes-le-forum-mondial-de-lenergie-2023-a-hermosillo-mexique\/121847\/"},"wordCount":824,"publisher":{"@id":"https:\/\/territorialchallenges.com\/#organization"},"articleSection":["Transition \u00c9nerg\u00e9tique","Actualit\u00e9 internationale"],"inLanguage":"es"},{"@type":"WebPage","@id":"https:\/\/territorialchallenges.com\/2023\/11\/27\/lenergie-solaire-illumine-lavenir-des-villes-intelligentes-le-forum-mondial-de-lenergie-2023-a-hermosillo-mexique\/121847\/","url":"https:\/\/territorialchallenges.com\/2023\/11\/27\/lenergie-solaire-illumine-lavenir-des-villes-intelligentes-le-forum-mondial-de-lenergie-2023-a-hermosillo-mexique\/121847\/","name":"L'\u00e9nergie solaire illumine l'avenir des villes intelligentes : Le Forum mondial de l'\u00e9nergie 2023 \u00e0 Hermosillo, Mexique - Territorial Challenges","isPartOf":{"@id":"https:\/\/territorialchallenges.com\/#website"},"datePublished":"2023-11-27T10:57:01+00:00","dateModified":"2023-11-27T10:57:03+00:00","breadcrumb":{"@id":"https:\/\/territorialchallenges.com\/2023\/11\/27\/lenergie-solaire-illumine-lavenir-des-villes-intelligentes-le-forum-mondial-de-lenergie-2023-a-hermosillo-mexique\/121847\/#breadcrumb"},"inLanguage":"es","potentialAction":[{"@type":"ReadAction","target":["https:\/\/territorialchallenges.com\/2023\/11\/27\/lenergie-solaire-illumine-lavenir-des-villes-intelligentes-le-forum-mondial-de-lenergie-2023-a-hermosillo-mexique\/121847\/"]}]},{"@type":"BreadcrumbList","@id":"https:\/\/territorialchallenges.com\/2023\/11\/27\/lenergie-solaire-illumine-lavenir-des-villes-intelligentes-le-forum-mondial-de-lenergie-2023-a-hermosillo-mexique\/121847\/#breadcrumb","itemListElement":[{"@type":"ListItem","position":1,"name":"Home","item":"https:\/\/territorialchallenges.com\/"},{"@type":"ListItem","position":2,"name":"L&rsquo;\u00e9nergie solaire illumine l&rsquo;avenir des villes intelligentes : Le Forum mondial de l&rsquo;\u00e9nergie 2023 \u00e0 Hermosillo, Mexique"}]},{"@type":"WebSite","@id":"https:\/\/territorialchallenges.com\/#website","url":"https:\/\/territorialchallenges.com\/","name":"Desaf\u00edos territoriales","description":"Monitoreo Internacional - Estrategias Inteligentes - Mejores Pr\u00e1cticas","publisher":{"@id":"https:\/\/territorialchallenges.com\/#organization"},"potentialAction":[{"@type":"SearchAction","target":{"@type":"EntryPoint","urlTemplate":"https:\/\/territorialchallenges.com\/?s={search_term_string}"},"query-input":"required name=search_term_string"}],"inLanguage":"es"},{"@type":"Organization","@id":"https:\/\/territorialchallenges.com\/#organization","name":"Desaf\u00edos territoriales","url":"https:\/\/territorialchallenges.com\/","logo":{"@type":"ImageObject","inLanguage":"es","@id":"https:\/\/territorialchallenges.com\/#\/schema\/logo\/image\/","url":"https:\/\/territorialchallenges.com\/wp-content\/uploads\/2023\/10\/logo-1.png","contentUrl":"https:\/\/territorialchallenges.com\/wp-content\/uploads\/2023\/10\/logo-1.png","width":1832,"height":576,"caption":"Territorial Challenges"},"image":{"@id":"https:\/\/territorialchallenges.com\/#\/schema\/logo\/image\/"}},{"@type":"Person","@id":"https:\/\/territorialchallenges.com\/#\/schema\/person\/098f145c7c61a021c425e010f840080f","name":"ni.abdi","image":{"@type":"ImageObject","inLanguage":"es","@id":"https:\/\/territorialchallenges.com\/#\/schema\/person\/image\/","url":"https:\/\/secure.gravatar.com\/avatar\/2a2f2491f3c80039986ba989b1e4b510?s=96&d=identicon&r=g","contentUrl":"https:\/\/secure.gravatar.com\/avatar\/2a2f2491f3c80039986ba989b1e4b510?s=96&d=identicon&r=g","caption":"ni.abdi"},"sameAs":["https:\/\/twitter.com\/Ni.abdi"],"url":"https:\/\/territorialchallenges.com\/es\/author\/ni-abdi\/"}]}},"_links":{"self":[{"href":"https:\/\/territorialchallenges.com\/es\/wp-json\/wp\/v2\/posts\/121847"}],"collection":[{"href":"https:\/\/territorialchallenges.com\/es\/wp-json\/wp\/v2\/posts"}],"about":[{"href":"https:\/\/territorialchallenges.com\/es\/wp-json\/wp\/v2\/types\/post"}],"author":[{"embeddable":true,"href":"https:\/\/territorialchallenges.com\/es\/wp-json\/wp\/v2\/users\/11"}],"replies":[{"embeddable":true,"href":"https:\/\/territorialchallenges.com\/es\/wp-json\/wp\/v2\/comments?post=121847"}],"version-history":[{"count":1,"href":"https:\/\/territorialchallenges.com\/es\/wp-json\/wp\/v2\/posts\/121847\/revisions"}],"predecessor-version":[{"id":121849,"href":"https:\/\/territorialchallenges.com\/es\/wp-json\/wp\/v2\/posts\/121847\/revisions\/121849"}],"wp:featuredmedia":[{"embeddable":true,"href":"https:\/\/territorialchallenges.com\/es\/wp-json\/wp\/v2\/media\/121848"}],"wp:attachment":[{"href":"https:\/\/territorialchallenges.com\/es\/wp-json\/wp\/v2\/media?parent=121847"}],"wp:term":[{"taxonomy":"category","embeddable":true,"href":"https:\/\/territorialchallenges.com\/es\/wp-json\/wp\/v2\/categories?post=121847"},{"taxonomy":"post_tag","embeddable":true,"href":"https:\/\/territorialchallenges.com\/es\/wp-json\/wp\/v2\/tags?post=121847"}],"curies":[{"name":"gracias","href":"https:\/\/api.w.org\/{rel}","templated":true}]}}