{"id":121802,"date":"2023-11-20T10:00:52","date_gmt":"2023-11-20T09:00:52","guid":{"rendered":"https:\/\/territorialchallenges.com\/?p=121802"},"modified":"2023-11-20T10:00:53","modified_gmt":"2023-11-20T09:00:53","slug":"theodore-du-moncel-pionnier-de-lelectricite-explorateur-des-sciences","status":"publish","type":"post","link":"https:\/\/territorialchallenges.com\/es\/2023\/11\/20\/theodore-du-moncel-pionnier-de-lelectricite-explorateur-des-sciences\/121802\/","title":{"rendered":"Th\u00e9odore du Moncel: pionero de la electricidad, explorador de la ciencia"},"content":{"rendered":"<p>Th\u00e9odore du Moncel, ingeniero el\u00e9ctrico y acad\u00e9mico, dedic\u00f3 su vida a la exploraci\u00f3n de la ciencia, desde la arqueolog\u00eda hasta la electricidad. Entre sus numerosas contribuciones, su libro &quot;El tel\u00e9fono, el micr\u00f3fono y el fon\u00f3grafo&quot; sigue siendo una referencia esencial en la divulgaci\u00f3n de estas tecnolog\u00edas revolucionarias. Profundicemos en la vida de este erudito cient\u00edfico, entre la nobleza, los viajes y... <\/p>\n<div class=\"pmpro_content_message\">Art\u00edculo disponible s\u00f3lo para suscriptores.<br \/><a href=\"https:\/\/territorialchallenges.com\/wp-login.php\">Acceso<\/a><br \/><a href=\"https:\/\/territorialchallenges.com\/es\/wp-login.php\/?action=register\">Registro<\/a><\/div>","protected":false},"excerpt":{"rendered":"<p>Th\u00e9odore du Moncel, ing\u00e9nieur \u00e9lectricien et acad\u00e9micien, a consacr\u00e9 sa vie \u00e0 l&rsquo;exploration des sciences, de l&rsquo;arch\u00e9ologie \u00e0 l&rsquo;\u00e9lectricit\u00e9. Parmi ses nombreuses contributions, son ouvrage \u00ab\u00a0Le t\u00e9l\u00e9phone, le microphone et le phonographe\u00a0\u00bb demeure une r\u00e9f\u00e9rence incontournable dans la vulgarisation de ces technologies r\u00e9volutionnaires. Plongeons dans la vie de ce scientifique polymathe, entre noblesse, voyages, et... <\/p>\n<div class=\"pmpro_content_message\">Art\u00edculo disponible s\u00f3lo para suscriptores.<br \/><a href=\"https:\/\/territorialchallenges.com\/wp-login.php\">Acceso<\/a><br \/><a href=\"https:\/\/territorialchallenges.com\/es\/wp-login.php\/?action=register\">Registro<\/a><\/div>","protected":false},"author":11,"featured_media":121803,"comment_status":"closed","ping_status":"closed","sticky":true,"template":"","format":"standard","meta":{"pmpro_default_level":0,"footnotes":""},"categories":[121],"tags":[],"blocksy_meta":"","yoast_head":"<!-- This site is optimized with the Yoast SEO plugin v21.5 - https:\/\/yoast.com\/wordpress\/plugins\/seo\/ -->\n<title>Th\u00e9odore du Moncel : pionnier de l&#039;\u00e9lectricit\u00e9, explorateur des sciences - Territorial Challenges<\/title>\n<meta name=\"robots\" content=\"index, follow, max-snippet:-1, max-image-preview:large, max-video-preview:-1\" \/>\n<link rel=\"canonical\" href=\"https:\/\/territorialchallenges.com\/es\/2023\/11\/20\/theodore-du-moncel-pionnier-de-lelectricite-explorateur-des-sciences\/121802\/\" \/>\n<meta property=\"og:locale\" content=\"es_ES\" \/>\n<meta property=\"og:type\" content=\"article\" \/>\n<meta property=\"og:title\" content=\"Th\u00e9odore du Moncel : pionnier de l&#039;\u00e9lectricit\u00e9, explorateur des sciences - Territorial Challenges\" \/>\n<meta property=\"og:description\" content=\"Th\u00e9odore du Moncel, ing\u00e9nieur \u00e9lectricien et acad\u00e9micien, a consacr\u00e9 sa vie \u00e0 l&rsquo;exploration des sciences, de l&rsquo;arch\u00e9ologie \u00e0 l&rsquo;\u00e9lectricit\u00e9. Parmi ses nombreuses contributions, son ouvrage \u00ab\u00a0Le t\u00e9l\u00e9phone, le microphone et le phonographe\u00a0\u00bb demeure une r\u00e9f\u00e9rence incontournable dans la vulgarisation de ces technologies r\u00e9volutionnaires. Plongeons dans la vie de ce scientifique polymathe, entre noblesse, voyages, et [&hellip;]\" \/>\n<meta property=\"og:url\" content=\"https:\/\/territorialchallenges.com\/es\/2023\/11\/20\/theodore-du-moncel-pionnier-de-lelectricite-explorateur-des-sciences\/121802\/\" \/>\n<meta property=\"og:site_name\" content=\"Territorial Challenges\" \/>\n<meta property=\"article:published_time\" content=\"2023-11-20T09:00:52+00:00\" \/>\n<meta property=\"article:modified_time\" content=\"2023-11-20T09:00:53+00:00\" \/>\n<meta property=\"og:image\" content=\"https:\/\/territorialchallenges.com\/wp-content\/uploads\/2023\/11\/Theodose_du_Moncel_1821-1884.jpg\" \/>\n\t<meta property=\"og:image:width\" content=\"248\" \/>\n\t<meta property=\"og:image:height\" content=\"347\" \/>\n\t<meta property=\"og:image:type\" content=\"image\/jpeg\" \/>\n<meta name=\"author\" content=\"ni.abdi\" \/>\n<meta name=\"twitter:card\" content=\"summary_large_image\" \/>\n<meta name=\"twitter:creator\" content=\"@Ni.abdi\" \/>\n<meta name=\"twitter:label1\" content=\"Escrito por\" \/>\n\t<meta name=\"twitter:data1\" content=\"ni.abdi\" \/>\n\t<meta name=\"twitter:label2\" content=\"Tiempo de lectura\" \/>\n\t<meta name=\"twitter:data2\" content=\"3 minutos\" \/>\n<script type=\"application\/ld+json\" class=\"yoast-schema-graph\">{\"@context\":\"https:\/\/schema.org\",\"@graph\":[{\"@type\":\"Article\",\"@id\":\"https:\/\/territorialchallenges.com\/2023\/11\/20\/theodore-du-moncel-pionnier-de-lelectricite-explorateur-des-sciences\/121802\/#article\",\"isPartOf\":{\"@id\":\"https:\/\/territorialchallenges.com\/2023\/11\/20\/theodore-du-moncel-pionnier-de-lelectricite-explorateur-des-sciences\/121802\/\"},\"author\":{\"name\":\"ni.abdi\",\"@id\":\"https:\/\/territorialchallenges.com\/#\/schema\/person\/098f145c7c61a021c425e010f840080f\"},\"headline\":\"Th\u00e9odore du Moncel : pionnier de l&rsquo;\u00e9lectricit\u00e9, explorateur des sciences\",\"datePublished\":\"2023-11-20T09:00:52+00:00\",\"dateModified\":\"2023-11-20T09:00:53+00:00\",\"mainEntityOfPage\":{\"@id\":\"https:\/\/territorialchallenges.com\/2023\/11\/20\/theodore-du-moncel-pionnier-de-lelectricite-explorateur-des-sciences\/121802\/\"},\"wordCount\":501,\"publisher\":{\"@id\":\"https:\/\/territorialchallenges.com\/#organization\"},\"articleSection\":[\"M\u00e9moire\"],\"inLanguage\":\"es\"},{\"@type\":\"WebPage\",\"@id\":\"https:\/\/territorialchallenges.com\/2023\/11\/20\/theodore-du-moncel-pionnier-de-lelectricite-explorateur-des-sciences\/121802\/\",\"url\":\"https:\/\/territorialchallenges.com\/2023\/11\/20\/theodore-du-moncel-pionnier-de-lelectricite-explorateur-des-sciences\/121802\/\",\"name\":\"Th\u00e9odore du Moncel : pionnier de l'\u00e9lectricit\u00e9, explorateur des sciences - Territorial Challenges\",\"isPartOf\":{\"@id\":\"https:\/\/territorialchallenges.com\/#website\"},\"datePublished\":\"2023-11-20T09:00:52+00:00\",\"dateModified\":\"2023-11-20T09:00:53+00:00\",\"breadcrumb\":{\"@id\":\"https:\/\/territorialchallenges.com\/2023\/11\/20\/theodore-du-moncel-pionnier-de-lelectricite-explorateur-des-sciences\/121802\/#breadcrumb\"},\"inLanguage\":\"es\",\"potentialAction\":[{\"@type\":\"ReadAction\",\"target\":[\"https:\/\/territorialchallenges.com\/2023\/11\/20\/theodore-du-moncel-pionnier-de-lelectricite-explorateur-des-sciences\/121802\/\"]}]},{\"@type\":\"BreadcrumbList\",\"@id\":\"https:\/\/territorialchallenges.com\/2023\/11\/20\/theodore-du-moncel-pionnier-de-lelectricite-explorateur-des-sciences\/121802\/#breadcrumb\",\"itemListElement\":[{\"@type\":\"ListItem\",\"position\":1,\"name\":\"Home\",\"item\":\"https:\/\/territorialchallenges.com\/\"},{\"@type\":\"ListItem\",\"position\":2,\"name\":\"Th\u00e9odore du Moncel : pionnier de l&rsquo;\u00e9lectricit\u00e9, explorateur des sciences\"}]},{\"@type\":\"WebSite\",\"@id\":\"https:\/\/territorialchallenges.com\/#website\",\"url\":\"https:\/\/territorialchallenges.com\/\",\"name\":\"Territorial Challenges\",\"description\":\"Veille Internationale - Strat\u00e9gie Intelligentes - Bonnes pratiques\",\"publisher\":{\"@id\":\"https:\/\/territorialchallenges.com\/#organization\"},\"potentialAction\":[{\"@type\":\"SearchAction\",\"target\":{\"@type\":\"EntryPoint\",\"urlTemplate\":\"https:\/\/territorialchallenges.com\/?s={search_term_string}\"},\"query-input\":\"required name=search_term_string\"}],\"inLanguage\":\"es\"},{\"@type\":\"Organization\",\"@id\":\"https:\/\/territorialchallenges.com\/#organization\",\"name\":\"Territorial Challenges\",\"url\":\"https:\/\/territorialchallenges.com\/\",\"logo\":{\"@type\":\"ImageObject\",\"inLanguage\":\"es\",\"@id\":\"https:\/\/territorialchallenges.com\/#\/schema\/logo\/image\/\",\"url\":\"https:\/\/territorialchallenges.com\/wp-content\/uploads\/2023\/10\/logo-1.png\",\"contentUrl\":\"https:\/\/territorialchallenges.com\/wp-content\/uploads\/2023\/10\/logo-1.png\",\"width\":1832,\"height\":576,\"caption\":\"Territorial Challenges\"},\"image\":{\"@id\":\"https:\/\/territorialchallenges.com\/#\/schema\/logo\/image\/\"}},{\"@type\":\"Person\",\"@id\":\"https:\/\/territorialchallenges.com\/#\/schema\/person\/098f145c7c61a021c425e010f840080f\",\"name\":\"ni.abdi\",\"image\":{\"@type\":\"ImageObject\",\"inLanguage\":\"es\",\"@id\":\"https:\/\/territorialchallenges.com\/#\/schema\/person\/image\/\",\"url\":\"https:\/\/secure.gravatar.com\/avatar\/2a2f2491f3c80039986ba989b1e4b510?s=96&d=identicon&r=g\",\"contentUrl\":\"https:\/\/secure.gravatar.com\/avatar\/2a2f2491f3c80039986ba989b1e4b510?s=96&d=identicon&r=g\",\"caption\":\"ni.abdi\"},\"sameAs\":[\"https:\/\/twitter.com\/Ni.abdi\"],\"url\":\"https:\/\/territorialchallenges.com\/es\/author\/ni-abdi\/\"}]}<\/script>\n<!-- \/ Yoast SEO plugin. -->","yoast_head_json":{"title":"Th\u00e9odore du Moncel : pionnier de l'\u00e9lectricit\u00e9, explorateur des sciences - Territorial Challenges","robots":{"index":"index","follow":"follow","max-snippet":"max-snippet:-1","max-image-preview":"max-image-preview:large","max-video-preview":"max-video-preview:-1"},"canonical":"https:\/\/territorialchallenges.com\/es\/2023\/11\/20\/theodore-du-moncel-pionnier-de-lelectricite-explorateur-des-sciences\/121802\/","og_locale":"es_ES","og_type":"article","og_title":"Th\u00e9odore du Moncel : pionnier de l'\u00e9lectricit\u00e9, explorateur des sciences - Territorial Challenges","og_description":"Th\u00e9odore du Moncel, ing\u00e9nieur \u00e9lectricien et acad\u00e9micien, a consacr\u00e9 sa vie \u00e0 l&rsquo;exploration des sciences, de l&rsquo;arch\u00e9ologie \u00e0 l&rsquo;\u00e9lectricit\u00e9. Parmi ses nombreuses contributions, son ouvrage \u00ab\u00a0Le t\u00e9l\u00e9phone, le microphone et le phonographe\u00a0\u00bb demeure une r\u00e9f\u00e9rence incontournable dans la vulgarisation de ces technologies r\u00e9volutionnaires. Plongeons dans la vie de ce scientifique polymathe, entre noblesse, voyages, et [&hellip;]","og_url":"https:\/\/territorialchallenges.com\/es\/2023\/11\/20\/theodore-du-moncel-pionnier-de-lelectricite-explorateur-des-sciences\/121802\/","og_site_name":"Territorial Challenges","article_published_time":"2023-11-20T09:00:52+00:00","article_modified_time":"2023-11-20T09:00:53+00:00","og_image":[{"width":248,"height":347,"url":"https:\/\/territorialchallenges.com\/wp-content\/uploads\/2023\/11\/Theodose_du_Moncel_1821-1884.jpg","type":"image\/jpeg"}],"author":"ni.abdi","twitter_card":"summary_large_image","twitter_creator":"@Ni.abdi","twitter_misc":{"Escrito por":"ni.abdi","Tiempo de lectura":"3 minutos"},"schema":{"@context":"https:\/\/schema.org","@graph":[{"@type":"Article","@id":"https:\/\/territorialchallenges.com\/2023\/11\/20\/theodore-du-moncel-pionnier-de-lelectricite-explorateur-des-sciences\/121802\/#article","isPartOf":{"@id":"https:\/\/territorialchallenges.com\/2023\/11\/20\/theodore-du-moncel-pionnier-de-lelectricite-explorateur-des-sciences\/121802\/"},"author":{"name":"ni.abdi","@id":"https:\/\/territorialchallenges.com\/#\/schema\/person\/098f145c7c61a021c425e010f840080f"},"headline":"Th\u00e9odore du Moncel : pionnier de l&rsquo;\u00e9lectricit\u00e9, explorateur des sciences","datePublished":"2023-11-20T09:00:52+00:00","dateModified":"2023-11-20T09:00:53+00:00","mainEntityOfPage":{"@id":"https:\/\/territorialchallenges.com\/2023\/11\/20\/theodore-du-moncel-pionnier-de-lelectricite-explorateur-des-sciences\/121802\/"},"wordCount":501,"publisher":{"@id":"https:\/\/territorialchallenges.com\/#organization"},"articleSection":["M\u00e9moire"],"inLanguage":"es"},{"@type":"WebPage","@id":"https:\/\/territorialchallenges.com\/2023\/11\/20\/theodore-du-moncel-pionnier-de-lelectricite-explorateur-des-sciences\/121802\/","url":"https:\/\/territorialchallenges.com\/2023\/11\/20\/theodore-du-moncel-pionnier-de-lelectricite-explorateur-des-sciences\/121802\/","name":"Th\u00e9odore du Moncel : pionnier de l'\u00e9lectricit\u00e9, explorateur des sciences - Territorial Challenges","isPartOf":{"@id":"https:\/\/territorialchallenges.com\/#website"},"datePublished":"2023-11-20T09:00:52+00:00","dateModified":"2023-11-20T09:00:53+00:00","breadcrumb":{"@id":"https:\/\/territorialchallenges.com\/2023\/11\/20\/theodore-du-moncel-pionnier-de-lelectricite-explorateur-des-sciences\/121802\/#breadcrumb"},"inLanguage":"es","potentialAction":[{"@type":"ReadAction","target":["https:\/\/territorialchallenges.com\/2023\/11\/20\/theodore-du-moncel-pionnier-de-lelectricite-explorateur-des-sciences\/121802\/"]}]},{"@type":"BreadcrumbList","@id":"https:\/\/territorialchallenges.com\/2023\/11\/20\/theodore-du-moncel-pionnier-de-lelectricite-explorateur-des-sciences\/121802\/#breadcrumb","itemListElement":[{"@type":"ListItem","position":1,"name":"Home","item":"https:\/\/territorialchallenges.com\/"},{"@type":"ListItem","position":2,"name":"Th\u00e9odore du Moncel : pionnier de l&rsquo;\u00e9lectricit\u00e9, explorateur des sciences"}]},{"@type":"WebSite","@id":"https:\/\/territorialchallenges.com\/#website","url":"https:\/\/territorialchallenges.com\/","name":"Desaf\u00edos territoriales","description":"Monitoreo Internacional - Estrategias Inteligentes - Mejores Pr\u00e1cticas","publisher":{"@id":"https:\/\/territorialchallenges.com\/#organization"},"potentialAction":[{"@type":"SearchAction","target":{"@type":"EntryPoint","urlTemplate":"https:\/\/territorialchallenges.com\/?s={search_term_string}"},"query-input":"required name=search_term_string"}],"inLanguage":"es"},{"@type":"Organization","@id":"https:\/\/territorialchallenges.com\/#organization","name":"Desaf\u00edos territoriales","url":"https:\/\/territorialchallenges.com\/","logo":{"@type":"ImageObject","inLanguage":"es","@id":"https:\/\/territorialchallenges.com\/#\/schema\/logo\/image\/","url":"https:\/\/territorialchallenges.com\/wp-content\/uploads\/2023\/10\/logo-1.png","contentUrl":"https:\/\/territorialchallenges.com\/wp-content\/uploads\/2023\/10\/logo-1.png","width":1832,"height":576,"caption":"Territorial Challenges"},"image":{"@id":"https:\/\/territorialchallenges.com\/#\/schema\/logo\/image\/"}},{"@type":"Person","@id":"https:\/\/territorialchallenges.com\/#\/schema\/person\/098f145c7c61a021c425e010f840080f","name":"ni.abdi","image":{"@type":"ImageObject","inLanguage":"es","@id":"https:\/\/territorialchallenges.com\/#\/schema\/person\/image\/","url":"https:\/\/secure.gravatar.com\/avatar\/2a2f2491f3c80039986ba989b1e4b510?s=96&d=identicon&r=g","contentUrl":"https:\/\/secure.gravatar.com\/avatar\/2a2f2491f3c80039986ba989b1e4b510?s=96&d=identicon&r=g","caption":"ni.abdi"},"sameAs":["https:\/\/twitter.com\/Ni.abdi"],"url":"https:\/\/territorialchallenges.com\/es\/author\/ni-abdi\/"}]}},"_links":{"self":[{"href":"https:\/\/territorialchallenges.com\/es\/wp-json\/wp\/v2\/posts\/121802"}],"collection":[{"href":"https:\/\/territorialchallenges.com\/es\/wp-json\/wp\/v2\/posts"}],"about":[{"href":"https:\/\/territorialchallenges.com\/es\/wp-json\/wp\/v2\/types\/post"}],"author":[{"embeddable":true,"href":"https:\/\/territorialchallenges.com\/es\/wp-json\/wp\/v2\/users\/11"}],"replies":[{"embeddable":true,"href":"https:\/\/territorialchallenges.com\/es\/wp-json\/wp\/v2\/comments?post=121802"}],"version-history":[{"count":1,"href":"https:\/\/territorialchallenges.com\/es\/wp-json\/wp\/v2\/posts\/121802\/revisions"}],"predecessor-version":[{"id":121804,"href":"https:\/\/territorialchallenges.com\/es\/wp-json\/wp\/v2\/posts\/121802\/revisions\/121804"}],"wp:featuredmedia":[{"embeddable":true,"href":"https:\/\/territorialchallenges.com\/es\/wp-json\/wp\/v2\/media\/121803"}],"wp:attachment":[{"href":"https:\/\/territorialchallenges.com\/es\/wp-json\/wp\/v2\/media?parent=121802"}],"wp:term":[{"taxonomy":"category","embeddable":true,"href":"https:\/\/territorialchallenges.com\/es\/wp-json\/wp\/v2\/categories?post=121802"},{"taxonomy":"post_tag","embeddable":true,"href":"https:\/\/territorialchallenges.com\/es\/wp-json\/wp\/v2\/tags?post=121802"}],"curies":[{"name":"gracias","href":"https:\/\/api.w.org\/{rel}","templated":true}]}}