{"id":121660,"date":"2023-10-27T22:26:21","date_gmt":"2023-10-27T20:26:21","guid":{"rendered":"https:\/\/territorialchallenges.com\/?p=121660"},"modified":"2023-10-27T22:28:42","modified_gmt":"2023-10-27T20:28:42","slug":"lechec-de-collectivites-locales-francaises-dans-la-course-a-la-ville-intelligente","status":"publish","type":"post","link":"https:\/\/territorialchallenges.com\/es\/2023\/10\/27\/lechec-de-collectivites-locales-francaises-dans-la-course-a-la-ville-intelligente\/121660\/","title":{"rendered":"El fracaso de las autoridades locales francesas en la carrera por las ciudades inteligentes"},"content":{"rendered":"<p>El fracaso de las autoridades locales francesas a la hora de aprovechar al m\u00e1ximo el potencial de sus universidades, escuelas de ingenier\u00eda e institutos de investigaci\u00f3n para desarrollar proyectos de ciudades inteligentes es evidente. Comparemos la historia de la ciudad de Gardanne, donde un proyecto de ciudad inteligente fracas\u00f3 rotundamente, con el notable \u00e9xito de\u2026 <\/p>\n<div class=\"pmpro_content_message\">Art\u00edculo disponible s\u00f3lo para suscriptores.<br \/><a href=\"https:\/\/territorialchallenges.com\/wp-login.php\">Acceso<\/a><br \/><a href=\"https:\/\/territorialchallenges.com\/es\/wp-login.php\/?action=register\">Registro<\/a><\/div>","protected":false},"excerpt":{"rendered":"<p>L&rsquo;\u00e9chec de collectivit\u00e9s locales fran\u00e7aises \u00e0 exploiter pleinement le potentiel de leurs p\u00f4les universitaires, \u00e9coles d&rsquo;ing\u00e9nieurs, et instituts de recherche pour d\u00e9velopper des projets de villes intelligentes se manifeste de mani\u00e8re frappante. Comparons l&rsquo;histoire de la ville de Gardanne, o\u00f9 un projet de smart city a connu un \u00e9chec retentissant, avec le succ\u00e8s remarquable de... <\/p>\n<div class=\"pmpro_content_message\">Art\u00edculo disponible s\u00f3lo para suscriptores.<br \/><a href=\"https:\/\/territorialchallenges.com\/wp-login.php\">Acceso<\/a><br \/><a href=\"https:\/\/territorialchallenges.com\/es\/wp-login.php\/?action=register\">Registro<\/a><\/div>","protected":false},"author":11,"featured_media":121661,"comment_status":"open","ping_status":"open","sticky":true,"template":"","format":"standard","meta":{"pmpro_default_level":0,"footnotes":""},"categories":[130,117],"tags":[],"blocksy_meta":"","yoast_head":"<!-- This site is optimized with the Yoast SEO plugin v21.5 - https:\/\/yoast.com\/wordpress\/plugins\/seo\/ -->\n<title>L&#039;\u00c9chec de collectivit\u00e9s Locales fran\u00e7aises dans la course \u00e0 la ville intelligente - Territorial Challenges<\/title>\n<meta name=\"robots\" content=\"index, follow, max-snippet:-1, max-image-preview:large, max-video-preview:-1\" \/>\n<link rel=\"canonical\" href=\"https:\/\/territorialchallenges.com\/es\/2023\/10\/27\/lechec-de-collectivites-locales-francaises-dans-la-course-a-la-ville-intelligente\/121660\/\" \/>\n<meta property=\"og:locale\" content=\"es_ES\" \/>\n<meta property=\"og:type\" content=\"article\" \/>\n<meta property=\"og:title\" content=\"L&#039;\u00c9chec de collectivit\u00e9s Locales fran\u00e7aises dans la course \u00e0 la ville intelligente - Territorial Challenges\" \/>\n<meta property=\"og:description\" content=\"L&rsquo;\u00e9chec de collectivit\u00e9s locales fran\u00e7aises \u00e0 exploiter pleinement le potentiel de leurs p\u00f4les universitaires, \u00e9coles d&rsquo;ing\u00e9nieurs, et instituts de recherche pour d\u00e9velopper des projets de villes intelligentes se manifeste de mani\u00e8re frappante. Comparons l&rsquo;histoire de la ville de Gardanne, o\u00f9 un projet de smart city a connu un \u00e9chec retentissant, avec le succ\u00e8s remarquable de [&hellip;]\" \/>\n<meta property=\"og:url\" content=\"https:\/\/territorialchallenges.com\/es\/2023\/10\/27\/lechec-de-collectivites-locales-francaises-dans-la-course-a-la-ville-intelligente\/121660\/\" \/>\n<meta property=\"og:site_name\" content=\"Territorial Challenges\" \/>\n<meta property=\"article:published_time\" content=\"2023-10-27T20:26:21+00:00\" \/>\n<meta property=\"article:modified_time\" content=\"2023-10-27T20:28:42+00:00\" \/>\n<meta property=\"og:image\" content=\"https:\/\/territorialchallenges.com\/wp-content\/uploads\/2023\/10\/reflexionfaiteSantander.jpg\" \/>\n\t<meta property=\"og:image:width\" content=\"1280\" \/>\n\t<meta property=\"og:image:height\" content=\"680\" \/>\n\t<meta property=\"og:image:type\" content=\"image\/jpeg\" \/>\n<meta name=\"author\" content=\"ni.abdi\" \/>\n<meta name=\"twitter:card\" content=\"summary_large_image\" \/>\n<meta name=\"twitter:creator\" content=\"@Ni.abdi\" \/>\n<meta name=\"twitter:label1\" content=\"Escrito por\" \/>\n\t<meta name=\"twitter:data1\" content=\"ni.abdi\" \/>\n\t<meta name=\"twitter:label2\" content=\"Tiempo de lectura\" \/>\n\t<meta name=\"twitter:data2\" content=\"3 minutos\" \/>\n<script type=\"application\/ld+json\" class=\"yoast-schema-graph\">{\"@context\":\"https:\/\/schema.org\",\"@graph\":[{\"@type\":\"Article\",\"@id\":\"https:\/\/territorialchallenges.com\/2023\/10\/27\/lechec-de-collectivites-locales-francaises-dans-la-course-a-la-ville-intelligente\/121660\/#article\",\"isPartOf\":{\"@id\":\"https:\/\/territorialchallenges.com\/2023\/10\/27\/lechec-de-collectivites-locales-francaises-dans-la-course-a-la-ville-intelligente\/121660\/\"},\"author\":{\"name\":\"ni.abdi\",\"@id\":\"https:\/\/territorialchallenges.com\/#\/schema\/person\/098f145c7c61a021c425e010f840080f\"},\"headline\":\"L&rsquo;\u00c9chec de collectivit\u00e9s Locales fran\u00e7aises dans la course \u00e0 la ville intelligente\",\"datePublished\":\"2023-10-27T20:26:21+00:00\",\"dateModified\":\"2023-10-27T20:28:42+00:00\",\"mainEntityOfPage\":{\"@id\":\"https:\/\/territorialchallenges.com\/2023\/10\/27\/lechec-de-collectivites-locales-francaises-dans-la-course-a-la-ville-intelligente\/121660\/\"},\"wordCount\":661,\"commentCount\":0,\"publisher\":{\"@id\":\"https:\/\/territorialchallenges.com\/#organization\"},\"articleSection\":[\"R\u00e9flexion faite\",\"\u00c9cosyst\u00e8me\"],\"inLanguage\":\"es\"},{\"@type\":\"WebPage\",\"@id\":\"https:\/\/territorialchallenges.com\/2023\/10\/27\/lechec-de-collectivites-locales-francaises-dans-la-course-a-la-ville-intelligente\/121660\/\",\"url\":\"https:\/\/territorialchallenges.com\/2023\/10\/27\/lechec-de-collectivites-locales-francaises-dans-la-course-a-la-ville-intelligente\/121660\/\",\"name\":\"L'\u00c9chec de collectivit\u00e9s Locales fran\u00e7aises dans la course \u00e0 la ville intelligente - Territorial Challenges\",\"isPartOf\":{\"@id\":\"https:\/\/territorialchallenges.com\/#website\"},\"datePublished\":\"2023-10-27T20:26:21+00:00\",\"dateModified\":\"2023-10-27T20:28:42+00:00\",\"breadcrumb\":{\"@id\":\"https:\/\/territorialchallenges.com\/2023\/10\/27\/lechec-de-collectivites-locales-francaises-dans-la-course-a-la-ville-intelligente\/121660\/#breadcrumb\"},\"inLanguage\":\"es\",\"potentialAction\":[{\"@type\":\"ReadAction\",\"target\":[\"https:\/\/territorialchallenges.com\/2023\/10\/27\/lechec-de-collectivites-locales-francaises-dans-la-course-a-la-ville-intelligente\/121660\/\"]}]},{\"@type\":\"BreadcrumbList\",\"@id\":\"https:\/\/territorialchallenges.com\/2023\/10\/27\/lechec-de-collectivites-locales-francaises-dans-la-course-a-la-ville-intelligente\/121660\/#breadcrumb\",\"itemListElement\":[{\"@type\":\"ListItem\",\"position\":1,\"name\":\"Home\",\"item\":\"https:\/\/territorialchallenges.com\/\"},{\"@type\":\"ListItem\",\"position\":2,\"name\":\"L&rsquo;\u00c9chec de collectivit\u00e9s Locales fran\u00e7aises dans la course \u00e0 la ville intelligente\"}]},{\"@type\":\"WebSite\",\"@id\":\"https:\/\/territorialchallenges.com\/#website\",\"url\":\"https:\/\/territorialchallenges.com\/\",\"name\":\"Territorial Challenges\",\"description\":\"Veille Internationale - Strat\u00e9gie Intelligentes - Bonnes pratiques\",\"publisher\":{\"@id\":\"https:\/\/territorialchallenges.com\/#organization\"},\"potentialAction\":[{\"@type\":\"SearchAction\",\"target\":{\"@type\":\"EntryPoint\",\"urlTemplate\":\"https:\/\/territorialchallenges.com\/?s={search_term_string}\"},\"query-input\":\"required name=search_term_string\"}],\"inLanguage\":\"es\"},{\"@type\":\"Organization\",\"@id\":\"https:\/\/territorialchallenges.com\/#organization\",\"name\":\"Territorial Challenges\",\"url\":\"https:\/\/territorialchallenges.com\/\",\"logo\":{\"@type\":\"ImageObject\",\"inLanguage\":\"es\",\"@id\":\"https:\/\/territorialchallenges.com\/#\/schema\/logo\/image\/\",\"url\":\"https:\/\/territorialchallenges.com\/wp-content\/uploads\/2023\/10\/logo-1.png\",\"contentUrl\":\"https:\/\/territorialchallenges.com\/wp-content\/uploads\/2023\/10\/logo-1.png\",\"width\":1832,\"height\":576,\"caption\":\"Territorial Challenges\"},\"image\":{\"@id\":\"https:\/\/territorialchallenges.com\/#\/schema\/logo\/image\/\"}},{\"@type\":\"Person\",\"@id\":\"https:\/\/territorialchallenges.com\/#\/schema\/person\/098f145c7c61a021c425e010f840080f\",\"name\":\"ni.abdi\",\"image\":{\"@type\":\"ImageObject\",\"inLanguage\":\"es\",\"@id\":\"https:\/\/territorialchallenges.com\/#\/schema\/person\/image\/\",\"url\":\"https:\/\/secure.gravatar.com\/avatar\/2a2f2491f3c80039986ba989b1e4b510?s=96&d=identicon&r=g\",\"contentUrl\":\"https:\/\/secure.gravatar.com\/avatar\/2a2f2491f3c80039986ba989b1e4b510?s=96&d=identicon&r=g\",\"caption\":\"ni.abdi\"},\"sameAs\":[\"https:\/\/twitter.com\/Ni.abdi\"],\"url\":\"https:\/\/territorialchallenges.com\/es\/author\/ni-abdi\/\"}]}<\/script>\n<!-- \/ Yoast SEO plugin. -->","yoast_head_json":{"title":"L'\u00c9chec de collectivit\u00e9s Locales fran\u00e7aises dans la course \u00e0 la ville intelligente - Territorial Challenges","robots":{"index":"index","follow":"follow","max-snippet":"max-snippet:-1","max-image-preview":"max-image-preview:large","max-video-preview":"max-video-preview:-1"},"canonical":"https:\/\/territorialchallenges.com\/es\/2023\/10\/27\/lechec-de-collectivites-locales-francaises-dans-la-course-a-la-ville-intelligente\/121660\/","og_locale":"es_ES","og_type":"article","og_title":"L'\u00c9chec de collectivit\u00e9s Locales fran\u00e7aises dans la course \u00e0 la ville intelligente - Territorial Challenges","og_description":"L&rsquo;\u00e9chec de collectivit\u00e9s locales fran\u00e7aises \u00e0 exploiter pleinement le potentiel de leurs p\u00f4les universitaires, \u00e9coles d&rsquo;ing\u00e9nieurs, et instituts de recherche pour d\u00e9velopper des projets de villes intelligentes se manifeste de mani\u00e8re frappante. Comparons l&rsquo;histoire de la ville de Gardanne, o\u00f9 un projet de smart city a connu un \u00e9chec retentissant, avec le succ\u00e8s remarquable de [&hellip;]","og_url":"https:\/\/territorialchallenges.com\/es\/2023\/10\/27\/lechec-de-collectivites-locales-francaises-dans-la-course-a-la-ville-intelligente\/121660\/","og_site_name":"Territorial Challenges","article_published_time":"2023-10-27T20:26:21+00:00","article_modified_time":"2023-10-27T20:28:42+00:00","og_image":[{"width":1280,"height":680,"url":"https:\/\/territorialchallenges.com\/wp-content\/uploads\/2023\/10\/reflexionfaiteSantander.jpg","type":"image\/jpeg"}],"author":"ni.abdi","twitter_card":"summary_large_image","twitter_creator":"@Ni.abdi","twitter_misc":{"Escrito por":"ni.abdi","Tiempo de lectura":"3 minutos"},"schema":{"@context":"https:\/\/schema.org","@graph":[{"@type":"Article","@id":"https:\/\/territorialchallenges.com\/2023\/10\/27\/lechec-de-collectivites-locales-francaises-dans-la-course-a-la-ville-intelligente\/121660\/#article","isPartOf":{"@id":"https:\/\/territorialchallenges.com\/2023\/10\/27\/lechec-de-collectivites-locales-francaises-dans-la-course-a-la-ville-intelligente\/121660\/"},"author":{"name":"ni.abdi","@id":"https:\/\/territorialchallenges.com\/#\/schema\/person\/098f145c7c61a021c425e010f840080f"},"headline":"L&rsquo;\u00c9chec de collectivit\u00e9s Locales fran\u00e7aises dans la course \u00e0 la ville intelligente","datePublished":"2023-10-27T20:26:21+00:00","dateModified":"2023-10-27T20:28:42+00:00","mainEntityOfPage":{"@id":"https:\/\/territorialchallenges.com\/2023\/10\/27\/lechec-de-collectivites-locales-francaises-dans-la-course-a-la-ville-intelligente\/121660\/"},"wordCount":661,"commentCount":0,"publisher":{"@id":"https:\/\/territorialchallenges.com\/#organization"},"articleSection":["R\u00e9flexion faite","\u00c9cosyst\u00e8me"],"inLanguage":"es"},{"@type":"WebPage","@id":"https:\/\/territorialchallenges.com\/2023\/10\/27\/lechec-de-collectivites-locales-francaises-dans-la-course-a-la-ville-intelligente\/121660\/","url":"https:\/\/territorialchallenges.com\/2023\/10\/27\/lechec-de-collectivites-locales-francaises-dans-la-course-a-la-ville-intelligente\/121660\/","name":"L'\u00c9chec de collectivit\u00e9s Locales fran\u00e7aises dans la course \u00e0 la ville intelligente - Territorial Challenges","isPartOf":{"@id":"https:\/\/territorialchallenges.com\/#website"},"datePublished":"2023-10-27T20:26:21+00:00","dateModified":"2023-10-27T20:28:42+00:00","breadcrumb":{"@id":"https:\/\/territorialchallenges.com\/2023\/10\/27\/lechec-de-collectivites-locales-francaises-dans-la-course-a-la-ville-intelligente\/121660\/#breadcrumb"},"inLanguage":"es","potentialAction":[{"@type":"ReadAction","target":["https:\/\/territorialchallenges.com\/2023\/10\/27\/lechec-de-collectivites-locales-francaises-dans-la-course-a-la-ville-intelligente\/121660\/"]}]},{"@type":"BreadcrumbList","@id":"https:\/\/territorialchallenges.com\/2023\/10\/27\/lechec-de-collectivites-locales-francaises-dans-la-course-a-la-ville-intelligente\/121660\/#breadcrumb","itemListElement":[{"@type":"ListItem","position":1,"name":"Home","item":"https:\/\/territorialchallenges.com\/"},{"@type":"ListItem","position":2,"name":"L&rsquo;\u00c9chec de collectivit\u00e9s Locales fran\u00e7aises dans la course \u00e0 la ville intelligente"}]},{"@type":"WebSite","@id":"https:\/\/territorialchallenges.com\/#website","url":"https:\/\/territorialchallenges.com\/","name":"Desaf\u00edos territoriales","description":"Monitoreo Internacional - Estrategias Inteligentes - Mejores Pr\u00e1cticas","publisher":{"@id":"https:\/\/territorialchallenges.com\/#organization"},"potentialAction":[{"@type":"SearchAction","target":{"@type":"EntryPoint","urlTemplate":"https:\/\/territorialchallenges.com\/?s={search_term_string}"},"query-input":"required name=search_term_string"}],"inLanguage":"es"},{"@type":"Organization","@id":"https:\/\/territorialchallenges.com\/#organization","name":"Desaf\u00edos territoriales","url":"https:\/\/territorialchallenges.com\/","logo":{"@type":"ImageObject","inLanguage":"es","@id":"https:\/\/territorialchallenges.com\/#\/schema\/logo\/image\/","url":"https:\/\/territorialchallenges.com\/wp-content\/uploads\/2023\/10\/logo-1.png","contentUrl":"https:\/\/territorialchallenges.com\/wp-content\/uploads\/2023\/10\/logo-1.png","width":1832,"height":576,"caption":"Territorial Challenges"},"image":{"@id":"https:\/\/territorialchallenges.com\/#\/schema\/logo\/image\/"}},{"@type":"Person","@id":"https:\/\/territorialchallenges.com\/#\/schema\/person\/098f145c7c61a021c425e010f840080f","name":"ni.abdi","image":{"@type":"ImageObject","inLanguage":"es","@id":"https:\/\/territorialchallenges.com\/#\/schema\/person\/image\/","url":"https:\/\/secure.gravatar.com\/avatar\/2a2f2491f3c80039986ba989b1e4b510?s=96&d=identicon&r=g","contentUrl":"https:\/\/secure.gravatar.com\/avatar\/2a2f2491f3c80039986ba989b1e4b510?s=96&d=identicon&r=g","caption":"ni.abdi"},"sameAs":["https:\/\/twitter.com\/Ni.abdi"],"url":"https:\/\/territorialchallenges.com\/es\/author\/ni-abdi\/"}]}},"_links":{"self":[{"href":"https:\/\/territorialchallenges.com\/es\/wp-json\/wp\/v2\/posts\/121660"}],"collection":[{"href":"https:\/\/territorialchallenges.com\/es\/wp-json\/wp\/v2\/posts"}],"about":[{"href":"https:\/\/territorialchallenges.com\/es\/wp-json\/wp\/v2\/types\/post"}],"author":[{"embeddable":true,"href":"https:\/\/territorialchallenges.com\/es\/wp-json\/wp\/v2\/users\/11"}],"replies":[{"embeddable":true,"href":"https:\/\/territorialchallenges.com\/es\/wp-json\/wp\/v2\/comments?post=121660"}],"version-history":[{"count":1,"href":"https:\/\/territorialchallenges.com\/es\/wp-json\/wp\/v2\/posts\/121660\/revisions"}],"predecessor-version":[{"id":121662,"href":"https:\/\/territorialchallenges.com\/es\/wp-json\/wp\/v2\/posts\/121660\/revisions\/121662"}],"wp:featuredmedia":[{"embeddable":true,"href":"https:\/\/territorialchallenges.com\/es\/wp-json\/wp\/v2\/media\/121661"}],"wp:attachment":[{"href":"https:\/\/territorialchallenges.com\/es\/wp-json\/wp\/v2\/media?parent=121660"}],"wp:term":[{"taxonomy":"category","embeddable":true,"href":"https:\/\/territorialchallenges.com\/es\/wp-json\/wp\/v2\/categories?post=121660"},{"taxonomy":"post_tag","embeddable":true,"href":"https:\/\/territorialchallenges.com\/es\/wp-json\/wp\/v2\/tags?post=121660"}],"curies":[{"name":"gracias","href":"https:\/\/api.w.org\/{rel}","templated":true}]}}