{"id":119588,"date":"2023-04-11T21:04:32","date_gmt":"2023-04-11T19:04:32","guid":{"rendered":"https:\/\/territorialchallenges.com\/?p=119588"},"modified":"2023-04-11T21:07:58","modified_gmt":"2023-04-11T19:07:58","slug":"numerique-reflechir-la-mutualisation-entre-collectivites-locales-a-lechelle-de-leurope","status":"publish","type":"post","link":"https:\/\/territorialchallenges.com\/es\/2023\/04\/11\/numerique-reflechir-la-mutualisation-entre-collectivites-locales-a-lechelle-de-leurope\/119588\/","title":{"rendered":"Digital: Considerando la puesta en com\u00fan entre autoridades locales de toda Europa"},"content":{"rendered":"<p>El mundo digital evoluciona a un ritmo vertiginoso, y las autoridades locales, grandes y peque\u00f1as, urbanas y rurales, luchan por seguir el ritmo. La necesidad de infraestructura y servicios digitales aumenta constantemente y requiere una inversi\u00f3n significativa, tanto en costes financieros como en recursos humanos. Por eso\u2026 <\/p>\n<div class=\"pmpro_content_message\">Art\u00edculo disponible s\u00f3lo para suscriptores.<br \/><a href=\"https:\/\/territorialchallenges.com\/wp-login.php\">Acceso<\/a><br \/><a href=\"https:\/\/territorialchallenges.com\/es\/wp-login.php\/?action=register\">Registro<\/a><\/div>","protected":false},"excerpt":{"rendered":"<p>Le monde num\u00e9rique \u00e9volue \u00e0 un rythme effr\u00e9n\u00e9 et les collectivit\u00e9s locales, grandes et petites, urbaines et rurales, ont du mal \u00e0 suivre le rythme. Les besoins en mati\u00e8re d&rsquo;infrastructures et de services num\u00e9riques sont en constante augmentation et n\u00e9cessitent des investissements importants, tant en termes de co\u00fbts financiers que de ressources humaines. C&rsquo;est pourquoi,... <\/p>\n<div class=\"pmpro_content_message\">Art\u00edculo disponible s\u00f3lo para suscriptores.<br \/><a href=\"https:\/\/territorialchallenges.com\/wp-login.php\">Acceso<\/a><br \/><a href=\"https:\/\/territorialchallenges.com\/es\/wp-login.php\/?action=register\">Registro<\/a><\/div>","protected":false},"author":11,"featured_media":119591,"comment_status":"open","ping_status":"open","sticky":true,"template":"","format":"standard","meta":{"pmpro_default_level":0,"footnotes":""},"categories":[130,117],"tags":[],"blocksy_meta":"","yoast_head":"<!-- This site is optimized with the Yoast SEO plugin v21.5 - https:\/\/yoast.com\/wordpress\/plugins\/seo\/ -->\n<title>Num\u00e9rique : R\u00e9fl\u00e9chir la mutualisation entre collectivit\u00e9s locales \u00e0 l\u2019\u00e9chelle de l\u2019Europe - Territorial Challenges<\/title>\n<meta name=\"robots\" content=\"index, follow, max-snippet:-1, max-image-preview:large, max-video-preview:-1\" \/>\n<link rel=\"canonical\" href=\"https:\/\/territorialchallenges.com\/es\/2023\/04\/11\/numerique-reflechir-la-mutualisation-entre-collectivites-locales-a-lechelle-de-leurope\/119588\/\" \/>\n<meta property=\"og:locale\" content=\"es_ES\" \/>\n<meta property=\"og:type\" content=\"article\" \/>\n<meta property=\"og:title\" content=\"Num\u00e9rique : R\u00e9fl\u00e9chir la mutualisation entre collectivit\u00e9s locales \u00e0 l\u2019\u00e9chelle de l\u2019Europe - Territorial Challenges\" \/>\n<meta property=\"og:description\" content=\"Le monde num\u00e9rique \u00e9volue \u00e0 un rythme effr\u00e9n\u00e9 et les collectivit\u00e9s locales, grandes et petites, urbaines et rurales, ont du mal \u00e0 suivre le rythme. Les besoins en mati\u00e8re d&rsquo;infrastructures et de services num\u00e9riques sont en constante augmentation et n\u00e9cessitent des investissements importants, tant en termes de co\u00fbts financiers que de ressources humaines. C&rsquo;est pourquoi, [&hellip;]\" \/>\n<meta property=\"og:url\" content=\"https:\/\/territorialchallenges.com\/es\/2023\/04\/11\/numerique-reflechir-la-mutualisation-entre-collectivites-locales-a-lechelle-de-leurope\/119588\/\" \/>\n<meta property=\"og:site_name\" content=\"Territorial Challenges\" \/>\n<meta property=\"article:published_time\" content=\"2023-04-11T19:04:32+00:00\" \/>\n<meta property=\"article:modified_time\" content=\"2023-04-11T19:07:58+00:00\" \/>\n<meta property=\"og:image\" content=\"https:\/\/territorialchallenges.com\/wp-content\/uploads\/2023\/04\/europeimage.jpg\" \/>\n\t<meta property=\"og:image:width\" content=\"1920\" \/>\n\t<meta property=\"og:image:height\" content=\"1080\" \/>\n\t<meta property=\"og:image:type\" content=\"image\/jpeg\" \/>\n<meta name=\"author\" content=\"ni.abdi\" \/>\n<meta name=\"twitter:card\" content=\"summary_large_image\" \/>\n<meta name=\"twitter:creator\" content=\"@Ni.abdi\" \/>\n<meta name=\"twitter:label1\" content=\"Escrito por\" \/>\n\t<meta name=\"twitter:data1\" content=\"ni.abdi\" \/>\n\t<meta name=\"twitter:label2\" content=\"Tiempo de lectura\" \/>\n\t<meta name=\"twitter:data2\" content=\"2 minutos\" \/>\n<script type=\"application\/ld+json\" class=\"yoast-schema-graph\">{\"@context\":\"https:\/\/schema.org\",\"@graph\":[{\"@type\":\"Article\",\"@id\":\"https:\/\/territorialchallenges.com\/2023\/04\/11\/numerique-reflechir-la-mutualisation-entre-collectivites-locales-a-lechelle-de-leurope\/119588\/#article\",\"isPartOf\":{\"@id\":\"https:\/\/territorialchallenges.com\/2023\/04\/11\/numerique-reflechir-la-mutualisation-entre-collectivites-locales-a-lechelle-de-leurope\/119588\/\"},\"author\":{\"name\":\"ni.abdi\",\"@id\":\"https:\/\/territorialchallenges.com\/#\/schema\/person\/098f145c7c61a021c425e010f840080f\"},\"headline\":\"Num\u00e9rique : R\u00e9fl\u00e9chir la mutualisation entre collectivit\u00e9s locales \u00e0 l\u2019\u00e9chelle de l\u2019Europe\",\"datePublished\":\"2023-04-11T19:04:32+00:00\",\"dateModified\":\"2023-04-11T19:07:58+00:00\",\"mainEntityOfPage\":{\"@id\":\"https:\/\/territorialchallenges.com\/2023\/04\/11\/numerique-reflechir-la-mutualisation-entre-collectivites-locales-a-lechelle-de-leurope\/119588\/\"},\"wordCount\":506,\"commentCount\":0,\"publisher\":{\"@id\":\"https:\/\/territorialchallenges.com\/#organization\"},\"articleSection\":[\"R\u00e9flexion faite\",\"\u00c9cosyst\u00e8me\"],\"inLanguage\":\"es\"},{\"@type\":\"WebPage\",\"@id\":\"https:\/\/territorialchallenges.com\/2023\/04\/11\/numerique-reflechir-la-mutualisation-entre-collectivites-locales-a-lechelle-de-leurope\/119588\/\",\"url\":\"https:\/\/territorialchallenges.com\/2023\/04\/11\/numerique-reflechir-la-mutualisation-entre-collectivites-locales-a-lechelle-de-leurope\/119588\/\",\"name\":\"Num\u00e9rique : R\u00e9fl\u00e9chir la mutualisation entre collectivit\u00e9s locales \u00e0 l\u2019\u00e9chelle de l\u2019Europe - Territorial Challenges\",\"isPartOf\":{\"@id\":\"https:\/\/territorialchallenges.com\/#website\"},\"datePublished\":\"2023-04-11T19:04:32+00:00\",\"dateModified\":\"2023-04-11T19:07:58+00:00\",\"breadcrumb\":{\"@id\":\"https:\/\/territorialchallenges.com\/2023\/04\/11\/numerique-reflechir-la-mutualisation-entre-collectivites-locales-a-lechelle-de-leurope\/119588\/#breadcrumb\"},\"inLanguage\":\"es\",\"potentialAction\":[{\"@type\":\"ReadAction\",\"target\":[\"https:\/\/territorialchallenges.com\/2023\/04\/11\/numerique-reflechir-la-mutualisation-entre-collectivites-locales-a-lechelle-de-leurope\/119588\/\"]}]},{\"@type\":\"BreadcrumbList\",\"@id\":\"https:\/\/territorialchallenges.com\/2023\/04\/11\/numerique-reflechir-la-mutualisation-entre-collectivites-locales-a-lechelle-de-leurope\/119588\/#breadcrumb\",\"itemListElement\":[{\"@type\":\"ListItem\",\"position\":1,\"name\":\"Home\",\"item\":\"https:\/\/territorialchallenges.com\/\"},{\"@type\":\"ListItem\",\"position\":2,\"name\":\"Num\u00e9rique : R\u00e9fl\u00e9chir la mutualisation entre collectivit\u00e9s locales \u00e0 l\u2019\u00e9chelle de l\u2019Europe\"}]},{\"@type\":\"WebSite\",\"@id\":\"https:\/\/territorialchallenges.com\/#website\",\"url\":\"https:\/\/territorialchallenges.com\/\",\"name\":\"Territorial Challenges\",\"description\":\"Veille Internationale - Strat\u00e9gie Intelligentes - Bonnes pratiques\",\"publisher\":{\"@id\":\"https:\/\/territorialchallenges.com\/#organization\"},\"potentialAction\":[{\"@type\":\"SearchAction\",\"target\":{\"@type\":\"EntryPoint\",\"urlTemplate\":\"https:\/\/territorialchallenges.com\/?s={search_term_string}\"},\"query-input\":\"required name=search_term_string\"}],\"inLanguage\":\"es\"},{\"@type\":\"Organization\",\"@id\":\"https:\/\/territorialchallenges.com\/#organization\",\"name\":\"Territorial Challenges\",\"url\":\"https:\/\/territorialchallenges.com\/\",\"logo\":{\"@type\":\"ImageObject\",\"inLanguage\":\"es\",\"@id\":\"https:\/\/territorialchallenges.com\/#\/schema\/logo\/image\/\",\"url\":\"https:\/\/territorialchallenges.com\/wp-content\/uploads\/2023\/10\/logo-1.png\",\"contentUrl\":\"https:\/\/territorialchallenges.com\/wp-content\/uploads\/2023\/10\/logo-1.png\",\"width\":1832,\"height\":576,\"caption\":\"Territorial Challenges\"},\"image\":{\"@id\":\"https:\/\/territorialchallenges.com\/#\/schema\/logo\/image\/\"}},{\"@type\":\"Person\",\"@id\":\"https:\/\/territorialchallenges.com\/#\/schema\/person\/098f145c7c61a021c425e010f840080f\",\"name\":\"ni.abdi\",\"image\":{\"@type\":\"ImageObject\",\"inLanguage\":\"es\",\"@id\":\"https:\/\/territorialchallenges.com\/#\/schema\/person\/image\/\",\"url\":\"https:\/\/secure.gravatar.com\/avatar\/2a2f2491f3c80039986ba989b1e4b510?s=96&d=identicon&r=g\",\"contentUrl\":\"https:\/\/secure.gravatar.com\/avatar\/2a2f2491f3c80039986ba989b1e4b510?s=96&d=identicon&r=g\",\"caption\":\"ni.abdi\"},\"sameAs\":[\"https:\/\/twitter.com\/Ni.abdi\"],\"url\":\"https:\/\/territorialchallenges.com\/es\/author\/ni-abdi\/\"}]}<\/script>\n<!-- \/ Yoast SEO plugin. -->","yoast_head_json":{"title":"Num\u00e9rique : R\u00e9fl\u00e9chir la mutualisation entre collectivit\u00e9s locales \u00e0 l\u2019\u00e9chelle de l\u2019Europe - Territorial Challenges","robots":{"index":"index","follow":"follow","max-snippet":"max-snippet:-1","max-image-preview":"max-image-preview:large","max-video-preview":"max-video-preview:-1"},"canonical":"https:\/\/territorialchallenges.com\/es\/2023\/04\/11\/numerique-reflechir-la-mutualisation-entre-collectivites-locales-a-lechelle-de-leurope\/119588\/","og_locale":"es_ES","og_type":"article","og_title":"Num\u00e9rique : R\u00e9fl\u00e9chir la mutualisation entre collectivit\u00e9s locales \u00e0 l\u2019\u00e9chelle de l\u2019Europe - Territorial Challenges","og_description":"Le monde num\u00e9rique \u00e9volue \u00e0 un rythme effr\u00e9n\u00e9 et les collectivit\u00e9s locales, grandes et petites, urbaines et rurales, ont du mal \u00e0 suivre le rythme. Les besoins en mati\u00e8re d&rsquo;infrastructures et de services num\u00e9riques sont en constante augmentation et n\u00e9cessitent des investissements importants, tant en termes de co\u00fbts financiers que de ressources humaines. C&rsquo;est pourquoi, [&hellip;]","og_url":"https:\/\/territorialchallenges.com\/es\/2023\/04\/11\/numerique-reflechir-la-mutualisation-entre-collectivites-locales-a-lechelle-de-leurope\/119588\/","og_site_name":"Territorial Challenges","article_published_time":"2023-04-11T19:04:32+00:00","article_modified_time":"2023-04-11T19:07:58+00:00","og_image":[{"width":1920,"height":1080,"url":"https:\/\/territorialchallenges.com\/wp-content\/uploads\/2023\/04\/europeimage.jpg","type":"image\/jpeg"}],"author":"ni.abdi","twitter_card":"summary_large_image","twitter_creator":"@Ni.abdi","twitter_misc":{"Escrito por":"ni.abdi","Tiempo de lectura":"2 minutos"},"schema":{"@context":"https:\/\/schema.org","@graph":[{"@type":"Article","@id":"https:\/\/territorialchallenges.com\/2023\/04\/11\/numerique-reflechir-la-mutualisation-entre-collectivites-locales-a-lechelle-de-leurope\/119588\/#article","isPartOf":{"@id":"https:\/\/territorialchallenges.com\/2023\/04\/11\/numerique-reflechir-la-mutualisation-entre-collectivites-locales-a-lechelle-de-leurope\/119588\/"},"author":{"name":"ni.abdi","@id":"https:\/\/territorialchallenges.com\/#\/schema\/person\/098f145c7c61a021c425e010f840080f"},"headline":"Num\u00e9rique : R\u00e9fl\u00e9chir la mutualisation entre collectivit\u00e9s locales \u00e0 l\u2019\u00e9chelle de l\u2019Europe","datePublished":"2023-04-11T19:04:32+00:00","dateModified":"2023-04-11T19:07:58+00:00","mainEntityOfPage":{"@id":"https:\/\/territorialchallenges.com\/2023\/04\/11\/numerique-reflechir-la-mutualisation-entre-collectivites-locales-a-lechelle-de-leurope\/119588\/"},"wordCount":506,"commentCount":0,"publisher":{"@id":"https:\/\/territorialchallenges.com\/#organization"},"articleSection":["R\u00e9flexion faite","\u00c9cosyst\u00e8me"],"inLanguage":"es"},{"@type":"WebPage","@id":"https:\/\/territorialchallenges.com\/2023\/04\/11\/numerique-reflechir-la-mutualisation-entre-collectivites-locales-a-lechelle-de-leurope\/119588\/","url":"https:\/\/territorialchallenges.com\/2023\/04\/11\/numerique-reflechir-la-mutualisation-entre-collectivites-locales-a-lechelle-de-leurope\/119588\/","name":"Num\u00e9rique : R\u00e9fl\u00e9chir la mutualisation entre collectivit\u00e9s locales \u00e0 l\u2019\u00e9chelle de l\u2019Europe - Territorial Challenges","isPartOf":{"@id":"https:\/\/territorialchallenges.com\/#website"},"datePublished":"2023-04-11T19:04:32+00:00","dateModified":"2023-04-11T19:07:58+00:00","breadcrumb":{"@id":"https:\/\/territorialchallenges.com\/2023\/04\/11\/numerique-reflechir-la-mutualisation-entre-collectivites-locales-a-lechelle-de-leurope\/119588\/#breadcrumb"},"inLanguage":"es","potentialAction":[{"@type":"ReadAction","target":["https:\/\/territorialchallenges.com\/2023\/04\/11\/numerique-reflechir-la-mutualisation-entre-collectivites-locales-a-lechelle-de-leurope\/119588\/"]}]},{"@type":"BreadcrumbList","@id":"https:\/\/territorialchallenges.com\/2023\/04\/11\/numerique-reflechir-la-mutualisation-entre-collectivites-locales-a-lechelle-de-leurope\/119588\/#breadcrumb","itemListElement":[{"@type":"ListItem","position":1,"name":"Home","item":"https:\/\/territorialchallenges.com\/"},{"@type":"ListItem","position":2,"name":"Num\u00e9rique : R\u00e9fl\u00e9chir la mutualisation entre collectivit\u00e9s locales \u00e0 l\u2019\u00e9chelle de l\u2019Europe"}]},{"@type":"WebSite","@id":"https:\/\/territorialchallenges.com\/#website","url":"https:\/\/territorialchallenges.com\/","name":"Desaf\u00edos territoriales","description":"Monitoreo Internacional - Estrategias Inteligentes - Mejores Pr\u00e1cticas","publisher":{"@id":"https:\/\/territorialchallenges.com\/#organization"},"potentialAction":[{"@type":"SearchAction","target":{"@type":"EntryPoint","urlTemplate":"https:\/\/territorialchallenges.com\/?s={search_term_string}"},"query-input":"required name=search_term_string"}],"inLanguage":"es"},{"@type":"Organization","@id":"https:\/\/territorialchallenges.com\/#organization","name":"Desaf\u00edos territoriales","url":"https:\/\/territorialchallenges.com\/","logo":{"@type":"ImageObject","inLanguage":"es","@id":"https:\/\/territorialchallenges.com\/#\/schema\/logo\/image\/","url":"https:\/\/territorialchallenges.com\/wp-content\/uploads\/2023\/10\/logo-1.png","contentUrl":"https:\/\/territorialchallenges.com\/wp-content\/uploads\/2023\/10\/logo-1.png","width":1832,"height":576,"caption":"Territorial Challenges"},"image":{"@id":"https:\/\/territorialchallenges.com\/#\/schema\/logo\/image\/"}},{"@type":"Person","@id":"https:\/\/territorialchallenges.com\/#\/schema\/person\/098f145c7c61a021c425e010f840080f","name":"ni.abdi","image":{"@type":"ImageObject","inLanguage":"es","@id":"https:\/\/territorialchallenges.com\/#\/schema\/person\/image\/","url":"https:\/\/secure.gravatar.com\/avatar\/2a2f2491f3c80039986ba989b1e4b510?s=96&d=identicon&r=g","contentUrl":"https:\/\/secure.gravatar.com\/avatar\/2a2f2491f3c80039986ba989b1e4b510?s=96&d=identicon&r=g","caption":"ni.abdi"},"sameAs":["https:\/\/twitter.com\/Ni.abdi"],"url":"https:\/\/territorialchallenges.com\/es\/author\/ni-abdi\/"}]}},"_links":{"self":[{"href":"https:\/\/territorialchallenges.com\/es\/wp-json\/wp\/v2\/posts\/119588"}],"collection":[{"href":"https:\/\/territorialchallenges.com\/es\/wp-json\/wp\/v2\/posts"}],"about":[{"href":"https:\/\/territorialchallenges.com\/es\/wp-json\/wp\/v2\/types\/post"}],"author":[{"embeddable":true,"href":"https:\/\/territorialchallenges.com\/es\/wp-json\/wp\/v2\/users\/11"}],"replies":[{"embeddable":true,"href":"https:\/\/territorialchallenges.com\/es\/wp-json\/wp\/v2\/comments?post=119588"}],"version-history":[{"count":2,"href":"https:\/\/territorialchallenges.com\/es\/wp-json\/wp\/v2\/posts\/119588\/revisions"}],"predecessor-version":[{"id":119596,"href":"https:\/\/territorialchallenges.com\/es\/wp-json\/wp\/v2\/posts\/119588\/revisions\/119596"}],"wp:featuredmedia":[{"embeddable":true,"href":"https:\/\/territorialchallenges.com\/es\/wp-json\/wp\/v2\/media\/119591"}],"wp:attachment":[{"href":"https:\/\/territorialchallenges.com\/es\/wp-json\/wp\/v2\/media?parent=119588"}],"wp:term":[{"taxonomy":"category","embeddable":true,"href":"https:\/\/territorialchallenges.com\/es\/wp-json\/wp\/v2\/categories?post=119588"},{"taxonomy":"post_tag","embeddable":true,"href":"https:\/\/territorialchallenges.com\/es\/wp-json\/wp\/v2\/tags?post=119588"}],"curies":[{"name":"gracias","href":"https:\/\/api.w.org\/{rel}","templated":true}]}}