{"id":90089,"date":"2022-02-10T11:48:24","date_gmt":"2022-02-10T10:48:24","guid":{"rendered":"https:\/\/territorialchallenges.com\/?p=90089"},"modified":"2022-05-02T21:45:56","modified_gmt":"2022-05-02T19:45:56","slug":"quelles-politiques-territoriales-pour-reussir-une-transition-numerique-de-lapres-covid-19","status":"publish","type":"post","link":"https:\/\/territorialchallenges.com\/en\/2022\/02\/10\/quelles-politiques-territoriales-pour-reussir-une-transition-numerique-de-lapres-covid-19\/90089\/","title":{"rendered":"What territorial policies are needed to successfully achieve a post-COVID-19 digital transition?"},"content":{"rendered":"<p>Dear Mayors of France, I understand the uncertain situation you find yourselves in. Faced with this never-ending health crisis, I sense that you are currently torn between optimism about successfully completing the digital transition of your local authorities and pessimism about the dwindling municipal budgets for undertaking digital projects which, in\u2026 <\/p>\n<div class=\"pmpro_content_message\">Article only viewable by subscribers.<br \/><a href=\"https:\/\/territorialchallenges.com\/wp-login.php\">Connection<\/a><br \/><a href=\"https:\/\/territorialchallenges.com\/en\/wp-login.php\/?action=register\">Register<\/a><\/div>","protected":false},"excerpt":{"rendered":"<p>Chers Maires de France, Je comprends la situation ind\u00e9cise dans laquelle vous vous trouvez. \u00a0Devant cette crise sanitaire qui n\u2019en finit pas, je vous sens actuellement partag\u00e9 entre un optimisme \u00e0 r\u00e9ussir la transition num\u00e9rique de vos collectivit\u00e9s locales et un pessimisme devant la rar\u00e9faction des budgets municipaux pour engager des projets num\u00e9riques qui, dans... <\/p>\n<div class=\"pmpro_content_message\">Article only viewable by subscribers.<br \/><a href=\"https:\/\/territorialchallenges.com\/wp-login.php\">Connection<\/a><br \/><a href=\"https:\/\/territorialchallenges.com\/en\/wp-login.php\/?action=register\">Register<\/a><\/div>","protected":false},"author":11,"featured_media":90090,"comment_status":"open","ping_status":"open","sticky":true,"template":"","format":"standard","meta":{"pmpro_default_level":0,"footnotes":""},"categories":[130,117],"tags":[],"blocksy_meta":"","yoast_head":"<!-- This site is optimized with the Yoast SEO plugin v21.5 - https:\/\/yoast.com\/wordpress\/plugins\/seo\/ -->\n<title>Quelles politiques territoriales pour r\u00e9ussir une transition num\u00e9rique de l\u2019apr\u00e8s COVID 19 - Territorial Challenges<\/title>\n<meta name=\"robots\" content=\"index, follow, max-snippet:-1, max-image-preview:large, max-video-preview:-1\" \/>\n<link rel=\"canonical\" href=\"https:\/\/territorialchallenges.com\/en\/2022\/02\/10\/quelles-politiques-territoriales-pour-reussir-une-transition-numerique-de-lapres-covid-19\/90089\/\" \/>\n<meta property=\"og:locale\" content=\"en_US\" \/>\n<meta property=\"og:type\" content=\"article\" \/>\n<meta property=\"og:title\" content=\"Quelles politiques territoriales pour r\u00e9ussir une transition num\u00e9rique de l\u2019apr\u00e8s COVID 19 - Territorial Challenges\" \/>\n<meta property=\"og:description\" content=\"Chers Maires de France, Je comprends la situation ind\u00e9cise dans laquelle vous vous trouvez. \u00a0Devant cette crise sanitaire qui n\u2019en finit pas, je vous sens actuellement partag\u00e9 entre un optimisme \u00e0 r\u00e9ussir la transition num\u00e9rique de vos collectivit\u00e9s locales et un pessimisme devant la rar\u00e9faction des budgets municipaux pour engager des projets num\u00e9riques qui, dans [&hellip;]\" \/>\n<meta property=\"og:url\" content=\"https:\/\/territorialchallenges.com\/en\/2022\/02\/10\/quelles-politiques-territoriales-pour-reussir-une-transition-numerique-de-lapres-covid-19\/90089\/\" \/>\n<meta property=\"og:site_name\" content=\"Territorial Challenges\" \/>\n<meta property=\"article:published_time\" content=\"2022-02-10T10:48:24+00:00\" \/>\n<meta property=\"article:modified_time\" content=\"2022-05-02T19:45:56+00:00\" \/>\n<meta property=\"og:image\" content=\"https:\/\/territorialchallenges.com\/wp-content\/uploads\/2021\/05\/reflexionfaite3maiimage2.jpg\" \/>\n\t<meta property=\"og:image:width\" content=\"1911\" \/>\n\t<meta property=\"og:image:height\" content=\"813\" \/>\n\t<meta property=\"og:image:type\" content=\"image\/jpeg\" \/>\n<meta name=\"author\" content=\"ni.abdi\" \/>\n<meta name=\"twitter:card\" content=\"summary_large_image\" \/>\n<meta name=\"twitter:creator\" content=\"@Ni.abdi\" \/>\n<meta name=\"twitter:label1\" content=\"Written by\" \/>\n\t<meta name=\"twitter:data1\" content=\"ni.abdi\" \/>\n\t<meta name=\"twitter:label2\" content=\"Est. reading time\" \/>\n\t<meta name=\"twitter:data2\" content=\"4 minutes\" \/>\n<script type=\"application\/ld+json\" class=\"yoast-schema-graph\">{\"@context\":\"https:\/\/schema.org\",\"@graph\":[{\"@type\":\"Article\",\"@id\":\"https:\/\/territorialchallenges.com\/2022\/02\/10\/quelles-politiques-territoriales-pour-reussir-une-transition-numerique-de-lapres-covid-19\/90089\/#article\",\"isPartOf\":{\"@id\":\"https:\/\/territorialchallenges.com\/2022\/02\/10\/quelles-politiques-territoriales-pour-reussir-une-transition-numerique-de-lapres-covid-19\/90089\/\"},\"author\":{\"name\":\"ni.abdi\",\"@id\":\"https:\/\/territorialchallenges.com\/#\/schema\/person\/098f145c7c61a021c425e010f840080f\"},\"headline\":\"Quelles politiques territoriales pour r\u00e9ussir une transition num\u00e9rique de l\u2019apr\u00e8s COVID 19\",\"datePublished\":\"2022-02-10T10:48:24+00:00\",\"dateModified\":\"2022-05-02T19:45:56+00:00\",\"mainEntityOfPage\":{\"@id\":\"https:\/\/territorialchallenges.com\/2022\/02\/10\/quelles-politiques-territoriales-pour-reussir-une-transition-numerique-de-lapres-covid-19\/90089\/\"},\"wordCount\":742,\"commentCount\":0,\"publisher\":{\"@id\":\"https:\/\/territorialchallenges.com\/#organization\"},\"articleSection\":[\"R\u00e9flexion faite\",\"\u00c9cosyst\u00e8me\"],\"inLanguage\":\"en-US\"},{\"@type\":\"WebPage\",\"@id\":\"https:\/\/territorialchallenges.com\/2022\/02\/10\/quelles-politiques-territoriales-pour-reussir-une-transition-numerique-de-lapres-covid-19\/90089\/\",\"url\":\"https:\/\/territorialchallenges.com\/2022\/02\/10\/quelles-politiques-territoriales-pour-reussir-une-transition-numerique-de-lapres-covid-19\/90089\/\",\"name\":\"Quelles politiques territoriales pour r\u00e9ussir une transition num\u00e9rique de l\u2019apr\u00e8s COVID 19 - Territorial Challenges\",\"isPartOf\":{\"@id\":\"https:\/\/territorialchallenges.com\/#website\"},\"datePublished\":\"2022-02-10T10:48:24+00:00\",\"dateModified\":\"2022-05-02T19:45:56+00:00\",\"breadcrumb\":{\"@id\":\"https:\/\/territorialchallenges.com\/2022\/02\/10\/quelles-politiques-territoriales-pour-reussir-une-transition-numerique-de-lapres-covid-19\/90089\/#breadcrumb\"},\"inLanguage\":\"en-US\",\"potentialAction\":[{\"@type\":\"ReadAction\",\"target\":[\"https:\/\/territorialchallenges.com\/2022\/02\/10\/quelles-politiques-territoriales-pour-reussir-une-transition-numerique-de-lapres-covid-19\/90089\/\"]}]},{\"@type\":\"BreadcrumbList\",\"@id\":\"https:\/\/territorialchallenges.com\/2022\/02\/10\/quelles-politiques-territoriales-pour-reussir-une-transition-numerique-de-lapres-covid-19\/90089\/#breadcrumb\",\"itemListElement\":[{\"@type\":\"ListItem\",\"position\":1,\"name\":\"Home\",\"item\":\"https:\/\/territorialchallenges.com\/\"},{\"@type\":\"ListItem\",\"position\":2,\"name\":\"Quelles politiques territoriales pour r\u00e9ussir une transition num\u00e9rique de l\u2019apr\u00e8s COVID 19\"}]},{\"@type\":\"WebSite\",\"@id\":\"https:\/\/territorialchallenges.com\/#website\",\"url\":\"https:\/\/territorialchallenges.com\/\",\"name\":\"Territorial Challenges\",\"description\":\"Veille Internationale - Strat\u00e9gie Intelligentes - Bonnes pratiques\",\"publisher\":{\"@id\":\"https:\/\/territorialchallenges.com\/#organization\"},\"potentialAction\":[{\"@type\":\"SearchAction\",\"target\":{\"@type\":\"EntryPoint\",\"urlTemplate\":\"https:\/\/territorialchallenges.com\/?s={search_term_string}\"},\"query-input\":\"required name=search_term_string\"}],\"inLanguage\":\"en-US\"},{\"@type\":\"Organization\",\"@id\":\"https:\/\/territorialchallenges.com\/#organization\",\"name\":\"Territorial Challenges\",\"url\":\"https:\/\/territorialchallenges.com\/\",\"logo\":{\"@type\":\"ImageObject\",\"inLanguage\":\"en-US\",\"@id\":\"https:\/\/territorialchallenges.com\/#\/schema\/logo\/image\/\",\"url\":\"https:\/\/territorialchallenges.com\/wp-content\/uploads\/2023\/10\/logo-1.png\",\"contentUrl\":\"https:\/\/territorialchallenges.com\/wp-content\/uploads\/2023\/10\/logo-1.png\",\"width\":1832,\"height\":576,\"caption\":\"Territorial Challenges\"},\"image\":{\"@id\":\"https:\/\/territorialchallenges.com\/#\/schema\/logo\/image\/\"}},{\"@type\":\"Person\",\"@id\":\"https:\/\/territorialchallenges.com\/#\/schema\/person\/098f145c7c61a021c425e010f840080f\",\"name\":\"ni.abdi\",\"image\":{\"@type\":\"ImageObject\",\"inLanguage\":\"en-US\",\"@id\":\"https:\/\/territorialchallenges.com\/#\/schema\/person\/image\/\",\"url\":\"https:\/\/secure.gravatar.com\/avatar\/2a2f2491f3c80039986ba989b1e4b510?s=96&d=identicon&r=g\",\"contentUrl\":\"https:\/\/secure.gravatar.com\/avatar\/2a2f2491f3c80039986ba989b1e4b510?s=96&d=identicon&r=g\",\"caption\":\"ni.abdi\"},\"sameAs\":[\"https:\/\/twitter.com\/Ni.abdi\"],\"url\":\"https:\/\/territorialchallenges.com\/en\/author\/ni-abdi\/\"}]}<\/script>\n<!-- \/ Yoast SEO plugin. -->","yoast_head_json":{"title":"Quelles politiques territoriales pour r\u00e9ussir une transition num\u00e9rique de l\u2019apr\u00e8s COVID 19 - Territorial Challenges","robots":{"index":"index","follow":"follow","max-snippet":"max-snippet:-1","max-image-preview":"max-image-preview:large","max-video-preview":"max-video-preview:-1"},"canonical":"https:\/\/territorialchallenges.com\/en\/2022\/02\/10\/quelles-politiques-territoriales-pour-reussir-une-transition-numerique-de-lapres-covid-19\/90089\/","og_locale":"en_US","og_type":"article","og_title":"Quelles politiques territoriales pour r\u00e9ussir une transition num\u00e9rique de l\u2019apr\u00e8s COVID 19 - Territorial Challenges","og_description":"Chers Maires de France, Je comprends la situation ind\u00e9cise dans laquelle vous vous trouvez. \u00a0Devant cette crise sanitaire qui n\u2019en finit pas, je vous sens actuellement partag\u00e9 entre un optimisme \u00e0 r\u00e9ussir la transition num\u00e9rique de vos collectivit\u00e9s locales et un pessimisme devant la rar\u00e9faction des budgets municipaux pour engager des projets num\u00e9riques qui, dans [&hellip;]","og_url":"https:\/\/territorialchallenges.com\/en\/2022\/02\/10\/quelles-politiques-territoriales-pour-reussir-une-transition-numerique-de-lapres-covid-19\/90089\/","og_site_name":"Territorial Challenges","article_published_time":"2022-02-10T10:48:24+00:00","article_modified_time":"2022-05-02T19:45:56+00:00","og_image":[{"width":1911,"height":813,"url":"https:\/\/territorialchallenges.com\/wp-content\/uploads\/2021\/05\/reflexionfaite3maiimage2.jpg","type":"image\/jpeg"}],"author":"ni.abdi","twitter_card":"summary_large_image","twitter_creator":"@Ni.abdi","twitter_misc":{"Written by":"ni.abdi","Est. reading time":"4 minutes"},"schema":{"@context":"https:\/\/schema.org","@graph":[{"@type":"Article","@id":"https:\/\/territorialchallenges.com\/2022\/02\/10\/quelles-politiques-territoriales-pour-reussir-une-transition-numerique-de-lapres-covid-19\/90089\/#article","isPartOf":{"@id":"https:\/\/territorialchallenges.com\/2022\/02\/10\/quelles-politiques-territoriales-pour-reussir-une-transition-numerique-de-lapres-covid-19\/90089\/"},"author":{"name":"ni.abdi","@id":"https:\/\/territorialchallenges.com\/#\/schema\/person\/098f145c7c61a021c425e010f840080f"},"headline":"Quelles politiques territoriales pour r\u00e9ussir une transition num\u00e9rique de l\u2019apr\u00e8s COVID 19","datePublished":"2022-02-10T10:48:24+00:00","dateModified":"2022-05-02T19:45:56+00:00","mainEntityOfPage":{"@id":"https:\/\/territorialchallenges.com\/2022\/02\/10\/quelles-politiques-territoriales-pour-reussir-une-transition-numerique-de-lapres-covid-19\/90089\/"},"wordCount":742,"commentCount":0,"publisher":{"@id":"https:\/\/territorialchallenges.com\/#organization"},"articleSection":["R\u00e9flexion faite","\u00c9cosyst\u00e8me"],"inLanguage":"en-US"},{"@type":"WebPage","@id":"https:\/\/territorialchallenges.com\/2022\/02\/10\/quelles-politiques-territoriales-pour-reussir-une-transition-numerique-de-lapres-covid-19\/90089\/","url":"https:\/\/territorialchallenges.com\/2022\/02\/10\/quelles-politiques-territoriales-pour-reussir-une-transition-numerique-de-lapres-covid-19\/90089\/","name":"Quelles politiques territoriales pour r\u00e9ussir une transition num\u00e9rique de l\u2019apr\u00e8s COVID 19 - Territorial Challenges","isPartOf":{"@id":"https:\/\/territorialchallenges.com\/#website"},"datePublished":"2022-02-10T10:48:24+00:00","dateModified":"2022-05-02T19:45:56+00:00","breadcrumb":{"@id":"https:\/\/territorialchallenges.com\/2022\/02\/10\/quelles-politiques-territoriales-pour-reussir-une-transition-numerique-de-lapres-covid-19\/90089\/#breadcrumb"},"inLanguage":"en-US","potentialAction":[{"@type":"ReadAction","target":["https:\/\/territorialchallenges.com\/2022\/02\/10\/quelles-politiques-territoriales-pour-reussir-une-transition-numerique-de-lapres-covid-19\/90089\/"]}]},{"@type":"BreadcrumbList","@id":"https:\/\/territorialchallenges.com\/2022\/02\/10\/quelles-politiques-territoriales-pour-reussir-une-transition-numerique-de-lapres-covid-19\/90089\/#breadcrumb","itemListElement":[{"@type":"ListItem","position":1,"name":"Home","item":"https:\/\/territorialchallenges.com\/"},{"@type":"ListItem","position":2,"name":"Quelles politiques territoriales pour r\u00e9ussir une transition num\u00e9rique de l\u2019apr\u00e8s COVID 19"}]},{"@type":"WebSite","@id":"https:\/\/territorialchallenges.com\/#website","url":"https:\/\/territorialchallenges.com\/","name":"Territorial Challenges","description":"Veille Internationale - Intelligent strategies - Best practices","publisher":{"@id":"https:\/\/territorialchallenges.com\/#organization"},"potentialAction":[{"@type":"SearchAction","target":{"@type":"EntryPoint","urlTemplate":"https:\/\/territorialchallenges.com\/?s={search_term_string}"},"query-input":"required name=search_term_string"}],"inLanguage":"en-US"},{"@type":"Organization","@id":"https:\/\/territorialchallenges.com\/#organization","name":"Territorial Challenges","url":"https:\/\/territorialchallenges.com\/","logo":{"@type":"ImageObject","inLanguage":"en-US","@id":"https:\/\/territorialchallenges.com\/#\/schema\/logo\/image\/","url":"https:\/\/territorialchallenges.com\/wp-content\/uploads\/2023\/10\/logo-1.png","contentUrl":"https:\/\/territorialchallenges.com\/wp-content\/uploads\/2023\/10\/logo-1.png","width":1832,"height":576,"caption":"Territorial Challenges"},"image":{"@id":"https:\/\/territorialchallenges.com\/#\/schema\/logo\/image\/"}},{"@type":"Person","@id":"https:\/\/territorialchallenges.com\/#\/schema\/person\/098f145c7c61a021c425e010f840080f","name":"ni.abdi","image":{"@type":"ImageObject","inLanguage":"en-US","@id":"https:\/\/territorialchallenges.com\/#\/schema\/person\/image\/","url":"https:\/\/secure.gravatar.com\/avatar\/2a2f2491f3c80039986ba989b1e4b510?s=96&d=identicon&r=g","contentUrl":"https:\/\/secure.gravatar.com\/avatar\/2a2f2491f3c80039986ba989b1e4b510?s=96&d=identicon&r=g","caption":"ni.abdi"},"sameAs":["https:\/\/twitter.com\/Ni.abdi"],"url":"https:\/\/territorialchallenges.com\/en\/author\/ni-abdi\/"}]}},"_links":{"self":[{"href":"https:\/\/territorialchallenges.com\/en\/wp-json\/wp\/v2\/posts\/90089"}],"collection":[{"href":"https:\/\/territorialchallenges.com\/en\/wp-json\/wp\/v2\/posts"}],"about":[{"href":"https:\/\/territorialchallenges.com\/en\/wp-json\/wp\/v2\/types\/post"}],"author":[{"embeddable":true,"href":"https:\/\/territorialchallenges.com\/en\/wp-json\/wp\/v2\/users\/11"}],"replies":[{"embeddable":true,"href":"https:\/\/territorialchallenges.com\/en\/wp-json\/wp\/v2\/comments?post=90089"}],"version-history":[{"count":3,"href":"https:\/\/territorialchallenges.com\/en\/wp-json\/wp\/v2\/posts\/90089\/revisions"}],"predecessor-version":[{"id":90097,"href":"https:\/\/territorialchallenges.com\/en\/wp-json\/wp\/v2\/posts\/90089\/revisions\/90097"}],"wp:featuredmedia":[{"embeddable":true,"href":"https:\/\/territorialchallenges.com\/en\/wp-json\/wp\/v2\/media\/90090"}],"wp:attachment":[{"href":"https:\/\/territorialchallenges.com\/en\/wp-json\/wp\/v2\/media?parent=90089"}],"wp:term":[{"taxonomy":"category","embeddable":true,"href":"https:\/\/territorialchallenges.com\/en\/wp-json\/wp\/v2\/categories?post=90089"},{"taxonomy":"post_tag","embeddable":true,"href":"https:\/\/territorialchallenges.com\/en\/wp-json\/wp\/v2\/tags?post=90089"}],"curies":[{"name":"wp","href":"https:\/\/api.w.org\/{rel}","templated":true}]}}