{"id":89758,"date":"2021-12-04T22:06:01","date_gmt":"2021-12-04T21:06:01","guid":{"rendered":"https:\/\/territorialchallenges.com\/?p=89758"},"modified":"2022-05-02T21:56:35","modified_gmt":"2022-05-02T19:56:35","slug":"le-plus-important-hub-de-lindustrie-du-futur-en-europe-sera-t-il-catalan","status":"publish","type":"post","link":"https:\/\/territorialchallenges.com\/en\/2021\/12\/04\/le-plus-important-hub-de-lindustrie-du-futur-en-europe-sera-t-il-catalan\/89758\/","title":{"rendered":"Will the most important hub of the industry of the future in Europe be Catalan?"},"content":{"rendered":"<p>Work on the first phase of DFactory is progressing well, and before the summer, the facilities of the largest Industry 4.0 hub in southern Europe will be inaugurated. It is symbolically based in the Barcelona Free Trade Zone, where the car manufacturer&#039;s cars were born in the 1950s... <\/p>\n<div class=\"pmpro_content_message\">Article only viewable by subscribers.<br \/><a href=\"https:\/\/territorialchallenges.com\/wp-login.php\">Connection<\/a><br \/><a href=\"https:\/\/territorialchallenges.com\/en\/wp-login.php\/?action=register\">Register<\/a><\/div>","protected":false},"excerpt":{"rendered":"<p>Les travaux de la premi\u00e8re phase de DFactory progressent \u00e0 un bon rythme, de sorte qu&rsquo;avant l&rsquo;\u00e9t\u00e9 les installations du plus grand hub de l\u2019Industrie 4.0 du sud de l&rsquo;Europe seront inaugur\u00e9es. Il est bas\u00e9 symboliquement dans la zone franche de Barcelone, l\u00e0 o\u00f9 sont n\u00e9 dans les ann\u00e9es 50, les voitures du constructeur automobile... <\/p>\n<div class=\"pmpro_content_message\">Article only viewable by subscribers.<br \/><a href=\"https:\/\/territorialchallenges.com\/wp-login.php\">Connection<\/a><br \/><a href=\"https:\/\/territorialchallenges.com\/en\/wp-login.php\/?action=register\">Register<\/a><\/div>","protected":false},"author":11,"featured_media":89759,"comment_status":"open","ping_status":"open","sticky":true,"template":"","format":"standard","meta":{"pmpro_default_level":0,"footnotes":""},"categories":[17,127],"tags":[],"blocksy_meta":"","yoast_head":"<!-- This site is optimized with the Yoast SEO plugin v21.5 - https:\/\/yoast.com\/wordpress\/plugins\/seo\/ -->\n<title>Le plus important hub de l\u2019industrie du futur en Europe sera-t-il Catalan ? - Territorial Challenges<\/title>\n<meta name=\"robots\" content=\"index, follow, max-snippet:-1, max-image-preview:large, max-video-preview:-1\" \/>\n<link rel=\"canonical\" href=\"https:\/\/territorialchallenges.com\/en\/2021\/12\/04\/le-plus-important-hub-de-lindustrie-du-futur-en-europe-sera-t-il-catalan\/89758\/\" \/>\n<meta property=\"og:locale\" content=\"en_US\" \/>\n<meta property=\"og:type\" content=\"article\" \/>\n<meta property=\"og:title\" content=\"Le plus important hub de l\u2019industrie du futur en Europe sera-t-il Catalan ? - Territorial Challenges\" \/>\n<meta property=\"og:description\" content=\"Les travaux de la premi\u00e8re phase de DFactory progressent \u00e0 un bon rythme, de sorte qu&rsquo;avant l&rsquo;\u00e9t\u00e9 les installations du plus grand hub de l\u2019Industrie 4.0 du sud de l&rsquo;Europe seront inaugur\u00e9es. Il est bas\u00e9 symboliquement dans la zone franche de Barcelone, l\u00e0 o\u00f9 sont n\u00e9 dans les ann\u00e9es 50, les voitures du constructeur automobile [&hellip;]\" \/>\n<meta property=\"og:url\" content=\"https:\/\/territorialchallenges.com\/en\/2021\/12\/04\/le-plus-important-hub-de-lindustrie-du-futur-en-europe-sera-t-il-catalan\/89758\/\" \/>\n<meta property=\"og:site_name\" content=\"Territorial Challenges\" \/>\n<meta property=\"article:published_time\" content=\"2021-12-04T21:06:01+00:00\" \/>\n<meta property=\"article:modified_time\" content=\"2022-05-02T19:56:35+00:00\" \/>\n<meta property=\"og:image\" content=\"https:\/\/territorialchallenges.com\/wp-content\/uploads\/2021\/03\/smartindusdtryimagebarcelona.jpg\" \/>\n\t<meta property=\"og:image:width\" content=\"1280\" \/>\n\t<meta property=\"og:image:height\" content=\"720\" \/>\n\t<meta property=\"og:image:type\" content=\"image\/jpeg\" \/>\n<meta name=\"author\" content=\"ni.abdi\" \/>\n<meta name=\"twitter:card\" content=\"summary_large_image\" \/>\n<meta name=\"twitter:creator\" content=\"@Ni.abdi\" \/>\n<meta name=\"twitter:label1\" content=\"Written by\" \/>\n\t<meta name=\"twitter:data1\" content=\"ni.abdi\" \/>\n\t<meta name=\"twitter:label2\" content=\"Est. reading time\" \/>\n\t<meta name=\"twitter:data2\" content=\"4 minutes\" \/>\n<script type=\"application\/ld+json\" class=\"yoast-schema-graph\">{\"@context\":\"https:\/\/schema.org\",\"@graph\":[{\"@type\":\"Article\",\"@id\":\"https:\/\/territorialchallenges.com\/2021\/12\/04\/le-plus-important-hub-de-lindustrie-du-futur-en-europe-sera-t-il-catalan\/89758\/#article\",\"isPartOf\":{\"@id\":\"https:\/\/territorialchallenges.com\/2021\/12\/04\/le-plus-important-hub-de-lindustrie-du-futur-en-europe-sera-t-il-catalan\/89758\/\"},\"author\":{\"name\":\"ni.abdi\",\"@id\":\"https:\/\/territorialchallenges.com\/#\/schema\/person\/098f145c7c61a021c425e010f840080f\"},\"headline\":\"Le plus important hub de l\u2019industrie du futur en Europe sera-t-il Catalan ?\",\"datePublished\":\"2021-12-04T21:06:01+00:00\",\"dateModified\":\"2022-05-02T19:56:35+00:00\",\"mainEntityOfPage\":{\"@id\":\"https:\/\/territorialchallenges.com\/2021\/12\/04\/le-plus-important-hub-de-lindustrie-du-futur-en-europe-sera-t-il-catalan\/89758\/\"},\"wordCount\":804,\"commentCount\":0,\"publisher\":{\"@id\":\"https:\/\/territorialchallenges.com\/#organization\"},\"articleSection\":[\"Industrie 5.0\",\"Actualit\u00e9 Europe\"],\"inLanguage\":\"en-US\"},{\"@type\":\"WebPage\",\"@id\":\"https:\/\/territorialchallenges.com\/2021\/12\/04\/le-plus-important-hub-de-lindustrie-du-futur-en-europe-sera-t-il-catalan\/89758\/\",\"url\":\"https:\/\/territorialchallenges.com\/2021\/12\/04\/le-plus-important-hub-de-lindustrie-du-futur-en-europe-sera-t-il-catalan\/89758\/\",\"name\":\"Le plus important hub de l\u2019industrie du futur en Europe sera-t-il Catalan ? - Territorial Challenges\",\"isPartOf\":{\"@id\":\"https:\/\/territorialchallenges.com\/#website\"},\"datePublished\":\"2021-12-04T21:06:01+00:00\",\"dateModified\":\"2022-05-02T19:56:35+00:00\",\"breadcrumb\":{\"@id\":\"https:\/\/territorialchallenges.com\/2021\/12\/04\/le-plus-important-hub-de-lindustrie-du-futur-en-europe-sera-t-il-catalan\/89758\/#breadcrumb\"},\"inLanguage\":\"en-US\",\"potentialAction\":[{\"@type\":\"ReadAction\",\"target\":[\"https:\/\/territorialchallenges.com\/2021\/12\/04\/le-plus-important-hub-de-lindustrie-du-futur-en-europe-sera-t-il-catalan\/89758\/\"]}]},{\"@type\":\"BreadcrumbList\",\"@id\":\"https:\/\/territorialchallenges.com\/2021\/12\/04\/le-plus-important-hub-de-lindustrie-du-futur-en-europe-sera-t-il-catalan\/89758\/#breadcrumb\",\"itemListElement\":[{\"@type\":\"ListItem\",\"position\":1,\"name\":\"Home\",\"item\":\"https:\/\/territorialchallenges.com\/\"},{\"@type\":\"ListItem\",\"position\":2,\"name\":\"Le plus important hub de l\u2019industrie du futur en Europe sera-t-il Catalan ?\"}]},{\"@type\":\"WebSite\",\"@id\":\"https:\/\/territorialchallenges.com\/#website\",\"url\":\"https:\/\/territorialchallenges.com\/\",\"name\":\"Territorial Challenges\",\"description\":\"Veille Internationale - Strat\u00e9gie Intelligentes - Bonnes pratiques\",\"publisher\":{\"@id\":\"https:\/\/territorialchallenges.com\/#organization\"},\"potentialAction\":[{\"@type\":\"SearchAction\",\"target\":{\"@type\":\"EntryPoint\",\"urlTemplate\":\"https:\/\/territorialchallenges.com\/?s={search_term_string}\"},\"query-input\":\"required name=search_term_string\"}],\"inLanguage\":\"en-US\"},{\"@type\":\"Organization\",\"@id\":\"https:\/\/territorialchallenges.com\/#organization\",\"name\":\"Territorial Challenges\",\"url\":\"https:\/\/territorialchallenges.com\/\",\"logo\":{\"@type\":\"ImageObject\",\"inLanguage\":\"en-US\",\"@id\":\"https:\/\/territorialchallenges.com\/#\/schema\/logo\/image\/\",\"url\":\"https:\/\/territorialchallenges.com\/wp-content\/uploads\/2023\/10\/logo-1.png\",\"contentUrl\":\"https:\/\/territorialchallenges.com\/wp-content\/uploads\/2023\/10\/logo-1.png\",\"width\":1832,\"height\":576,\"caption\":\"Territorial Challenges\"},\"image\":{\"@id\":\"https:\/\/territorialchallenges.com\/#\/schema\/logo\/image\/\"}},{\"@type\":\"Person\",\"@id\":\"https:\/\/territorialchallenges.com\/#\/schema\/person\/098f145c7c61a021c425e010f840080f\",\"name\":\"ni.abdi\",\"image\":{\"@type\":\"ImageObject\",\"inLanguage\":\"en-US\",\"@id\":\"https:\/\/territorialchallenges.com\/#\/schema\/person\/image\/\",\"url\":\"https:\/\/secure.gravatar.com\/avatar\/2a2f2491f3c80039986ba989b1e4b510?s=96&d=identicon&r=g\",\"contentUrl\":\"https:\/\/secure.gravatar.com\/avatar\/2a2f2491f3c80039986ba989b1e4b510?s=96&d=identicon&r=g\",\"caption\":\"ni.abdi\"},\"sameAs\":[\"https:\/\/twitter.com\/Ni.abdi\"],\"url\":\"https:\/\/territorialchallenges.com\/en\/author\/ni-abdi\/\"}]}<\/script>\n<!-- \/ Yoast SEO plugin. -->","yoast_head_json":{"title":"Le plus important hub de l\u2019industrie du futur en Europe sera-t-il Catalan ? - Territorial Challenges","robots":{"index":"index","follow":"follow","max-snippet":"max-snippet:-1","max-image-preview":"max-image-preview:large","max-video-preview":"max-video-preview:-1"},"canonical":"https:\/\/territorialchallenges.com\/en\/2021\/12\/04\/le-plus-important-hub-de-lindustrie-du-futur-en-europe-sera-t-il-catalan\/89758\/","og_locale":"en_US","og_type":"article","og_title":"Le plus important hub de l\u2019industrie du futur en Europe sera-t-il Catalan ? - Territorial Challenges","og_description":"Les travaux de la premi\u00e8re phase de DFactory progressent \u00e0 un bon rythme, de sorte qu&rsquo;avant l&rsquo;\u00e9t\u00e9 les installations du plus grand hub de l\u2019Industrie 4.0 du sud de l&rsquo;Europe seront inaugur\u00e9es. Il est bas\u00e9 symboliquement dans la zone franche de Barcelone, l\u00e0 o\u00f9 sont n\u00e9 dans les ann\u00e9es 50, les voitures du constructeur automobile [&hellip;]","og_url":"https:\/\/territorialchallenges.com\/en\/2021\/12\/04\/le-plus-important-hub-de-lindustrie-du-futur-en-europe-sera-t-il-catalan\/89758\/","og_site_name":"Territorial Challenges","article_published_time":"2021-12-04T21:06:01+00:00","article_modified_time":"2022-05-02T19:56:35+00:00","og_image":[{"width":1280,"height":720,"url":"https:\/\/territorialchallenges.com\/wp-content\/uploads\/2021\/03\/smartindusdtryimagebarcelona.jpg","type":"image\/jpeg"}],"author":"ni.abdi","twitter_card":"summary_large_image","twitter_creator":"@Ni.abdi","twitter_misc":{"Written by":"ni.abdi","Est. reading time":"4 minutes"},"schema":{"@context":"https:\/\/schema.org","@graph":[{"@type":"Article","@id":"https:\/\/territorialchallenges.com\/2021\/12\/04\/le-plus-important-hub-de-lindustrie-du-futur-en-europe-sera-t-il-catalan\/89758\/#article","isPartOf":{"@id":"https:\/\/territorialchallenges.com\/2021\/12\/04\/le-plus-important-hub-de-lindustrie-du-futur-en-europe-sera-t-il-catalan\/89758\/"},"author":{"name":"ni.abdi","@id":"https:\/\/territorialchallenges.com\/#\/schema\/person\/098f145c7c61a021c425e010f840080f"},"headline":"Le plus important hub de l\u2019industrie du futur en Europe sera-t-il Catalan ?","datePublished":"2021-12-04T21:06:01+00:00","dateModified":"2022-05-02T19:56:35+00:00","mainEntityOfPage":{"@id":"https:\/\/territorialchallenges.com\/2021\/12\/04\/le-plus-important-hub-de-lindustrie-du-futur-en-europe-sera-t-il-catalan\/89758\/"},"wordCount":804,"commentCount":0,"publisher":{"@id":"https:\/\/territorialchallenges.com\/#organization"},"articleSection":["Industrie 5.0","Actualit\u00e9 Europe"],"inLanguage":"en-US"},{"@type":"WebPage","@id":"https:\/\/territorialchallenges.com\/2021\/12\/04\/le-plus-important-hub-de-lindustrie-du-futur-en-europe-sera-t-il-catalan\/89758\/","url":"https:\/\/territorialchallenges.com\/2021\/12\/04\/le-plus-important-hub-de-lindustrie-du-futur-en-europe-sera-t-il-catalan\/89758\/","name":"Le plus important hub de l\u2019industrie du futur en Europe sera-t-il Catalan ? - Territorial Challenges","isPartOf":{"@id":"https:\/\/territorialchallenges.com\/#website"},"datePublished":"2021-12-04T21:06:01+00:00","dateModified":"2022-05-02T19:56:35+00:00","breadcrumb":{"@id":"https:\/\/territorialchallenges.com\/2021\/12\/04\/le-plus-important-hub-de-lindustrie-du-futur-en-europe-sera-t-il-catalan\/89758\/#breadcrumb"},"inLanguage":"en-US","potentialAction":[{"@type":"ReadAction","target":["https:\/\/territorialchallenges.com\/2021\/12\/04\/le-plus-important-hub-de-lindustrie-du-futur-en-europe-sera-t-il-catalan\/89758\/"]}]},{"@type":"BreadcrumbList","@id":"https:\/\/territorialchallenges.com\/2021\/12\/04\/le-plus-important-hub-de-lindustrie-du-futur-en-europe-sera-t-il-catalan\/89758\/#breadcrumb","itemListElement":[{"@type":"ListItem","position":1,"name":"Home","item":"https:\/\/territorialchallenges.com\/"},{"@type":"ListItem","position":2,"name":"Le plus important hub de l\u2019industrie du futur en Europe sera-t-il Catalan ?"}]},{"@type":"WebSite","@id":"https:\/\/territorialchallenges.com\/#website","url":"https:\/\/territorialchallenges.com\/","name":"Territorial Challenges","description":"Veille Internationale - Intelligent strategies - Best practices","publisher":{"@id":"https:\/\/territorialchallenges.com\/#organization"},"potentialAction":[{"@type":"SearchAction","target":{"@type":"EntryPoint","urlTemplate":"https:\/\/territorialchallenges.com\/?s={search_term_string}"},"query-input":"required name=search_term_string"}],"inLanguage":"en-US"},{"@type":"Organization","@id":"https:\/\/territorialchallenges.com\/#organization","name":"Territorial Challenges","url":"https:\/\/territorialchallenges.com\/","logo":{"@type":"ImageObject","inLanguage":"en-US","@id":"https:\/\/territorialchallenges.com\/#\/schema\/logo\/image\/","url":"https:\/\/territorialchallenges.com\/wp-content\/uploads\/2023\/10\/logo-1.png","contentUrl":"https:\/\/territorialchallenges.com\/wp-content\/uploads\/2023\/10\/logo-1.png","width":1832,"height":576,"caption":"Territorial Challenges"},"image":{"@id":"https:\/\/territorialchallenges.com\/#\/schema\/logo\/image\/"}},{"@type":"Person","@id":"https:\/\/territorialchallenges.com\/#\/schema\/person\/098f145c7c61a021c425e010f840080f","name":"ni.abdi","image":{"@type":"ImageObject","inLanguage":"en-US","@id":"https:\/\/territorialchallenges.com\/#\/schema\/person\/image\/","url":"https:\/\/secure.gravatar.com\/avatar\/2a2f2491f3c80039986ba989b1e4b510?s=96&d=identicon&r=g","contentUrl":"https:\/\/secure.gravatar.com\/avatar\/2a2f2491f3c80039986ba989b1e4b510?s=96&d=identicon&r=g","caption":"ni.abdi"},"sameAs":["https:\/\/twitter.com\/Ni.abdi"],"url":"https:\/\/territorialchallenges.com\/en\/author\/ni-abdi\/"}]}},"_links":{"self":[{"href":"https:\/\/territorialchallenges.com\/en\/wp-json\/wp\/v2\/posts\/89758"}],"collection":[{"href":"https:\/\/territorialchallenges.com\/en\/wp-json\/wp\/v2\/posts"}],"about":[{"href":"https:\/\/territorialchallenges.com\/en\/wp-json\/wp\/v2\/types\/post"}],"author":[{"embeddable":true,"href":"https:\/\/territorialchallenges.com\/en\/wp-json\/wp\/v2\/users\/11"}],"replies":[{"embeddable":true,"href":"https:\/\/territorialchallenges.com\/en\/wp-json\/wp\/v2\/comments?post=89758"}],"version-history":[{"count":1,"href":"https:\/\/territorialchallenges.com\/en\/wp-json\/wp\/v2\/posts\/89758\/revisions"}],"predecessor-version":[{"id":89763,"href":"https:\/\/territorialchallenges.com\/en\/wp-json\/wp\/v2\/posts\/89758\/revisions\/89763"}],"wp:featuredmedia":[{"embeddable":true,"href":"https:\/\/territorialchallenges.com\/en\/wp-json\/wp\/v2\/media\/89759"}],"wp:attachment":[{"href":"https:\/\/territorialchallenges.com\/en\/wp-json\/wp\/v2\/media?parent=89758"}],"wp:term":[{"taxonomy":"category","embeddable":true,"href":"https:\/\/territorialchallenges.com\/en\/wp-json\/wp\/v2\/categories?post=89758"},{"taxonomy":"post_tag","embeddable":true,"href":"https:\/\/territorialchallenges.com\/en\/wp-json\/wp\/v2\/tags?post=89758"}],"curies":[{"name":"wp","href":"https:\/\/api.w.org\/{rel}","templated":true}]}}