{"id":89017,"date":"2021-11-07T22:23:13","date_gmt":"2021-11-07T21:23:13","guid":{"rendered":"https:\/\/territorialchallenges.com\/?p=89017"},"modified":"2022-05-02T22:01:49","modified_gmt":"2022-05-02T20:01:49","slug":"intelligence-artificielle-ce-que-disent-les-experts-sur-son-impact-territorial","status":"publish","type":"post","link":"https:\/\/territorialchallenges.com\/en\/2021\/11\/07\/intelligence-artificielle-ce-que-disent-les-experts-sur-son-impact-territorial\/89017\/","title":{"rendered":"Artificial Intelligence: What experts say about its territorial impact"},"content":{"rendered":"<p>Experts from scientific and economic fields offered their own answers on artificial intelligence, speaking at a virtual conference organized on January 29 by The Economist and the Greek Ministry of Digital Governance, under the auspices of UNESCO. Entitled &quot;Artificial Intelligence at the Dawn of 2021,&quot; some speakers addressed... <\/p>\n<div class=\"pmpro_content_message\">Article only viewable by subscribers.<br \/><a href=\"https:\/\/territorialchallenges.com\/wp-login.php\">Connection<\/a><br \/><a href=\"https:\/\/territorialchallenges.com\/en\/wp-login.php\/?action=register\">Register<\/a><\/div>","protected":false},"excerpt":{"rendered":"<p>Des experts de domaines scientifiques et \u00e9conomiques ont donn\u00e9 leurs propres r\u00e9ponses sur l&rsquo;intelligence artificielle, s&rsquo;exprimant lors d\u2019une conf\u00e9rence virtuelle, organis\u00e9e le 29 janvier par The Economist et le Minist\u00e8re de la gouvernance num\u00e9rique de la Gr\u00e8ce, sous les auspices de l\u2019UNESCO. Avec pour titre \u00abL&rsquo;intelligence artificielle \u00e0 l&rsquo;aube de 2021\u00bb, certains intervenants ont abord\u00e9... <\/p>\n<div class=\"pmpro_content_message\">Article only viewable by subscribers.<br \/><a href=\"https:\/\/territorialchallenges.com\/wp-login.php\">Connection<\/a><br \/><a href=\"https:\/\/territorialchallenges.com\/en\/wp-login.php\/?action=register\">Register<\/a><\/div>","protected":false},"author":11,"featured_media":89018,"comment_status":"open","ping_status":"open","sticky":true,"template":"","format":"standard","meta":{"pmpro_default_level":0,"footnotes":""},"categories":[16,127],"tags":[],"blocksy_meta":"","yoast_head":"<!-- This site is optimized with the Yoast SEO plugin v21.5 - https:\/\/yoast.com\/wordpress\/plugins\/seo\/ -->\n<title>Intelligence artificielle: Ce que disent les experts sur son impact territorial - Territorial Challenges<\/title>\n<meta name=\"robots\" content=\"index, follow, max-snippet:-1, max-image-preview:large, max-video-preview:-1\" \/>\n<link rel=\"canonical\" href=\"https:\/\/territorialchallenges.com\/en\/2021\/11\/07\/intelligence-artificielle-ce-que-disent-les-experts-sur-son-impact-territorial\/89017\/\" \/>\n<meta property=\"og:locale\" content=\"en_US\" \/>\n<meta property=\"og:type\" content=\"article\" \/>\n<meta property=\"og:title\" content=\"Intelligence artificielle: Ce que disent les experts sur son impact territorial - Territorial Challenges\" \/>\n<meta property=\"og:description\" content=\"Des experts de domaines scientifiques et \u00e9conomiques ont donn\u00e9 leurs propres r\u00e9ponses sur l&rsquo;intelligence artificielle, s&rsquo;exprimant lors d\u2019une conf\u00e9rence virtuelle, organis\u00e9e le 29 janvier par The Economist et le Minist\u00e8re de la gouvernance num\u00e9rique de la Gr\u00e8ce, sous les auspices de l\u2019UNESCO. Avec pour titre \u00abL&rsquo;intelligence artificielle \u00e0 l&rsquo;aube de 2021\u00bb, certains intervenants ont abord\u00e9 [&hellip;]\" \/>\n<meta property=\"og:url\" content=\"https:\/\/territorialchallenges.com\/en\/2021\/11\/07\/intelligence-artificielle-ce-que-disent-les-experts-sur-son-impact-territorial\/89017\/\" \/>\n<meta property=\"og:site_name\" content=\"Territorial Challenges\" \/>\n<meta property=\"article:published_time\" content=\"2021-11-07T21:23:13+00:00\" \/>\n<meta property=\"article:modified_time\" content=\"2022-05-02T20:01:49+00:00\" \/>\n<meta property=\"og:image\" content=\"https:\/\/territorialchallenges.com\/wp-content\/uploads\/2021\/02\/iot080221images.jpg\" \/>\n\t<meta property=\"og:image:width\" content=\"1920\" \/>\n\t<meta property=\"og:image:height\" content=\"720\" \/>\n\t<meta property=\"og:image:type\" content=\"image\/jpeg\" \/>\n<meta name=\"author\" content=\"ni.abdi\" \/>\n<meta name=\"twitter:card\" content=\"summary_large_image\" \/>\n<meta name=\"twitter:creator\" content=\"@Ni.abdi\" \/>\n<meta name=\"twitter:label1\" content=\"Written by\" \/>\n\t<meta name=\"twitter:data1\" content=\"ni.abdi\" \/>\n\t<meta name=\"twitter:label2\" content=\"Est. reading time\" \/>\n\t<meta name=\"twitter:data2\" content=\"7 minutes\" \/>\n<script type=\"application\/ld+json\" class=\"yoast-schema-graph\">{\"@context\":\"https:\/\/schema.org\",\"@graph\":[{\"@type\":\"Article\",\"@id\":\"https:\/\/territorialchallenges.com\/2021\/11\/07\/intelligence-artificielle-ce-que-disent-les-experts-sur-son-impact-territorial\/89017\/#article\",\"isPartOf\":{\"@id\":\"https:\/\/territorialchallenges.com\/2021\/11\/07\/intelligence-artificielle-ce-que-disent-les-experts-sur-son-impact-territorial\/89017\/\"},\"author\":{\"name\":\"ni.abdi\",\"@id\":\"https:\/\/territorialchallenges.com\/#\/schema\/person\/098f145c7c61a021c425e010f840080f\"},\"headline\":\"Intelligence artificielle: Ce que disent les experts sur son impact territorial\",\"datePublished\":\"2021-11-07T21:23:13+00:00\",\"dateModified\":\"2022-05-02T20:01:49+00:00\",\"mainEntityOfPage\":{\"@id\":\"https:\/\/territorialchallenges.com\/2021\/11\/07\/intelligence-artificielle-ce-que-disent-les-experts-sur-son-impact-territorial\/89017\/\"},\"wordCount\":1396,\"commentCount\":0,\"publisher\":{\"@id\":\"https:\/\/territorialchallenges.com\/#organization\"},\"articleSection\":[\"Donn\u00e9es\/Objets Connect\u00e9s\",\"Actualit\u00e9 Europe\"],\"inLanguage\":\"en-US\"},{\"@type\":\"WebPage\",\"@id\":\"https:\/\/territorialchallenges.com\/2021\/11\/07\/intelligence-artificielle-ce-que-disent-les-experts-sur-son-impact-territorial\/89017\/\",\"url\":\"https:\/\/territorialchallenges.com\/2021\/11\/07\/intelligence-artificielle-ce-que-disent-les-experts-sur-son-impact-territorial\/89017\/\",\"name\":\"Intelligence artificielle: Ce que disent les experts sur son impact territorial - Territorial Challenges\",\"isPartOf\":{\"@id\":\"https:\/\/territorialchallenges.com\/#website\"},\"datePublished\":\"2021-11-07T21:23:13+00:00\",\"dateModified\":\"2022-05-02T20:01:49+00:00\",\"breadcrumb\":{\"@id\":\"https:\/\/territorialchallenges.com\/2021\/11\/07\/intelligence-artificielle-ce-que-disent-les-experts-sur-son-impact-territorial\/89017\/#breadcrumb\"},\"inLanguage\":\"en-US\",\"potentialAction\":[{\"@type\":\"ReadAction\",\"target\":[\"https:\/\/territorialchallenges.com\/2021\/11\/07\/intelligence-artificielle-ce-que-disent-les-experts-sur-son-impact-territorial\/89017\/\"]}]},{\"@type\":\"BreadcrumbList\",\"@id\":\"https:\/\/territorialchallenges.com\/2021\/11\/07\/intelligence-artificielle-ce-que-disent-les-experts-sur-son-impact-territorial\/89017\/#breadcrumb\",\"itemListElement\":[{\"@type\":\"ListItem\",\"position\":1,\"name\":\"Home\",\"item\":\"https:\/\/territorialchallenges.com\/\"},{\"@type\":\"ListItem\",\"position\":2,\"name\":\"Intelligence artificielle: Ce que disent les experts sur son impact territorial\"}]},{\"@type\":\"WebSite\",\"@id\":\"https:\/\/territorialchallenges.com\/#website\",\"url\":\"https:\/\/territorialchallenges.com\/\",\"name\":\"Territorial Challenges\",\"description\":\"Veille Internationale - Strat\u00e9gie Intelligentes - Bonnes pratiques\",\"publisher\":{\"@id\":\"https:\/\/territorialchallenges.com\/#organization\"},\"potentialAction\":[{\"@type\":\"SearchAction\",\"target\":{\"@type\":\"EntryPoint\",\"urlTemplate\":\"https:\/\/territorialchallenges.com\/?s={search_term_string}\"},\"query-input\":\"required name=search_term_string\"}],\"inLanguage\":\"en-US\"},{\"@type\":\"Organization\",\"@id\":\"https:\/\/territorialchallenges.com\/#organization\",\"name\":\"Territorial Challenges\",\"url\":\"https:\/\/territorialchallenges.com\/\",\"logo\":{\"@type\":\"ImageObject\",\"inLanguage\":\"en-US\",\"@id\":\"https:\/\/territorialchallenges.com\/#\/schema\/logo\/image\/\",\"url\":\"https:\/\/territorialchallenges.com\/wp-content\/uploads\/2023\/10\/logo-1.png\",\"contentUrl\":\"https:\/\/territorialchallenges.com\/wp-content\/uploads\/2023\/10\/logo-1.png\",\"width\":1832,\"height\":576,\"caption\":\"Territorial Challenges\"},\"image\":{\"@id\":\"https:\/\/territorialchallenges.com\/#\/schema\/logo\/image\/\"}},{\"@type\":\"Person\",\"@id\":\"https:\/\/territorialchallenges.com\/#\/schema\/person\/098f145c7c61a021c425e010f840080f\",\"name\":\"ni.abdi\",\"image\":{\"@type\":\"ImageObject\",\"inLanguage\":\"en-US\",\"@id\":\"https:\/\/territorialchallenges.com\/#\/schema\/person\/image\/\",\"url\":\"https:\/\/secure.gravatar.com\/avatar\/2a2f2491f3c80039986ba989b1e4b510?s=96&d=identicon&r=g\",\"contentUrl\":\"https:\/\/secure.gravatar.com\/avatar\/2a2f2491f3c80039986ba989b1e4b510?s=96&d=identicon&r=g\",\"caption\":\"ni.abdi\"},\"sameAs\":[\"https:\/\/twitter.com\/Ni.abdi\"],\"url\":\"https:\/\/territorialchallenges.com\/en\/author\/ni-abdi\/\"}]}<\/script>\n<!-- \/ Yoast SEO plugin. -->","yoast_head_json":{"title":"Intelligence artificielle: Ce que disent les experts sur son impact territorial - Territorial Challenges","robots":{"index":"index","follow":"follow","max-snippet":"max-snippet:-1","max-image-preview":"max-image-preview:large","max-video-preview":"max-video-preview:-1"},"canonical":"https:\/\/territorialchallenges.com\/en\/2021\/11\/07\/intelligence-artificielle-ce-que-disent-les-experts-sur-son-impact-territorial\/89017\/","og_locale":"en_US","og_type":"article","og_title":"Intelligence artificielle: Ce que disent les experts sur son impact territorial - Territorial Challenges","og_description":"Des experts de domaines scientifiques et \u00e9conomiques ont donn\u00e9 leurs propres r\u00e9ponses sur l&rsquo;intelligence artificielle, s&rsquo;exprimant lors d\u2019une conf\u00e9rence virtuelle, organis\u00e9e le 29 janvier par The Economist et le Minist\u00e8re de la gouvernance num\u00e9rique de la Gr\u00e8ce, sous les auspices de l\u2019UNESCO. Avec pour titre \u00abL&rsquo;intelligence artificielle \u00e0 l&rsquo;aube de 2021\u00bb, certains intervenants ont abord\u00e9 [&hellip;]","og_url":"https:\/\/territorialchallenges.com\/en\/2021\/11\/07\/intelligence-artificielle-ce-que-disent-les-experts-sur-son-impact-territorial\/89017\/","og_site_name":"Territorial Challenges","article_published_time":"2021-11-07T21:23:13+00:00","article_modified_time":"2022-05-02T20:01:49+00:00","og_image":[{"width":1920,"height":720,"url":"https:\/\/territorialchallenges.com\/wp-content\/uploads\/2021\/02\/iot080221images.jpg","type":"image\/jpeg"}],"author":"ni.abdi","twitter_card":"summary_large_image","twitter_creator":"@Ni.abdi","twitter_misc":{"Written by":"ni.abdi","Est. reading time":"7 minutes"},"schema":{"@context":"https:\/\/schema.org","@graph":[{"@type":"Article","@id":"https:\/\/territorialchallenges.com\/2021\/11\/07\/intelligence-artificielle-ce-que-disent-les-experts-sur-son-impact-territorial\/89017\/#article","isPartOf":{"@id":"https:\/\/territorialchallenges.com\/2021\/11\/07\/intelligence-artificielle-ce-que-disent-les-experts-sur-son-impact-territorial\/89017\/"},"author":{"name":"ni.abdi","@id":"https:\/\/territorialchallenges.com\/#\/schema\/person\/098f145c7c61a021c425e010f840080f"},"headline":"Intelligence artificielle: Ce que disent les experts sur son impact territorial","datePublished":"2021-11-07T21:23:13+00:00","dateModified":"2022-05-02T20:01:49+00:00","mainEntityOfPage":{"@id":"https:\/\/territorialchallenges.com\/2021\/11\/07\/intelligence-artificielle-ce-que-disent-les-experts-sur-son-impact-territorial\/89017\/"},"wordCount":1396,"commentCount":0,"publisher":{"@id":"https:\/\/territorialchallenges.com\/#organization"},"articleSection":["Donn\u00e9es\/Objets Connect\u00e9s","Actualit\u00e9 Europe"],"inLanguage":"en-US"},{"@type":"WebPage","@id":"https:\/\/territorialchallenges.com\/2021\/11\/07\/intelligence-artificielle-ce-que-disent-les-experts-sur-son-impact-territorial\/89017\/","url":"https:\/\/territorialchallenges.com\/2021\/11\/07\/intelligence-artificielle-ce-que-disent-les-experts-sur-son-impact-territorial\/89017\/","name":"Intelligence artificielle: Ce que disent les experts sur son impact territorial - Territorial Challenges","isPartOf":{"@id":"https:\/\/territorialchallenges.com\/#website"},"datePublished":"2021-11-07T21:23:13+00:00","dateModified":"2022-05-02T20:01:49+00:00","breadcrumb":{"@id":"https:\/\/territorialchallenges.com\/2021\/11\/07\/intelligence-artificielle-ce-que-disent-les-experts-sur-son-impact-territorial\/89017\/#breadcrumb"},"inLanguage":"en-US","potentialAction":[{"@type":"ReadAction","target":["https:\/\/territorialchallenges.com\/2021\/11\/07\/intelligence-artificielle-ce-que-disent-les-experts-sur-son-impact-territorial\/89017\/"]}]},{"@type":"BreadcrumbList","@id":"https:\/\/territorialchallenges.com\/2021\/11\/07\/intelligence-artificielle-ce-que-disent-les-experts-sur-son-impact-territorial\/89017\/#breadcrumb","itemListElement":[{"@type":"ListItem","position":1,"name":"Home","item":"https:\/\/territorialchallenges.com\/"},{"@type":"ListItem","position":2,"name":"Intelligence artificielle: Ce que disent les experts sur son impact territorial"}]},{"@type":"WebSite","@id":"https:\/\/territorialchallenges.com\/#website","url":"https:\/\/territorialchallenges.com\/","name":"Territorial Challenges","description":"Veille Internationale - Intelligent strategies - Best practices","publisher":{"@id":"https:\/\/territorialchallenges.com\/#organization"},"potentialAction":[{"@type":"SearchAction","target":{"@type":"EntryPoint","urlTemplate":"https:\/\/territorialchallenges.com\/?s={search_term_string}"},"query-input":"required name=search_term_string"}],"inLanguage":"en-US"},{"@type":"Organization","@id":"https:\/\/territorialchallenges.com\/#organization","name":"Territorial Challenges","url":"https:\/\/territorialchallenges.com\/","logo":{"@type":"ImageObject","inLanguage":"en-US","@id":"https:\/\/territorialchallenges.com\/#\/schema\/logo\/image\/","url":"https:\/\/territorialchallenges.com\/wp-content\/uploads\/2023\/10\/logo-1.png","contentUrl":"https:\/\/territorialchallenges.com\/wp-content\/uploads\/2023\/10\/logo-1.png","width":1832,"height":576,"caption":"Territorial Challenges"},"image":{"@id":"https:\/\/territorialchallenges.com\/#\/schema\/logo\/image\/"}},{"@type":"Person","@id":"https:\/\/territorialchallenges.com\/#\/schema\/person\/098f145c7c61a021c425e010f840080f","name":"ni.abdi","image":{"@type":"ImageObject","inLanguage":"en-US","@id":"https:\/\/territorialchallenges.com\/#\/schema\/person\/image\/","url":"https:\/\/secure.gravatar.com\/avatar\/2a2f2491f3c80039986ba989b1e4b510?s=96&d=identicon&r=g","contentUrl":"https:\/\/secure.gravatar.com\/avatar\/2a2f2491f3c80039986ba989b1e4b510?s=96&d=identicon&r=g","caption":"ni.abdi"},"sameAs":["https:\/\/twitter.com\/Ni.abdi"],"url":"https:\/\/territorialchallenges.com\/en\/author\/ni-abdi\/"}]}},"_links":{"self":[{"href":"https:\/\/territorialchallenges.com\/en\/wp-json\/wp\/v2\/posts\/89017"}],"collection":[{"href":"https:\/\/territorialchallenges.com\/en\/wp-json\/wp\/v2\/posts"}],"about":[{"href":"https:\/\/territorialchallenges.com\/en\/wp-json\/wp\/v2\/types\/post"}],"author":[{"embeddable":true,"href":"https:\/\/territorialchallenges.com\/en\/wp-json\/wp\/v2\/users\/11"}],"replies":[{"embeddable":true,"href":"https:\/\/territorialchallenges.com\/en\/wp-json\/wp\/v2\/comments?post=89017"}],"version-history":[{"count":1,"href":"https:\/\/territorialchallenges.com\/en\/wp-json\/wp\/v2\/posts\/89017\/revisions"}],"predecessor-version":[{"id":89022,"href":"https:\/\/territorialchallenges.com\/en\/wp-json\/wp\/v2\/posts\/89017\/revisions\/89022"}],"wp:featuredmedia":[{"embeddable":true,"href":"https:\/\/territorialchallenges.com\/en\/wp-json\/wp\/v2\/media\/89018"}],"wp:attachment":[{"href":"https:\/\/territorialchallenges.com\/en\/wp-json\/wp\/v2\/media?parent=89017"}],"wp:term":[{"taxonomy":"category","embeddable":true,"href":"https:\/\/territorialchallenges.com\/en\/wp-json\/wp\/v2\/categories?post=89017"},{"taxonomy":"post_tag","embeddable":true,"href":"https:\/\/territorialchallenges.com\/en\/wp-json\/wp\/v2\/tags?post=89017"}],"curies":[{"name":"wp","href":"https:\/\/api.w.org\/{rel}","templated":true}]}}