{"id":88857,"date":"2021-11-02T21:06:42","date_gmt":"2021-11-02T20:06:42","guid":{"rendered":"https:\/\/territorialchallenges.com\/?p=88857"},"modified":"2022-05-02T22:03:37","modified_gmt":"2022-05-02T20:03:37","slug":"cyberattaques-le-reveil-tardif-des-collectivites-territoriales-francaises","status":"publish","type":"post","link":"https:\/\/territorialchallenges.com\/en\/2021\/11\/02\/cyberattaques-le-reveil-tardif-des-collectivites-territoriales-francaises\/88857\/","title":{"rendered":"Cyberattacks: The late awakening of French local authorities"},"content":{"rendered":"<p>As cyberattacks on local authorities multiply at the start of 2021, French experts in the country&#039;s digital security are slow to offer real solutions with societal and territorial sovereignty visions. It also seems that if cybersecurity in France has not yet found many activists among... <\/p>\n<div class=\"pmpro_content_message\">Article only viewable by subscribers.<br \/><a href=\"https:\/\/territorialchallenges.com\/wp-login.php\">Connection<\/a><br \/><a href=\"https:\/\/territorialchallenges.com\/en\/wp-login.php\/?action=register\">Register<\/a><\/div>","protected":false},"excerpt":{"rendered":"<p>Alors que les cyber-attaques se multiplient en ce d\u00e9but d\u2019ann\u00e9e 2021sur les collectivit\u00e9s locales, les experts fran\u00e7ais de la protection num\u00e9rique du pays, tardent \u00e0 offrir de r\u00e9elles solutions avec des visions soci\u00e9tales et de souverainet\u00e9 territoriale. Il faut croire aussi que si la cyber-s\u00e9curit\u00e9 en France n\u2019a pas encore trouv\u00e9 de nombreux militants parmi... <\/p>\n<div class=\"pmpro_content_message\">Article only viewable by subscribers.<br \/><a href=\"https:\/\/territorialchallenges.com\/wp-login.php\">Connection<\/a><br \/><a href=\"https:\/\/territorialchallenges.com\/en\/wp-login.php\/?action=register\">Register<\/a><\/div>","protected":false},"author":11,"featured_media":88858,"comment_status":"open","ping_status":"open","sticky":true,"template":"","format":"standard","meta":{"pmpro_default_level":0,"footnotes":""},"categories":[130,117],"tags":[],"blocksy_meta":"","yoast_head":"<!-- This site is optimized with the Yoast SEO plugin v21.5 - https:\/\/yoast.com\/wordpress\/plugins\/seo\/ -->\n<title>Cyberattaques : Le r\u00e9veil tardif des collectivit\u00e9s territoriales fran\u00e7aises - Territorial Challenges<\/title>\n<meta name=\"robots\" content=\"index, follow, max-snippet:-1, max-image-preview:large, max-video-preview:-1\" \/>\n<link rel=\"canonical\" href=\"https:\/\/territorialchallenges.com\/en\/2021\/11\/02\/cyberattaques-le-reveil-tardif-des-collectivites-territoriales-francaises\/88857\/\" \/>\n<meta property=\"og:locale\" content=\"en_US\" \/>\n<meta property=\"og:type\" content=\"article\" \/>\n<meta property=\"og:title\" content=\"Cyberattaques : Le r\u00e9veil tardif des collectivit\u00e9s territoriales fran\u00e7aises - Territorial Challenges\" \/>\n<meta property=\"og:description\" content=\"Alors que les cyber-attaques se multiplient en ce d\u00e9but d\u2019ann\u00e9e 2021sur les collectivit\u00e9s locales, les experts fran\u00e7ais de la protection num\u00e9rique du pays, tardent \u00e0 offrir de r\u00e9elles solutions avec des visions soci\u00e9tales et de souverainet\u00e9 territoriale. Il faut croire aussi que si la cyber-s\u00e9curit\u00e9 en France n\u2019a pas encore trouv\u00e9 de nombreux militants parmi [&hellip;]\" \/>\n<meta property=\"og:url\" content=\"https:\/\/territorialchallenges.com\/en\/2021\/11\/02\/cyberattaques-le-reveil-tardif-des-collectivites-territoriales-francaises\/88857\/\" \/>\n<meta property=\"og:site_name\" content=\"Territorial Challenges\" \/>\n<meta property=\"article:published_time\" content=\"2021-11-02T20:06:42+00:00\" \/>\n<meta property=\"article:modified_time\" content=\"2022-05-02T20:03:37+00:00\" \/>\n<meta property=\"og:image\" content=\"https:\/\/territorialchallenges.com\/wp-content\/uploads\/2021\/02\/reflexionfaiteimagesmairie.jpg\" \/>\n\t<meta property=\"og:image:width\" content=\"1920\" \/>\n\t<meta property=\"og:image:height\" content=\"1279\" \/>\n\t<meta property=\"og:image:type\" content=\"image\/jpeg\" \/>\n<meta name=\"author\" content=\"ni.abdi\" \/>\n<meta name=\"twitter:card\" content=\"summary_large_image\" \/>\n<meta name=\"twitter:creator\" content=\"@Ni.abdi\" \/>\n<meta name=\"twitter:label1\" content=\"Written by\" \/>\n\t<meta name=\"twitter:data1\" content=\"ni.abdi\" \/>\n\t<meta name=\"twitter:label2\" content=\"Est. reading time\" \/>\n\t<meta name=\"twitter:data2\" content=\"5 minutes\" \/>\n<script type=\"application\/ld+json\" class=\"yoast-schema-graph\">{\"@context\":\"https:\/\/schema.org\",\"@graph\":[{\"@type\":\"Article\",\"@id\":\"https:\/\/territorialchallenges.com\/2021\/11\/02\/cyberattaques-le-reveil-tardif-des-collectivites-territoriales-francaises\/88857\/#article\",\"isPartOf\":{\"@id\":\"https:\/\/territorialchallenges.com\/2021\/11\/02\/cyberattaques-le-reveil-tardif-des-collectivites-territoriales-francaises\/88857\/\"},\"author\":{\"name\":\"ni.abdi\",\"@id\":\"https:\/\/territorialchallenges.com\/#\/schema\/person\/098f145c7c61a021c425e010f840080f\"},\"headline\":\"Cyberattaques : Le r\u00e9veil tardif des collectivit\u00e9s territoriales fran\u00e7aises\",\"datePublished\":\"2021-11-02T20:06:42+00:00\",\"dateModified\":\"2022-05-02T20:03:37+00:00\",\"mainEntityOfPage\":{\"@id\":\"https:\/\/territorialchallenges.com\/2021\/11\/02\/cyberattaques-le-reveil-tardif-des-collectivites-territoriales-francaises\/88857\/\"},\"wordCount\":947,\"commentCount\":0,\"publisher\":{\"@id\":\"https:\/\/territorialchallenges.com\/#organization\"},\"articleSection\":[\"R\u00e9flexion faite\",\"\u00c9cosyst\u00e8me\"],\"inLanguage\":\"en-US\"},{\"@type\":\"WebPage\",\"@id\":\"https:\/\/territorialchallenges.com\/2021\/11\/02\/cyberattaques-le-reveil-tardif-des-collectivites-territoriales-francaises\/88857\/\",\"url\":\"https:\/\/territorialchallenges.com\/2021\/11\/02\/cyberattaques-le-reveil-tardif-des-collectivites-territoriales-francaises\/88857\/\",\"name\":\"Cyberattaques : Le r\u00e9veil tardif des collectivit\u00e9s territoriales fran\u00e7aises - Territorial Challenges\",\"isPartOf\":{\"@id\":\"https:\/\/territorialchallenges.com\/#website\"},\"datePublished\":\"2021-11-02T20:06:42+00:00\",\"dateModified\":\"2022-05-02T20:03:37+00:00\",\"breadcrumb\":{\"@id\":\"https:\/\/territorialchallenges.com\/2021\/11\/02\/cyberattaques-le-reveil-tardif-des-collectivites-territoriales-francaises\/88857\/#breadcrumb\"},\"inLanguage\":\"en-US\",\"potentialAction\":[{\"@type\":\"ReadAction\",\"target\":[\"https:\/\/territorialchallenges.com\/2021\/11\/02\/cyberattaques-le-reveil-tardif-des-collectivites-territoriales-francaises\/88857\/\"]}]},{\"@type\":\"BreadcrumbList\",\"@id\":\"https:\/\/territorialchallenges.com\/2021\/11\/02\/cyberattaques-le-reveil-tardif-des-collectivites-territoriales-francaises\/88857\/#breadcrumb\",\"itemListElement\":[{\"@type\":\"ListItem\",\"position\":1,\"name\":\"Home\",\"item\":\"https:\/\/territorialchallenges.com\/\"},{\"@type\":\"ListItem\",\"position\":2,\"name\":\"Cyberattaques : Le r\u00e9veil tardif des collectivit\u00e9s territoriales fran\u00e7aises\"}]},{\"@type\":\"WebSite\",\"@id\":\"https:\/\/territorialchallenges.com\/#website\",\"url\":\"https:\/\/territorialchallenges.com\/\",\"name\":\"Territorial Challenges\",\"description\":\"Veille Internationale - Strat\u00e9gie Intelligentes - Bonnes pratiques\",\"publisher\":{\"@id\":\"https:\/\/territorialchallenges.com\/#organization\"},\"potentialAction\":[{\"@type\":\"SearchAction\",\"target\":{\"@type\":\"EntryPoint\",\"urlTemplate\":\"https:\/\/territorialchallenges.com\/?s={search_term_string}\"},\"query-input\":\"required name=search_term_string\"}],\"inLanguage\":\"en-US\"},{\"@type\":\"Organization\",\"@id\":\"https:\/\/territorialchallenges.com\/#organization\",\"name\":\"Territorial Challenges\",\"url\":\"https:\/\/territorialchallenges.com\/\",\"logo\":{\"@type\":\"ImageObject\",\"inLanguage\":\"en-US\",\"@id\":\"https:\/\/territorialchallenges.com\/#\/schema\/logo\/image\/\",\"url\":\"https:\/\/territorialchallenges.com\/wp-content\/uploads\/2023\/10\/logo-1.png\",\"contentUrl\":\"https:\/\/territorialchallenges.com\/wp-content\/uploads\/2023\/10\/logo-1.png\",\"width\":1832,\"height\":576,\"caption\":\"Territorial Challenges\"},\"image\":{\"@id\":\"https:\/\/territorialchallenges.com\/#\/schema\/logo\/image\/\"}},{\"@type\":\"Person\",\"@id\":\"https:\/\/territorialchallenges.com\/#\/schema\/person\/098f145c7c61a021c425e010f840080f\",\"name\":\"ni.abdi\",\"image\":{\"@type\":\"ImageObject\",\"inLanguage\":\"en-US\",\"@id\":\"https:\/\/territorialchallenges.com\/#\/schema\/person\/image\/\",\"url\":\"https:\/\/secure.gravatar.com\/avatar\/2a2f2491f3c80039986ba989b1e4b510?s=96&d=identicon&r=g\",\"contentUrl\":\"https:\/\/secure.gravatar.com\/avatar\/2a2f2491f3c80039986ba989b1e4b510?s=96&d=identicon&r=g\",\"caption\":\"ni.abdi\"},\"sameAs\":[\"https:\/\/twitter.com\/Ni.abdi\"],\"url\":\"https:\/\/territorialchallenges.com\/en\/author\/ni-abdi\/\"}]}<\/script>\n<!-- \/ Yoast SEO plugin. -->","yoast_head_json":{"title":"Cyberattaques : Le r\u00e9veil tardif des collectivit\u00e9s territoriales fran\u00e7aises - Territorial Challenges","robots":{"index":"index","follow":"follow","max-snippet":"max-snippet:-1","max-image-preview":"max-image-preview:large","max-video-preview":"max-video-preview:-1"},"canonical":"https:\/\/territorialchallenges.com\/en\/2021\/11\/02\/cyberattaques-le-reveil-tardif-des-collectivites-territoriales-francaises\/88857\/","og_locale":"en_US","og_type":"article","og_title":"Cyberattaques : Le r\u00e9veil tardif des collectivit\u00e9s territoriales fran\u00e7aises - Territorial Challenges","og_description":"Alors que les cyber-attaques se multiplient en ce d\u00e9but d\u2019ann\u00e9e 2021sur les collectivit\u00e9s locales, les experts fran\u00e7ais de la protection num\u00e9rique du pays, tardent \u00e0 offrir de r\u00e9elles solutions avec des visions soci\u00e9tales et de souverainet\u00e9 territoriale. Il faut croire aussi que si la cyber-s\u00e9curit\u00e9 en France n\u2019a pas encore trouv\u00e9 de nombreux militants parmi [&hellip;]","og_url":"https:\/\/territorialchallenges.com\/en\/2021\/11\/02\/cyberattaques-le-reveil-tardif-des-collectivites-territoriales-francaises\/88857\/","og_site_name":"Territorial Challenges","article_published_time":"2021-11-02T20:06:42+00:00","article_modified_time":"2022-05-02T20:03:37+00:00","og_image":[{"width":1920,"height":1279,"url":"https:\/\/territorialchallenges.com\/wp-content\/uploads\/2021\/02\/reflexionfaiteimagesmairie.jpg","type":"image\/jpeg"}],"author":"ni.abdi","twitter_card":"summary_large_image","twitter_creator":"@Ni.abdi","twitter_misc":{"Written by":"ni.abdi","Est. reading time":"5 minutes"},"schema":{"@context":"https:\/\/schema.org","@graph":[{"@type":"Article","@id":"https:\/\/territorialchallenges.com\/2021\/11\/02\/cyberattaques-le-reveil-tardif-des-collectivites-territoriales-francaises\/88857\/#article","isPartOf":{"@id":"https:\/\/territorialchallenges.com\/2021\/11\/02\/cyberattaques-le-reveil-tardif-des-collectivites-territoriales-francaises\/88857\/"},"author":{"name":"ni.abdi","@id":"https:\/\/territorialchallenges.com\/#\/schema\/person\/098f145c7c61a021c425e010f840080f"},"headline":"Cyberattaques : Le r\u00e9veil tardif des collectivit\u00e9s territoriales fran\u00e7aises","datePublished":"2021-11-02T20:06:42+00:00","dateModified":"2022-05-02T20:03:37+00:00","mainEntityOfPage":{"@id":"https:\/\/territorialchallenges.com\/2021\/11\/02\/cyberattaques-le-reveil-tardif-des-collectivites-territoriales-francaises\/88857\/"},"wordCount":947,"commentCount":0,"publisher":{"@id":"https:\/\/territorialchallenges.com\/#organization"},"articleSection":["R\u00e9flexion faite","\u00c9cosyst\u00e8me"],"inLanguage":"en-US"},{"@type":"WebPage","@id":"https:\/\/territorialchallenges.com\/2021\/11\/02\/cyberattaques-le-reveil-tardif-des-collectivites-territoriales-francaises\/88857\/","url":"https:\/\/territorialchallenges.com\/2021\/11\/02\/cyberattaques-le-reveil-tardif-des-collectivites-territoriales-francaises\/88857\/","name":"Cyberattaques : Le r\u00e9veil tardif des collectivit\u00e9s territoriales fran\u00e7aises - Territorial Challenges","isPartOf":{"@id":"https:\/\/territorialchallenges.com\/#website"},"datePublished":"2021-11-02T20:06:42+00:00","dateModified":"2022-05-02T20:03:37+00:00","breadcrumb":{"@id":"https:\/\/territorialchallenges.com\/2021\/11\/02\/cyberattaques-le-reveil-tardif-des-collectivites-territoriales-francaises\/88857\/#breadcrumb"},"inLanguage":"en-US","potentialAction":[{"@type":"ReadAction","target":["https:\/\/territorialchallenges.com\/2021\/11\/02\/cyberattaques-le-reveil-tardif-des-collectivites-territoriales-francaises\/88857\/"]}]},{"@type":"BreadcrumbList","@id":"https:\/\/territorialchallenges.com\/2021\/11\/02\/cyberattaques-le-reveil-tardif-des-collectivites-territoriales-francaises\/88857\/#breadcrumb","itemListElement":[{"@type":"ListItem","position":1,"name":"Home","item":"https:\/\/territorialchallenges.com\/"},{"@type":"ListItem","position":2,"name":"Cyberattaques : Le r\u00e9veil tardif des collectivit\u00e9s territoriales fran\u00e7aises"}]},{"@type":"WebSite","@id":"https:\/\/territorialchallenges.com\/#website","url":"https:\/\/territorialchallenges.com\/","name":"Territorial Challenges","description":"Veille Internationale - Intelligent strategies - Best practices","publisher":{"@id":"https:\/\/territorialchallenges.com\/#organization"},"potentialAction":[{"@type":"SearchAction","target":{"@type":"EntryPoint","urlTemplate":"https:\/\/territorialchallenges.com\/?s={search_term_string}"},"query-input":"required name=search_term_string"}],"inLanguage":"en-US"},{"@type":"Organization","@id":"https:\/\/territorialchallenges.com\/#organization","name":"Territorial Challenges","url":"https:\/\/territorialchallenges.com\/","logo":{"@type":"ImageObject","inLanguage":"en-US","@id":"https:\/\/territorialchallenges.com\/#\/schema\/logo\/image\/","url":"https:\/\/territorialchallenges.com\/wp-content\/uploads\/2023\/10\/logo-1.png","contentUrl":"https:\/\/territorialchallenges.com\/wp-content\/uploads\/2023\/10\/logo-1.png","width":1832,"height":576,"caption":"Territorial Challenges"},"image":{"@id":"https:\/\/territorialchallenges.com\/#\/schema\/logo\/image\/"}},{"@type":"Person","@id":"https:\/\/territorialchallenges.com\/#\/schema\/person\/098f145c7c61a021c425e010f840080f","name":"ni.abdi","image":{"@type":"ImageObject","inLanguage":"en-US","@id":"https:\/\/territorialchallenges.com\/#\/schema\/person\/image\/","url":"https:\/\/secure.gravatar.com\/avatar\/2a2f2491f3c80039986ba989b1e4b510?s=96&d=identicon&r=g","contentUrl":"https:\/\/secure.gravatar.com\/avatar\/2a2f2491f3c80039986ba989b1e4b510?s=96&d=identicon&r=g","caption":"ni.abdi"},"sameAs":["https:\/\/twitter.com\/Ni.abdi"],"url":"https:\/\/territorialchallenges.com\/en\/author\/ni-abdi\/"}]}},"_links":{"self":[{"href":"https:\/\/territorialchallenges.com\/en\/wp-json\/wp\/v2\/posts\/88857"}],"collection":[{"href":"https:\/\/territorialchallenges.com\/en\/wp-json\/wp\/v2\/posts"}],"about":[{"href":"https:\/\/territorialchallenges.com\/en\/wp-json\/wp\/v2\/types\/post"}],"author":[{"embeddable":true,"href":"https:\/\/territorialchallenges.com\/en\/wp-json\/wp\/v2\/users\/11"}],"replies":[{"embeddable":true,"href":"https:\/\/territorialchallenges.com\/en\/wp-json\/wp\/v2\/comments?post=88857"}],"version-history":[{"count":1,"href":"https:\/\/territorialchallenges.com\/en\/wp-json\/wp\/v2\/posts\/88857\/revisions"}],"predecessor-version":[{"id":88862,"href":"https:\/\/territorialchallenges.com\/en\/wp-json\/wp\/v2\/posts\/88857\/revisions\/88862"}],"wp:featuredmedia":[{"embeddable":true,"href":"https:\/\/territorialchallenges.com\/en\/wp-json\/wp\/v2\/media\/88858"}],"wp:attachment":[{"href":"https:\/\/territorialchallenges.com\/en\/wp-json\/wp\/v2\/media?parent=88857"}],"wp:term":[{"taxonomy":"category","embeddable":true,"href":"https:\/\/territorialchallenges.com\/en\/wp-json\/wp\/v2\/categories?post=88857"},{"taxonomy":"post_tag","embeddable":true,"href":"https:\/\/territorialchallenges.com\/en\/wp-json\/wp\/v2\/tags?post=88857"}],"curies":[{"name":"wp","href":"https:\/\/api.w.org\/{rel}","templated":true}]}}