{"id":88793,"date":"2021-11-01T09:07:27","date_gmt":"2021-11-01T08:07:27","guid":{"rendered":"https:\/\/territorialchallenges.com\/?p=88793"},"modified":"2022-05-02T22:04:44","modified_gmt":"2022-05-02T20:04:44","slug":"republique-tcheque-reflexion-a-lheure-de-lindustrie-4-0","status":"publish","type":"post","link":"https:\/\/territorialchallenges.com\/en\/2021\/11\/01\/republique-tcheque-reflexion-a-lheure-de-lindustrie-4-0\/88793\/","title":{"rendered":"Czech Republic: Reflections on Industry 4.0"},"content":{"rendered":"<p>Digital transformation is a term that is used in all contexts today. What value does it bring to manufacturing companies and what is the state of Czech industry in terms of digital transformation? Eduard Pal\u00ed\u0161ek, CEO of Siemens Czech Republic, member of the Board of the Confederation of Industry and Transport of the Czech Republic and the Council for\u2026 <\/p>\n<div class=\"pmpro_content_message\">Article only viewable by subscribers.<br \/><a href=\"https:\/\/territorialchallenges.com\/wp-login.php\">Connection<\/a><br \/><a href=\"https:\/\/territorialchallenges.com\/en\/wp-login.php\/?action=register\">Register<\/a><\/div>","protected":false},"excerpt":{"rendered":"<p>La transformation num\u00e9rique est un terme utilis\u00e9 aujourd&rsquo;hui dans tous les cas.\u00a0Quelles valeurs apporte-t-il aux entreprises manufacturi\u00e8res et quel est l&rsquo;\u00e9tat de l&rsquo;industrie tch\u00e8que en termes de transformation num\u00e9rique?\u00a0Eduard Pal\u00ed\u0161ek, PDG de Siemens R\u00e9publique tch\u00e8que, membre du conseil d&rsquo;administration de la Conf\u00e9d\u00e9ration de l&rsquo;industrie et des transports de la R\u00e9publique tch\u00e8que et du Conseil pour... <\/p>\n<div class=\"pmpro_content_message\">Article only viewable by subscribers.<br \/><a href=\"https:\/\/territorialchallenges.com\/wp-login.php\">Connection<\/a><br \/><a href=\"https:\/\/territorialchallenges.com\/en\/wp-login.php\/?action=register\">Register<\/a><\/div>","protected":false},"author":11,"featured_media":88794,"comment_status":"open","ping_status":"open","sticky":true,"template":"","format":"standard","meta":{"pmpro_default_level":0,"footnotes":""},"categories":[17,127],"tags":[],"blocksy_meta":"","yoast_head":"<!-- This site is optimized with the Yoast SEO plugin v21.5 - https:\/\/yoast.com\/wordpress\/plugins\/seo\/ -->\n<title>R\u00e9publique Tch\u00e8que : R\u00e9flexion \u00e0 l\u2019heure de l\u2019industrie 4.0 - Territorial Challenges<\/title>\n<meta name=\"robots\" content=\"index, follow, max-snippet:-1, max-image-preview:large, max-video-preview:-1\" \/>\n<link rel=\"canonical\" href=\"https:\/\/territorialchallenges.com\/en\/2021\/11\/01\/republique-tcheque-reflexion-a-lheure-de-lindustrie-4-0\/88793\/\" \/>\n<meta property=\"og:locale\" content=\"en_US\" \/>\n<meta property=\"og:type\" content=\"article\" \/>\n<meta property=\"og:title\" content=\"R\u00e9publique Tch\u00e8que : R\u00e9flexion \u00e0 l\u2019heure de l\u2019industrie 4.0 - Territorial Challenges\" \/>\n<meta property=\"og:description\" content=\"La transformation num\u00e9rique est un terme utilis\u00e9 aujourd&rsquo;hui dans tous les cas.\u00a0Quelles valeurs apporte-t-il aux entreprises manufacturi\u00e8res et quel est l&rsquo;\u00e9tat de l&rsquo;industrie tch\u00e8que en termes de transformation num\u00e9rique?\u00a0Eduard Pal\u00ed\u0161ek, PDG de Siemens R\u00e9publique tch\u00e8que, membre du conseil d&rsquo;administration de la Conf\u00e9d\u00e9ration de l&rsquo;industrie et des transports de la R\u00e9publique tch\u00e8que et du Conseil pour [&hellip;]\" \/>\n<meta property=\"og:url\" content=\"https:\/\/territorialchallenges.com\/en\/2021\/11\/01\/republique-tcheque-reflexion-a-lheure-de-lindustrie-4-0\/88793\/\" \/>\n<meta property=\"og:site_name\" content=\"Territorial Challenges\" \/>\n<meta property=\"article:published_time\" content=\"2021-11-01T08:07:27+00:00\" \/>\n<meta property=\"article:modified_time\" content=\"2022-05-02T20:04:44+00:00\" \/>\n<meta property=\"og:image\" content=\"https:\/\/territorialchallenges.com\/wp-content\/uploads\/2021\/02\/smartindustryimagetchequie.jpg\" \/>\n\t<meta property=\"og:image:width\" content=\"1920\" \/>\n\t<meta property=\"og:image:height\" content=\"1280\" \/>\n\t<meta property=\"og:image:type\" content=\"image\/jpeg\" \/>\n<meta name=\"author\" content=\"ni.abdi\" \/>\n<meta name=\"twitter:card\" content=\"summary_large_image\" \/>\n<meta name=\"twitter:creator\" content=\"@Ni.abdi\" \/>\n<meta name=\"twitter:label1\" content=\"Written by\" \/>\n\t<meta name=\"twitter:data1\" content=\"ni.abdi\" \/>\n\t<meta name=\"twitter:label2\" content=\"Est. reading time\" \/>\n\t<meta name=\"twitter:data2\" content=\"7 minutes\" \/>\n<script type=\"application\/ld+json\" class=\"yoast-schema-graph\">{\"@context\":\"https:\/\/schema.org\",\"@graph\":[{\"@type\":\"Article\",\"@id\":\"https:\/\/territorialchallenges.com\/2021\/11\/01\/republique-tcheque-reflexion-a-lheure-de-lindustrie-4-0\/88793\/#article\",\"isPartOf\":{\"@id\":\"https:\/\/territorialchallenges.com\/2021\/11\/01\/republique-tcheque-reflexion-a-lheure-de-lindustrie-4-0\/88793\/\"},\"author\":{\"name\":\"ni.abdi\",\"@id\":\"https:\/\/territorialchallenges.com\/#\/schema\/person\/098f145c7c61a021c425e010f840080f\"},\"headline\":\"R\u00e9publique Tch\u00e8que : R\u00e9flexion \u00e0 l\u2019heure de l\u2019industrie 4.0\",\"datePublished\":\"2021-11-01T08:07:27+00:00\",\"dateModified\":\"2022-05-02T20:04:44+00:00\",\"mainEntityOfPage\":{\"@id\":\"https:\/\/territorialchallenges.com\/2021\/11\/01\/republique-tcheque-reflexion-a-lheure-de-lindustrie-4-0\/88793\/\"},\"wordCount\":1548,\"commentCount\":0,\"publisher\":{\"@id\":\"https:\/\/territorialchallenges.com\/#organization\"},\"articleSection\":[\"Industrie 5.0\",\"Actualit\u00e9 Europe\"],\"inLanguage\":\"en-US\"},{\"@type\":\"WebPage\",\"@id\":\"https:\/\/territorialchallenges.com\/2021\/11\/01\/republique-tcheque-reflexion-a-lheure-de-lindustrie-4-0\/88793\/\",\"url\":\"https:\/\/territorialchallenges.com\/2021\/11\/01\/republique-tcheque-reflexion-a-lheure-de-lindustrie-4-0\/88793\/\",\"name\":\"R\u00e9publique Tch\u00e8que : R\u00e9flexion \u00e0 l\u2019heure de l\u2019industrie 4.0 - Territorial Challenges\",\"isPartOf\":{\"@id\":\"https:\/\/territorialchallenges.com\/#website\"},\"datePublished\":\"2021-11-01T08:07:27+00:00\",\"dateModified\":\"2022-05-02T20:04:44+00:00\",\"breadcrumb\":{\"@id\":\"https:\/\/territorialchallenges.com\/2021\/11\/01\/republique-tcheque-reflexion-a-lheure-de-lindustrie-4-0\/88793\/#breadcrumb\"},\"inLanguage\":\"en-US\",\"potentialAction\":[{\"@type\":\"ReadAction\",\"target\":[\"https:\/\/territorialchallenges.com\/2021\/11\/01\/republique-tcheque-reflexion-a-lheure-de-lindustrie-4-0\/88793\/\"]}]},{\"@type\":\"BreadcrumbList\",\"@id\":\"https:\/\/territorialchallenges.com\/2021\/11\/01\/republique-tcheque-reflexion-a-lheure-de-lindustrie-4-0\/88793\/#breadcrumb\",\"itemListElement\":[{\"@type\":\"ListItem\",\"position\":1,\"name\":\"Home\",\"item\":\"https:\/\/territorialchallenges.com\/\"},{\"@type\":\"ListItem\",\"position\":2,\"name\":\"R\u00e9publique Tch\u00e8que : R\u00e9flexion \u00e0 l\u2019heure de l\u2019industrie 4.0\"}]},{\"@type\":\"WebSite\",\"@id\":\"https:\/\/territorialchallenges.com\/#website\",\"url\":\"https:\/\/territorialchallenges.com\/\",\"name\":\"Territorial Challenges\",\"description\":\"Veille Internationale - Strat\u00e9gie Intelligentes - Bonnes pratiques\",\"publisher\":{\"@id\":\"https:\/\/territorialchallenges.com\/#organization\"},\"potentialAction\":[{\"@type\":\"SearchAction\",\"target\":{\"@type\":\"EntryPoint\",\"urlTemplate\":\"https:\/\/territorialchallenges.com\/?s={search_term_string}\"},\"query-input\":\"required name=search_term_string\"}],\"inLanguage\":\"en-US\"},{\"@type\":\"Organization\",\"@id\":\"https:\/\/territorialchallenges.com\/#organization\",\"name\":\"Territorial Challenges\",\"url\":\"https:\/\/territorialchallenges.com\/\",\"logo\":{\"@type\":\"ImageObject\",\"inLanguage\":\"en-US\",\"@id\":\"https:\/\/territorialchallenges.com\/#\/schema\/logo\/image\/\",\"url\":\"https:\/\/territorialchallenges.com\/wp-content\/uploads\/2023\/10\/logo-1.png\",\"contentUrl\":\"https:\/\/territorialchallenges.com\/wp-content\/uploads\/2023\/10\/logo-1.png\",\"width\":1832,\"height\":576,\"caption\":\"Territorial Challenges\"},\"image\":{\"@id\":\"https:\/\/territorialchallenges.com\/#\/schema\/logo\/image\/\"}},{\"@type\":\"Person\",\"@id\":\"https:\/\/territorialchallenges.com\/#\/schema\/person\/098f145c7c61a021c425e010f840080f\",\"name\":\"ni.abdi\",\"image\":{\"@type\":\"ImageObject\",\"inLanguage\":\"en-US\",\"@id\":\"https:\/\/territorialchallenges.com\/#\/schema\/person\/image\/\",\"url\":\"https:\/\/secure.gravatar.com\/avatar\/2a2f2491f3c80039986ba989b1e4b510?s=96&d=identicon&r=g\",\"contentUrl\":\"https:\/\/secure.gravatar.com\/avatar\/2a2f2491f3c80039986ba989b1e4b510?s=96&d=identicon&r=g\",\"caption\":\"ni.abdi\"},\"sameAs\":[\"https:\/\/twitter.com\/Ni.abdi\"],\"url\":\"https:\/\/territorialchallenges.com\/en\/author\/ni-abdi\/\"}]}<\/script>\n<!-- \/ Yoast SEO plugin. -->","yoast_head_json":{"title":"R\u00e9publique Tch\u00e8que : R\u00e9flexion \u00e0 l\u2019heure de l\u2019industrie 4.0 - Territorial Challenges","robots":{"index":"index","follow":"follow","max-snippet":"max-snippet:-1","max-image-preview":"max-image-preview:large","max-video-preview":"max-video-preview:-1"},"canonical":"https:\/\/territorialchallenges.com\/en\/2021\/11\/01\/republique-tcheque-reflexion-a-lheure-de-lindustrie-4-0\/88793\/","og_locale":"en_US","og_type":"article","og_title":"R\u00e9publique Tch\u00e8que : R\u00e9flexion \u00e0 l\u2019heure de l\u2019industrie 4.0 - Territorial Challenges","og_description":"La transformation num\u00e9rique est un terme utilis\u00e9 aujourd&rsquo;hui dans tous les cas.\u00a0Quelles valeurs apporte-t-il aux entreprises manufacturi\u00e8res et quel est l&rsquo;\u00e9tat de l&rsquo;industrie tch\u00e8que en termes de transformation num\u00e9rique?\u00a0Eduard Pal\u00ed\u0161ek, PDG de Siemens R\u00e9publique tch\u00e8que, membre du conseil d&rsquo;administration de la Conf\u00e9d\u00e9ration de l&rsquo;industrie et des transports de la R\u00e9publique tch\u00e8que et du Conseil pour [&hellip;]","og_url":"https:\/\/territorialchallenges.com\/en\/2021\/11\/01\/republique-tcheque-reflexion-a-lheure-de-lindustrie-4-0\/88793\/","og_site_name":"Territorial Challenges","article_published_time":"2021-11-01T08:07:27+00:00","article_modified_time":"2022-05-02T20:04:44+00:00","og_image":[{"width":1920,"height":1280,"url":"https:\/\/territorialchallenges.com\/wp-content\/uploads\/2021\/02\/smartindustryimagetchequie.jpg","type":"image\/jpeg"}],"author":"ni.abdi","twitter_card":"summary_large_image","twitter_creator":"@Ni.abdi","twitter_misc":{"Written by":"ni.abdi","Est. reading time":"7 minutes"},"schema":{"@context":"https:\/\/schema.org","@graph":[{"@type":"Article","@id":"https:\/\/territorialchallenges.com\/2021\/11\/01\/republique-tcheque-reflexion-a-lheure-de-lindustrie-4-0\/88793\/#article","isPartOf":{"@id":"https:\/\/territorialchallenges.com\/2021\/11\/01\/republique-tcheque-reflexion-a-lheure-de-lindustrie-4-0\/88793\/"},"author":{"name":"ni.abdi","@id":"https:\/\/territorialchallenges.com\/#\/schema\/person\/098f145c7c61a021c425e010f840080f"},"headline":"R\u00e9publique Tch\u00e8que : R\u00e9flexion \u00e0 l\u2019heure de l\u2019industrie 4.0","datePublished":"2021-11-01T08:07:27+00:00","dateModified":"2022-05-02T20:04:44+00:00","mainEntityOfPage":{"@id":"https:\/\/territorialchallenges.com\/2021\/11\/01\/republique-tcheque-reflexion-a-lheure-de-lindustrie-4-0\/88793\/"},"wordCount":1548,"commentCount":0,"publisher":{"@id":"https:\/\/territorialchallenges.com\/#organization"},"articleSection":["Industrie 5.0","Actualit\u00e9 Europe"],"inLanguage":"en-US"},{"@type":"WebPage","@id":"https:\/\/territorialchallenges.com\/2021\/11\/01\/republique-tcheque-reflexion-a-lheure-de-lindustrie-4-0\/88793\/","url":"https:\/\/territorialchallenges.com\/2021\/11\/01\/republique-tcheque-reflexion-a-lheure-de-lindustrie-4-0\/88793\/","name":"R\u00e9publique Tch\u00e8que : R\u00e9flexion \u00e0 l\u2019heure de l\u2019industrie 4.0 - Territorial Challenges","isPartOf":{"@id":"https:\/\/territorialchallenges.com\/#website"},"datePublished":"2021-11-01T08:07:27+00:00","dateModified":"2022-05-02T20:04:44+00:00","breadcrumb":{"@id":"https:\/\/territorialchallenges.com\/2021\/11\/01\/republique-tcheque-reflexion-a-lheure-de-lindustrie-4-0\/88793\/#breadcrumb"},"inLanguage":"en-US","potentialAction":[{"@type":"ReadAction","target":["https:\/\/territorialchallenges.com\/2021\/11\/01\/republique-tcheque-reflexion-a-lheure-de-lindustrie-4-0\/88793\/"]}]},{"@type":"BreadcrumbList","@id":"https:\/\/territorialchallenges.com\/2021\/11\/01\/republique-tcheque-reflexion-a-lheure-de-lindustrie-4-0\/88793\/#breadcrumb","itemListElement":[{"@type":"ListItem","position":1,"name":"Home","item":"https:\/\/territorialchallenges.com\/"},{"@type":"ListItem","position":2,"name":"R\u00e9publique Tch\u00e8que : R\u00e9flexion \u00e0 l\u2019heure de l\u2019industrie 4.0"}]},{"@type":"WebSite","@id":"https:\/\/territorialchallenges.com\/#website","url":"https:\/\/territorialchallenges.com\/","name":"Territorial Challenges","description":"Veille Internationale - Intelligent strategies - Best practices","publisher":{"@id":"https:\/\/territorialchallenges.com\/#organization"},"potentialAction":[{"@type":"SearchAction","target":{"@type":"EntryPoint","urlTemplate":"https:\/\/territorialchallenges.com\/?s={search_term_string}"},"query-input":"required name=search_term_string"}],"inLanguage":"en-US"},{"@type":"Organization","@id":"https:\/\/territorialchallenges.com\/#organization","name":"Territorial Challenges","url":"https:\/\/territorialchallenges.com\/","logo":{"@type":"ImageObject","inLanguage":"en-US","@id":"https:\/\/territorialchallenges.com\/#\/schema\/logo\/image\/","url":"https:\/\/territorialchallenges.com\/wp-content\/uploads\/2023\/10\/logo-1.png","contentUrl":"https:\/\/territorialchallenges.com\/wp-content\/uploads\/2023\/10\/logo-1.png","width":1832,"height":576,"caption":"Territorial Challenges"},"image":{"@id":"https:\/\/territorialchallenges.com\/#\/schema\/logo\/image\/"}},{"@type":"Person","@id":"https:\/\/territorialchallenges.com\/#\/schema\/person\/098f145c7c61a021c425e010f840080f","name":"ni.abdi","image":{"@type":"ImageObject","inLanguage":"en-US","@id":"https:\/\/territorialchallenges.com\/#\/schema\/person\/image\/","url":"https:\/\/secure.gravatar.com\/avatar\/2a2f2491f3c80039986ba989b1e4b510?s=96&d=identicon&r=g","contentUrl":"https:\/\/secure.gravatar.com\/avatar\/2a2f2491f3c80039986ba989b1e4b510?s=96&d=identicon&r=g","caption":"ni.abdi"},"sameAs":["https:\/\/twitter.com\/Ni.abdi"],"url":"https:\/\/territorialchallenges.com\/en\/author\/ni-abdi\/"}]}},"_links":{"self":[{"href":"https:\/\/territorialchallenges.com\/en\/wp-json\/wp\/v2\/posts\/88793"}],"collection":[{"href":"https:\/\/territorialchallenges.com\/en\/wp-json\/wp\/v2\/posts"}],"about":[{"href":"https:\/\/territorialchallenges.com\/en\/wp-json\/wp\/v2\/types\/post"}],"author":[{"embeddable":true,"href":"https:\/\/territorialchallenges.com\/en\/wp-json\/wp\/v2\/users\/11"}],"replies":[{"embeddable":true,"href":"https:\/\/territorialchallenges.com\/en\/wp-json\/wp\/v2\/comments?post=88793"}],"version-history":[{"count":1,"href":"https:\/\/territorialchallenges.com\/en\/wp-json\/wp\/v2\/posts\/88793\/revisions"}],"predecessor-version":[{"id":88798,"href":"https:\/\/territorialchallenges.com\/en\/wp-json\/wp\/v2\/posts\/88793\/revisions\/88798"}],"wp:featuredmedia":[{"embeddable":true,"href":"https:\/\/territorialchallenges.com\/en\/wp-json\/wp\/v2\/media\/88794"}],"wp:attachment":[{"href":"https:\/\/territorialchallenges.com\/en\/wp-json\/wp\/v2\/media?parent=88793"}],"wp:term":[{"taxonomy":"category","embeddable":true,"href":"https:\/\/territorialchallenges.com\/en\/wp-json\/wp\/v2\/categories?post=88793"},{"taxonomy":"post_tag","embeddable":true,"href":"https:\/\/territorialchallenges.com\/en\/wp-json\/wp\/v2\/tags?post=88793"}],"curies":[{"name":"wp","href":"https:\/\/api.w.org\/{rel}","templated":true}]}}