{"id":88080,"date":"2021-10-06T00:57:17","date_gmt":"2021-10-05T22:57:17","guid":{"rendered":"https:\/\/territorialchallenges.com\/?p=88080"},"modified":"2022-05-03T10:05:11","modified_gmt":"2022-05-03T08:05:11","slug":"italie-5g-les-marches-sont-ils-prets-a-decoller-en-2021","status":"publish","type":"post","link":"https:\/\/territorialchallenges.com\/en\/2021\/10\/06\/italie-5g-les-marches-sont-ils-prets-a-decoller-en-2021\/88080\/","title":{"rendered":"Italy: 5G, are the markets ready to take off in 2021?"},"content":{"rendered":"<p>In Italy, commercial 5G service offerings began in the summer of 2019, with the first antennas being powered up in major cities and the first smartphones capable of communicating with this technology arriving on the market. Over the past year, the coverage areas of the major operators&#039; networks have\u2026 <\/p>\n<div class=\"pmpro_content_message\">Article only viewable by subscribers.<br \/><a href=\"https:\/\/territorialchallenges.com\/wp-login.php\">Connection<\/a><br \/><a href=\"https:\/\/territorialchallenges.com\/en\/wp-login.php\/?action=register\">Register<\/a><\/div>","protected":false},"excerpt":{"rendered":"<p>En Italie, les offres commerciales de services 5G ont d\u00e9marr\u00e9 \u00e0 l&rsquo;\u00e9t\u00e9 2019, avec la mise sous tension des premi\u00e8res antennes dans les grandes m\u00e9tropoles et l&rsquo;arriv\u00e9e sur le march\u00e9 des premiers smartphones capables de communiquer avec cette technologie. Au cours de cette derni\u00e8re ann\u00e9e, les zones de couverture des r\u00e9seaux des grands op\u00e9rateurs se... <\/p>\n<div class=\"pmpro_content_message\">Article only viewable by subscribers.<br \/><a href=\"https:\/\/territorialchallenges.com\/wp-login.php\">Connection<\/a><br \/><a href=\"https:\/\/territorialchallenges.com\/en\/wp-login.php\/?action=register\">Register<\/a><\/div>","protected":false},"author":11,"featured_media":88081,"comment_status":"open","ping_status":"open","sticky":true,"template":"","format":"standard","meta":{"pmpro_default_level":0,"footnotes":""},"categories":[16,127],"tags":[],"blocksy_meta":"","yoast_head":"<!-- This site is optimized with the Yoast SEO plugin v21.5 - https:\/\/yoast.com\/wordpress\/plugins\/seo\/ -->\n<title>Italie : 5G, les march\u00e9s sont-ils pr\u00eats \u00e0 d\u00e9coller en 2021 ? - Territorial Challenges<\/title>\n<meta name=\"robots\" content=\"index, follow, max-snippet:-1, max-image-preview:large, max-video-preview:-1\" \/>\n<link rel=\"canonical\" href=\"https:\/\/territorialchallenges.com\/en\/2021\/10\/06\/italie-5g-les-marches-sont-ils-prets-a-decoller-en-2021\/88080\/\" \/>\n<meta property=\"og:locale\" content=\"en_US\" \/>\n<meta property=\"og:type\" content=\"article\" \/>\n<meta property=\"og:title\" content=\"Italie : 5G, les march\u00e9s sont-ils pr\u00eats \u00e0 d\u00e9coller en 2021 ? - Territorial Challenges\" \/>\n<meta property=\"og:description\" content=\"En Italie, les offres commerciales de services 5G ont d\u00e9marr\u00e9 \u00e0 l&rsquo;\u00e9t\u00e9 2019, avec la mise sous tension des premi\u00e8res antennes dans les grandes m\u00e9tropoles et l&rsquo;arriv\u00e9e sur le march\u00e9 des premiers smartphones capables de communiquer avec cette technologie. Au cours de cette derni\u00e8re ann\u00e9e, les zones de couverture des r\u00e9seaux des grands op\u00e9rateurs se [&hellip;]\" \/>\n<meta property=\"og:url\" content=\"https:\/\/territorialchallenges.com\/en\/2021\/10\/06\/italie-5g-les-marches-sont-ils-prets-a-decoller-en-2021\/88080\/\" \/>\n<meta property=\"og:site_name\" content=\"Territorial Challenges\" \/>\n<meta property=\"article:published_time\" content=\"2021-10-05T22:57:17+00:00\" \/>\n<meta property=\"article:modified_time\" content=\"2022-05-03T08:05:11+00:00\" \/>\n<meta property=\"og:image\" content=\"https:\/\/territorialchallenges.com\/wp-content\/uploads\/2021\/01\/iotimage160121.jpg\" \/>\n\t<meta property=\"og:image:width\" content=\"1920\" \/>\n\t<meta property=\"og:image:height\" content=\"1280\" \/>\n\t<meta property=\"og:image:type\" content=\"image\/jpeg\" \/>\n<meta name=\"author\" content=\"ni.abdi\" \/>\n<meta name=\"twitter:card\" content=\"summary_large_image\" \/>\n<meta name=\"twitter:creator\" content=\"@Ni.abdi\" \/>\n<meta name=\"twitter:label1\" content=\"Written by\" \/>\n\t<meta name=\"twitter:data1\" content=\"ni.abdi\" \/>\n\t<meta name=\"twitter:label2\" content=\"Est. reading time\" \/>\n\t<meta name=\"twitter:data2\" content=\"4 minutes\" \/>\n<script type=\"application\/ld+json\" class=\"yoast-schema-graph\">{\"@context\":\"https:\/\/schema.org\",\"@graph\":[{\"@type\":\"Article\",\"@id\":\"https:\/\/territorialchallenges.com\/2021\/10\/06\/italie-5g-les-marches-sont-ils-prets-a-decoller-en-2021\/88080\/#article\",\"isPartOf\":{\"@id\":\"https:\/\/territorialchallenges.com\/2021\/10\/06\/italie-5g-les-marches-sont-ils-prets-a-decoller-en-2021\/88080\/\"},\"author\":{\"name\":\"ni.abdi\",\"@id\":\"https:\/\/territorialchallenges.com\/#\/schema\/person\/098f145c7c61a021c425e010f840080f\"},\"headline\":\"Italie : 5G, les march\u00e9s sont-ils pr\u00eats \u00e0 d\u00e9coller en 2021 ?\",\"datePublished\":\"2021-10-05T22:57:17+00:00\",\"dateModified\":\"2022-05-03T08:05:11+00:00\",\"mainEntityOfPage\":{\"@id\":\"https:\/\/territorialchallenges.com\/2021\/10\/06\/italie-5g-les-marches-sont-ils-prets-a-decoller-en-2021\/88080\/\"},\"wordCount\":894,\"commentCount\":0,\"publisher\":{\"@id\":\"https:\/\/territorialchallenges.com\/#organization\"},\"articleSection\":[\"Donn\u00e9es\/Objets Connect\u00e9s\",\"Actualit\u00e9 Europe\"],\"inLanguage\":\"en-US\"},{\"@type\":\"WebPage\",\"@id\":\"https:\/\/territorialchallenges.com\/2021\/10\/06\/italie-5g-les-marches-sont-ils-prets-a-decoller-en-2021\/88080\/\",\"url\":\"https:\/\/territorialchallenges.com\/2021\/10\/06\/italie-5g-les-marches-sont-ils-prets-a-decoller-en-2021\/88080\/\",\"name\":\"Italie : 5G, les march\u00e9s sont-ils pr\u00eats \u00e0 d\u00e9coller en 2021 ? - Territorial Challenges\",\"isPartOf\":{\"@id\":\"https:\/\/territorialchallenges.com\/#website\"},\"datePublished\":\"2021-10-05T22:57:17+00:00\",\"dateModified\":\"2022-05-03T08:05:11+00:00\",\"breadcrumb\":{\"@id\":\"https:\/\/territorialchallenges.com\/2021\/10\/06\/italie-5g-les-marches-sont-ils-prets-a-decoller-en-2021\/88080\/#breadcrumb\"},\"inLanguage\":\"en-US\",\"potentialAction\":[{\"@type\":\"ReadAction\",\"target\":[\"https:\/\/territorialchallenges.com\/2021\/10\/06\/italie-5g-les-marches-sont-ils-prets-a-decoller-en-2021\/88080\/\"]}]},{\"@type\":\"BreadcrumbList\",\"@id\":\"https:\/\/territorialchallenges.com\/2021\/10\/06\/italie-5g-les-marches-sont-ils-prets-a-decoller-en-2021\/88080\/#breadcrumb\",\"itemListElement\":[{\"@type\":\"ListItem\",\"position\":1,\"name\":\"Home\",\"item\":\"https:\/\/territorialchallenges.com\/\"},{\"@type\":\"ListItem\",\"position\":2,\"name\":\"Italie : 5G, les march\u00e9s sont-ils pr\u00eats \u00e0 d\u00e9coller en 2021 ?\"}]},{\"@type\":\"WebSite\",\"@id\":\"https:\/\/territorialchallenges.com\/#website\",\"url\":\"https:\/\/territorialchallenges.com\/\",\"name\":\"Territorial Challenges\",\"description\":\"Veille Internationale - Strat\u00e9gie Intelligentes - Bonnes pratiques\",\"publisher\":{\"@id\":\"https:\/\/territorialchallenges.com\/#organization\"},\"potentialAction\":[{\"@type\":\"SearchAction\",\"target\":{\"@type\":\"EntryPoint\",\"urlTemplate\":\"https:\/\/territorialchallenges.com\/?s={search_term_string}\"},\"query-input\":\"required name=search_term_string\"}],\"inLanguage\":\"en-US\"},{\"@type\":\"Organization\",\"@id\":\"https:\/\/territorialchallenges.com\/#organization\",\"name\":\"Territorial Challenges\",\"url\":\"https:\/\/territorialchallenges.com\/\",\"logo\":{\"@type\":\"ImageObject\",\"inLanguage\":\"en-US\",\"@id\":\"https:\/\/territorialchallenges.com\/#\/schema\/logo\/image\/\",\"url\":\"https:\/\/territorialchallenges.com\/wp-content\/uploads\/2023\/10\/logo-1.png\",\"contentUrl\":\"https:\/\/territorialchallenges.com\/wp-content\/uploads\/2023\/10\/logo-1.png\",\"width\":1832,\"height\":576,\"caption\":\"Territorial Challenges\"},\"image\":{\"@id\":\"https:\/\/territorialchallenges.com\/#\/schema\/logo\/image\/\"}},{\"@type\":\"Person\",\"@id\":\"https:\/\/territorialchallenges.com\/#\/schema\/person\/098f145c7c61a021c425e010f840080f\",\"name\":\"ni.abdi\",\"image\":{\"@type\":\"ImageObject\",\"inLanguage\":\"en-US\",\"@id\":\"https:\/\/territorialchallenges.com\/#\/schema\/person\/image\/\",\"url\":\"https:\/\/secure.gravatar.com\/avatar\/2a2f2491f3c80039986ba989b1e4b510?s=96&d=identicon&r=g\",\"contentUrl\":\"https:\/\/secure.gravatar.com\/avatar\/2a2f2491f3c80039986ba989b1e4b510?s=96&d=identicon&r=g\",\"caption\":\"ni.abdi\"},\"sameAs\":[\"https:\/\/twitter.com\/Ni.abdi\"],\"url\":\"https:\/\/territorialchallenges.com\/en\/author\/ni-abdi\/\"}]}<\/script>\n<!-- \/ Yoast SEO plugin. -->","yoast_head_json":{"title":"Italie : 5G, les march\u00e9s sont-ils pr\u00eats \u00e0 d\u00e9coller en 2021 ? - Territorial Challenges","robots":{"index":"index","follow":"follow","max-snippet":"max-snippet:-1","max-image-preview":"max-image-preview:large","max-video-preview":"max-video-preview:-1"},"canonical":"https:\/\/territorialchallenges.com\/en\/2021\/10\/06\/italie-5g-les-marches-sont-ils-prets-a-decoller-en-2021\/88080\/","og_locale":"en_US","og_type":"article","og_title":"Italie : 5G, les march\u00e9s sont-ils pr\u00eats \u00e0 d\u00e9coller en 2021 ? - Territorial Challenges","og_description":"En Italie, les offres commerciales de services 5G ont d\u00e9marr\u00e9 \u00e0 l&rsquo;\u00e9t\u00e9 2019, avec la mise sous tension des premi\u00e8res antennes dans les grandes m\u00e9tropoles et l&rsquo;arriv\u00e9e sur le march\u00e9 des premiers smartphones capables de communiquer avec cette technologie. Au cours de cette derni\u00e8re ann\u00e9e, les zones de couverture des r\u00e9seaux des grands op\u00e9rateurs se [&hellip;]","og_url":"https:\/\/territorialchallenges.com\/en\/2021\/10\/06\/italie-5g-les-marches-sont-ils-prets-a-decoller-en-2021\/88080\/","og_site_name":"Territorial Challenges","article_published_time":"2021-10-05T22:57:17+00:00","article_modified_time":"2022-05-03T08:05:11+00:00","og_image":[{"width":1920,"height":1280,"url":"https:\/\/territorialchallenges.com\/wp-content\/uploads\/2021\/01\/iotimage160121.jpg","type":"image\/jpeg"}],"author":"ni.abdi","twitter_card":"summary_large_image","twitter_creator":"@Ni.abdi","twitter_misc":{"Written by":"ni.abdi","Est. reading time":"4 minutes"},"schema":{"@context":"https:\/\/schema.org","@graph":[{"@type":"Article","@id":"https:\/\/territorialchallenges.com\/2021\/10\/06\/italie-5g-les-marches-sont-ils-prets-a-decoller-en-2021\/88080\/#article","isPartOf":{"@id":"https:\/\/territorialchallenges.com\/2021\/10\/06\/italie-5g-les-marches-sont-ils-prets-a-decoller-en-2021\/88080\/"},"author":{"name":"ni.abdi","@id":"https:\/\/territorialchallenges.com\/#\/schema\/person\/098f145c7c61a021c425e010f840080f"},"headline":"Italie : 5G, les march\u00e9s sont-ils pr\u00eats \u00e0 d\u00e9coller en 2021 ?","datePublished":"2021-10-05T22:57:17+00:00","dateModified":"2022-05-03T08:05:11+00:00","mainEntityOfPage":{"@id":"https:\/\/territorialchallenges.com\/2021\/10\/06\/italie-5g-les-marches-sont-ils-prets-a-decoller-en-2021\/88080\/"},"wordCount":894,"commentCount":0,"publisher":{"@id":"https:\/\/territorialchallenges.com\/#organization"},"articleSection":["Donn\u00e9es\/Objets Connect\u00e9s","Actualit\u00e9 Europe"],"inLanguage":"en-US"},{"@type":"WebPage","@id":"https:\/\/territorialchallenges.com\/2021\/10\/06\/italie-5g-les-marches-sont-ils-prets-a-decoller-en-2021\/88080\/","url":"https:\/\/territorialchallenges.com\/2021\/10\/06\/italie-5g-les-marches-sont-ils-prets-a-decoller-en-2021\/88080\/","name":"Italie : 5G, les march\u00e9s sont-ils pr\u00eats \u00e0 d\u00e9coller en 2021 ? - Territorial Challenges","isPartOf":{"@id":"https:\/\/territorialchallenges.com\/#website"},"datePublished":"2021-10-05T22:57:17+00:00","dateModified":"2022-05-03T08:05:11+00:00","breadcrumb":{"@id":"https:\/\/territorialchallenges.com\/2021\/10\/06\/italie-5g-les-marches-sont-ils-prets-a-decoller-en-2021\/88080\/#breadcrumb"},"inLanguage":"en-US","potentialAction":[{"@type":"ReadAction","target":["https:\/\/territorialchallenges.com\/2021\/10\/06\/italie-5g-les-marches-sont-ils-prets-a-decoller-en-2021\/88080\/"]}]},{"@type":"BreadcrumbList","@id":"https:\/\/territorialchallenges.com\/2021\/10\/06\/italie-5g-les-marches-sont-ils-prets-a-decoller-en-2021\/88080\/#breadcrumb","itemListElement":[{"@type":"ListItem","position":1,"name":"Home","item":"https:\/\/territorialchallenges.com\/"},{"@type":"ListItem","position":2,"name":"Italie : 5G, les march\u00e9s sont-ils pr\u00eats \u00e0 d\u00e9coller en 2021 ?"}]},{"@type":"WebSite","@id":"https:\/\/territorialchallenges.com\/#website","url":"https:\/\/territorialchallenges.com\/","name":"Territorial Challenges","description":"Veille Internationale - Intelligent strategies - Best practices","publisher":{"@id":"https:\/\/territorialchallenges.com\/#organization"},"potentialAction":[{"@type":"SearchAction","target":{"@type":"EntryPoint","urlTemplate":"https:\/\/territorialchallenges.com\/?s={search_term_string}"},"query-input":"required name=search_term_string"}],"inLanguage":"en-US"},{"@type":"Organization","@id":"https:\/\/territorialchallenges.com\/#organization","name":"Territorial Challenges","url":"https:\/\/territorialchallenges.com\/","logo":{"@type":"ImageObject","inLanguage":"en-US","@id":"https:\/\/territorialchallenges.com\/#\/schema\/logo\/image\/","url":"https:\/\/territorialchallenges.com\/wp-content\/uploads\/2023\/10\/logo-1.png","contentUrl":"https:\/\/territorialchallenges.com\/wp-content\/uploads\/2023\/10\/logo-1.png","width":1832,"height":576,"caption":"Territorial Challenges"},"image":{"@id":"https:\/\/territorialchallenges.com\/#\/schema\/logo\/image\/"}},{"@type":"Person","@id":"https:\/\/territorialchallenges.com\/#\/schema\/person\/098f145c7c61a021c425e010f840080f","name":"ni.abdi","image":{"@type":"ImageObject","inLanguage":"en-US","@id":"https:\/\/territorialchallenges.com\/#\/schema\/person\/image\/","url":"https:\/\/secure.gravatar.com\/avatar\/2a2f2491f3c80039986ba989b1e4b510?s=96&d=identicon&r=g","contentUrl":"https:\/\/secure.gravatar.com\/avatar\/2a2f2491f3c80039986ba989b1e4b510?s=96&d=identicon&r=g","caption":"ni.abdi"},"sameAs":["https:\/\/twitter.com\/Ni.abdi"],"url":"https:\/\/territorialchallenges.com\/en\/author\/ni-abdi\/"}]}},"_links":{"self":[{"href":"https:\/\/territorialchallenges.com\/en\/wp-json\/wp\/v2\/posts\/88080"}],"collection":[{"href":"https:\/\/territorialchallenges.com\/en\/wp-json\/wp\/v2\/posts"}],"about":[{"href":"https:\/\/territorialchallenges.com\/en\/wp-json\/wp\/v2\/types\/post"}],"author":[{"embeddable":true,"href":"https:\/\/territorialchallenges.com\/en\/wp-json\/wp\/v2\/users\/11"}],"replies":[{"embeddable":true,"href":"https:\/\/territorialchallenges.com\/en\/wp-json\/wp\/v2\/comments?post=88080"}],"version-history":[{"count":1,"href":"https:\/\/territorialchallenges.com\/en\/wp-json\/wp\/v2\/posts\/88080\/revisions"}],"predecessor-version":[{"id":88085,"href":"https:\/\/territorialchallenges.com\/en\/wp-json\/wp\/v2\/posts\/88080\/revisions\/88085"}],"wp:featuredmedia":[{"embeddable":true,"href":"https:\/\/territorialchallenges.com\/en\/wp-json\/wp\/v2\/media\/88081"}],"wp:attachment":[{"href":"https:\/\/territorialchallenges.com\/en\/wp-json\/wp\/v2\/media?parent=88080"}],"wp:term":[{"taxonomy":"category","embeddable":true,"href":"https:\/\/territorialchallenges.com\/en\/wp-json\/wp\/v2\/categories?post=88080"},{"taxonomy":"post_tag","embeddable":true,"href":"https:\/\/territorialchallenges.com\/en\/wp-json\/wp\/v2\/tags?post=88080"}],"curies":[{"name":"wp","href":"https:\/\/api.w.org\/{rel}","templated":true}]}}