{"id":86837,"date":"2021-09-26T00:28:35","date_gmt":"2021-09-25T22:28:35","guid":{"rendered":"https:\/\/territorialchallenges.com\/?p=86837"},"modified":"2022-05-03T10:10:39","modified_gmt":"2022-05-03T08:10:39","slug":"autriche-la-ville-de-graz-donnera-la-priorite-au-reseau-nokia-5g","status":"publish","type":"post","link":"https:\/\/territorialchallenges.com\/en\/2021\/09\/26\/autriche-la-ville-de-graz-donnera-la-priorite-au-reseau-nokia-5g\/86837\/","title":{"rendered":"Austria: Graz to prioritize Nokia 5G network"},"content":{"rendered":"<p>Citycom Telecommunication Graz has selected Nokia to provide a 5G network covering the entire state of Styria, which will also create new revenue opportunities for Graz, Austria&#039;s second most populous city with 288,806 inhabitants. Standalone private 5G networks will be offered with high availability for businesses, public services, etc. <\/p>\n<div class=\"pmpro_content_message\">Article only viewable by subscribers.<br \/><a href=\"https:\/\/territorialchallenges.com\/wp-login.php\">Connection<\/a><br \/><a href=\"https:\/\/territorialchallenges.com\/en\/wp-login.php\/?action=register\">Register<\/a><\/div>","protected":false},"excerpt":{"rendered":"<p>Citycom Telecommunication Graz a choisi Nokia pour fournir un r\u00e9seau 5G couvrant toute le Land de Styrie et qui cr\u00e9era \u00e9galement de nouvelles opportunit\u00e9s de revenus pour Graz, deuxi\u00e8me ville autrichienne la plus peupl\u00e9e du pays avec 288.806 habitants. Des r\u00e9seaux 5G priv\u00e9s autonomes seront propos\u00e9s \u00e0 haute disponibilit\u00e9 pour les entreprises, les services publics... <\/p>\n<div class=\"pmpro_content_message\">Article only viewable by subscribers.<br \/><a href=\"https:\/\/territorialchallenges.com\/wp-login.php\">Connection<\/a><br \/><a href=\"https:\/\/territorialchallenges.com\/en\/wp-login.php\/?action=register\">Register<\/a><\/div>","protected":false},"author":11,"featured_media":86838,"comment_status":"open","ping_status":"open","sticky":true,"template":"","format":"standard","meta":{"pmpro_default_level":0,"footnotes":""},"categories":[120,117],"tags":[],"blocksy_meta":"","yoast_head":"<!-- This site is optimized with the Yoast SEO plugin v21.5 - https:\/\/yoast.com\/wordpress\/plugins\/seo\/ -->\n<title>Autriche : la ville de Graz donnera la priorit\u00e9 au r\u00e9seau Nokia 5G - Territorial Challenges<\/title>\n<meta name=\"robots\" content=\"index, follow, max-snippet:-1, max-image-preview:large, max-video-preview:-1\" \/>\n<link rel=\"canonical\" href=\"https:\/\/territorialchallenges.com\/en\/2021\/09\/26\/autriche-la-ville-de-graz-donnera-la-priorite-au-reseau-nokia-5g\/86837\/\" \/>\n<meta property=\"og:locale\" content=\"en_US\" \/>\n<meta property=\"og:type\" content=\"article\" \/>\n<meta property=\"og:title\" content=\"Autriche : la ville de Graz donnera la priorit\u00e9 au r\u00e9seau Nokia 5G - Territorial Challenges\" \/>\n<meta property=\"og:description\" content=\"Citycom Telecommunication Graz a choisi Nokia pour fournir un r\u00e9seau 5G couvrant toute le Land de Styrie et qui cr\u00e9era \u00e9galement de nouvelles opportunit\u00e9s de revenus pour Graz, deuxi\u00e8me ville autrichienne la plus peupl\u00e9e du pays avec 288.806 habitants. Des r\u00e9seaux 5G priv\u00e9s autonomes seront propos\u00e9s \u00e0 haute disponibilit\u00e9 pour les entreprises, les services publics [&hellip;]\" \/>\n<meta property=\"og:url\" content=\"https:\/\/territorialchallenges.com\/en\/2021\/09\/26\/autriche-la-ville-de-graz-donnera-la-priorite-au-reseau-nokia-5g\/86837\/\" \/>\n<meta property=\"og:site_name\" content=\"Territorial Challenges\" \/>\n<meta property=\"article:published_time\" content=\"2021-09-25T22:28:35+00:00\" \/>\n<meta property=\"article:modified_time\" content=\"2022-05-03T08:10:39+00:00\" \/>\n<meta property=\"og:image\" content=\"https:\/\/territorialchallenges.com\/wp-content\/uploads\/2020\/12\/grazilsestpassea.jpg\" \/>\n\t<meta property=\"og:image:width\" content=\"1920\" \/>\n\t<meta property=\"og:image:height\" content=\"1289\" \/>\n\t<meta property=\"og:image:type\" content=\"image\/jpeg\" \/>\n<meta name=\"author\" content=\"ni.abdi\" \/>\n<meta name=\"twitter:card\" content=\"summary_large_image\" \/>\n<meta name=\"twitter:creator\" content=\"@Ni.abdi\" \/>\n<meta name=\"twitter:label1\" content=\"Written by\" \/>\n\t<meta name=\"twitter:data1\" content=\"ni.abdi\" \/>\n\t<meta name=\"twitter:label2\" content=\"Est. reading time\" \/>\n\t<meta name=\"twitter:data2\" content=\"3 minutes\" \/>\n<script type=\"application\/ld+json\" class=\"yoast-schema-graph\">{\"@context\":\"https:\/\/schema.org\",\"@graph\":[{\"@type\":\"Article\",\"@id\":\"https:\/\/territorialchallenges.com\/2021\/09\/26\/autriche-la-ville-de-graz-donnera-la-priorite-au-reseau-nokia-5g\/86837\/#article\",\"isPartOf\":{\"@id\":\"https:\/\/territorialchallenges.com\/2021\/09\/26\/autriche-la-ville-de-graz-donnera-la-priorite-au-reseau-nokia-5g\/86837\/\"},\"author\":{\"name\":\"ni.abdi\",\"@id\":\"https:\/\/territorialchallenges.com\/#\/schema\/person\/098f145c7c61a021c425e010f840080f\"},\"headline\":\"Autriche : la ville de Graz donnera la priorit\u00e9 au r\u00e9seau Nokia 5G\",\"datePublished\":\"2021-09-25T22:28:35+00:00\",\"dateModified\":\"2022-05-03T08:10:39+00:00\",\"mainEntityOfPage\":{\"@id\":\"https:\/\/territorialchallenges.com\/2021\/09\/26\/autriche-la-ville-de-graz-donnera-la-priorite-au-reseau-nokia-5g\/86837\/\"},\"wordCount\":558,\"commentCount\":0,\"publisher\":{\"@id\":\"https:\/\/territorialchallenges.com\/#organization\"},\"articleSection\":[\"Il s'est pass\u00e9 \u00e0\",\"\u00c9cosyst\u00e8me\"],\"inLanguage\":\"en-US\"},{\"@type\":\"WebPage\",\"@id\":\"https:\/\/territorialchallenges.com\/2021\/09\/26\/autriche-la-ville-de-graz-donnera-la-priorite-au-reseau-nokia-5g\/86837\/\",\"url\":\"https:\/\/territorialchallenges.com\/2021\/09\/26\/autriche-la-ville-de-graz-donnera-la-priorite-au-reseau-nokia-5g\/86837\/\",\"name\":\"Autriche : la ville de Graz donnera la priorit\u00e9 au r\u00e9seau Nokia 5G - Territorial Challenges\",\"isPartOf\":{\"@id\":\"https:\/\/territorialchallenges.com\/#website\"},\"datePublished\":\"2021-09-25T22:28:35+00:00\",\"dateModified\":\"2022-05-03T08:10:39+00:00\",\"breadcrumb\":{\"@id\":\"https:\/\/territorialchallenges.com\/2021\/09\/26\/autriche-la-ville-de-graz-donnera-la-priorite-au-reseau-nokia-5g\/86837\/#breadcrumb\"},\"inLanguage\":\"en-US\",\"potentialAction\":[{\"@type\":\"ReadAction\",\"target\":[\"https:\/\/territorialchallenges.com\/2021\/09\/26\/autriche-la-ville-de-graz-donnera-la-priorite-au-reseau-nokia-5g\/86837\/\"]}]},{\"@type\":\"BreadcrumbList\",\"@id\":\"https:\/\/territorialchallenges.com\/2021\/09\/26\/autriche-la-ville-de-graz-donnera-la-priorite-au-reseau-nokia-5g\/86837\/#breadcrumb\",\"itemListElement\":[{\"@type\":\"ListItem\",\"position\":1,\"name\":\"Home\",\"item\":\"https:\/\/territorialchallenges.com\/\"},{\"@type\":\"ListItem\",\"position\":2,\"name\":\"Autriche : la ville de Graz donnera la priorit\u00e9 au r\u00e9seau Nokia 5G\"}]},{\"@type\":\"WebSite\",\"@id\":\"https:\/\/territorialchallenges.com\/#website\",\"url\":\"https:\/\/territorialchallenges.com\/\",\"name\":\"Territorial Challenges\",\"description\":\"Veille Internationale - Strat\u00e9gie Intelligentes - Bonnes pratiques\",\"publisher\":{\"@id\":\"https:\/\/territorialchallenges.com\/#organization\"},\"potentialAction\":[{\"@type\":\"SearchAction\",\"target\":{\"@type\":\"EntryPoint\",\"urlTemplate\":\"https:\/\/territorialchallenges.com\/?s={search_term_string}\"},\"query-input\":\"required name=search_term_string\"}],\"inLanguage\":\"en-US\"},{\"@type\":\"Organization\",\"@id\":\"https:\/\/territorialchallenges.com\/#organization\",\"name\":\"Territorial Challenges\",\"url\":\"https:\/\/territorialchallenges.com\/\",\"logo\":{\"@type\":\"ImageObject\",\"inLanguage\":\"en-US\",\"@id\":\"https:\/\/territorialchallenges.com\/#\/schema\/logo\/image\/\",\"url\":\"https:\/\/territorialchallenges.com\/wp-content\/uploads\/2023\/10\/logo-1.png\",\"contentUrl\":\"https:\/\/territorialchallenges.com\/wp-content\/uploads\/2023\/10\/logo-1.png\",\"width\":1832,\"height\":576,\"caption\":\"Territorial Challenges\"},\"image\":{\"@id\":\"https:\/\/territorialchallenges.com\/#\/schema\/logo\/image\/\"}},{\"@type\":\"Person\",\"@id\":\"https:\/\/territorialchallenges.com\/#\/schema\/person\/098f145c7c61a021c425e010f840080f\",\"name\":\"ni.abdi\",\"image\":{\"@type\":\"ImageObject\",\"inLanguage\":\"en-US\",\"@id\":\"https:\/\/territorialchallenges.com\/#\/schema\/person\/image\/\",\"url\":\"https:\/\/secure.gravatar.com\/avatar\/2a2f2491f3c80039986ba989b1e4b510?s=96&d=identicon&r=g\",\"contentUrl\":\"https:\/\/secure.gravatar.com\/avatar\/2a2f2491f3c80039986ba989b1e4b510?s=96&d=identicon&r=g\",\"caption\":\"ni.abdi\"},\"sameAs\":[\"https:\/\/twitter.com\/Ni.abdi\"],\"url\":\"https:\/\/territorialchallenges.com\/en\/author\/ni-abdi\/\"}]}<\/script>\n<!-- \/ Yoast SEO plugin. -->","yoast_head_json":{"title":"Autriche : la ville de Graz donnera la priorit\u00e9 au r\u00e9seau Nokia 5G - Territorial Challenges","robots":{"index":"index","follow":"follow","max-snippet":"max-snippet:-1","max-image-preview":"max-image-preview:large","max-video-preview":"max-video-preview:-1"},"canonical":"https:\/\/territorialchallenges.com\/en\/2021\/09\/26\/autriche-la-ville-de-graz-donnera-la-priorite-au-reseau-nokia-5g\/86837\/","og_locale":"en_US","og_type":"article","og_title":"Autriche : la ville de Graz donnera la priorit\u00e9 au r\u00e9seau Nokia 5G - Territorial Challenges","og_description":"Citycom Telecommunication Graz a choisi Nokia pour fournir un r\u00e9seau 5G couvrant toute le Land de Styrie et qui cr\u00e9era \u00e9galement de nouvelles opportunit\u00e9s de revenus pour Graz, deuxi\u00e8me ville autrichienne la plus peupl\u00e9e du pays avec 288.806 habitants. Des r\u00e9seaux 5G priv\u00e9s autonomes seront propos\u00e9s \u00e0 haute disponibilit\u00e9 pour les entreprises, les services publics [&hellip;]","og_url":"https:\/\/territorialchallenges.com\/en\/2021\/09\/26\/autriche-la-ville-de-graz-donnera-la-priorite-au-reseau-nokia-5g\/86837\/","og_site_name":"Territorial Challenges","article_published_time":"2021-09-25T22:28:35+00:00","article_modified_time":"2022-05-03T08:10:39+00:00","og_image":[{"width":1920,"height":1289,"url":"https:\/\/territorialchallenges.com\/wp-content\/uploads\/2020\/12\/grazilsestpassea.jpg","type":"image\/jpeg"}],"author":"ni.abdi","twitter_card":"summary_large_image","twitter_creator":"@Ni.abdi","twitter_misc":{"Written by":"ni.abdi","Est. reading time":"3 minutes"},"schema":{"@context":"https:\/\/schema.org","@graph":[{"@type":"Article","@id":"https:\/\/territorialchallenges.com\/2021\/09\/26\/autriche-la-ville-de-graz-donnera-la-priorite-au-reseau-nokia-5g\/86837\/#article","isPartOf":{"@id":"https:\/\/territorialchallenges.com\/2021\/09\/26\/autriche-la-ville-de-graz-donnera-la-priorite-au-reseau-nokia-5g\/86837\/"},"author":{"name":"ni.abdi","@id":"https:\/\/territorialchallenges.com\/#\/schema\/person\/098f145c7c61a021c425e010f840080f"},"headline":"Autriche : la ville de Graz donnera la priorit\u00e9 au r\u00e9seau Nokia 5G","datePublished":"2021-09-25T22:28:35+00:00","dateModified":"2022-05-03T08:10:39+00:00","mainEntityOfPage":{"@id":"https:\/\/territorialchallenges.com\/2021\/09\/26\/autriche-la-ville-de-graz-donnera-la-priorite-au-reseau-nokia-5g\/86837\/"},"wordCount":558,"commentCount":0,"publisher":{"@id":"https:\/\/territorialchallenges.com\/#organization"},"articleSection":["Il s'est pass\u00e9 \u00e0","\u00c9cosyst\u00e8me"],"inLanguage":"en-US"},{"@type":"WebPage","@id":"https:\/\/territorialchallenges.com\/2021\/09\/26\/autriche-la-ville-de-graz-donnera-la-priorite-au-reseau-nokia-5g\/86837\/","url":"https:\/\/territorialchallenges.com\/2021\/09\/26\/autriche-la-ville-de-graz-donnera-la-priorite-au-reseau-nokia-5g\/86837\/","name":"Autriche : la ville de Graz donnera la priorit\u00e9 au r\u00e9seau Nokia 5G - Territorial Challenges","isPartOf":{"@id":"https:\/\/territorialchallenges.com\/#website"},"datePublished":"2021-09-25T22:28:35+00:00","dateModified":"2022-05-03T08:10:39+00:00","breadcrumb":{"@id":"https:\/\/territorialchallenges.com\/2021\/09\/26\/autriche-la-ville-de-graz-donnera-la-priorite-au-reseau-nokia-5g\/86837\/#breadcrumb"},"inLanguage":"en-US","potentialAction":[{"@type":"ReadAction","target":["https:\/\/territorialchallenges.com\/2021\/09\/26\/autriche-la-ville-de-graz-donnera-la-priorite-au-reseau-nokia-5g\/86837\/"]}]},{"@type":"BreadcrumbList","@id":"https:\/\/territorialchallenges.com\/2021\/09\/26\/autriche-la-ville-de-graz-donnera-la-priorite-au-reseau-nokia-5g\/86837\/#breadcrumb","itemListElement":[{"@type":"ListItem","position":1,"name":"Home","item":"https:\/\/territorialchallenges.com\/"},{"@type":"ListItem","position":2,"name":"Autriche : la ville de Graz donnera la priorit\u00e9 au r\u00e9seau Nokia 5G"}]},{"@type":"WebSite","@id":"https:\/\/territorialchallenges.com\/#website","url":"https:\/\/territorialchallenges.com\/","name":"Territorial Challenges","description":"Veille Internationale - Intelligent strategies - Best practices","publisher":{"@id":"https:\/\/territorialchallenges.com\/#organization"},"potentialAction":[{"@type":"SearchAction","target":{"@type":"EntryPoint","urlTemplate":"https:\/\/territorialchallenges.com\/?s={search_term_string}"},"query-input":"required name=search_term_string"}],"inLanguage":"en-US"},{"@type":"Organization","@id":"https:\/\/territorialchallenges.com\/#organization","name":"Territorial Challenges","url":"https:\/\/territorialchallenges.com\/","logo":{"@type":"ImageObject","inLanguage":"en-US","@id":"https:\/\/territorialchallenges.com\/#\/schema\/logo\/image\/","url":"https:\/\/territorialchallenges.com\/wp-content\/uploads\/2023\/10\/logo-1.png","contentUrl":"https:\/\/territorialchallenges.com\/wp-content\/uploads\/2023\/10\/logo-1.png","width":1832,"height":576,"caption":"Territorial Challenges"},"image":{"@id":"https:\/\/territorialchallenges.com\/#\/schema\/logo\/image\/"}},{"@type":"Person","@id":"https:\/\/territorialchallenges.com\/#\/schema\/person\/098f145c7c61a021c425e010f840080f","name":"ni.abdi","image":{"@type":"ImageObject","inLanguage":"en-US","@id":"https:\/\/territorialchallenges.com\/#\/schema\/person\/image\/","url":"https:\/\/secure.gravatar.com\/avatar\/2a2f2491f3c80039986ba989b1e4b510?s=96&d=identicon&r=g","contentUrl":"https:\/\/secure.gravatar.com\/avatar\/2a2f2491f3c80039986ba989b1e4b510?s=96&d=identicon&r=g","caption":"ni.abdi"},"sameAs":["https:\/\/twitter.com\/Ni.abdi"],"url":"https:\/\/territorialchallenges.com\/en\/author\/ni-abdi\/"}]}},"_links":{"self":[{"href":"https:\/\/territorialchallenges.com\/en\/wp-json\/wp\/v2\/posts\/86837"}],"collection":[{"href":"https:\/\/territorialchallenges.com\/en\/wp-json\/wp\/v2\/posts"}],"about":[{"href":"https:\/\/territorialchallenges.com\/en\/wp-json\/wp\/v2\/types\/post"}],"author":[{"embeddable":true,"href":"https:\/\/territorialchallenges.com\/en\/wp-json\/wp\/v2\/users\/11"}],"replies":[{"embeddable":true,"href":"https:\/\/territorialchallenges.com\/en\/wp-json\/wp\/v2\/comments?post=86837"}],"version-history":[{"count":1,"href":"https:\/\/territorialchallenges.com\/en\/wp-json\/wp\/v2\/posts\/86837\/revisions"}],"predecessor-version":[{"id":86842,"href":"https:\/\/territorialchallenges.com\/en\/wp-json\/wp\/v2\/posts\/86837\/revisions\/86842"}],"wp:featuredmedia":[{"embeddable":true,"href":"https:\/\/territorialchallenges.com\/en\/wp-json\/wp\/v2\/media\/86838"}],"wp:attachment":[{"href":"https:\/\/territorialchallenges.com\/en\/wp-json\/wp\/v2\/media?parent=86837"}],"wp:term":[{"taxonomy":"category","embeddable":true,"href":"https:\/\/territorialchallenges.com\/en\/wp-json\/wp\/v2\/categories?post=86837"},{"taxonomy":"post_tag","embeddable":true,"href":"https:\/\/territorialchallenges.com\/en\/wp-json\/wp\/v2\/tags?post=86837"}],"curies":[{"name":"wp","href":"https:\/\/api.w.org\/{rel}","templated":true}]}}