{"id":86792,"date":"2021-09-15T17:56:57","date_gmt":"2021-09-15T15:56:57","guid":{"rendered":"https:\/\/territorialchallenges.com\/?p=86792"},"modified":"2022-05-03T10:12:13","modified_gmt":"2022-05-03T08:12:13","slug":"zdenek-hrib-un-jeune-maire-tres-smart-city-a-prague","status":"publish","type":"post","link":"https:\/\/territorialchallenges.com\/en\/2021\/09\/15\/zdenek-hrib-un-jeune-maire-tres-smart-city-a-prague\/86792\/","title":{"rendered":"Zden\u011bk H\u0159ib, a young, very smart city mayor in Prague"},"content":{"rendered":"<p>Prague Mayor Zden\u011bk H\u0159ib has been named one of the 28 most influential people in Europe by the American media outlet Politico. The mayor of the Czech capital wants to make his city a shining star and a beacon of hope. Zden\u011bk H\u0159ib was born in 1981 in Slavi\u010d\u00edn, near Zlin, and\u2026 <\/p>\n<div class=\"pmpro_content_message\">Article only viewable by subscribers.<br \/><a href=\"https:\/\/territorialchallenges.com\/wp-login.php\">Connection<\/a><br \/><a href=\"https:\/\/territorialchallenges.com\/en\/wp-login.php\/?action=register\">Register<\/a><\/div>","protected":false},"excerpt":{"rendered":"<p>Le maire de Prague, Zden\u011bk H\u0159ib, est entr\u00e9 dans le prestigieux classement des 28 personnes les plus influentes d&rsquo;Europe, \u00e9dit\u00e9 par le m\u00e9dia am\u00e9ricain Politico. L&rsquo;\u00e9dile de la capitale Tch\u00e8que, veut faire de sa cit\u00e9, une ville brillante et un phare d&rsquo;espoir. Zden\u011bk H\u0159ib est n\u00e9 en 1981 \u00e0 Slavi\u010d\u00edn, pr\u00e8s de Zlin et il... <\/p>\n<div class=\"pmpro_content_message\">Article only viewable by subscribers.<br \/><a href=\"https:\/\/territorialchallenges.com\/wp-login.php\">Connection<\/a><br \/><a href=\"https:\/\/territorialchallenges.com\/en\/wp-login.php\/?action=register\">Register<\/a><\/div>","protected":false},"author":11,"featured_media":86793,"comment_status":"open","ping_status":"open","sticky":true,"template":"","format":"standard","meta":{"pmpro_default_level":0,"footnotes":""},"categories":[126,117],"tags":[],"blocksy_meta":"","yoast_head":"<!-- This site is optimized with the Yoast SEO plugin v21.5 - https:\/\/yoast.com\/wordpress\/plugins\/seo\/ -->\n<title>Zden\u011bk H\u0159ib, un jeune maire tr\u00e8s smart city \u00e0 Prague - Territorial Challenges<\/title>\n<meta name=\"robots\" content=\"index, follow, max-snippet:-1, max-image-preview:large, max-video-preview:-1\" \/>\n<link rel=\"canonical\" href=\"https:\/\/territorialchallenges.com\/en\/2021\/09\/15\/zdenek-hrib-un-jeune-maire-tres-smart-city-a-prague\/86792\/\" \/>\n<meta property=\"og:locale\" content=\"en_US\" \/>\n<meta property=\"og:type\" content=\"article\" \/>\n<meta property=\"og:title\" content=\"Zden\u011bk H\u0159ib, un jeune maire tr\u00e8s smart city \u00e0 Prague - Territorial Challenges\" \/>\n<meta property=\"og:description\" content=\"Le maire de Prague, Zden\u011bk H\u0159ib, est entr\u00e9 dans le prestigieux classement des 28 personnes les plus influentes d&rsquo;Europe, \u00e9dit\u00e9 par le m\u00e9dia am\u00e9ricain Politico. L&rsquo;\u00e9dile de la capitale Tch\u00e8que, veut faire de sa cit\u00e9, une ville brillante et un phare d&rsquo;espoir. Zden\u011bk H\u0159ib est n\u00e9 en 1981 \u00e0 Slavi\u010d\u00edn, pr\u00e8s de Zlin et il [&hellip;]\" \/>\n<meta property=\"og:url\" content=\"https:\/\/territorialchallenges.com\/en\/2021\/09\/15\/zdenek-hrib-un-jeune-maire-tres-smart-city-a-prague\/86792\/\" \/>\n<meta property=\"og:site_name\" content=\"Territorial Challenges\" \/>\n<meta property=\"article:published_time\" content=\"2021-09-15T15:56:57+00:00\" \/>\n<meta property=\"article:modified_time\" content=\"2022-05-03T08:12:13+00:00\" \/>\n<meta property=\"og:image\" content=\"https:\/\/territorialchallenges.com\/wp-content\/uploads\/2020\/12\/mairedeprague.jpg\" \/>\n\t<meta property=\"og:image:width\" content=\"1280\" \/>\n\t<meta property=\"og:image:height\" content=\"720\" \/>\n\t<meta property=\"og:image:type\" content=\"image\/jpeg\" \/>\n<meta name=\"author\" content=\"ni.abdi\" \/>\n<meta name=\"twitter:card\" content=\"summary_large_image\" \/>\n<meta name=\"twitter:creator\" content=\"@Ni.abdi\" \/>\n<meta name=\"twitter:label1\" content=\"Written by\" \/>\n\t<meta name=\"twitter:data1\" content=\"ni.abdi\" \/>\n\t<meta name=\"twitter:label2\" content=\"Est. reading time\" \/>\n\t<meta name=\"twitter:data2\" content=\"3 minutes\" \/>\n<script type=\"application\/ld+json\" class=\"yoast-schema-graph\">{\"@context\":\"https:\/\/schema.org\",\"@graph\":[{\"@type\":\"Article\",\"@id\":\"https:\/\/territorialchallenges.com\/2021\/09\/15\/zdenek-hrib-un-jeune-maire-tres-smart-city-a-prague\/86792\/#article\",\"isPartOf\":{\"@id\":\"https:\/\/territorialchallenges.com\/2021\/09\/15\/zdenek-hrib-un-jeune-maire-tres-smart-city-a-prague\/86792\/\"},\"author\":{\"name\":\"ni.abdi\",\"@id\":\"https:\/\/territorialchallenges.com\/#\/schema\/person\/098f145c7c61a021c425e010f840080f\"},\"headline\":\"Zden\u011bk H\u0159ib, un jeune maire tr\u00e8s smart city \u00e0 Prague\",\"datePublished\":\"2021-09-15T15:56:57+00:00\",\"dateModified\":\"2022-05-03T08:12:13+00:00\",\"mainEntityOfPage\":{\"@id\":\"https:\/\/territorialchallenges.com\/2021\/09\/15\/zdenek-hrib-un-jeune-maire-tres-smart-city-a-prague\/86792\/\"},\"wordCount\":590,\"commentCount\":0,\"publisher\":{\"@id\":\"https:\/\/territorialchallenges.com\/#organization\"},\"articleSection\":[\"On parle d'eux\",\"\u00c9cosyst\u00e8me\"],\"inLanguage\":\"en-US\"},{\"@type\":\"WebPage\",\"@id\":\"https:\/\/territorialchallenges.com\/2021\/09\/15\/zdenek-hrib-un-jeune-maire-tres-smart-city-a-prague\/86792\/\",\"url\":\"https:\/\/territorialchallenges.com\/2021\/09\/15\/zdenek-hrib-un-jeune-maire-tres-smart-city-a-prague\/86792\/\",\"name\":\"Zden\u011bk H\u0159ib, un jeune maire tr\u00e8s smart city \u00e0 Prague - Territorial Challenges\",\"isPartOf\":{\"@id\":\"https:\/\/territorialchallenges.com\/#website\"},\"datePublished\":\"2021-09-15T15:56:57+00:00\",\"dateModified\":\"2022-05-03T08:12:13+00:00\",\"breadcrumb\":{\"@id\":\"https:\/\/territorialchallenges.com\/2021\/09\/15\/zdenek-hrib-un-jeune-maire-tres-smart-city-a-prague\/86792\/#breadcrumb\"},\"inLanguage\":\"en-US\",\"potentialAction\":[{\"@type\":\"ReadAction\",\"target\":[\"https:\/\/territorialchallenges.com\/2021\/09\/15\/zdenek-hrib-un-jeune-maire-tres-smart-city-a-prague\/86792\/\"]}]},{\"@type\":\"BreadcrumbList\",\"@id\":\"https:\/\/territorialchallenges.com\/2021\/09\/15\/zdenek-hrib-un-jeune-maire-tres-smart-city-a-prague\/86792\/#breadcrumb\",\"itemListElement\":[{\"@type\":\"ListItem\",\"position\":1,\"name\":\"Home\",\"item\":\"https:\/\/territorialchallenges.com\/\"},{\"@type\":\"ListItem\",\"position\":2,\"name\":\"Zden\u011bk H\u0159ib, un jeune maire tr\u00e8s smart city \u00e0 Prague\"}]},{\"@type\":\"WebSite\",\"@id\":\"https:\/\/territorialchallenges.com\/#website\",\"url\":\"https:\/\/territorialchallenges.com\/\",\"name\":\"Territorial Challenges\",\"description\":\"Veille Internationale - Strat\u00e9gie Intelligentes - Bonnes pratiques\",\"publisher\":{\"@id\":\"https:\/\/territorialchallenges.com\/#organization\"},\"potentialAction\":[{\"@type\":\"SearchAction\",\"target\":{\"@type\":\"EntryPoint\",\"urlTemplate\":\"https:\/\/territorialchallenges.com\/?s={search_term_string}\"},\"query-input\":\"required name=search_term_string\"}],\"inLanguage\":\"en-US\"},{\"@type\":\"Organization\",\"@id\":\"https:\/\/territorialchallenges.com\/#organization\",\"name\":\"Territorial Challenges\",\"url\":\"https:\/\/territorialchallenges.com\/\",\"logo\":{\"@type\":\"ImageObject\",\"inLanguage\":\"en-US\",\"@id\":\"https:\/\/territorialchallenges.com\/#\/schema\/logo\/image\/\",\"url\":\"https:\/\/territorialchallenges.com\/wp-content\/uploads\/2023\/10\/logo-1.png\",\"contentUrl\":\"https:\/\/territorialchallenges.com\/wp-content\/uploads\/2023\/10\/logo-1.png\",\"width\":1832,\"height\":576,\"caption\":\"Territorial Challenges\"},\"image\":{\"@id\":\"https:\/\/territorialchallenges.com\/#\/schema\/logo\/image\/\"}},{\"@type\":\"Person\",\"@id\":\"https:\/\/territorialchallenges.com\/#\/schema\/person\/098f145c7c61a021c425e010f840080f\",\"name\":\"ni.abdi\",\"image\":{\"@type\":\"ImageObject\",\"inLanguage\":\"en-US\",\"@id\":\"https:\/\/territorialchallenges.com\/#\/schema\/person\/image\/\",\"url\":\"https:\/\/secure.gravatar.com\/avatar\/2a2f2491f3c80039986ba989b1e4b510?s=96&d=identicon&r=g\",\"contentUrl\":\"https:\/\/secure.gravatar.com\/avatar\/2a2f2491f3c80039986ba989b1e4b510?s=96&d=identicon&r=g\",\"caption\":\"ni.abdi\"},\"sameAs\":[\"https:\/\/twitter.com\/Ni.abdi\"],\"url\":\"https:\/\/territorialchallenges.com\/en\/author\/ni-abdi\/\"}]}<\/script>\n<!-- \/ Yoast SEO plugin. -->","yoast_head_json":{"title":"Zden\u011bk H\u0159ib, un jeune maire tr\u00e8s smart city \u00e0 Prague - Territorial Challenges","robots":{"index":"index","follow":"follow","max-snippet":"max-snippet:-1","max-image-preview":"max-image-preview:large","max-video-preview":"max-video-preview:-1"},"canonical":"https:\/\/territorialchallenges.com\/en\/2021\/09\/15\/zdenek-hrib-un-jeune-maire-tres-smart-city-a-prague\/86792\/","og_locale":"en_US","og_type":"article","og_title":"Zden\u011bk H\u0159ib, un jeune maire tr\u00e8s smart city \u00e0 Prague - Territorial Challenges","og_description":"Le maire de Prague, Zden\u011bk H\u0159ib, est entr\u00e9 dans le prestigieux classement des 28 personnes les plus influentes d&rsquo;Europe, \u00e9dit\u00e9 par le m\u00e9dia am\u00e9ricain Politico. L&rsquo;\u00e9dile de la capitale Tch\u00e8que, veut faire de sa cit\u00e9, une ville brillante et un phare d&rsquo;espoir. Zden\u011bk H\u0159ib est n\u00e9 en 1981 \u00e0 Slavi\u010d\u00edn, pr\u00e8s de Zlin et il [&hellip;]","og_url":"https:\/\/territorialchallenges.com\/en\/2021\/09\/15\/zdenek-hrib-un-jeune-maire-tres-smart-city-a-prague\/86792\/","og_site_name":"Territorial Challenges","article_published_time":"2021-09-15T15:56:57+00:00","article_modified_time":"2022-05-03T08:12:13+00:00","og_image":[{"width":1280,"height":720,"url":"https:\/\/territorialchallenges.com\/wp-content\/uploads\/2020\/12\/mairedeprague.jpg","type":"image\/jpeg"}],"author":"ni.abdi","twitter_card":"summary_large_image","twitter_creator":"@Ni.abdi","twitter_misc":{"Written by":"ni.abdi","Est. reading time":"3 minutes"},"schema":{"@context":"https:\/\/schema.org","@graph":[{"@type":"Article","@id":"https:\/\/territorialchallenges.com\/2021\/09\/15\/zdenek-hrib-un-jeune-maire-tres-smart-city-a-prague\/86792\/#article","isPartOf":{"@id":"https:\/\/territorialchallenges.com\/2021\/09\/15\/zdenek-hrib-un-jeune-maire-tres-smart-city-a-prague\/86792\/"},"author":{"name":"ni.abdi","@id":"https:\/\/territorialchallenges.com\/#\/schema\/person\/098f145c7c61a021c425e010f840080f"},"headline":"Zden\u011bk H\u0159ib, un jeune maire tr\u00e8s smart city \u00e0 Prague","datePublished":"2021-09-15T15:56:57+00:00","dateModified":"2022-05-03T08:12:13+00:00","mainEntityOfPage":{"@id":"https:\/\/territorialchallenges.com\/2021\/09\/15\/zdenek-hrib-un-jeune-maire-tres-smart-city-a-prague\/86792\/"},"wordCount":590,"commentCount":0,"publisher":{"@id":"https:\/\/territorialchallenges.com\/#organization"},"articleSection":["On parle d'eux","\u00c9cosyst\u00e8me"],"inLanguage":"en-US"},{"@type":"WebPage","@id":"https:\/\/territorialchallenges.com\/2021\/09\/15\/zdenek-hrib-un-jeune-maire-tres-smart-city-a-prague\/86792\/","url":"https:\/\/territorialchallenges.com\/2021\/09\/15\/zdenek-hrib-un-jeune-maire-tres-smart-city-a-prague\/86792\/","name":"Zden\u011bk H\u0159ib, un jeune maire tr\u00e8s smart city \u00e0 Prague - Territorial Challenges","isPartOf":{"@id":"https:\/\/territorialchallenges.com\/#website"},"datePublished":"2021-09-15T15:56:57+00:00","dateModified":"2022-05-03T08:12:13+00:00","breadcrumb":{"@id":"https:\/\/territorialchallenges.com\/2021\/09\/15\/zdenek-hrib-un-jeune-maire-tres-smart-city-a-prague\/86792\/#breadcrumb"},"inLanguage":"en-US","potentialAction":[{"@type":"ReadAction","target":["https:\/\/territorialchallenges.com\/2021\/09\/15\/zdenek-hrib-un-jeune-maire-tres-smart-city-a-prague\/86792\/"]}]},{"@type":"BreadcrumbList","@id":"https:\/\/territorialchallenges.com\/2021\/09\/15\/zdenek-hrib-un-jeune-maire-tres-smart-city-a-prague\/86792\/#breadcrumb","itemListElement":[{"@type":"ListItem","position":1,"name":"Home","item":"https:\/\/territorialchallenges.com\/"},{"@type":"ListItem","position":2,"name":"Zden\u011bk H\u0159ib, un jeune maire tr\u00e8s smart city \u00e0 Prague"}]},{"@type":"WebSite","@id":"https:\/\/territorialchallenges.com\/#website","url":"https:\/\/territorialchallenges.com\/","name":"Territorial Challenges","description":"Veille Internationale - Intelligent strategies - Best practices","publisher":{"@id":"https:\/\/territorialchallenges.com\/#organization"},"potentialAction":[{"@type":"SearchAction","target":{"@type":"EntryPoint","urlTemplate":"https:\/\/territorialchallenges.com\/?s={search_term_string}"},"query-input":"required name=search_term_string"}],"inLanguage":"en-US"},{"@type":"Organization","@id":"https:\/\/territorialchallenges.com\/#organization","name":"Territorial Challenges","url":"https:\/\/territorialchallenges.com\/","logo":{"@type":"ImageObject","inLanguage":"en-US","@id":"https:\/\/territorialchallenges.com\/#\/schema\/logo\/image\/","url":"https:\/\/territorialchallenges.com\/wp-content\/uploads\/2023\/10\/logo-1.png","contentUrl":"https:\/\/territorialchallenges.com\/wp-content\/uploads\/2023\/10\/logo-1.png","width":1832,"height":576,"caption":"Territorial Challenges"},"image":{"@id":"https:\/\/territorialchallenges.com\/#\/schema\/logo\/image\/"}},{"@type":"Person","@id":"https:\/\/territorialchallenges.com\/#\/schema\/person\/098f145c7c61a021c425e010f840080f","name":"ni.abdi","image":{"@type":"ImageObject","inLanguage":"en-US","@id":"https:\/\/territorialchallenges.com\/#\/schema\/person\/image\/","url":"https:\/\/secure.gravatar.com\/avatar\/2a2f2491f3c80039986ba989b1e4b510?s=96&d=identicon&r=g","contentUrl":"https:\/\/secure.gravatar.com\/avatar\/2a2f2491f3c80039986ba989b1e4b510?s=96&d=identicon&r=g","caption":"ni.abdi"},"sameAs":["https:\/\/twitter.com\/Ni.abdi"],"url":"https:\/\/territorialchallenges.com\/en\/author\/ni-abdi\/"}]}},"_links":{"self":[{"href":"https:\/\/territorialchallenges.com\/en\/wp-json\/wp\/v2\/posts\/86792"}],"collection":[{"href":"https:\/\/territorialchallenges.com\/en\/wp-json\/wp\/v2\/posts"}],"about":[{"href":"https:\/\/territorialchallenges.com\/en\/wp-json\/wp\/v2\/types\/post"}],"author":[{"embeddable":true,"href":"https:\/\/territorialchallenges.com\/en\/wp-json\/wp\/v2\/users\/11"}],"replies":[{"embeddable":true,"href":"https:\/\/territorialchallenges.com\/en\/wp-json\/wp\/v2\/comments?post=86792"}],"version-history":[{"count":3,"href":"https:\/\/territorialchallenges.com\/en\/wp-json\/wp\/v2\/posts\/86792\/revisions"}],"predecessor-version":[{"id":86801,"href":"https:\/\/territorialchallenges.com\/en\/wp-json\/wp\/v2\/posts\/86792\/revisions\/86801"}],"wp:featuredmedia":[{"embeddable":true,"href":"https:\/\/territorialchallenges.com\/en\/wp-json\/wp\/v2\/media\/86793"}],"wp:attachment":[{"href":"https:\/\/territorialchallenges.com\/en\/wp-json\/wp\/v2\/media?parent=86792"}],"wp:term":[{"taxonomy":"category","embeddable":true,"href":"https:\/\/territorialchallenges.com\/en\/wp-json\/wp\/v2\/categories?post=86792"},{"taxonomy":"post_tag","embeddable":true,"href":"https:\/\/territorialchallenges.com\/en\/wp-json\/wp\/v2\/tags?post=86792"}],"curies":[{"name":"wp","href":"https:\/\/api.w.org\/{rel}","templated":true}]}}