{"id":86669,"date":"2020-11-26T22:05:13","date_gmt":"2020-11-26T21:05:13","guid":{"rendered":"https:\/\/territorialchallenges.com\/?p=86669"},"modified":"2020-11-26T22:05:13","modified_gmt":"2020-11-26T21:05:13","slug":"louvain-ville-modele-de-linnovation-a-leuropeenne","status":"publish","type":"post","link":"https:\/\/territorialchallenges.com\/en\/2020\/11\/26\/louvain-ville-modele-de-linnovation-a-leuropeenne\/86669\/","title":{"rendered":"Leuven, a model city for European innovation"},"content":{"rendered":"<p>The Belgian city actively involves its citizens in creating and testing new ideas and has been praised for its groundbreaking collaboration model. In September, Leuven won the iCapital Prize for 2020. The annual competition organized by the European Commission awards \u20ac1 million to the European city that\u2026 <\/p>\n<div class=\"pmpro_content_message\">Article only viewable by subscribers.<br \/><a href=\"https:\/\/territorialchallenges.com\/wp-login.php\">Connection<\/a><br \/><a href=\"https:\/\/territorialchallenges.com\/en\/wp-login.php\/?action=register\">Register<\/a><\/div>","protected":false},"excerpt":{"rendered":"<p>La ville belge implique activement ses citoyens dans la cr\u00e9ation et le test de nouvelles id\u00e9es et a \u00e9t\u00e9 salu\u00e9e pour son mod\u00e8le de collaboration r\u00e9volutionnaire. En septembre, Louvain a remport\u00e9 le prix iCapital pour 2020. Le concours annuel organis\u00e9 par la Commission europ\u00e9enne donne 1 million d&rsquo;euros \u00e0 la ville du Vieux Continent qui... <\/p>\n<div class=\"pmpro_content_message\">Article only viewable by subscribers.<br \/><a href=\"https:\/\/territorialchallenges.com\/wp-login.php\">Connection<\/a><br \/><a href=\"https:\/\/territorialchallenges.com\/en\/wp-login.php\/?action=register\">Register<\/a><\/div>","protected":false},"author":11,"featured_media":86670,"comment_status":"open","ping_status":"open","sticky":true,"template":"","format":"standard","meta":{"pmpro_default_level":0,"footnotes":""},"categories":[120,117],"tags":[],"blocksy_meta":"","yoast_head":"<!-- This site is optimized with the Yoast SEO plugin v21.5 - https:\/\/yoast.com\/wordpress\/plugins\/seo\/ -->\n<title>Louvain, ville mod\u00e8le de l&#039;innovation \u00e0 l&#039;europ\u00e9enne - Territorial Challenges<\/title>\n<meta name=\"robots\" content=\"index, follow, max-snippet:-1, max-image-preview:large, max-video-preview:-1\" \/>\n<link rel=\"canonical\" href=\"https:\/\/territorialchallenges.com\/en\/2020\/11\/26\/louvain-ville-modele-de-linnovation-a-leuropeenne\/86669\/\" \/>\n<meta property=\"og:locale\" content=\"en_US\" \/>\n<meta property=\"og:type\" content=\"article\" \/>\n<meta property=\"og:title\" content=\"Louvain, ville mod\u00e8le de l&#039;innovation \u00e0 l&#039;europ\u00e9enne - Territorial Challenges\" \/>\n<meta property=\"og:description\" content=\"La ville belge implique activement ses citoyens dans la cr\u00e9ation et le test de nouvelles id\u00e9es et a \u00e9t\u00e9 salu\u00e9e pour son mod\u00e8le de collaboration r\u00e9volutionnaire. En septembre, Louvain a remport\u00e9 le prix iCapital pour 2020. Le concours annuel organis\u00e9 par la Commission europ\u00e9enne donne 1 million d&rsquo;euros \u00e0 la ville du Vieux Continent qui [&hellip;]\" \/>\n<meta property=\"og:url\" content=\"https:\/\/territorialchallenges.com\/en\/2020\/11\/26\/louvain-ville-modele-de-linnovation-a-leuropeenne\/86669\/\" \/>\n<meta property=\"og:site_name\" content=\"Territorial Challenges\" \/>\n<meta property=\"article:published_time\" content=\"2020-11-26T21:05:13+00:00\" \/>\n<meta property=\"og:image\" content=\"https:\/\/territorialchallenges.com\/wp-content\/uploads\/2020\/11\/louvainsilsestpassea.jpg\" \/>\n\t<meta property=\"og:image:width\" content=\"1024\" \/>\n\t<meta property=\"og:image:height\" content=\"684\" \/>\n\t<meta property=\"og:image:type\" content=\"image\/jpeg\" \/>\n<meta name=\"author\" content=\"ni.abdi\" \/>\n<meta name=\"twitter:card\" content=\"summary_large_image\" \/>\n<meta name=\"twitter:creator\" content=\"@Ni.abdi\" \/>\n<meta name=\"twitter:label1\" content=\"Written by\" \/>\n\t<meta name=\"twitter:data1\" content=\"ni.abdi\" \/>\n\t<meta name=\"twitter:label2\" content=\"Est. reading time\" \/>\n\t<meta name=\"twitter:data2\" content=\"3 minutes\" \/>\n<script type=\"application\/ld+json\" class=\"yoast-schema-graph\">{\"@context\":\"https:\/\/schema.org\",\"@graph\":[{\"@type\":\"Article\",\"@id\":\"https:\/\/territorialchallenges.com\/2020\/11\/26\/louvain-ville-modele-de-linnovation-a-leuropeenne\/86669\/#article\",\"isPartOf\":{\"@id\":\"https:\/\/territorialchallenges.com\/2020\/11\/26\/louvain-ville-modele-de-linnovation-a-leuropeenne\/86669\/\"},\"author\":{\"name\":\"ni.abdi\",\"@id\":\"https:\/\/territorialchallenges.com\/#\/schema\/person\/098f145c7c61a021c425e010f840080f\"},\"headline\":\"Louvain, ville mod\u00e8le de l&rsquo;innovation \u00e0 l&rsquo;europ\u00e9enne\",\"datePublished\":\"2020-11-26T21:05:13+00:00\",\"dateModified\":\"2020-11-26T21:05:13+00:00\",\"mainEntityOfPage\":{\"@id\":\"https:\/\/territorialchallenges.com\/2020\/11\/26\/louvain-ville-modele-de-linnovation-a-leuropeenne\/86669\/\"},\"wordCount\":578,\"commentCount\":0,\"publisher\":{\"@id\":\"https:\/\/territorialchallenges.com\/#organization\"},\"articleSection\":[\"Il s'est pass\u00e9 \u00e0\",\"\u00c9cosyst\u00e8me\"],\"inLanguage\":\"en-US\"},{\"@type\":\"WebPage\",\"@id\":\"https:\/\/territorialchallenges.com\/2020\/11\/26\/louvain-ville-modele-de-linnovation-a-leuropeenne\/86669\/\",\"url\":\"https:\/\/territorialchallenges.com\/2020\/11\/26\/louvain-ville-modele-de-linnovation-a-leuropeenne\/86669\/\",\"name\":\"Louvain, ville mod\u00e8le de l'innovation \u00e0 l'europ\u00e9enne - Territorial Challenges\",\"isPartOf\":{\"@id\":\"https:\/\/territorialchallenges.com\/#website\"},\"datePublished\":\"2020-11-26T21:05:13+00:00\",\"dateModified\":\"2020-11-26T21:05:13+00:00\",\"breadcrumb\":{\"@id\":\"https:\/\/territorialchallenges.com\/2020\/11\/26\/louvain-ville-modele-de-linnovation-a-leuropeenne\/86669\/#breadcrumb\"},\"inLanguage\":\"en-US\",\"potentialAction\":[{\"@type\":\"ReadAction\",\"target\":[\"https:\/\/territorialchallenges.com\/2020\/11\/26\/louvain-ville-modele-de-linnovation-a-leuropeenne\/86669\/\"]}]},{\"@type\":\"BreadcrumbList\",\"@id\":\"https:\/\/territorialchallenges.com\/2020\/11\/26\/louvain-ville-modele-de-linnovation-a-leuropeenne\/86669\/#breadcrumb\",\"itemListElement\":[{\"@type\":\"ListItem\",\"position\":1,\"name\":\"Home\",\"item\":\"https:\/\/territorialchallenges.com\/\"},{\"@type\":\"ListItem\",\"position\":2,\"name\":\"Louvain, ville mod\u00e8le de l&rsquo;innovation \u00e0 l&rsquo;europ\u00e9enne\"}]},{\"@type\":\"WebSite\",\"@id\":\"https:\/\/territorialchallenges.com\/#website\",\"url\":\"https:\/\/territorialchallenges.com\/\",\"name\":\"Territorial Challenges\",\"description\":\"Veille Internationale - Strat\u00e9gie Intelligentes - Bonnes pratiques\",\"publisher\":{\"@id\":\"https:\/\/territorialchallenges.com\/#organization\"},\"potentialAction\":[{\"@type\":\"SearchAction\",\"target\":{\"@type\":\"EntryPoint\",\"urlTemplate\":\"https:\/\/territorialchallenges.com\/?s={search_term_string}\"},\"query-input\":\"required name=search_term_string\"}],\"inLanguage\":\"en-US\"},{\"@type\":\"Organization\",\"@id\":\"https:\/\/territorialchallenges.com\/#organization\",\"name\":\"Territorial Challenges\",\"url\":\"https:\/\/territorialchallenges.com\/\",\"logo\":{\"@type\":\"ImageObject\",\"inLanguage\":\"en-US\",\"@id\":\"https:\/\/territorialchallenges.com\/#\/schema\/logo\/image\/\",\"url\":\"https:\/\/territorialchallenges.com\/wp-content\/uploads\/2023\/10\/logo-1.png\",\"contentUrl\":\"https:\/\/territorialchallenges.com\/wp-content\/uploads\/2023\/10\/logo-1.png\",\"width\":1832,\"height\":576,\"caption\":\"Territorial Challenges\"},\"image\":{\"@id\":\"https:\/\/territorialchallenges.com\/#\/schema\/logo\/image\/\"}},{\"@type\":\"Person\",\"@id\":\"https:\/\/territorialchallenges.com\/#\/schema\/person\/098f145c7c61a021c425e010f840080f\",\"name\":\"ni.abdi\",\"image\":{\"@type\":\"ImageObject\",\"inLanguage\":\"en-US\",\"@id\":\"https:\/\/territorialchallenges.com\/#\/schema\/person\/image\/\",\"url\":\"https:\/\/secure.gravatar.com\/avatar\/2a2f2491f3c80039986ba989b1e4b510?s=96&d=identicon&r=g\",\"contentUrl\":\"https:\/\/secure.gravatar.com\/avatar\/2a2f2491f3c80039986ba989b1e4b510?s=96&d=identicon&r=g\",\"caption\":\"ni.abdi\"},\"sameAs\":[\"https:\/\/twitter.com\/Ni.abdi\"],\"url\":\"https:\/\/territorialchallenges.com\/en\/author\/ni-abdi\/\"}]}<\/script>\n<!-- \/ Yoast SEO plugin. -->","yoast_head_json":{"title":"Louvain, ville mod\u00e8le de l'innovation \u00e0 l'europ\u00e9enne - Territorial Challenges","robots":{"index":"index","follow":"follow","max-snippet":"max-snippet:-1","max-image-preview":"max-image-preview:large","max-video-preview":"max-video-preview:-1"},"canonical":"https:\/\/territorialchallenges.com\/en\/2020\/11\/26\/louvain-ville-modele-de-linnovation-a-leuropeenne\/86669\/","og_locale":"en_US","og_type":"article","og_title":"Louvain, ville mod\u00e8le de l'innovation \u00e0 l'europ\u00e9enne - Territorial Challenges","og_description":"La ville belge implique activement ses citoyens dans la cr\u00e9ation et le test de nouvelles id\u00e9es et a \u00e9t\u00e9 salu\u00e9e pour son mod\u00e8le de collaboration r\u00e9volutionnaire. En septembre, Louvain a remport\u00e9 le prix iCapital pour 2020. Le concours annuel organis\u00e9 par la Commission europ\u00e9enne donne 1 million d&rsquo;euros \u00e0 la ville du Vieux Continent qui [&hellip;]","og_url":"https:\/\/territorialchallenges.com\/en\/2020\/11\/26\/louvain-ville-modele-de-linnovation-a-leuropeenne\/86669\/","og_site_name":"Territorial Challenges","article_published_time":"2020-11-26T21:05:13+00:00","og_image":[{"width":1024,"height":684,"url":"https:\/\/territorialchallenges.com\/wp-content\/uploads\/2020\/11\/louvainsilsestpassea.jpg","type":"image\/jpeg"}],"author":"ni.abdi","twitter_card":"summary_large_image","twitter_creator":"@Ni.abdi","twitter_misc":{"Written by":"ni.abdi","Est. reading time":"3 minutes"},"schema":{"@context":"https:\/\/schema.org","@graph":[{"@type":"Article","@id":"https:\/\/territorialchallenges.com\/2020\/11\/26\/louvain-ville-modele-de-linnovation-a-leuropeenne\/86669\/#article","isPartOf":{"@id":"https:\/\/territorialchallenges.com\/2020\/11\/26\/louvain-ville-modele-de-linnovation-a-leuropeenne\/86669\/"},"author":{"name":"ni.abdi","@id":"https:\/\/territorialchallenges.com\/#\/schema\/person\/098f145c7c61a021c425e010f840080f"},"headline":"Louvain, ville mod\u00e8le de l&rsquo;innovation \u00e0 l&rsquo;europ\u00e9enne","datePublished":"2020-11-26T21:05:13+00:00","dateModified":"2020-11-26T21:05:13+00:00","mainEntityOfPage":{"@id":"https:\/\/territorialchallenges.com\/2020\/11\/26\/louvain-ville-modele-de-linnovation-a-leuropeenne\/86669\/"},"wordCount":578,"commentCount":0,"publisher":{"@id":"https:\/\/territorialchallenges.com\/#organization"},"articleSection":["Il s'est pass\u00e9 \u00e0","\u00c9cosyst\u00e8me"],"inLanguage":"en-US"},{"@type":"WebPage","@id":"https:\/\/territorialchallenges.com\/2020\/11\/26\/louvain-ville-modele-de-linnovation-a-leuropeenne\/86669\/","url":"https:\/\/territorialchallenges.com\/2020\/11\/26\/louvain-ville-modele-de-linnovation-a-leuropeenne\/86669\/","name":"Louvain, ville mod\u00e8le de l'innovation \u00e0 l'europ\u00e9enne - Territorial Challenges","isPartOf":{"@id":"https:\/\/territorialchallenges.com\/#website"},"datePublished":"2020-11-26T21:05:13+00:00","dateModified":"2020-11-26T21:05:13+00:00","breadcrumb":{"@id":"https:\/\/territorialchallenges.com\/2020\/11\/26\/louvain-ville-modele-de-linnovation-a-leuropeenne\/86669\/#breadcrumb"},"inLanguage":"en-US","potentialAction":[{"@type":"ReadAction","target":["https:\/\/territorialchallenges.com\/2020\/11\/26\/louvain-ville-modele-de-linnovation-a-leuropeenne\/86669\/"]}]},{"@type":"BreadcrumbList","@id":"https:\/\/territorialchallenges.com\/2020\/11\/26\/louvain-ville-modele-de-linnovation-a-leuropeenne\/86669\/#breadcrumb","itemListElement":[{"@type":"ListItem","position":1,"name":"Home","item":"https:\/\/territorialchallenges.com\/"},{"@type":"ListItem","position":2,"name":"Louvain, ville mod\u00e8le de l&rsquo;innovation \u00e0 l&rsquo;europ\u00e9enne"}]},{"@type":"WebSite","@id":"https:\/\/territorialchallenges.com\/#website","url":"https:\/\/territorialchallenges.com\/","name":"Territorial Challenges","description":"Veille Internationale - Intelligent strategies - Best practices","publisher":{"@id":"https:\/\/territorialchallenges.com\/#organization"},"potentialAction":[{"@type":"SearchAction","target":{"@type":"EntryPoint","urlTemplate":"https:\/\/territorialchallenges.com\/?s={search_term_string}"},"query-input":"required name=search_term_string"}],"inLanguage":"en-US"},{"@type":"Organization","@id":"https:\/\/territorialchallenges.com\/#organization","name":"Territorial Challenges","url":"https:\/\/territorialchallenges.com\/","logo":{"@type":"ImageObject","inLanguage":"en-US","@id":"https:\/\/territorialchallenges.com\/#\/schema\/logo\/image\/","url":"https:\/\/territorialchallenges.com\/wp-content\/uploads\/2023\/10\/logo-1.png","contentUrl":"https:\/\/territorialchallenges.com\/wp-content\/uploads\/2023\/10\/logo-1.png","width":1832,"height":576,"caption":"Territorial Challenges"},"image":{"@id":"https:\/\/territorialchallenges.com\/#\/schema\/logo\/image\/"}},{"@type":"Person","@id":"https:\/\/territorialchallenges.com\/#\/schema\/person\/098f145c7c61a021c425e010f840080f","name":"ni.abdi","image":{"@type":"ImageObject","inLanguage":"en-US","@id":"https:\/\/territorialchallenges.com\/#\/schema\/person\/image\/","url":"https:\/\/secure.gravatar.com\/avatar\/2a2f2491f3c80039986ba989b1e4b510?s=96&d=identicon&r=g","contentUrl":"https:\/\/secure.gravatar.com\/avatar\/2a2f2491f3c80039986ba989b1e4b510?s=96&d=identicon&r=g","caption":"ni.abdi"},"sameAs":["https:\/\/twitter.com\/Ni.abdi"],"url":"https:\/\/territorialchallenges.com\/en\/author\/ni-abdi\/"}]}},"_links":{"self":[{"href":"https:\/\/territorialchallenges.com\/en\/wp-json\/wp\/v2\/posts\/86669"}],"collection":[{"href":"https:\/\/territorialchallenges.com\/en\/wp-json\/wp\/v2\/posts"}],"about":[{"href":"https:\/\/territorialchallenges.com\/en\/wp-json\/wp\/v2\/types\/post"}],"author":[{"embeddable":true,"href":"https:\/\/territorialchallenges.com\/en\/wp-json\/wp\/v2\/users\/11"}],"replies":[{"embeddable":true,"href":"https:\/\/territorialchallenges.com\/en\/wp-json\/wp\/v2\/comments?post=86669"}],"version-history":[{"count":1,"href":"https:\/\/territorialchallenges.com\/en\/wp-json\/wp\/v2\/posts\/86669\/revisions"}],"predecessor-version":[{"id":86674,"href":"https:\/\/territorialchallenges.com\/en\/wp-json\/wp\/v2\/posts\/86669\/revisions\/86674"}],"wp:featuredmedia":[{"embeddable":true,"href":"https:\/\/territorialchallenges.com\/en\/wp-json\/wp\/v2\/media\/86670"}],"wp:attachment":[{"href":"https:\/\/territorialchallenges.com\/en\/wp-json\/wp\/v2\/media?parent=86669"}],"wp:term":[{"taxonomy":"category","embeddable":true,"href":"https:\/\/territorialchallenges.com\/en\/wp-json\/wp\/v2\/categories?post=86669"},{"taxonomy":"post_tag","embeddable":true,"href":"https:\/\/territorialchallenges.com\/en\/wp-json\/wp\/v2\/tags?post=86669"}],"curies":[{"name":"wp","href":"https:\/\/api.w.org\/{rel}","templated":true}]}}