{"id":86266,"date":"2020-09-27T18:39:47","date_gmt":"2020-09-27T16:39:47","guid":{"rendered":"https:\/\/territorialchallenges.com\/?p=86266"},"modified":"2020-09-28T16:25:23","modified_gmt":"2020-09-28T14:25:23","slug":"la-6g-est-deja-dans-les-laboratoires-des-equipementiers-telecoms","status":"publish","type":"post","link":"https:\/\/territorialchallenges.com\/en\/2020\/09\/27\/la-6g-est-deja-dans-les-laboratoires-des-equipementiers-telecoms\/86266\/","title":{"rendered":"6G is already in the laboratories of telecom equipment manufacturers"},"content":{"rendered":"<p>The 5G network boom is expected in 2020, but smartphones equipped with this technology have long since been introduced. And while Europeans are still testing the fifth generation of networks, telecom equipment companies are already on the sixth generation. The planet hasn&#039;t even moved to the latest... <\/p>\n<div class=\"pmpro_content_message\">Article only viewable by subscribers.<br \/><a href=\"https:\/\/territorialchallenges.com\/wp-login.php\">Connection<\/a><br \/><a href=\"https:\/\/territorialchallenges.com\/en\/wp-login.php\/?action=register\">Register<\/a><\/div>","protected":false},"excerpt":{"rendered":"<p>Le boom des r\u00e9seaux 5G est attendu pour cette ann\u00e9e 2020, mais les smartphones dot\u00e9s de cette technologie ont d\u00e9j\u00e0 \u00e9t\u00e9 introduits depuis longtemps. Et alors que les europ\u00e9ens testent toujours la cinqui\u00e8me g\u00e9n\u00e9ration de r\u00e9seaux, les soci\u00e9t\u00e9s d&rsquo;\u00e9quipements des t\u00e9l\u00e9coms sont d\u00e9j\u00e0 sur la sixi\u00e8me g\u00e9n\u00e9ration. La plan\u00e8te n&rsquo;est m\u00eame pas pass\u00e9e au dernier... <\/p>\n<div class=\"pmpro_content_message\">Article only viewable by subscribers.<br \/><a href=\"https:\/\/territorialchallenges.com\/wp-login.php\">Connection<\/a><br \/><a href=\"https:\/\/territorialchallenges.com\/en\/wp-login.php\/?action=register\">Register<\/a><\/div>","protected":false},"author":11,"featured_media":86267,"comment_status":"open","ping_status":"open","sticky":true,"template":"","format":"standard","meta":{"pmpro_default_level":0,"footnotes":""},"categories":[16,127],"tags":[],"blocksy_meta":"","yoast_head":"<!-- This site is optimized with the Yoast SEO plugin v21.5 - https:\/\/yoast.com\/wordpress\/plugins\/seo\/ -->\n<title>La 6G est d\u00e9j\u00e0 dans les laboratoires des \u00e9quipementiers t\u00e9l\u00e9coms - Territorial Challenges<\/title>\n<meta name=\"robots\" content=\"index, follow, max-snippet:-1, max-image-preview:large, max-video-preview:-1\" \/>\n<link rel=\"canonical\" href=\"https:\/\/territorialchallenges.com\/en\/2020\/09\/27\/la-6g-est-deja-dans-les-laboratoires-des-equipementiers-telecoms\/86266\/\" \/>\n<meta property=\"og:locale\" content=\"en_US\" \/>\n<meta property=\"og:type\" content=\"article\" \/>\n<meta property=\"og:title\" content=\"La 6G est d\u00e9j\u00e0 dans les laboratoires des \u00e9quipementiers t\u00e9l\u00e9coms - Territorial Challenges\" \/>\n<meta property=\"og:description\" content=\"Le boom des r\u00e9seaux 5G est attendu pour cette ann\u00e9e 2020, mais les smartphones dot\u00e9s de cette technologie ont d\u00e9j\u00e0 \u00e9t\u00e9 introduits depuis longtemps. Et alors que les europ\u00e9ens testent toujours la cinqui\u00e8me g\u00e9n\u00e9ration de r\u00e9seaux, les soci\u00e9t\u00e9s d&rsquo;\u00e9quipements des t\u00e9l\u00e9coms sont d\u00e9j\u00e0 sur la sixi\u00e8me g\u00e9n\u00e9ration. La plan\u00e8te n&rsquo;est m\u00eame pas pass\u00e9e au dernier [&hellip;]\" \/>\n<meta property=\"og:url\" content=\"https:\/\/territorialchallenges.com\/en\/2020\/09\/27\/la-6g-est-deja-dans-les-laboratoires-des-equipementiers-telecoms\/86266\/\" \/>\n<meta property=\"og:site_name\" content=\"Territorial Challenges\" \/>\n<meta property=\"article:published_time\" content=\"2020-09-27T16:39:47+00:00\" \/>\n<meta property=\"article:modified_time\" content=\"2020-09-28T14:25:23+00:00\" \/>\n<meta property=\"og:image\" content=\"https:\/\/territorialchallenges.com\/wp-content\/uploads\/2020\/09\/iot.jpg\" \/>\n\t<meta property=\"og:image:width\" content=\"1920\" \/>\n\t<meta property=\"og:image:height\" content=\"1280\" \/>\n\t<meta property=\"og:image:type\" content=\"image\/jpeg\" \/>\n<meta name=\"author\" content=\"ni.abdi\" \/>\n<meta name=\"twitter:card\" content=\"summary_large_image\" \/>\n<meta name=\"twitter:creator\" content=\"@Ni.abdi\" \/>\n<meta name=\"twitter:label1\" content=\"Written by\" \/>\n\t<meta name=\"twitter:data1\" content=\"ni.abdi\" \/>\n\t<meta name=\"twitter:label2\" content=\"Est. reading time\" \/>\n\t<meta name=\"twitter:data2\" content=\"3 minutes\" \/>\n<script type=\"application\/ld+json\" class=\"yoast-schema-graph\">{\"@context\":\"https:\/\/schema.org\",\"@graph\":[{\"@type\":\"Article\",\"@id\":\"https:\/\/territorialchallenges.com\/2020\/09\/27\/la-6g-est-deja-dans-les-laboratoires-des-equipementiers-telecoms\/86266\/#article\",\"isPartOf\":{\"@id\":\"https:\/\/territorialchallenges.com\/2020\/09\/27\/la-6g-est-deja-dans-les-laboratoires-des-equipementiers-telecoms\/86266\/\"},\"author\":{\"name\":\"ni.abdi\",\"@id\":\"https:\/\/territorialchallenges.com\/#\/schema\/person\/098f145c7c61a021c425e010f840080f\"},\"headline\":\"La 6G est d\u00e9j\u00e0 dans les laboratoires des \u00e9quipementiers t\u00e9l\u00e9coms\",\"datePublished\":\"2020-09-27T16:39:47+00:00\",\"dateModified\":\"2020-09-28T14:25:23+00:00\",\"mainEntityOfPage\":{\"@id\":\"https:\/\/territorialchallenges.com\/2020\/09\/27\/la-6g-est-deja-dans-les-laboratoires-des-equipementiers-telecoms\/86266\/\"},\"wordCount\":628,\"commentCount\":0,\"publisher\":{\"@id\":\"https:\/\/territorialchallenges.com\/#organization\"},\"articleSection\":[\"Donn\u00e9es\/Objets Connect\u00e9s\",\"Actualit\u00e9 Europe\"],\"inLanguage\":\"en-US\"},{\"@type\":\"WebPage\",\"@id\":\"https:\/\/territorialchallenges.com\/2020\/09\/27\/la-6g-est-deja-dans-les-laboratoires-des-equipementiers-telecoms\/86266\/\",\"url\":\"https:\/\/territorialchallenges.com\/2020\/09\/27\/la-6g-est-deja-dans-les-laboratoires-des-equipementiers-telecoms\/86266\/\",\"name\":\"La 6G est d\u00e9j\u00e0 dans les laboratoires des \u00e9quipementiers t\u00e9l\u00e9coms - Territorial Challenges\",\"isPartOf\":{\"@id\":\"https:\/\/territorialchallenges.com\/#website\"},\"datePublished\":\"2020-09-27T16:39:47+00:00\",\"dateModified\":\"2020-09-28T14:25:23+00:00\",\"breadcrumb\":{\"@id\":\"https:\/\/territorialchallenges.com\/2020\/09\/27\/la-6g-est-deja-dans-les-laboratoires-des-equipementiers-telecoms\/86266\/#breadcrumb\"},\"inLanguage\":\"en-US\",\"potentialAction\":[{\"@type\":\"ReadAction\",\"target\":[\"https:\/\/territorialchallenges.com\/2020\/09\/27\/la-6g-est-deja-dans-les-laboratoires-des-equipementiers-telecoms\/86266\/\"]}]},{\"@type\":\"BreadcrumbList\",\"@id\":\"https:\/\/territorialchallenges.com\/2020\/09\/27\/la-6g-est-deja-dans-les-laboratoires-des-equipementiers-telecoms\/86266\/#breadcrumb\",\"itemListElement\":[{\"@type\":\"ListItem\",\"position\":1,\"name\":\"Home\",\"item\":\"https:\/\/territorialchallenges.com\/\"},{\"@type\":\"ListItem\",\"position\":2,\"name\":\"La 6G est d\u00e9j\u00e0 dans les laboratoires des \u00e9quipementiers t\u00e9l\u00e9coms\"}]},{\"@type\":\"WebSite\",\"@id\":\"https:\/\/territorialchallenges.com\/#website\",\"url\":\"https:\/\/territorialchallenges.com\/\",\"name\":\"Territorial Challenges\",\"description\":\"Veille Internationale - Strat\u00e9gie Intelligentes - Bonnes pratiques\",\"publisher\":{\"@id\":\"https:\/\/territorialchallenges.com\/#organization\"},\"potentialAction\":[{\"@type\":\"SearchAction\",\"target\":{\"@type\":\"EntryPoint\",\"urlTemplate\":\"https:\/\/territorialchallenges.com\/?s={search_term_string}\"},\"query-input\":\"required name=search_term_string\"}],\"inLanguage\":\"en-US\"},{\"@type\":\"Organization\",\"@id\":\"https:\/\/territorialchallenges.com\/#organization\",\"name\":\"Territorial Challenges\",\"url\":\"https:\/\/territorialchallenges.com\/\",\"logo\":{\"@type\":\"ImageObject\",\"inLanguage\":\"en-US\",\"@id\":\"https:\/\/territorialchallenges.com\/#\/schema\/logo\/image\/\",\"url\":\"https:\/\/territorialchallenges.com\/wp-content\/uploads\/2023\/10\/logo-1.png\",\"contentUrl\":\"https:\/\/territorialchallenges.com\/wp-content\/uploads\/2023\/10\/logo-1.png\",\"width\":1832,\"height\":576,\"caption\":\"Territorial Challenges\"},\"image\":{\"@id\":\"https:\/\/territorialchallenges.com\/#\/schema\/logo\/image\/\"}},{\"@type\":\"Person\",\"@id\":\"https:\/\/territorialchallenges.com\/#\/schema\/person\/098f145c7c61a021c425e010f840080f\",\"name\":\"ni.abdi\",\"image\":{\"@type\":\"ImageObject\",\"inLanguage\":\"en-US\",\"@id\":\"https:\/\/territorialchallenges.com\/#\/schema\/person\/image\/\",\"url\":\"https:\/\/secure.gravatar.com\/avatar\/2a2f2491f3c80039986ba989b1e4b510?s=96&d=identicon&r=g\",\"contentUrl\":\"https:\/\/secure.gravatar.com\/avatar\/2a2f2491f3c80039986ba989b1e4b510?s=96&d=identicon&r=g\",\"caption\":\"ni.abdi\"},\"sameAs\":[\"https:\/\/twitter.com\/Ni.abdi\"],\"url\":\"https:\/\/territorialchallenges.com\/en\/author\/ni-abdi\/\"}]}<\/script>\n<!-- \/ Yoast SEO plugin. -->","yoast_head_json":{"title":"La 6G est d\u00e9j\u00e0 dans les laboratoires des \u00e9quipementiers t\u00e9l\u00e9coms - Territorial Challenges","robots":{"index":"index","follow":"follow","max-snippet":"max-snippet:-1","max-image-preview":"max-image-preview:large","max-video-preview":"max-video-preview:-1"},"canonical":"https:\/\/territorialchallenges.com\/en\/2020\/09\/27\/la-6g-est-deja-dans-les-laboratoires-des-equipementiers-telecoms\/86266\/","og_locale":"en_US","og_type":"article","og_title":"La 6G est d\u00e9j\u00e0 dans les laboratoires des \u00e9quipementiers t\u00e9l\u00e9coms - Territorial Challenges","og_description":"Le boom des r\u00e9seaux 5G est attendu pour cette ann\u00e9e 2020, mais les smartphones dot\u00e9s de cette technologie ont d\u00e9j\u00e0 \u00e9t\u00e9 introduits depuis longtemps. Et alors que les europ\u00e9ens testent toujours la cinqui\u00e8me g\u00e9n\u00e9ration de r\u00e9seaux, les soci\u00e9t\u00e9s d&rsquo;\u00e9quipements des t\u00e9l\u00e9coms sont d\u00e9j\u00e0 sur la sixi\u00e8me g\u00e9n\u00e9ration. La plan\u00e8te n&rsquo;est m\u00eame pas pass\u00e9e au dernier [&hellip;]","og_url":"https:\/\/territorialchallenges.com\/en\/2020\/09\/27\/la-6g-est-deja-dans-les-laboratoires-des-equipementiers-telecoms\/86266\/","og_site_name":"Territorial Challenges","article_published_time":"2020-09-27T16:39:47+00:00","article_modified_time":"2020-09-28T14:25:23+00:00","og_image":[{"width":1920,"height":1280,"url":"https:\/\/territorialchallenges.com\/wp-content\/uploads\/2020\/09\/iot.jpg","type":"image\/jpeg"}],"author":"ni.abdi","twitter_card":"summary_large_image","twitter_creator":"@Ni.abdi","twitter_misc":{"Written by":"ni.abdi","Est. reading time":"3 minutes"},"schema":{"@context":"https:\/\/schema.org","@graph":[{"@type":"Article","@id":"https:\/\/territorialchallenges.com\/2020\/09\/27\/la-6g-est-deja-dans-les-laboratoires-des-equipementiers-telecoms\/86266\/#article","isPartOf":{"@id":"https:\/\/territorialchallenges.com\/2020\/09\/27\/la-6g-est-deja-dans-les-laboratoires-des-equipementiers-telecoms\/86266\/"},"author":{"name":"ni.abdi","@id":"https:\/\/territorialchallenges.com\/#\/schema\/person\/098f145c7c61a021c425e010f840080f"},"headline":"La 6G est d\u00e9j\u00e0 dans les laboratoires des \u00e9quipementiers t\u00e9l\u00e9coms","datePublished":"2020-09-27T16:39:47+00:00","dateModified":"2020-09-28T14:25:23+00:00","mainEntityOfPage":{"@id":"https:\/\/territorialchallenges.com\/2020\/09\/27\/la-6g-est-deja-dans-les-laboratoires-des-equipementiers-telecoms\/86266\/"},"wordCount":628,"commentCount":0,"publisher":{"@id":"https:\/\/territorialchallenges.com\/#organization"},"articleSection":["Donn\u00e9es\/Objets Connect\u00e9s","Actualit\u00e9 Europe"],"inLanguage":"en-US"},{"@type":"WebPage","@id":"https:\/\/territorialchallenges.com\/2020\/09\/27\/la-6g-est-deja-dans-les-laboratoires-des-equipementiers-telecoms\/86266\/","url":"https:\/\/territorialchallenges.com\/2020\/09\/27\/la-6g-est-deja-dans-les-laboratoires-des-equipementiers-telecoms\/86266\/","name":"La 6G est d\u00e9j\u00e0 dans les laboratoires des \u00e9quipementiers t\u00e9l\u00e9coms - Territorial Challenges","isPartOf":{"@id":"https:\/\/territorialchallenges.com\/#website"},"datePublished":"2020-09-27T16:39:47+00:00","dateModified":"2020-09-28T14:25:23+00:00","breadcrumb":{"@id":"https:\/\/territorialchallenges.com\/2020\/09\/27\/la-6g-est-deja-dans-les-laboratoires-des-equipementiers-telecoms\/86266\/#breadcrumb"},"inLanguage":"en-US","potentialAction":[{"@type":"ReadAction","target":["https:\/\/territorialchallenges.com\/2020\/09\/27\/la-6g-est-deja-dans-les-laboratoires-des-equipementiers-telecoms\/86266\/"]}]},{"@type":"BreadcrumbList","@id":"https:\/\/territorialchallenges.com\/2020\/09\/27\/la-6g-est-deja-dans-les-laboratoires-des-equipementiers-telecoms\/86266\/#breadcrumb","itemListElement":[{"@type":"ListItem","position":1,"name":"Home","item":"https:\/\/territorialchallenges.com\/"},{"@type":"ListItem","position":2,"name":"La 6G est d\u00e9j\u00e0 dans les laboratoires des \u00e9quipementiers t\u00e9l\u00e9coms"}]},{"@type":"WebSite","@id":"https:\/\/territorialchallenges.com\/#website","url":"https:\/\/territorialchallenges.com\/","name":"Territorial Challenges","description":"Veille Internationale - Intelligent strategies - Best practices","publisher":{"@id":"https:\/\/territorialchallenges.com\/#organization"},"potentialAction":[{"@type":"SearchAction","target":{"@type":"EntryPoint","urlTemplate":"https:\/\/territorialchallenges.com\/?s={search_term_string}"},"query-input":"required name=search_term_string"}],"inLanguage":"en-US"},{"@type":"Organization","@id":"https:\/\/territorialchallenges.com\/#organization","name":"Territorial Challenges","url":"https:\/\/territorialchallenges.com\/","logo":{"@type":"ImageObject","inLanguage":"en-US","@id":"https:\/\/territorialchallenges.com\/#\/schema\/logo\/image\/","url":"https:\/\/territorialchallenges.com\/wp-content\/uploads\/2023\/10\/logo-1.png","contentUrl":"https:\/\/territorialchallenges.com\/wp-content\/uploads\/2023\/10\/logo-1.png","width":1832,"height":576,"caption":"Territorial Challenges"},"image":{"@id":"https:\/\/territorialchallenges.com\/#\/schema\/logo\/image\/"}},{"@type":"Person","@id":"https:\/\/territorialchallenges.com\/#\/schema\/person\/098f145c7c61a021c425e010f840080f","name":"ni.abdi","image":{"@type":"ImageObject","inLanguage":"en-US","@id":"https:\/\/territorialchallenges.com\/#\/schema\/person\/image\/","url":"https:\/\/secure.gravatar.com\/avatar\/2a2f2491f3c80039986ba989b1e4b510?s=96&d=identicon&r=g","contentUrl":"https:\/\/secure.gravatar.com\/avatar\/2a2f2491f3c80039986ba989b1e4b510?s=96&d=identicon&r=g","caption":"ni.abdi"},"sameAs":["https:\/\/twitter.com\/Ni.abdi"],"url":"https:\/\/territorialchallenges.com\/en\/author\/ni-abdi\/"}]}},"_links":{"self":[{"href":"https:\/\/territorialchallenges.com\/en\/wp-json\/wp\/v2\/posts\/86266"}],"collection":[{"href":"https:\/\/territorialchallenges.com\/en\/wp-json\/wp\/v2\/posts"}],"about":[{"href":"https:\/\/territorialchallenges.com\/en\/wp-json\/wp\/v2\/types\/post"}],"author":[{"embeddable":true,"href":"https:\/\/territorialchallenges.com\/en\/wp-json\/wp\/v2\/users\/11"}],"replies":[{"embeddable":true,"href":"https:\/\/territorialchallenges.com\/en\/wp-json\/wp\/v2\/comments?post=86266"}],"version-history":[{"count":4,"href":"https:\/\/territorialchallenges.com\/en\/wp-json\/wp\/v2\/posts\/86266\/revisions"}],"predecessor-version":[{"id":86274,"href":"https:\/\/territorialchallenges.com\/en\/wp-json\/wp\/v2\/posts\/86266\/revisions\/86274"}],"wp:featuredmedia":[{"embeddable":true,"href":"https:\/\/territorialchallenges.com\/en\/wp-json\/wp\/v2\/media\/86267"}],"wp:attachment":[{"href":"https:\/\/territorialchallenges.com\/en\/wp-json\/wp\/v2\/media?parent=86266"}],"wp:term":[{"taxonomy":"category","embeddable":true,"href":"https:\/\/territorialchallenges.com\/en\/wp-json\/wp\/v2\/categories?post=86266"},{"taxonomy":"post_tag","embeddable":true,"href":"https:\/\/territorialchallenges.com\/en\/wp-json\/wp\/v2\/tags?post=86266"}],"curies":[{"name":"wp","href":"https:\/\/api.w.org\/{rel}","templated":true}]}}