{"id":86047,"date":"2020-08-27T17:39:27","date_gmt":"2020-08-27T15:39:27","guid":{"rendered":"https:\/\/territorialchallenges.com\/?p=86047"},"modified":"2020-08-27T17:39:27","modified_gmt":"2020-08-27T15:39:27","slug":"allemagne-etude-et-inquietude-sur-la-securite-dans-les-villes-intelligentes","status":"publish","type":"post","link":"https:\/\/territorialchallenges.com\/en\/2020\/08\/27\/allemagne-etude-et-inquietude-sur-la-securite-dans-les-villes-intelligentes\/86047\/","title":{"rendered":"Germany: Study and concern about security in smart cities"},"content":{"rendered":"<p>Last February, the Federal Office for Information Security (BSI) launched a study to support eight German cities in their smart city initiatives. The focus was on security and infrastructure. Smart applications can make city living more comfortable, efficient, and secure. But concerns\u2026 <\/p>\n<div class=\"pmpro_content_message\">Article only viewable by subscribers.<br \/><a href=\"https:\/\/territorialchallenges.com\/wp-login.php\">Connection<\/a><br \/><a href=\"https:\/\/territorialchallenges.com\/en\/wp-login.php\/?action=register\">Register<\/a><\/div>","protected":false},"excerpt":{"rendered":"<p>En f\u00e9vrtier dernier, l&rsquo;Office f\u00e9d\u00e9ral de la s\u00e9curit\u00e9 de l&rsquo;information (BSI), a lanc\u00e9 une \u00e9tude en soutient \u00e0 huit villes allemandes dans leurs initiatives en territoires intelligents. L&rsquo;accent a \u00e9t\u00e9 mis sur la s\u00e9curit\u00e9 et les infrastructures. Les applications intelligentes peuvent rendre le s\u00e9jour en ville plus confortable, plus efficace et plus s\u00fbr. Mais l&rsquo;inqui\u00e9tude... <\/p>\n<div class=\"pmpro_content_message\">Article only viewable by subscribers.<br \/><a href=\"https:\/\/territorialchallenges.com\/wp-login.php\">Connection<\/a><br \/><a href=\"https:\/\/territorialchallenges.com\/en\/wp-login.php\/?action=register\">Register<\/a><\/div>","protected":false},"author":11,"featured_media":86049,"comment_status":"open","ping_status":"open","sticky":true,"template":"","format":"standard","meta":{"pmpro_default_level":0,"footnotes":""},"categories":[16,127],"tags":[],"blocksy_meta":"","yoast_head":"<!-- This site is optimized with the Yoast SEO plugin v21.5 - https:\/\/yoast.com\/wordpress\/plugins\/seo\/ -->\n<title>Allemagne: \u00e9tude et inqui\u00e9tude sur la s\u00e9curit\u00e9 dans les villes intelligentes - Territorial Challenges<\/title>\n<meta name=\"robots\" content=\"index, follow, max-snippet:-1, max-image-preview:large, max-video-preview:-1\" \/>\n<link rel=\"canonical\" href=\"https:\/\/territorialchallenges.com\/en\/2020\/08\/27\/allemagne-etude-et-inquietude-sur-la-securite-dans-les-villes-intelligentes\/86047\/\" \/>\n<meta property=\"og:locale\" content=\"en_US\" \/>\n<meta property=\"og:type\" content=\"article\" \/>\n<meta property=\"og:title\" content=\"Allemagne: \u00e9tude et inqui\u00e9tude sur la s\u00e9curit\u00e9 dans les villes intelligentes - Territorial Challenges\" \/>\n<meta property=\"og:description\" content=\"En f\u00e9vrtier dernier, l&rsquo;Office f\u00e9d\u00e9ral de la s\u00e9curit\u00e9 de l&rsquo;information (BSI), a lanc\u00e9 une \u00e9tude en soutient \u00e0 huit villes allemandes dans leurs initiatives en territoires intelligents. L&rsquo;accent a \u00e9t\u00e9 mis sur la s\u00e9curit\u00e9 et les infrastructures. Les applications intelligentes peuvent rendre le s\u00e9jour en ville plus confortable, plus efficace et plus s\u00fbr. Mais l&rsquo;inqui\u00e9tude [&hellip;]\" \/>\n<meta property=\"og:url\" content=\"https:\/\/territorialchallenges.com\/en\/2020\/08\/27\/allemagne-etude-et-inquietude-sur-la-securite-dans-les-villes-intelligentes\/86047\/\" \/>\n<meta property=\"og:site_name\" content=\"Territorial Challenges\" \/>\n<meta property=\"article:published_time\" content=\"2020-08-27T15:39:27+00:00\" \/>\n<meta property=\"og:image\" content=\"https:\/\/territorialchallenges.com\/wp-content\/uploads\/2020\/08\/police-4266839_1920.jpg\" \/>\n\t<meta property=\"og:image:width\" content=\"1920\" \/>\n\t<meta property=\"og:image:height\" content=\"1280\" \/>\n\t<meta property=\"og:image:type\" content=\"image\/jpeg\" \/>\n<meta name=\"author\" content=\"ni.abdi\" \/>\n<meta name=\"twitter:card\" content=\"summary_large_image\" \/>\n<meta name=\"twitter:creator\" content=\"@Ni.abdi\" \/>\n<meta name=\"twitter:label1\" content=\"Written by\" \/>\n\t<meta name=\"twitter:data1\" content=\"ni.abdi\" \/>\n\t<meta name=\"twitter:label2\" content=\"Est. reading time\" \/>\n\t<meta name=\"twitter:data2\" content=\"2 minutes\" \/>\n<script type=\"application\/ld+json\" class=\"yoast-schema-graph\">{\"@context\":\"https:\/\/schema.org\",\"@graph\":[{\"@type\":\"Article\",\"@id\":\"https:\/\/territorialchallenges.com\/2020\/08\/27\/allemagne-etude-et-inquietude-sur-la-securite-dans-les-villes-intelligentes\/86047\/#article\",\"isPartOf\":{\"@id\":\"https:\/\/territorialchallenges.com\/2020\/08\/27\/allemagne-etude-et-inquietude-sur-la-securite-dans-les-villes-intelligentes\/86047\/\"},\"author\":{\"name\":\"ni.abdi\",\"@id\":\"https:\/\/territorialchallenges.com\/#\/schema\/person\/098f145c7c61a021c425e010f840080f\"},\"headline\":\"Allemagne: \u00e9tude et inqui\u00e9tude sur la s\u00e9curit\u00e9 dans les villes intelligentes\",\"datePublished\":\"2020-08-27T15:39:27+00:00\",\"dateModified\":\"2020-08-27T15:39:27+00:00\",\"mainEntityOfPage\":{\"@id\":\"https:\/\/territorialchallenges.com\/2020\/08\/27\/allemagne-etude-et-inquietude-sur-la-securite-dans-les-villes-intelligentes\/86047\/\"},\"wordCount\":384,\"commentCount\":0,\"publisher\":{\"@id\":\"https:\/\/territorialchallenges.com\/#organization\"},\"articleSection\":[\"Donn\u00e9es\/Objets Connect\u00e9s\",\"Actualit\u00e9 Europe\"],\"inLanguage\":\"en-US\"},{\"@type\":\"WebPage\",\"@id\":\"https:\/\/territorialchallenges.com\/2020\/08\/27\/allemagne-etude-et-inquietude-sur-la-securite-dans-les-villes-intelligentes\/86047\/\",\"url\":\"https:\/\/territorialchallenges.com\/2020\/08\/27\/allemagne-etude-et-inquietude-sur-la-securite-dans-les-villes-intelligentes\/86047\/\",\"name\":\"Allemagne: \u00e9tude et inqui\u00e9tude sur la s\u00e9curit\u00e9 dans les villes intelligentes - Territorial Challenges\",\"isPartOf\":{\"@id\":\"https:\/\/territorialchallenges.com\/#website\"},\"datePublished\":\"2020-08-27T15:39:27+00:00\",\"dateModified\":\"2020-08-27T15:39:27+00:00\",\"breadcrumb\":{\"@id\":\"https:\/\/territorialchallenges.com\/2020\/08\/27\/allemagne-etude-et-inquietude-sur-la-securite-dans-les-villes-intelligentes\/86047\/#breadcrumb\"},\"inLanguage\":\"en-US\",\"potentialAction\":[{\"@type\":\"ReadAction\",\"target\":[\"https:\/\/territorialchallenges.com\/2020\/08\/27\/allemagne-etude-et-inquietude-sur-la-securite-dans-les-villes-intelligentes\/86047\/\"]}]},{\"@type\":\"BreadcrumbList\",\"@id\":\"https:\/\/territorialchallenges.com\/2020\/08\/27\/allemagne-etude-et-inquietude-sur-la-securite-dans-les-villes-intelligentes\/86047\/#breadcrumb\",\"itemListElement\":[{\"@type\":\"ListItem\",\"position\":1,\"name\":\"Home\",\"item\":\"https:\/\/territorialchallenges.com\/\"},{\"@type\":\"ListItem\",\"position\":2,\"name\":\"Allemagne: \u00e9tude et inqui\u00e9tude sur la s\u00e9curit\u00e9 dans les villes intelligentes\"}]},{\"@type\":\"WebSite\",\"@id\":\"https:\/\/territorialchallenges.com\/#website\",\"url\":\"https:\/\/territorialchallenges.com\/\",\"name\":\"Territorial Challenges\",\"description\":\"Veille Internationale - Strat\u00e9gie Intelligentes - Bonnes pratiques\",\"publisher\":{\"@id\":\"https:\/\/territorialchallenges.com\/#organization\"},\"potentialAction\":[{\"@type\":\"SearchAction\",\"target\":{\"@type\":\"EntryPoint\",\"urlTemplate\":\"https:\/\/territorialchallenges.com\/?s={search_term_string}\"},\"query-input\":\"required name=search_term_string\"}],\"inLanguage\":\"en-US\"},{\"@type\":\"Organization\",\"@id\":\"https:\/\/territorialchallenges.com\/#organization\",\"name\":\"Territorial Challenges\",\"url\":\"https:\/\/territorialchallenges.com\/\",\"logo\":{\"@type\":\"ImageObject\",\"inLanguage\":\"en-US\",\"@id\":\"https:\/\/territorialchallenges.com\/#\/schema\/logo\/image\/\",\"url\":\"https:\/\/territorialchallenges.com\/wp-content\/uploads\/2023\/10\/logo-1.png\",\"contentUrl\":\"https:\/\/territorialchallenges.com\/wp-content\/uploads\/2023\/10\/logo-1.png\",\"width\":1832,\"height\":576,\"caption\":\"Territorial Challenges\"},\"image\":{\"@id\":\"https:\/\/territorialchallenges.com\/#\/schema\/logo\/image\/\"}},{\"@type\":\"Person\",\"@id\":\"https:\/\/territorialchallenges.com\/#\/schema\/person\/098f145c7c61a021c425e010f840080f\",\"name\":\"ni.abdi\",\"image\":{\"@type\":\"ImageObject\",\"inLanguage\":\"en-US\",\"@id\":\"https:\/\/territorialchallenges.com\/#\/schema\/person\/image\/\",\"url\":\"https:\/\/secure.gravatar.com\/avatar\/2a2f2491f3c80039986ba989b1e4b510?s=96&d=identicon&r=g\",\"contentUrl\":\"https:\/\/secure.gravatar.com\/avatar\/2a2f2491f3c80039986ba989b1e4b510?s=96&d=identicon&r=g\",\"caption\":\"ni.abdi\"},\"sameAs\":[\"https:\/\/twitter.com\/Ni.abdi\"],\"url\":\"https:\/\/territorialchallenges.com\/en\/author\/ni-abdi\/\"}]}<\/script>\n<!-- \/ Yoast SEO plugin. -->","yoast_head_json":{"title":"Allemagne: \u00e9tude et inqui\u00e9tude sur la s\u00e9curit\u00e9 dans les villes intelligentes - Territorial Challenges","robots":{"index":"index","follow":"follow","max-snippet":"max-snippet:-1","max-image-preview":"max-image-preview:large","max-video-preview":"max-video-preview:-1"},"canonical":"https:\/\/territorialchallenges.com\/en\/2020\/08\/27\/allemagne-etude-et-inquietude-sur-la-securite-dans-les-villes-intelligentes\/86047\/","og_locale":"en_US","og_type":"article","og_title":"Allemagne: \u00e9tude et inqui\u00e9tude sur la s\u00e9curit\u00e9 dans les villes intelligentes - Territorial Challenges","og_description":"En f\u00e9vrtier dernier, l&rsquo;Office f\u00e9d\u00e9ral de la s\u00e9curit\u00e9 de l&rsquo;information (BSI), a lanc\u00e9 une \u00e9tude en soutient \u00e0 huit villes allemandes dans leurs initiatives en territoires intelligents. L&rsquo;accent a \u00e9t\u00e9 mis sur la s\u00e9curit\u00e9 et les infrastructures. Les applications intelligentes peuvent rendre le s\u00e9jour en ville plus confortable, plus efficace et plus s\u00fbr. Mais l&rsquo;inqui\u00e9tude [&hellip;]","og_url":"https:\/\/territorialchallenges.com\/en\/2020\/08\/27\/allemagne-etude-et-inquietude-sur-la-securite-dans-les-villes-intelligentes\/86047\/","og_site_name":"Territorial Challenges","article_published_time":"2020-08-27T15:39:27+00:00","og_image":[{"width":1920,"height":1280,"url":"https:\/\/territorialchallenges.com\/wp-content\/uploads\/2020\/08\/police-4266839_1920.jpg","type":"image\/jpeg"}],"author":"ni.abdi","twitter_card":"summary_large_image","twitter_creator":"@Ni.abdi","twitter_misc":{"Written by":"ni.abdi","Est. reading time":"2 minutes"},"schema":{"@context":"https:\/\/schema.org","@graph":[{"@type":"Article","@id":"https:\/\/territorialchallenges.com\/2020\/08\/27\/allemagne-etude-et-inquietude-sur-la-securite-dans-les-villes-intelligentes\/86047\/#article","isPartOf":{"@id":"https:\/\/territorialchallenges.com\/2020\/08\/27\/allemagne-etude-et-inquietude-sur-la-securite-dans-les-villes-intelligentes\/86047\/"},"author":{"name":"ni.abdi","@id":"https:\/\/territorialchallenges.com\/#\/schema\/person\/098f145c7c61a021c425e010f840080f"},"headline":"Allemagne: \u00e9tude et inqui\u00e9tude sur la s\u00e9curit\u00e9 dans les villes intelligentes","datePublished":"2020-08-27T15:39:27+00:00","dateModified":"2020-08-27T15:39:27+00:00","mainEntityOfPage":{"@id":"https:\/\/territorialchallenges.com\/2020\/08\/27\/allemagne-etude-et-inquietude-sur-la-securite-dans-les-villes-intelligentes\/86047\/"},"wordCount":384,"commentCount":0,"publisher":{"@id":"https:\/\/territorialchallenges.com\/#organization"},"articleSection":["Donn\u00e9es\/Objets Connect\u00e9s","Actualit\u00e9 Europe"],"inLanguage":"en-US"},{"@type":"WebPage","@id":"https:\/\/territorialchallenges.com\/2020\/08\/27\/allemagne-etude-et-inquietude-sur-la-securite-dans-les-villes-intelligentes\/86047\/","url":"https:\/\/territorialchallenges.com\/2020\/08\/27\/allemagne-etude-et-inquietude-sur-la-securite-dans-les-villes-intelligentes\/86047\/","name":"Allemagne: \u00e9tude et inqui\u00e9tude sur la s\u00e9curit\u00e9 dans les villes intelligentes - Territorial Challenges","isPartOf":{"@id":"https:\/\/territorialchallenges.com\/#website"},"datePublished":"2020-08-27T15:39:27+00:00","dateModified":"2020-08-27T15:39:27+00:00","breadcrumb":{"@id":"https:\/\/territorialchallenges.com\/2020\/08\/27\/allemagne-etude-et-inquietude-sur-la-securite-dans-les-villes-intelligentes\/86047\/#breadcrumb"},"inLanguage":"en-US","potentialAction":[{"@type":"ReadAction","target":["https:\/\/territorialchallenges.com\/2020\/08\/27\/allemagne-etude-et-inquietude-sur-la-securite-dans-les-villes-intelligentes\/86047\/"]}]},{"@type":"BreadcrumbList","@id":"https:\/\/territorialchallenges.com\/2020\/08\/27\/allemagne-etude-et-inquietude-sur-la-securite-dans-les-villes-intelligentes\/86047\/#breadcrumb","itemListElement":[{"@type":"ListItem","position":1,"name":"Home","item":"https:\/\/territorialchallenges.com\/"},{"@type":"ListItem","position":2,"name":"Allemagne: \u00e9tude et inqui\u00e9tude sur la s\u00e9curit\u00e9 dans les villes intelligentes"}]},{"@type":"WebSite","@id":"https:\/\/territorialchallenges.com\/#website","url":"https:\/\/territorialchallenges.com\/","name":"Territorial Challenges","description":"Veille Internationale - Intelligent strategies - Best practices","publisher":{"@id":"https:\/\/territorialchallenges.com\/#organization"},"potentialAction":[{"@type":"SearchAction","target":{"@type":"EntryPoint","urlTemplate":"https:\/\/territorialchallenges.com\/?s={search_term_string}"},"query-input":"required name=search_term_string"}],"inLanguage":"en-US"},{"@type":"Organization","@id":"https:\/\/territorialchallenges.com\/#organization","name":"Territorial Challenges","url":"https:\/\/territorialchallenges.com\/","logo":{"@type":"ImageObject","inLanguage":"en-US","@id":"https:\/\/territorialchallenges.com\/#\/schema\/logo\/image\/","url":"https:\/\/territorialchallenges.com\/wp-content\/uploads\/2023\/10\/logo-1.png","contentUrl":"https:\/\/territorialchallenges.com\/wp-content\/uploads\/2023\/10\/logo-1.png","width":1832,"height":576,"caption":"Territorial Challenges"},"image":{"@id":"https:\/\/territorialchallenges.com\/#\/schema\/logo\/image\/"}},{"@type":"Person","@id":"https:\/\/territorialchallenges.com\/#\/schema\/person\/098f145c7c61a021c425e010f840080f","name":"ni.abdi","image":{"@type":"ImageObject","inLanguage":"en-US","@id":"https:\/\/territorialchallenges.com\/#\/schema\/person\/image\/","url":"https:\/\/secure.gravatar.com\/avatar\/2a2f2491f3c80039986ba989b1e4b510?s=96&d=identicon&r=g","contentUrl":"https:\/\/secure.gravatar.com\/avatar\/2a2f2491f3c80039986ba989b1e4b510?s=96&d=identicon&r=g","caption":"ni.abdi"},"sameAs":["https:\/\/twitter.com\/Ni.abdi"],"url":"https:\/\/territorialchallenges.com\/en\/author\/ni-abdi\/"}]}},"_links":{"self":[{"href":"https:\/\/territorialchallenges.com\/en\/wp-json\/wp\/v2\/posts\/86047"}],"collection":[{"href":"https:\/\/territorialchallenges.com\/en\/wp-json\/wp\/v2\/posts"}],"about":[{"href":"https:\/\/territorialchallenges.com\/en\/wp-json\/wp\/v2\/types\/post"}],"author":[{"embeddable":true,"href":"https:\/\/territorialchallenges.com\/en\/wp-json\/wp\/v2\/users\/11"}],"replies":[{"embeddable":true,"href":"https:\/\/territorialchallenges.com\/en\/wp-json\/wp\/v2\/comments?post=86047"}],"version-history":[{"count":1,"href":"https:\/\/territorialchallenges.com\/en\/wp-json\/wp\/v2\/posts\/86047\/revisions"}],"predecessor-version":[{"id":86053,"href":"https:\/\/territorialchallenges.com\/en\/wp-json\/wp\/v2\/posts\/86047\/revisions\/86053"}],"wp:featuredmedia":[{"embeddable":true,"href":"https:\/\/territorialchallenges.com\/en\/wp-json\/wp\/v2\/media\/86049"}],"wp:attachment":[{"href":"https:\/\/territorialchallenges.com\/en\/wp-json\/wp\/v2\/media?parent=86047"}],"wp:term":[{"taxonomy":"category","embeddable":true,"href":"https:\/\/territorialchallenges.com\/en\/wp-json\/wp\/v2\/categories?post=86047"},{"taxonomy":"post_tag","embeddable":true,"href":"https:\/\/territorialchallenges.com\/en\/wp-json\/wp\/v2\/tags?post=86047"}],"curies":[{"name":"wp","href":"https:\/\/api.w.org\/{rel}","templated":true}]}}