{"id":85523,"date":"2020-05-11T22:20:18","date_gmt":"2020-05-11T20:20:18","guid":{"rendered":"https:\/\/territorialchallenges.com\/?p=85523"},"modified":"2020-05-12T12:56:37","modified_gmt":"2020-05-12T10:56:37","slug":"anlyse-du-marche-des-compteurs-intelligents-denergie-jusquen-2026","status":"publish","type":"post","link":"https:\/\/territorialchallenges.com\/en\/2020\/05\/11\/anlyse-du-marche-des-compteurs-intelligents-denergie-jusquen-2026\/85523\/","title":{"rendered":"Smart Energy Meter Market Analysis to 2026"},"content":{"rendered":"<p>Future Growth of Smart Meters Market by In-Depth Industry Analysis, Size, Trends and Forecast to 2026. Energy Transition Meters Market has recently been added by Verified Market Research to its rich catalog of studies. This latest study report, includes research based on current scenarios, historical records and future forecasts\u2026 <\/p>\n<div class=\"pmpro_content_message\">Article only viewable by subscribers.<br \/><a href=\"https:\/\/territorialchallenges.com\/wp-login.php\">Connection<\/a><br \/><a href=\"https:\/\/territorialchallenges.com\/en\/wp-login.php\/?action=register\">Register<\/a><\/div>","protected":false},"excerpt":{"rendered":"<p>La croissance future du march\u00e9 des compteurs intelligents par analyse approfondie de l&rsquo;industrie, taille, tendances et pr\u00e9visions jusqu&rsquo;en 2026. Transition \u00c9nerg\u00e9tique Meters Market a r\u00e9cemment \u00e9t\u00e9 ajout\u00e9 par Verified Market Research \u00e0 son riche catalogue d&rsquo;\u00e9tudes. Ce derniuer rapport d&rsquo;\u00e9tude, comprend des recherches bas\u00e9es sur des sc\u00e9narios actuels, des enregistrements historiques et des pr\u00e9visions futures... <\/p>\n<div class=\"pmpro_content_message\">Article only viewable by subscribers.<br \/><a href=\"https:\/\/territorialchallenges.com\/wp-login.php\">Connection<\/a><br \/><a href=\"https:\/\/territorialchallenges.com\/en\/wp-login.php\/?action=register\">Register<\/a><\/div>","protected":false},"author":11,"featured_media":85525,"comment_status":"open","ping_status":"open","sticky":true,"template":"","format":"standard","meta":{"pmpro_default_level":0,"footnotes":""},"categories":[18,124],"tags":[],"blocksy_meta":"","yoast_head":"<!-- This site is optimized with the Yoast SEO plugin v21.5 - https:\/\/yoast.com\/wordpress\/plugins\/seo\/ -->\n<title>Analyse du march\u00e9 des compteurs intelligents d&#039;\u00e9nergie jusqu&#039;en 2026 - Territorial Challenges<\/title>\n<meta name=\"robots\" content=\"index, follow, max-snippet:-1, max-image-preview:large, max-video-preview:-1\" \/>\n<link rel=\"canonical\" href=\"https:\/\/territorialchallenges.com\/en\/2020\/05\/11\/anlyse-du-marche-des-compteurs-intelligents-denergie-jusquen-2026\/85523\/\" \/>\n<meta property=\"og:locale\" content=\"en_US\" \/>\n<meta property=\"og:type\" content=\"article\" \/>\n<meta property=\"og:title\" content=\"Analyse du march\u00e9 des compteurs intelligents d&#039;\u00e9nergie jusqu&#039;en 2026 - Territorial Challenges\" \/>\n<meta property=\"og:description\" content=\"La croissance future du march\u00e9 des compteurs intelligents par analyse approfondie de l&rsquo;industrie, taille, tendances et pr\u00e9visions jusqu&rsquo;en 2026. Transition \u00c9nerg\u00e9tique Meters Market a r\u00e9cemment \u00e9t\u00e9 ajout\u00e9 par Verified Market Research \u00e0 son riche catalogue d&rsquo;\u00e9tudes. Ce derniuer rapport d&rsquo;\u00e9tude, comprend des recherches bas\u00e9es sur des sc\u00e9narios actuels, des enregistrements historiques et des pr\u00e9visions futures [&hellip;]\" \/>\n<meta property=\"og:url\" content=\"https:\/\/territorialchallenges.com\/en\/2020\/05\/11\/anlyse-du-marche-des-compteurs-intelligents-denergie-jusquen-2026\/85523\/\" \/>\n<meta property=\"og:site_name\" content=\"Territorial Challenges\" \/>\n<meta property=\"article:published_time\" content=\"2020-05-11T20:20:18+00:00\" \/>\n<meta property=\"article:modified_time\" content=\"2020-05-12T10:56:37+00:00\" \/>\n<meta property=\"og:image\" content=\"https:\/\/territorialchallenges.com\/wp-content\/uploads\/2020\/05\/meter.jpg\" \/>\n\t<meta property=\"og:image:width\" content=\"1920\" \/>\n\t<meta property=\"og:image:height\" content=\"1280\" \/>\n\t<meta property=\"og:image:type\" content=\"image\/jpeg\" \/>\n<meta name=\"author\" content=\"ni.abdi\" \/>\n<meta name=\"twitter:card\" content=\"summary_large_image\" \/>\n<meta name=\"twitter:creator\" content=\"@Ni.abdi\" \/>\n<meta name=\"twitter:label1\" content=\"Written by\" \/>\n\t<meta name=\"twitter:data1\" content=\"ni.abdi\" \/>\n\t<meta name=\"twitter:label2\" content=\"Est. reading time\" \/>\n\t<meta name=\"twitter:data2\" content=\"5 minutes\" \/>\n<script type=\"application\/ld+json\" class=\"yoast-schema-graph\">{\"@context\":\"https:\/\/schema.org\",\"@graph\":[{\"@type\":\"Article\",\"@id\":\"https:\/\/territorialchallenges.com\/2020\/05\/11\/anlyse-du-marche-des-compteurs-intelligents-denergie-jusquen-2026\/85523\/#article\",\"isPartOf\":{\"@id\":\"https:\/\/territorialchallenges.com\/2020\/05\/11\/anlyse-du-marche-des-compteurs-intelligents-denergie-jusquen-2026\/85523\/\"},\"author\":{\"name\":\"ni.abdi\",\"@id\":\"https:\/\/territorialchallenges.com\/#\/schema\/person\/098f145c7c61a021c425e010f840080f\"},\"headline\":\"Analyse du march\u00e9 des compteurs intelligents d&rsquo;\u00e9nergie jusqu&rsquo;en 2026\",\"datePublished\":\"2020-05-11T20:20:18+00:00\",\"dateModified\":\"2020-05-12T10:56:37+00:00\",\"mainEntityOfPage\":{\"@id\":\"https:\/\/territorialchallenges.com\/2020\/05\/11\/anlyse-du-marche-des-compteurs-intelligents-denergie-jusquen-2026\/85523\/\"},\"wordCount\":965,\"commentCount\":0,\"publisher\":{\"@id\":\"https:\/\/territorialchallenges.com\/#organization\"},\"articleSection\":[\"Transition \u00c9nerg\u00e9tique\",\"Actualit\u00e9 internationale\"],\"inLanguage\":\"en-US\"},{\"@type\":\"WebPage\",\"@id\":\"https:\/\/territorialchallenges.com\/2020\/05\/11\/anlyse-du-marche-des-compteurs-intelligents-denergie-jusquen-2026\/85523\/\",\"url\":\"https:\/\/territorialchallenges.com\/2020\/05\/11\/anlyse-du-marche-des-compteurs-intelligents-denergie-jusquen-2026\/85523\/\",\"name\":\"Analyse du march\u00e9 des compteurs intelligents d'\u00e9nergie jusqu'en 2026 - Territorial Challenges\",\"isPartOf\":{\"@id\":\"https:\/\/territorialchallenges.com\/#website\"},\"datePublished\":\"2020-05-11T20:20:18+00:00\",\"dateModified\":\"2020-05-12T10:56:37+00:00\",\"breadcrumb\":{\"@id\":\"https:\/\/territorialchallenges.com\/2020\/05\/11\/anlyse-du-marche-des-compteurs-intelligents-denergie-jusquen-2026\/85523\/#breadcrumb\"},\"inLanguage\":\"en-US\",\"potentialAction\":[{\"@type\":\"ReadAction\",\"target\":[\"https:\/\/territorialchallenges.com\/2020\/05\/11\/anlyse-du-marche-des-compteurs-intelligents-denergie-jusquen-2026\/85523\/\"]}]},{\"@type\":\"BreadcrumbList\",\"@id\":\"https:\/\/territorialchallenges.com\/2020\/05\/11\/anlyse-du-marche-des-compteurs-intelligents-denergie-jusquen-2026\/85523\/#breadcrumb\",\"itemListElement\":[{\"@type\":\"ListItem\",\"position\":1,\"name\":\"Home\",\"item\":\"https:\/\/territorialchallenges.com\/\"},{\"@type\":\"ListItem\",\"position\":2,\"name\":\"Analyse du march\u00e9 des compteurs intelligents d&rsquo;\u00e9nergie jusqu&rsquo;en 2026\"}]},{\"@type\":\"WebSite\",\"@id\":\"https:\/\/territorialchallenges.com\/#website\",\"url\":\"https:\/\/territorialchallenges.com\/\",\"name\":\"Territorial Challenges\",\"description\":\"Veille Internationale - Strat\u00e9gie Intelligentes - Bonnes pratiques\",\"publisher\":{\"@id\":\"https:\/\/territorialchallenges.com\/#organization\"},\"potentialAction\":[{\"@type\":\"SearchAction\",\"target\":{\"@type\":\"EntryPoint\",\"urlTemplate\":\"https:\/\/territorialchallenges.com\/?s={search_term_string}\"},\"query-input\":\"required name=search_term_string\"}],\"inLanguage\":\"en-US\"},{\"@type\":\"Organization\",\"@id\":\"https:\/\/territorialchallenges.com\/#organization\",\"name\":\"Territorial Challenges\",\"url\":\"https:\/\/territorialchallenges.com\/\",\"logo\":{\"@type\":\"ImageObject\",\"inLanguage\":\"en-US\",\"@id\":\"https:\/\/territorialchallenges.com\/#\/schema\/logo\/image\/\",\"url\":\"https:\/\/territorialchallenges.com\/wp-content\/uploads\/2023\/10\/logo-1.png\",\"contentUrl\":\"https:\/\/territorialchallenges.com\/wp-content\/uploads\/2023\/10\/logo-1.png\",\"width\":1832,\"height\":576,\"caption\":\"Territorial Challenges\"},\"image\":{\"@id\":\"https:\/\/territorialchallenges.com\/#\/schema\/logo\/image\/\"}},{\"@type\":\"Person\",\"@id\":\"https:\/\/territorialchallenges.com\/#\/schema\/person\/098f145c7c61a021c425e010f840080f\",\"name\":\"ni.abdi\",\"image\":{\"@type\":\"ImageObject\",\"inLanguage\":\"en-US\",\"@id\":\"https:\/\/territorialchallenges.com\/#\/schema\/person\/image\/\",\"url\":\"https:\/\/secure.gravatar.com\/avatar\/2a2f2491f3c80039986ba989b1e4b510?s=96&d=identicon&r=g\",\"contentUrl\":\"https:\/\/secure.gravatar.com\/avatar\/2a2f2491f3c80039986ba989b1e4b510?s=96&d=identicon&r=g\",\"caption\":\"ni.abdi\"},\"sameAs\":[\"https:\/\/twitter.com\/Ni.abdi\"],\"url\":\"https:\/\/territorialchallenges.com\/en\/author\/ni-abdi\/\"}]}<\/script>\n<!-- \/ Yoast SEO plugin. -->","yoast_head_json":{"title":"Analyse du march\u00e9 des compteurs intelligents d'\u00e9nergie jusqu'en 2026 - Territorial Challenges","robots":{"index":"index","follow":"follow","max-snippet":"max-snippet:-1","max-image-preview":"max-image-preview:large","max-video-preview":"max-video-preview:-1"},"canonical":"https:\/\/territorialchallenges.com\/en\/2020\/05\/11\/anlyse-du-marche-des-compteurs-intelligents-denergie-jusquen-2026\/85523\/","og_locale":"en_US","og_type":"article","og_title":"Analyse du march\u00e9 des compteurs intelligents d'\u00e9nergie jusqu'en 2026 - Territorial Challenges","og_description":"La croissance future du march\u00e9 des compteurs intelligents par analyse approfondie de l&rsquo;industrie, taille, tendances et pr\u00e9visions jusqu&rsquo;en 2026. Transition \u00c9nerg\u00e9tique Meters Market a r\u00e9cemment \u00e9t\u00e9 ajout\u00e9 par Verified Market Research \u00e0 son riche catalogue d&rsquo;\u00e9tudes. Ce derniuer rapport d&rsquo;\u00e9tude, comprend des recherches bas\u00e9es sur des sc\u00e9narios actuels, des enregistrements historiques et des pr\u00e9visions futures [&hellip;]","og_url":"https:\/\/territorialchallenges.com\/en\/2020\/05\/11\/anlyse-du-marche-des-compteurs-intelligents-denergie-jusquen-2026\/85523\/","og_site_name":"Territorial Challenges","article_published_time":"2020-05-11T20:20:18+00:00","article_modified_time":"2020-05-12T10:56:37+00:00","og_image":[{"width":1920,"height":1280,"url":"https:\/\/territorialchallenges.com\/wp-content\/uploads\/2020\/05\/meter.jpg","type":"image\/jpeg"}],"author":"ni.abdi","twitter_card":"summary_large_image","twitter_creator":"@Ni.abdi","twitter_misc":{"Written by":"ni.abdi","Est. reading time":"5 minutes"},"schema":{"@context":"https:\/\/schema.org","@graph":[{"@type":"Article","@id":"https:\/\/territorialchallenges.com\/2020\/05\/11\/anlyse-du-marche-des-compteurs-intelligents-denergie-jusquen-2026\/85523\/#article","isPartOf":{"@id":"https:\/\/territorialchallenges.com\/2020\/05\/11\/anlyse-du-marche-des-compteurs-intelligents-denergie-jusquen-2026\/85523\/"},"author":{"name":"ni.abdi","@id":"https:\/\/territorialchallenges.com\/#\/schema\/person\/098f145c7c61a021c425e010f840080f"},"headline":"Analyse du march\u00e9 des compteurs intelligents d&rsquo;\u00e9nergie jusqu&rsquo;en 2026","datePublished":"2020-05-11T20:20:18+00:00","dateModified":"2020-05-12T10:56:37+00:00","mainEntityOfPage":{"@id":"https:\/\/territorialchallenges.com\/2020\/05\/11\/anlyse-du-marche-des-compteurs-intelligents-denergie-jusquen-2026\/85523\/"},"wordCount":965,"commentCount":0,"publisher":{"@id":"https:\/\/territorialchallenges.com\/#organization"},"articleSection":["Transition \u00c9nerg\u00e9tique","Actualit\u00e9 internationale"],"inLanguage":"en-US"},{"@type":"WebPage","@id":"https:\/\/territorialchallenges.com\/2020\/05\/11\/anlyse-du-marche-des-compteurs-intelligents-denergie-jusquen-2026\/85523\/","url":"https:\/\/territorialchallenges.com\/2020\/05\/11\/anlyse-du-marche-des-compteurs-intelligents-denergie-jusquen-2026\/85523\/","name":"Analyse du march\u00e9 des compteurs intelligents d'\u00e9nergie jusqu'en 2026 - Territorial Challenges","isPartOf":{"@id":"https:\/\/territorialchallenges.com\/#website"},"datePublished":"2020-05-11T20:20:18+00:00","dateModified":"2020-05-12T10:56:37+00:00","breadcrumb":{"@id":"https:\/\/territorialchallenges.com\/2020\/05\/11\/anlyse-du-marche-des-compteurs-intelligents-denergie-jusquen-2026\/85523\/#breadcrumb"},"inLanguage":"en-US","potentialAction":[{"@type":"ReadAction","target":["https:\/\/territorialchallenges.com\/2020\/05\/11\/anlyse-du-marche-des-compteurs-intelligents-denergie-jusquen-2026\/85523\/"]}]},{"@type":"BreadcrumbList","@id":"https:\/\/territorialchallenges.com\/2020\/05\/11\/anlyse-du-marche-des-compteurs-intelligents-denergie-jusquen-2026\/85523\/#breadcrumb","itemListElement":[{"@type":"ListItem","position":1,"name":"Home","item":"https:\/\/territorialchallenges.com\/"},{"@type":"ListItem","position":2,"name":"Analyse du march\u00e9 des compteurs intelligents d&rsquo;\u00e9nergie jusqu&rsquo;en 2026"}]},{"@type":"WebSite","@id":"https:\/\/territorialchallenges.com\/#website","url":"https:\/\/territorialchallenges.com\/","name":"Territorial Challenges","description":"Veille Internationale - Intelligent strategies - Best practices","publisher":{"@id":"https:\/\/territorialchallenges.com\/#organization"},"potentialAction":[{"@type":"SearchAction","target":{"@type":"EntryPoint","urlTemplate":"https:\/\/territorialchallenges.com\/?s={search_term_string}"},"query-input":"required name=search_term_string"}],"inLanguage":"en-US"},{"@type":"Organization","@id":"https:\/\/territorialchallenges.com\/#organization","name":"Territorial Challenges","url":"https:\/\/territorialchallenges.com\/","logo":{"@type":"ImageObject","inLanguage":"en-US","@id":"https:\/\/territorialchallenges.com\/#\/schema\/logo\/image\/","url":"https:\/\/territorialchallenges.com\/wp-content\/uploads\/2023\/10\/logo-1.png","contentUrl":"https:\/\/territorialchallenges.com\/wp-content\/uploads\/2023\/10\/logo-1.png","width":1832,"height":576,"caption":"Territorial Challenges"},"image":{"@id":"https:\/\/territorialchallenges.com\/#\/schema\/logo\/image\/"}},{"@type":"Person","@id":"https:\/\/territorialchallenges.com\/#\/schema\/person\/098f145c7c61a021c425e010f840080f","name":"ni.abdi","image":{"@type":"ImageObject","inLanguage":"en-US","@id":"https:\/\/territorialchallenges.com\/#\/schema\/person\/image\/","url":"https:\/\/secure.gravatar.com\/avatar\/2a2f2491f3c80039986ba989b1e4b510?s=96&d=identicon&r=g","contentUrl":"https:\/\/secure.gravatar.com\/avatar\/2a2f2491f3c80039986ba989b1e4b510?s=96&d=identicon&r=g","caption":"ni.abdi"},"sameAs":["https:\/\/twitter.com\/Ni.abdi"],"url":"https:\/\/territorialchallenges.com\/en\/author\/ni-abdi\/"}]}},"_links":{"self":[{"href":"https:\/\/territorialchallenges.com\/en\/wp-json\/wp\/v2\/posts\/85523"}],"collection":[{"href":"https:\/\/territorialchallenges.com\/en\/wp-json\/wp\/v2\/posts"}],"about":[{"href":"https:\/\/territorialchallenges.com\/en\/wp-json\/wp\/v2\/types\/post"}],"author":[{"embeddable":true,"href":"https:\/\/territorialchallenges.com\/en\/wp-json\/wp\/v2\/users\/11"}],"replies":[{"embeddable":true,"href":"https:\/\/territorialchallenges.com\/en\/wp-json\/wp\/v2\/comments?post=85523"}],"version-history":[{"count":2,"href":"https:\/\/territorialchallenges.com\/en\/wp-json\/wp\/v2\/posts\/85523\/revisions"}],"predecessor-version":[{"id":85547,"href":"https:\/\/territorialchallenges.com\/en\/wp-json\/wp\/v2\/posts\/85523\/revisions\/85547"}],"wp:featuredmedia":[{"embeddable":true,"href":"https:\/\/territorialchallenges.com\/en\/wp-json\/wp\/v2\/media\/85525"}],"wp:attachment":[{"href":"https:\/\/territorialchallenges.com\/en\/wp-json\/wp\/v2\/media?parent=85523"}],"wp:term":[{"taxonomy":"category","embeddable":true,"href":"https:\/\/territorialchallenges.com\/en\/wp-json\/wp\/v2\/categories?post=85523"},{"taxonomy":"post_tag","embeddable":true,"href":"https:\/\/territorialchallenges.com\/en\/wp-json\/wp\/v2\/tags?post=85523"}],"curies":[{"name":"wp","href":"https:\/\/api.w.org\/{rel}","templated":true}]}}