{"id":85353,"date":"2020-03-23T08:45:16","date_gmt":"2020-03-23T07:45:16","guid":{"rendered":"https:\/\/territorialchallenges.com\/?p=85353"},"modified":"2020-04-06T22:52:57","modified_gmt":"2020-04-06T20:52:57","slug":"andreas-et-thomas-strungmann-les-jumeaux-financiers-de-lanti-covid-19","status":"publish","type":"post","link":"https:\/\/territorialchallenges.com\/en\/2020\/03\/23\/andreas-et-thomas-strungmann-les-jumeaux-financiers-de-lanti-covid-19\/85353\/","title":{"rendered":"Andreas and Thomas Str\u00fcngmann: The financial twins of anti-COVID-19"},"content":{"rendered":"<p>Behind the biotechnology company Biontech, now in the news worldwide for its research into a vaccine against COVID-19, are twins Andreas and Thomas Str\u00fcngmann. They were born on February 16, 1950. Having become famous for devoting their money to the German biotechnology industry and medical research, Andreas the physician and Thomas\u2026 <\/p>\n<div class=\"pmpro_content_message\">Article only viewable by subscribers.<br \/><a href=\"https:\/\/territorialchallenges.com\/wp-login.php\">Connection<\/a><br \/><a href=\"https:\/\/territorialchallenges.com\/en\/wp-login.php\/?action=register\">Register<\/a><\/div>","protected":false},"excerpt":{"rendered":"<p>Derri\u00e8re la soci\u00e9t\u00e9 de biotechnologie Biontech, aujourd&rsquo;hui mondialement m\u00e9diatis\u00e9e pour ses recherches sur un vaccin contre COVID-19, on trouve deux jumeaux, Andreas et Thomas Str\u00fcngmann. Ils ont vu le jour un 16 f\u00e9vrier 1950. Devenus c\u00e9l\u00e8bres pour avoir consacr\u00e9 leur argent \u00e0 l&rsquo;industrie biotechnologique allemande et \u00e0 la recherche m\u00e9dicale, Andreas le m\u00e9decin et Thomas... <\/p>\n<div class=\"pmpro_content_message\">Article only viewable by subscribers.<br \/><a href=\"https:\/\/territorialchallenges.com\/wp-login.php\">Connection<\/a><br \/><a href=\"https:\/\/territorialchallenges.com\/en\/wp-login.php\/?action=register\">Register<\/a><\/div>","protected":false},"author":11,"featured_media":85355,"comment_status":"open","ping_status":"open","sticky":true,"template":"","format":"standard","meta":{"pmpro_default_level":0,"footnotes":""},"categories":[126,117],"tags":[],"blocksy_meta":"","yoast_head":"<!-- This site is optimized with the Yoast SEO plugin v21.5 - https:\/\/yoast.com\/wordpress\/plugins\/seo\/ -->\n<title>Andreas et Thomas Str\u00fcngmann: Les jumeaux financiers de l&#039;anti-COVID-19 - Territorial Challenges<\/title>\n<meta name=\"robots\" content=\"index, follow, max-snippet:-1, max-image-preview:large, max-video-preview:-1\" \/>\n<link rel=\"canonical\" href=\"https:\/\/territorialchallenges.com\/en\/2020\/03\/23\/andreas-et-thomas-strungmann-les-jumeaux-financiers-de-lanti-covid-19\/85353\/\" \/>\n<meta property=\"og:locale\" content=\"en_US\" \/>\n<meta property=\"og:type\" content=\"article\" \/>\n<meta property=\"og:title\" content=\"Andreas et Thomas Str\u00fcngmann: Les jumeaux financiers de l&#039;anti-COVID-19 - Territorial Challenges\" \/>\n<meta property=\"og:description\" content=\"Derri\u00e8re la soci\u00e9t\u00e9 de biotechnologie Biontech, aujourd&rsquo;hui mondialement m\u00e9diatis\u00e9e pour ses recherches sur un vaccin contre COVID-19, on trouve deux jumeaux, Andreas et Thomas Str\u00fcngmann. Ils ont vu le jour un 16 f\u00e9vrier 1950. Devenus c\u00e9l\u00e8bres pour avoir consacr\u00e9 leur argent \u00e0 l&rsquo;industrie biotechnologique allemande et \u00e0 la recherche m\u00e9dicale, Andreas le m\u00e9decin et Thomas [&hellip;]\" \/>\n<meta property=\"og:url\" content=\"https:\/\/territorialchallenges.com\/en\/2020\/03\/23\/andreas-et-thomas-strungmann-les-jumeaux-financiers-de-lanti-covid-19\/85353\/\" \/>\n<meta property=\"og:site_name\" content=\"Territorial Challenges\" \/>\n<meta property=\"article:published_time\" content=\"2020-03-23T07:45:16+00:00\" \/>\n<meta property=\"article:modified_time\" content=\"2020-04-06T20:52:57+00:00\" \/>\n<meta property=\"og:image\" content=\"https:\/\/territorialchallenges.com\/wp-content\/uploads\/2020\/03\/strungmann.jpg\" \/>\n\t<meta property=\"og:image:width\" content=\"1000\" \/>\n\t<meta property=\"og:image:height\" content=\"563\" \/>\n\t<meta property=\"og:image:type\" content=\"image\/jpeg\" \/>\n<meta name=\"author\" content=\"ni.abdi\" \/>\n<meta name=\"twitter:card\" content=\"summary_large_image\" \/>\n<meta name=\"twitter:creator\" content=\"@Ni.abdi\" \/>\n<meta name=\"twitter:label1\" content=\"Written by\" \/>\n\t<meta name=\"twitter:data1\" content=\"ni.abdi\" \/>\n\t<meta name=\"twitter:label2\" content=\"Est. reading time\" \/>\n\t<meta name=\"twitter:data2\" content=\"5 minutes\" \/>\n<script type=\"application\/ld+json\" class=\"yoast-schema-graph\">{\"@context\":\"https:\/\/schema.org\",\"@graph\":[{\"@type\":\"Article\",\"@id\":\"https:\/\/territorialchallenges.com\/2020\/03\/23\/andreas-et-thomas-strungmann-les-jumeaux-financiers-de-lanti-covid-19\/85353\/#article\",\"isPartOf\":{\"@id\":\"https:\/\/territorialchallenges.com\/2020\/03\/23\/andreas-et-thomas-strungmann-les-jumeaux-financiers-de-lanti-covid-19\/85353\/\"},\"author\":{\"name\":\"ni.abdi\",\"@id\":\"https:\/\/territorialchallenges.com\/#\/schema\/person\/098f145c7c61a021c425e010f840080f\"},\"headline\":\"Andreas et Thomas Str\u00fcngmann: Les jumeaux financiers de l&rsquo;anti-COVID-19\",\"datePublished\":\"2020-03-23T07:45:16+00:00\",\"dateModified\":\"2020-04-06T20:52:57+00:00\",\"mainEntityOfPage\":{\"@id\":\"https:\/\/territorialchallenges.com\/2020\/03\/23\/andreas-et-thomas-strungmann-les-jumeaux-financiers-de-lanti-covid-19\/85353\/\"},\"wordCount\":1055,\"commentCount\":0,\"publisher\":{\"@id\":\"https:\/\/territorialchallenges.com\/#organization\"},\"articleSection\":[\"On parle d'eux\",\"\u00c9cosyst\u00e8me\"],\"inLanguage\":\"en-US\"},{\"@type\":\"WebPage\",\"@id\":\"https:\/\/territorialchallenges.com\/2020\/03\/23\/andreas-et-thomas-strungmann-les-jumeaux-financiers-de-lanti-covid-19\/85353\/\",\"url\":\"https:\/\/territorialchallenges.com\/2020\/03\/23\/andreas-et-thomas-strungmann-les-jumeaux-financiers-de-lanti-covid-19\/85353\/\",\"name\":\"Andreas et Thomas Str\u00fcngmann: Les jumeaux financiers de l'anti-COVID-19 - Territorial Challenges\",\"isPartOf\":{\"@id\":\"https:\/\/territorialchallenges.com\/#website\"},\"datePublished\":\"2020-03-23T07:45:16+00:00\",\"dateModified\":\"2020-04-06T20:52:57+00:00\",\"breadcrumb\":{\"@id\":\"https:\/\/territorialchallenges.com\/2020\/03\/23\/andreas-et-thomas-strungmann-les-jumeaux-financiers-de-lanti-covid-19\/85353\/#breadcrumb\"},\"inLanguage\":\"en-US\",\"potentialAction\":[{\"@type\":\"ReadAction\",\"target\":[\"https:\/\/territorialchallenges.com\/2020\/03\/23\/andreas-et-thomas-strungmann-les-jumeaux-financiers-de-lanti-covid-19\/85353\/\"]}]},{\"@type\":\"BreadcrumbList\",\"@id\":\"https:\/\/territorialchallenges.com\/2020\/03\/23\/andreas-et-thomas-strungmann-les-jumeaux-financiers-de-lanti-covid-19\/85353\/#breadcrumb\",\"itemListElement\":[{\"@type\":\"ListItem\",\"position\":1,\"name\":\"Home\",\"item\":\"https:\/\/territorialchallenges.com\/\"},{\"@type\":\"ListItem\",\"position\":2,\"name\":\"Andreas et Thomas Str\u00fcngmann: Les jumeaux financiers de l&rsquo;anti-COVID-19\"}]},{\"@type\":\"WebSite\",\"@id\":\"https:\/\/territorialchallenges.com\/#website\",\"url\":\"https:\/\/territorialchallenges.com\/\",\"name\":\"Territorial Challenges\",\"description\":\"Veille Internationale - Strat\u00e9gie Intelligentes - Bonnes pratiques\",\"publisher\":{\"@id\":\"https:\/\/territorialchallenges.com\/#organization\"},\"potentialAction\":[{\"@type\":\"SearchAction\",\"target\":{\"@type\":\"EntryPoint\",\"urlTemplate\":\"https:\/\/territorialchallenges.com\/?s={search_term_string}\"},\"query-input\":\"required name=search_term_string\"}],\"inLanguage\":\"en-US\"},{\"@type\":\"Organization\",\"@id\":\"https:\/\/territorialchallenges.com\/#organization\",\"name\":\"Territorial Challenges\",\"url\":\"https:\/\/territorialchallenges.com\/\",\"logo\":{\"@type\":\"ImageObject\",\"inLanguage\":\"en-US\",\"@id\":\"https:\/\/territorialchallenges.com\/#\/schema\/logo\/image\/\",\"url\":\"https:\/\/territorialchallenges.com\/wp-content\/uploads\/2023\/10\/logo-1.png\",\"contentUrl\":\"https:\/\/territorialchallenges.com\/wp-content\/uploads\/2023\/10\/logo-1.png\",\"width\":1832,\"height\":576,\"caption\":\"Territorial Challenges\"},\"image\":{\"@id\":\"https:\/\/territorialchallenges.com\/#\/schema\/logo\/image\/\"}},{\"@type\":\"Person\",\"@id\":\"https:\/\/territorialchallenges.com\/#\/schema\/person\/098f145c7c61a021c425e010f840080f\",\"name\":\"ni.abdi\",\"image\":{\"@type\":\"ImageObject\",\"inLanguage\":\"en-US\",\"@id\":\"https:\/\/territorialchallenges.com\/#\/schema\/person\/image\/\",\"url\":\"https:\/\/secure.gravatar.com\/avatar\/2a2f2491f3c80039986ba989b1e4b510?s=96&d=identicon&r=g\",\"contentUrl\":\"https:\/\/secure.gravatar.com\/avatar\/2a2f2491f3c80039986ba989b1e4b510?s=96&d=identicon&r=g\",\"caption\":\"ni.abdi\"},\"sameAs\":[\"https:\/\/twitter.com\/Ni.abdi\"],\"url\":\"https:\/\/territorialchallenges.com\/en\/author\/ni-abdi\/\"}]}<\/script>\n<!-- \/ Yoast SEO plugin. -->","yoast_head_json":{"title":"Andreas et Thomas Str\u00fcngmann: Les jumeaux financiers de l'anti-COVID-19 - Territorial Challenges","robots":{"index":"index","follow":"follow","max-snippet":"max-snippet:-1","max-image-preview":"max-image-preview:large","max-video-preview":"max-video-preview:-1"},"canonical":"https:\/\/territorialchallenges.com\/en\/2020\/03\/23\/andreas-et-thomas-strungmann-les-jumeaux-financiers-de-lanti-covid-19\/85353\/","og_locale":"en_US","og_type":"article","og_title":"Andreas et Thomas Str\u00fcngmann: Les jumeaux financiers de l'anti-COVID-19 - Territorial Challenges","og_description":"Derri\u00e8re la soci\u00e9t\u00e9 de biotechnologie Biontech, aujourd&rsquo;hui mondialement m\u00e9diatis\u00e9e pour ses recherches sur un vaccin contre COVID-19, on trouve deux jumeaux, Andreas et Thomas Str\u00fcngmann. Ils ont vu le jour un 16 f\u00e9vrier 1950. Devenus c\u00e9l\u00e8bres pour avoir consacr\u00e9 leur argent \u00e0 l&rsquo;industrie biotechnologique allemande et \u00e0 la recherche m\u00e9dicale, Andreas le m\u00e9decin et Thomas [&hellip;]","og_url":"https:\/\/territorialchallenges.com\/en\/2020\/03\/23\/andreas-et-thomas-strungmann-les-jumeaux-financiers-de-lanti-covid-19\/85353\/","og_site_name":"Territorial Challenges","article_published_time":"2020-03-23T07:45:16+00:00","article_modified_time":"2020-04-06T20:52:57+00:00","og_image":[{"width":1000,"height":563,"url":"https:\/\/territorialchallenges.com\/wp-content\/uploads\/2020\/03\/strungmann.jpg","type":"image\/jpeg"}],"author":"ni.abdi","twitter_card":"summary_large_image","twitter_creator":"@Ni.abdi","twitter_misc":{"Written by":"ni.abdi","Est. reading time":"5 minutes"},"schema":{"@context":"https:\/\/schema.org","@graph":[{"@type":"Article","@id":"https:\/\/territorialchallenges.com\/2020\/03\/23\/andreas-et-thomas-strungmann-les-jumeaux-financiers-de-lanti-covid-19\/85353\/#article","isPartOf":{"@id":"https:\/\/territorialchallenges.com\/2020\/03\/23\/andreas-et-thomas-strungmann-les-jumeaux-financiers-de-lanti-covid-19\/85353\/"},"author":{"name":"ni.abdi","@id":"https:\/\/territorialchallenges.com\/#\/schema\/person\/098f145c7c61a021c425e010f840080f"},"headline":"Andreas et Thomas Str\u00fcngmann: Les jumeaux financiers de l&rsquo;anti-COVID-19","datePublished":"2020-03-23T07:45:16+00:00","dateModified":"2020-04-06T20:52:57+00:00","mainEntityOfPage":{"@id":"https:\/\/territorialchallenges.com\/2020\/03\/23\/andreas-et-thomas-strungmann-les-jumeaux-financiers-de-lanti-covid-19\/85353\/"},"wordCount":1055,"commentCount":0,"publisher":{"@id":"https:\/\/territorialchallenges.com\/#organization"},"articleSection":["On parle d'eux","\u00c9cosyst\u00e8me"],"inLanguage":"en-US"},{"@type":"WebPage","@id":"https:\/\/territorialchallenges.com\/2020\/03\/23\/andreas-et-thomas-strungmann-les-jumeaux-financiers-de-lanti-covid-19\/85353\/","url":"https:\/\/territorialchallenges.com\/2020\/03\/23\/andreas-et-thomas-strungmann-les-jumeaux-financiers-de-lanti-covid-19\/85353\/","name":"Andreas et Thomas Str\u00fcngmann: Les jumeaux financiers de l'anti-COVID-19 - Territorial Challenges","isPartOf":{"@id":"https:\/\/territorialchallenges.com\/#website"},"datePublished":"2020-03-23T07:45:16+00:00","dateModified":"2020-04-06T20:52:57+00:00","breadcrumb":{"@id":"https:\/\/territorialchallenges.com\/2020\/03\/23\/andreas-et-thomas-strungmann-les-jumeaux-financiers-de-lanti-covid-19\/85353\/#breadcrumb"},"inLanguage":"en-US","potentialAction":[{"@type":"ReadAction","target":["https:\/\/territorialchallenges.com\/2020\/03\/23\/andreas-et-thomas-strungmann-les-jumeaux-financiers-de-lanti-covid-19\/85353\/"]}]},{"@type":"BreadcrumbList","@id":"https:\/\/territorialchallenges.com\/2020\/03\/23\/andreas-et-thomas-strungmann-les-jumeaux-financiers-de-lanti-covid-19\/85353\/#breadcrumb","itemListElement":[{"@type":"ListItem","position":1,"name":"Home","item":"https:\/\/territorialchallenges.com\/"},{"@type":"ListItem","position":2,"name":"Andreas et Thomas Str\u00fcngmann: Les jumeaux financiers de l&rsquo;anti-COVID-19"}]},{"@type":"WebSite","@id":"https:\/\/territorialchallenges.com\/#website","url":"https:\/\/territorialchallenges.com\/","name":"Territorial Challenges","description":"Veille Internationale - Intelligent strategies - Best practices","publisher":{"@id":"https:\/\/territorialchallenges.com\/#organization"},"potentialAction":[{"@type":"SearchAction","target":{"@type":"EntryPoint","urlTemplate":"https:\/\/territorialchallenges.com\/?s={search_term_string}"},"query-input":"required name=search_term_string"}],"inLanguage":"en-US"},{"@type":"Organization","@id":"https:\/\/territorialchallenges.com\/#organization","name":"Territorial Challenges","url":"https:\/\/territorialchallenges.com\/","logo":{"@type":"ImageObject","inLanguage":"en-US","@id":"https:\/\/territorialchallenges.com\/#\/schema\/logo\/image\/","url":"https:\/\/territorialchallenges.com\/wp-content\/uploads\/2023\/10\/logo-1.png","contentUrl":"https:\/\/territorialchallenges.com\/wp-content\/uploads\/2023\/10\/logo-1.png","width":1832,"height":576,"caption":"Territorial Challenges"},"image":{"@id":"https:\/\/territorialchallenges.com\/#\/schema\/logo\/image\/"}},{"@type":"Person","@id":"https:\/\/territorialchallenges.com\/#\/schema\/person\/098f145c7c61a021c425e010f840080f","name":"ni.abdi","image":{"@type":"ImageObject","inLanguage":"en-US","@id":"https:\/\/territorialchallenges.com\/#\/schema\/person\/image\/","url":"https:\/\/secure.gravatar.com\/avatar\/2a2f2491f3c80039986ba989b1e4b510?s=96&d=identicon&r=g","contentUrl":"https:\/\/secure.gravatar.com\/avatar\/2a2f2491f3c80039986ba989b1e4b510?s=96&d=identicon&r=g","caption":"ni.abdi"},"sameAs":["https:\/\/twitter.com\/Ni.abdi"],"url":"https:\/\/territorialchallenges.com\/en\/author\/ni-abdi\/"}]}},"_links":{"self":[{"href":"https:\/\/territorialchallenges.com\/en\/wp-json\/wp\/v2\/posts\/85353"}],"collection":[{"href":"https:\/\/territorialchallenges.com\/en\/wp-json\/wp\/v2\/posts"}],"about":[{"href":"https:\/\/territorialchallenges.com\/en\/wp-json\/wp\/v2\/types\/post"}],"author":[{"embeddable":true,"href":"https:\/\/territorialchallenges.com\/en\/wp-json\/wp\/v2\/users\/11"}],"replies":[{"embeddable":true,"href":"https:\/\/territorialchallenges.com\/en\/wp-json\/wp\/v2\/comments?post=85353"}],"version-history":[{"count":2,"href":"https:\/\/territorialchallenges.com\/en\/wp-json\/wp\/v2\/posts\/85353\/revisions"}],"predecessor-version":[{"id":85358,"href":"https:\/\/territorialchallenges.com\/en\/wp-json\/wp\/v2\/posts\/85353\/revisions\/85358"}],"wp:featuredmedia":[{"embeddable":true,"href":"https:\/\/territorialchallenges.com\/en\/wp-json\/wp\/v2\/media\/85355"}],"wp:attachment":[{"href":"https:\/\/territorialchallenges.com\/en\/wp-json\/wp\/v2\/media?parent=85353"}],"wp:term":[{"taxonomy":"category","embeddable":true,"href":"https:\/\/territorialchallenges.com\/en\/wp-json\/wp\/v2\/categories?post=85353"},{"taxonomy":"post_tag","embeddable":true,"href":"https:\/\/territorialchallenges.com\/en\/wp-json\/wp\/v2\/tags?post=85353"}],"curies":[{"name":"wp","href":"https:\/\/api.w.org\/{rel}","templated":true}]}}