{"id":85166,"date":"2020-01-26T22:50:56","date_gmt":"2020-01-26T21:50:56","guid":{"rendered":"https:\/\/territorialchallenges.com\/?p=85166"},"modified":"2020-02-09T22:42:40","modified_gmt":"2020-02-09T21:42:40","slug":"dans-le-dessign-industriel-le-stockage-ne-doit-pas-etre-une-reflexion-mineure","status":"publish","type":"post","link":"https:\/\/territorialchallenges.com\/en\/2020\/01\/26\/dans-le-dessign-industriel-le-stockage-ne-doit-pas-etre-une-reflexion-mineure\/85166\/","title":{"rendered":"In industrial design, storage should not be a minor consideration"},"content":{"rendered":"<p>(Paid article) To support the evolution of Industry 4.0 towards a more connected world, storage must be at the forefront when designing industrial applications, as not all storage devices are created equal. The fourth wave of the industrial revolution, known as Industry 4.0, is paving the way for\u2026 <\/p>\n<div class=\"pmpro_content_message\">Article only viewable by subscribers.<br \/><a href=\"https:\/\/territorialchallenges.com\/wp-login.php\">Connection<\/a><br \/><a href=\"https:\/\/territorialchallenges.com\/en\/wp-login.php\/?action=register\">Register<\/a><\/div>","protected":false},"excerpt":{"rendered":"<p>(Article payant) Pour accompagner l\u2019\u00e9volution de l\u2019industrie 4.0 vers un monde plus connect\u00e9, le stockage doit \u00eatre au premier plan lors de la conception des applications industrielles, car tous les p\u00e9riph\u00e9riques de stockage ne se ressemblent pas. La quatri\u00e8me vague de la r\u00e9volution industrielle, connue sous le nom d&rsquo;Industrie 4.0, ouvre la voie \u00e0 de... <\/p>\n<div class=\"pmpro_content_message\">Article only viewable by subscribers.<br \/><a href=\"https:\/\/territorialchallenges.com\/wp-login.php\">Connection<\/a><br \/><a href=\"https:\/\/territorialchallenges.com\/en\/wp-login.php\/?action=register\">Register<\/a><\/div>","protected":false},"author":11,"featured_media":85167,"comment_status":"open","ping_status":"open","sticky":true,"template":"","format":"standard","meta":{"pmpro_default_level":0,"footnotes":""},"categories":[17,127],"tags":[],"blocksy_meta":"","yoast_head":"<!-- This site is optimized with the Yoast SEO plugin v21.5 - https:\/\/yoast.com\/wordpress\/plugins\/seo\/ -->\n<title>Dans le dessign industriel, le stockage ne doit pas \u00eatre une r\u00e9flexion mineure - Territorial Challenges<\/title>\n<meta name=\"robots\" content=\"index, follow, max-snippet:-1, max-image-preview:large, max-video-preview:-1\" \/>\n<link rel=\"canonical\" href=\"https:\/\/territorialchallenges.com\/en\/2020\/01\/26\/dans-le-dessign-industriel-le-stockage-ne-doit-pas-etre-une-reflexion-mineure\/85166\/\" \/>\n<meta property=\"og:locale\" content=\"en_US\" \/>\n<meta property=\"og:type\" content=\"article\" \/>\n<meta property=\"og:title\" content=\"Dans le dessign industriel, le stockage ne doit pas \u00eatre une r\u00e9flexion mineure - Territorial Challenges\" \/>\n<meta property=\"og:description\" content=\"(Article payant) Pour accompagner l\u2019\u00e9volution de l\u2019industrie 4.0 vers un monde plus connect\u00e9, le stockage doit \u00eatre au premier plan lors de la conception des applications industrielles, car tous les p\u00e9riph\u00e9riques de stockage ne se ressemblent pas. La quatri\u00e8me vague de la r\u00e9volution industrielle, connue sous le nom d&rsquo;Industrie 4.0, ouvre la voie \u00e0 de [&hellip;]\" \/>\n<meta property=\"og:url\" content=\"https:\/\/territorialchallenges.com\/en\/2020\/01\/26\/dans-le-dessign-industriel-le-stockage-ne-doit-pas-etre-une-reflexion-mineure\/85166\/\" \/>\n<meta property=\"og:site_name\" content=\"Territorial Challenges\" \/>\n<meta property=\"article:published_time\" content=\"2020-01-26T21:50:56+00:00\" \/>\n<meta property=\"article:modified_time\" content=\"2020-02-09T21:42:40+00:00\" \/>\n<meta property=\"og:image\" content=\"https:\/\/territorialchallenges.com\/wp-content\/uploads\/2020\/01\/smartindustry2.jpg\" \/>\n\t<meta property=\"og:image:width\" content=\"1920\" \/>\n\t<meta property=\"og:image:height\" content=\"1277\" \/>\n\t<meta property=\"og:image:type\" content=\"image\/jpeg\" \/>\n<meta name=\"author\" content=\"ni.abdi\" \/>\n<meta name=\"twitter:card\" content=\"summary_large_image\" \/>\n<meta name=\"twitter:creator\" content=\"@Ni.abdi\" \/>\n<meta name=\"twitter:label1\" content=\"Written by\" \/>\n\t<meta name=\"twitter:data1\" content=\"ni.abdi\" \/>\n\t<meta name=\"twitter:label2\" content=\"Est. reading time\" \/>\n\t<meta name=\"twitter:data2\" content=\"3 minutes\" \/>\n<script type=\"application\/ld+json\" class=\"yoast-schema-graph\">{\"@context\":\"https:\/\/schema.org\",\"@graph\":[{\"@type\":\"Article\",\"@id\":\"https:\/\/territorialchallenges.com\/2020\/01\/26\/dans-le-dessign-industriel-le-stockage-ne-doit-pas-etre-une-reflexion-mineure\/85166\/#article\",\"isPartOf\":{\"@id\":\"https:\/\/territorialchallenges.com\/2020\/01\/26\/dans-le-dessign-industriel-le-stockage-ne-doit-pas-etre-une-reflexion-mineure\/85166\/\"},\"author\":{\"name\":\"ni.abdi\",\"@id\":\"https:\/\/territorialchallenges.com\/#\/schema\/person\/098f145c7c61a021c425e010f840080f\"},\"headline\":\"Dans le dessign industriel, le stockage ne doit pas \u00eatre une r\u00e9flexion mineure\",\"datePublished\":\"2020-01-26T21:50:56+00:00\",\"dateModified\":\"2020-02-09T21:42:40+00:00\",\"mainEntityOfPage\":{\"@id\":\"https:\/\/territorialchallenges.com\/2020\/01\/26\/dans-le-dessign-industriel-le-stockage-ne-doit-pas-etre-une-reflexion-mineure\/85166\/\"},\"wordCount\":697,\"commentCount\":0,\"publisher\":{\"@id\":\"https:\/\/territorialchallenges.com\/#organization\"},\"articleSection\":[\"Industrie 5.0\",\"Actualit\u00e9 Europe\"],\"inLanguage\":\"en-US\"},{\"@type\":\"WebPage\",\"@id\":\"https:\/\/territorialchallenges.com\/2020\/01\/26\/dans-le-dessign-industriel-le-stockage-ne-doit-pas-etre-une-reflexion-mineure\/85166\/\",\"url\":\"https:\/\/territorialchallenges.com\/2020\/01\/26\/dans-le-dessign-industriel-le-stockage-ne-doit-pas-etre-une-reflexion-mineure\/85166\/\",\"name\":\"Dans le dessign industriel, le stockage ne doit pas \u00eatre une r\u00e9flexion mineure - Territorial Challenges\",\"isPartOf\":{\"@id\":\"https:\/\/territorialchallenges.com\/#website\"},\"datePublished\":\"2020-01-26T21:50:56+00:00\",\"dateModified\":\"2020-02-09T21:42:40+00:00\",\"breadcrumb\":{\"@id\":\"https:\/\/territorialchallenges.com\/2020\/01\/26\/dans-le-dessign-industriel-le-stockage-ne-doit-pas-etre-une-reflexion-mineure\/85166\/#breadcrumb\"},\"inLanguage\":\"en-US\",\"potentialAction\":[{\"@type\":\"ReadAction\",\"target\":[\"https:\/\/territorialchallenges.com\/2020\/01\/26\/dans-le-dessign-industriel-le-stockage-ne-doit-pas-etre-une-reflexion-mineure\/85166\/\"]}]},{\"@type\":\"BreadcrumbList\",\"@id\":\"https:\/\/territorialchallenges.com\/2020\/01\/26\/dans-le-dessign-industriel-le-stockage-ne-doit-pas-etre-une-reflexion-mineure\/85166\/#breadcrumb\",\"itemListElement\":[{\"@type\":\"ListItem\",\"position\":1,\"name\":\"Home\",\"item\":\"https:\/\/territorialchallenges.com\/\"},{\"@type\":\"ListItem\",\"position\":2,\"name\":\"Dans le dessign industriel, le stockage ne doit pas \u00eatre une r\u00e9flexion mineure\"}]},{\"@type\":\"WebSite\",\"@id\":\"https:\/\/territorialchallenges.com\/#website\",\"url\":\"https:\/\/territorialchallenges.com\/\",\"name\":\"Territorial Challenges\",\"description\":\"Veille Internationale - Strat\u00e9gie Intelligentes - Bonnes pratiques\",\"publisher\":{\"@id\":\"https:\/\/territorialchallenges.com\/#organization\"},\"potentialAction\":[{\"@type\":\"SearchAction\",\"target\":{\"@type\":\"EntryPoint\",\"urlTemplate\":\"https:\/\/territorialchallenges.com\/?s={search_term_string}\"},\"query-input\":\"required name=search_term_string\"}],\"inLanguage\":\"en-US\"},{\"@type\":\"Organization\",\"@id\":\"https:\/\/territorialchallenges.com\/#organization\",\"name\":\"Territorial Challenges\",\"url\":\"https:\/\/territorialchallenges.com\/\",\"logo\":{\"@type\":\"ImageObject\",\"inLanguage\":\"en-US\",\"@id\":\"https:\/\/territorialchallenges.com\/#\/schema\/logo\/image\/\",\"url\":\"https:\/\/territorialchallenges.com\/wp-content\/uploads\/2023\/10\/logo-1.png\",\"contentUrl\":\"https:\/\/territorialchallenges.com\/wp-content\/uploads\/2023\/10\/logo-1.png\",\"width\":1832,\"height\":576,\"caption\":\"Territorial Challenges\"},\"image\":{\"@id\":\"https:\/\/territorialchallenges.com\/#\/schema\/logo\/image\/\"}},{\"@type\":\"Person\",\"@id\":\"https:\/\/territorialchallenges.com\/#\/schema\/person\/098f145c7c61a021c425e010f840080f\",\"name\":\"ni.abdi\",\"image\":{\"@type\":\"ImageObject\",\"inLanguage\":\"en-US\",\"@id\":\"https:\/\/territorialchallenges.com\/#\/schema\/person\/image\/\",\"url\":\"https:\/\/secure.gravatar.com\/avatar\/2a2f2491f3c80039986ba989b1e4b510?s=96&d=identicon&r=g\",\"contentUrl\":\"https:\/\/secure.gravatar.com\/avatar\/2a2f2491f3c80039986ba989b1e4b510?s=96&d=identicon&r=g\",\"caption\":\"ni.abdi\"},\"sameAs\":[\"https:\/\/twitter.com\/Ni.abdi\"],\"url\":\"https:\/\/territorialchallenges.com\/en\/author\/ni-abdi\/\"}]}<\/script>\n<!-- \/ Yoast SEO plugin. -->","yoast_head_json":{"title":"Dans le dessign industriel, le stockage ne doit pas \u00eatre une r\u00e9flexion mineure - Territorial Challenges","robots":{"index":"index","follow":"follow","max-snippet":"max-snippet:-1","max-image-preview":"max-image-preview:large","max-video-preview":"max-video-preview:-1"},"canonical":"https:\/\/territorialchallenges.com\/en\/2020\/01\/26\/dans-le-dessign-industriel-le-stockage-ne-doit-pas-etre-une-reflexion-mineure\/85166\/","og_locale":"en_US","og_type":"article","og_title":"Dans le dessign industriel, le stockage ne doit pas \u00eatre une r\u00e9flexion mineure - Territorial Challenges","og_description":"(Article payant) Pour accompagner l\u2019\u00e9volution de l\u2019industrie 4.0 vers un monde plus connect\u00e9, le stockage doit \u00eatre au premier plan lors de la conception des applications industrielles, car tous les p\u00e9riph\u00e9riques de stockage ne se ressemblent pas. La quatri\u00e8me vague de la r\u00e9volution industrielle, connue sous le nom d&rsquo;Industrie 4.0, ouvre la voie \u00e0 de [&hellip;]","og_url":"https:\/\/territorialchallenges.com\/en\/2020\/01\/26\/dans-le-dessign-industriel-le-stockage-ne-doit-pas-etre-une-reflexion-mineure\/85166\/","og_site_name":"Territorial Challenges","article_published_time":"2020-01-26T21:50:56+00:00","article_modified_time":"2020-02-09T21:42:40+00:00","og_image":[{"width":1920,"height":1277,"url":"https:\/\/territorialchallenges.com\/wp-content\/uploads\/2020\/01\/smartindustry2.jpg","type":"image\/jpeg"}],"author":"ni.abdi","twitter_card":"summary_large_image","twitter_creator":"@Ni.abdi","twitter_misc":{"Written by":"ni.abdi","Est. reading time":"3 minutes"},"schema":{"@context":"https:\/\/schema.org","@graph":[{"@type":"Article","@id":"https:\/\/territorialchallenges.com\/2020\/01\/26\/dans-le-dessign-industriel-le-stockage-ne-doit-pas-etre-une-reflexion-mineure\/85166\/#article","isPartOf":{"@id":"https:\/\/territorialchallenges.com\/2020\/01\/26\/dans-le-dessign-industriel-le-stockage-ne-doit-pas-etre-une-reflexion-mineure\/85166\/"},"author":{"name":"ni.abdi","@id":"https:\/\/territorialchallenges.com\/#\/schema\/person\/098f145c7c61a021c425e010f840080f"},"headline":"Dans le dessign industriel, le stockage ne doit pas \u00eatre une r\u00e9flexion mineure","datePublished":"2020-01-26T21:50:56+00:00","dateModified":"2020-02-09T21:42:40+00:00","mainEntityOfPage":{"@id":"https:\/\/territorialchallenges.com\/2020\/01\/26\/dans-le-dessign-industriel-le-stockage-ne-doit-pas-etre-une-reflexion-mineure\/85166\/"},"wordCount":697,"commentCount":0,"publisher":{"@id":"https:\/\/territorialchallenges.com\/#organization"},"articleSection":["Industrie 5.0","Actualit\u00e9 Europe"],"inLanguage":"en-US"},{"@type":"WebPage","@id":"https:\/\/territorialchallenges.com\/2020\/01\/26\/dans-le-dessign-industriel-le-stockage-ne-doit-pas-etre-une-reflexion-mineure\/85166\/","url":"https:\/\/territorialchallenges.com\/2020\/01\/26\/dans-le-dessign-industriel-le-stockage-ne-doit-pas-etre-une-reflexion-mineure\/85166\/","name":"Dans le dessign industriel, le stockage ne doit pas \u00eatre une r\u00e9flexion mineure - Territorial Challenges","isPartOf":{"@id":"https:\/\/territorialchallenges.com\/#website"},"datePublished":"2020-01-26T21:50:56+00:00","dateModified":"2020-02-09T21:42:40+00:00","breadcrumb":{"@id":"https:\/\/territorialchallenges.com\/2020\/01\/26\/dans-le-dessign-industriel-le-stockage-ne-doit-pas-etre-une-reflexion-mineure\/85166\/#breadcrumb"},"inLanguage":"en-US","potentialAction":[{"@type":"ReadAction","target":["https:\/\/territorialchallenges.com\/2020\/01\/26\/dans-le-dessign-industriel-le-stockage-ne-doit-pas-etre-une-reflexion-mineure\/85166\/"]}]},{"@type":"BreadcrumbList","@id":"https:\/\/territorialchallenges.com\/2020\/01\/26\/dans-le-dessign-industriel-le-stockage-ne-doit-pas-etre-une-reflexion-mineure\/85166\/#breadcrumb","itemListElement":[{"@type":"ListItem","position":1,"name":"Home","item":"https:\/\/territorialchallenges.com\/"},{"@type":"ListItem","position":2,"name":"Dans le dessign industriel, le stockage ne doit pas \u00eatre une r\u00e9flexion mineure"}]},{"@type":"WebSite","@id":"https:\/\/territorialchallenges.com\/#website","url":"https:\/\/territorialchallenges.com\/","name":"Territorial Challenges","description":"Veille Internationale - Intelligent strategies - Best practices","publisher":{"@id":"https:\/\/territorialchallenges.com\/#organization"},"potentialAction":[{"@type":"SearchAction","target":{"@type":"EntryPoint","urlTemplate":"https:\/\/territorialchallenges.com\/?s={search_term_string}"},"query-input":"required name=search_term_string"}],"inLanguage":"en-US"},{"@type":"Organization","@id":"https:\/\/territorialchallenges.com\/#organization","name":"Territorial Challenges","url":"https:\/\/territorialchallenges.com\/","logo":{"@type":"ImageObject","inLanguage":"en-US","@id":"https:\/\/territorialchallenges.com\/#\/schema\/logo\/image\/","url":"https:\/\/territorialchallenges.com\/wp-content\/uploads\/2023\/10\/logo-1.png","contentUrl":"https:\/\/territorialchallenges.com\/wp-content\/uploads\/2023\/10\/logo-1.png","width":1832,"height":576,"caption":"Territorial Challenges"},"image":{"@id":"https:\/\/territorialchallenges.com\/#\/schema\/logo\/image\/"}},{"@type":"Person","@id":"https:\/\/territorialchallenges.com\/#\/schema\/person\/098f145c7c61a021c425e010f840080f","name":"ni.abdi","image":{"@type":"ImageObject","inLanguage":"en-US","@id":"https:\/\/territorialchallenges.com\/#\/schema\/person\/image\/","url":"https:\/\/secure.gravatar.com\/avatar\/2a2f2491f3c80039986ba989b1e4b510?s=96&d=identicon&r=g","contentUrl":"https:\/\/secure.gravatar.com\/avatar\/2a2f2491f3c80039986ba989b1e4b510?s=96&d=identicon&r=g","caption":"ni.abdi"},"sameAs":["https:\/\/twitter.com\/Ni.abdi"],"url":"https:\/\/territorialchallenges.com\/en\/author\/ni-abdi\/"}]}},"_links":{"self":[{"href":"https:\/\/territorialchallenges.com\/en\/wp-json\/wp\/v2\/posts\/85166"}],"collection":[{"href":"https:\/\/territorialchallenges.com\/en\/wp-json\/wp\/v2\/posts"}],"about":[{"href":"https:\/\/territorialchallenges.com\/en\/wp-json\/wp\/v2\/types\/post"}],"author":[{"embeddable":true,"href":"https:\/\/territorialchallenges.com\/en\/wp-json\/wp\/v2\/users\/11"}],"replies":[{"embeddable":true,"href":"https:\/\/territorialchallenges.com\/en\/wp-json\/wp\/v2\/comments?post=85166"}],"version-history":[{"count":2,"href":"https:\/\/territorialchallenges.com\/en\/wp-json\/wp\/v2\/posts\/85166\/revisions"}],"predecessor-version":[{"id":85229,"href":"https:\/\/territorialchallenges.com\/en\/wp-json\/wp\/v2\/posts\/85166\/revisions\/85229"}],"wp:featuredmedia":[{"embeddable":true,"href":"https:\/\/territorialchallenges.com\/en\/wp-json\/wp\/v2\/media\/85167"}],"wp:attachment":[{"href":"https:\/\/territorialchallenges.com\/en\/wp-json\/wp\/v2\/media?parent=85166"}],"wp:term":[{"taxonomy":"category","embeddable":true,"href":"https:\/\/territorialchallenges.com\/en\/wp-json\/wp\/v2\/categories?post=85166"},{"taxonomy":"post_tag","embeddable":true,"href":"https:\/\/territorialchallenges.com\/en\/wp-json\/wp\/v2\/tags?post=85166"}],"curies":[{"name":"wp","href":"https:\/\/api.w.org\/{rel}","templated":true}]}}