{"id":84903,"date":"2019-12-05T14:18:14","date_gmt":"2019-12-05T13:18:14","guid":{"rendered":"https:\/\/territorialchallenges.com\/?p=84903"},"modified":"2019-12-05T14:18:14","modified_gmt":"2019-12-05T13:18:14","slug":"collectivites-locales-universites-francaises-labsence-de-convergence","status":"publish","type":"post","link":"https:\/\/territorialchallenges.com\/en\/2019\/12\/05\/collectivites-locales-universites-francaises-labsence-de-convergence\/84903\/","title":{"rendered":"Local Authorities-French Universities: The Lack of Convergence"},"content":{"rendered":"<p>Four months before the municipal elections, France remains a country lagging far behind in innovation projects that bring together local authorities and university research centers. This year again, French universities and grandes \u00e9coles were absent from the 2020 Mayors&#039; Fair at Porte de Versailles (November 24, 25, and 26). So, if the elected officials of\u2026 <\/p>\n<div class=\"pmpro_content_message\">Article only viewable by subscribers.<br \/><a href=\"https:\/\/territorialchallenges.com\/wp-login.php\">Connection<\/a><br \/><a href=\"https:\/\/territorialchallenges.com\/en\/wp-login.php\/?action=register\">Register<\/a><\/div>","protected":false},"excerpt":{"rendered":"<p>A quatre mois des \u00e9lections municipales, la France reste un pays tr\u00e8s en retard en projets d&rsquo;innovations qui associent collectivit\u00e9s locales et p\u00f4les de recherche universitaire. Cette ann\u00e9e encore les universit\u00e9s et grandes \u00e9coles fran\u00e7aises \u00e9taient absente du Salon 2020 des Maires Porte de Versailles (24, 25 et 26 novembre). Alors, si les \u00e9lus de... <\/p>\n<div class=\"pmpro_content_message\">Article only viewable by subscribers.<br \/><a href=\"https:\/\/territorialchallenges.com\/wp-login.php\">Connection<\/a><br \/><a href=\"https:\/\/territorialchallenges.com\/en\/wp-login.php\/?action=register\">Register<\/a><\/div>","protected":false},"author":11,"featured_media":84904,"comment_status":"open","ping_status":"open","sticky":false,"template":"","format":"standard","meta":{"pmpro_default_level":0,"footnotes":""},"categories":[130,117],"tags":[],"blocksy_meta":"","yoast_head":"<!-- This site is optimized with the Yoast SEO plugin v21.5 - https:\/\/yoast.com\/wordpress\/plugins\/seo\/ -->\n<title>Collectivit\u00e9s Locales-Universit\u00e9s\u00a0fran\u00e7aises: L\u2019absence de convergence - Territorial Challenges<\/title>\n<meta name=\"robots\" content=\"index, follow, max-snippet:-1, max-image-preview:large, max-video-preview:-1\" \/>\n<link rel=\"canonical\" href=\"https:\/\/territorialchallenges.com\/en\/2019\/12\/05\/collectivites-locales-universites-francaises-labsence-de-convergence\/84903\/\" \/>\n<meta property=\"og:locale\" content=\"en_US\" \/>\n<meta property=\"og:type\" content=\"article\" \/>\n<meta property=\"og:title\" content=\"Collectivit\u00e9s Locales-Universit\u00e9s\u00a0fran\u00e7aises: L\u2019absence de convergence - Territorial Challenges\" \/>\n<meta property=\"og:description\" content=\"A quatre mois des \u00e9lections municipales, la France reste un pays tr\u00e8s en retard en projets d&rsquo;innovations qui associent collectivit\u00e9s locales et p\u00f4les de recherche universitaire. Cette ann\u00e9e encore les universit\u00e9s et grandes \u00e9coles fran\u00e7aises \u00e9taient absente du Salon 2020 des Maires Porte de Versailles (24, 25 et 26 novembre). Alors, si les \u00e9lus de [&hellip;]\" \/>\n<meta property=\"og:url\" content=\"https:\/\/territorialchallenges.com\/en\/2019\/12\/05\/collectivites-locales-universites-francaises-labsence-de-convergence\/84903\/\" \/>\n<meta property=\"og:site_name\" content=\"Territorial Challenges\" \/>\n<meta property=\"article:published_time\" content=\"2019-12-05T13:18:14+00:00\" \/>\n<meta property=\"og:image\" content=\"https:\/\/territorialchallenges.com\/wp-content\/uploads\/2019\/12\/the-monastery-library-4495963_1920.jpg\" \/>\n\t<meta property=\"og:image:width\" content=\"1920\" \/>\n\t<meta property=\"og:image:height\" content=\"1319\" \/>\n\t<meta property=\"og:image:type\" content=\"image\/jpeg\" \/>\n<meta name=\"author\" content=\"ni.abdi\" \/>\n<meta name=\"twitter:card\" content=\"summary_large_image\" \/>\n<meta name=\"twitter:creator\" content=\"@Ni.abdi\" \/>\n<meta name=\"twitter:label1\" content=\"Written by\" \/>\n\t<meta name=\"twitter:data1\" content=\"ni.abdi\" \/>\n\t<meta name=\"twitter:label2\" content=\"Est. reading time\" \/>\n\t<meta name=\"twitter:data2\" content=\"3 minutes\" \/>\n<script type=\"application\/ld+json\" class=\"yoast-schema-graph\">{\"@context\":\"https:\/\/schema.org\",\"@graph\":[{\"@type\":\"Article\",\"@id\":\"https:\/\/territorialchallenges.com\/2019\/12\/05\/collectivites-locales-universites-francaises-labsence-de-convergence\/84903\/#article\",\"isPartOf\":{\"@id\":\"https:\/\/territorialchallenges.com\/2019\/12\/05\/collectivites-locales-universites-francaises-labsence-de-convergence\/84903\/\"},\"author\":{\"name\":\"ni.abdi\",\"@id\":\"https:\/\/territorialchallenges.com\/#\/schema\/person\/098f145c7c61a021c425e010f840080f\"},\"headline\":\"Collectivit\u00e9s Locales-Universit\u00e9s\u00a0fran\u00e7aises: L\u2019absence de convergence\",\"datePublished\":\"2019-12-05T13:18:14+00:00\",\"dateModified\":\"2019-12-05T13:18:14+00:00\",\"mainEntityOfPage\":{\"@id\":\"https:\/\/territorialchallenges.com\/2019\/12\/05\/collectivites-locales-universites-francaises-labsence-de-convergence\/84903\/\"},\"wordCount\":549,\"commentCount\":0,\"publisher\":{\"@id\":\"https:\/\/territorialchallenges.com\/#organization\"},\"articleSection\":[\"R\u00e9flexion faite\",\"\u00c9cosyst\u00e8me\"],\"inLanguage\":\"en-US\"},{\"@type\":\"WebPage\",\"@id\":\"https:\/\/territorialchallenges.com\/2019\/12\/05\/collectivites-locales-universites-francaises-labsence-de-convergence\/84903\/\",\"url\":\"https:\/\/territorialchallenges.com\/2019\/12\/05\/collectivites-locales-universites-francaises-labsence-de-convergence\/84903\/\",\"name\":\"Collectivit\u00e9s Locales-Universit\u00e9s\u00a0fran\u00e7aises: L\u2019absence de convergence - Territorial Challenges\",\"isPartOf\":{\"@id\":\"https:\/\/territorialchallenges.com\/#website\"},\"datePublished\":\"2019-12-05T13:18:14+00:00\",\"dateModified\":\"2019-12-05T13:18:14+00:00\",\"breadcrumb\":{\"@id\":\"https:\/\/territorialchallenges.com\/2019\/12\/05\/collectivites-locales-universites-francaises-labsence-de-convergence\/84903\/#breadcrumb\"},\"inLanguage\":\"en-US\",\"potentialAction\":[{\"@type\":\"ReadAction\",\"target\":[\"https:\/\/territorialchallenges.com\/2019\/12\/05\/collectivites-locales-universites-francaises-labsence-de-convergence\/84903\/\"]}]},{\"@type\":\"BreadcrumbList\",\"@id\":\"https:\/\/territorialchallenges.com\/2019\/12\/05\/collectivites-locales-universites-francaises-labsence-de-convergence\/84903\/#breadcrumb\",\"itemListElement\":[{\"@type\":\"ListItem\",\"position\":1,\"name\":\"Home\",\"item\":\"https:\/\/territorialchallenges.com\/\"},{\"@type\":\"ListItem\",\"position\":2,\"name\":\"Collectivit\u00e9s Locales-Universit\u00e9s\u00a0fran\u00e7aises: L\u2019absence de convergence\"}]},{\"@type\":\"WebSite\",\"@id\":\"https:\/\/territorialchallenges.com\/#website\",\"url\":\"https:\/\/territorialchallenges.com\/\",\"name\":\"Territorial Challenges\",\"description\":\"Veille Internationale - Strat\u00e9gie Intelligentes - Bonnes pratiques\",\"publisher\":{\"@id\":\"https:\/\/territorialchallenges.com\/#organization\"},\"potentialAction\":[{\"@type\":\"SearchAction\",\"target\":{\"@type\":\"EntryPoint\",\"urlTemplate\":\"https:\/\/territorialchallenges.com\/?s={search_term_string}\"},\"query-input\":\"required name=search_term_string\"}],\"inLanguage\":\"en-US\"},{\"@type\":\"Organization\",\"@id\":\"https:\/\/territorialchallenges.com\/#organization\",\"name\":\"Territorial Challenges\",\"url\":\"https:\/\/territorialchallenges.com\/\",\"logo\":{\"@type\":\"ImageObject\",\"inLanguage\":\"en-US\",\"@id\":\"https:\/\/territorialchallenges.com\/#\/schema\/logo\/image\/\",\"url\":\"https:\/\/territorialchallenges.com\/wp-content\/uploads\/2023\/10\/logo-1.png\",\"contentUrl\":\"https:\/\/territorialchallenges.com\/wp-content\/uploads\/2023\/10\/logo-1.png\",\"width\":1832,\"height\":576,\"caption\":\"Territorial Challenges\"},\"image\":{\"@id\":\"https:\/\/territorialchallenges.com\/#\/schema\/logo\/image\/\"}},{\"@type\":\"Person\",\"@id\":\"https:\/\/territorialchallenges.com\/#\/schema\/person\/098f145c7c61a021c425e010f840080f\",\"name\":\"ni.abdi\",\"image\":{\"@type\":\"ImageObject\",\"inLanguage\":\"en-US\",\"@id\":\"https:\/\/territorialchallenges.com\/#\/schema\/person\/image\/\",\"url\":\"https:\/\/secure.gravatar.com\/avatar\/2a2f2491f3c80039986ba989b1e4b510?s=96&d=identicon&r=g\",\"contentUrl\":\"https:\/\/secure.gravatar.com\/avatar\/2a2f2491f3c80039986ba989b1e4b510?s=96&d=identicon&r=g\",\"caption\":\"ni.abdi\"},\"sameAs\":[\"https:\/\/twitter.com\/Ni.abdi\"],\"url\":\"https:\/\/territorialchallenges.com\/en\/author\/ni-abdi\/\"}]}<\/script>\n<!-- \/ Yoast SEO plugin. -->","yoast_head_json":{"title":"Collectivit\u00e9s Locales-Universit\u00e9s\u00a0fran\u00e7aises: L\u2019absence de convergence - Territorial Challenges","robots":{"index":"index","follow":"follow","max-snippet":"max-snippet:-1","max-image-preview":"max-image-preview:large","max-video-preview":"max-video-preview:-1"},"canonical":"https:\/\/territorialchallenges.com\/en\/2019\/12\/05\/collectivites-locales-universites-francaises-labsence-de-convergence\/84903\/","og_locale":"en_US","og_type":"article","og_title":"Collectivit\u00e9s Locales-Universit\u00e9s\u00a0fran\u00e7aises: L\u2019absence de convergence - Territorial Challenges","og_description":"A quatre mois des \u00e9lections municipales, la France reste un pays tr\u00e8s en retard en projets d&rsquo;innovations qui associent collectivit\u00e9s locales et p\u00f4les de recherche universitaire. Cette ann\u00e9e encore les universit\u00e9s et grandes \u00e9coles fran\u00e7aises \u00e9taient absente du Salon 2020 des Maires Porte de Versailles (24, 25 et 26 novembre). Alors, si les \u00e9lus de [&hellip;]","og_url":"https:\/\/territorialchallenges.com\/en\/2019\/12\/05\/collectivites-locales-universites-francaises-labsence-de-convergence\/84903\/","og_site_name":"Territorial Challenges","article_published_time":"2019-12-05T13:18:14+00:00","og_image":[{"width":1920,"height":1319,"url":"https:\/\/territorialchallenges.com\/wp-content\/uploads\/2019\/12\/the-monastery-library-4495963_1920.jpg","type":"image\/jpeg"}],"author":"ni.abdi","twitter_card":"summary_large_image","twitter_creator":"@Ni.abdi","twitter_misc":{"Written by":"ni.abdi","Est. reading time":"3 minutes"},"schema":{"@context":"https:\/\/schema.org","@graph":[{"@type":"Article","@id":"https:\/\/territorialchallenges.com\/2019\/12\/05\/collectivites-locales-universites-francaises-labsence-de-convergence\/84903\/#article","isPartOf":{"@id":"https:\/\/territorialchallenges.com\/2019\/12\/05\/collectivites-locales-universites-francaises-labsence-de-convergence\/84903\/"},"author":{"name":"ni.abdi","@id":"https:\/\/territorialchallenges.com\/#\/schema\/person\/098f145c7c61a021c425e010f840080f"},"headline":"Collectivit\u00e9s Locales-Universit\u00e9s\u00a0fran\u00e7aises: L\u2019absence de convergence","datePublished":"2019-12-05T13:18:14+00:00","dateModified":"2019-12-05T13:18:14+00:00","mainEntityOfPage":{"@id":"https:\/\/territorialchallenges.com\/2019\/12\/05\/collectivites-locales-universites-francaises-labsence-de-convergence\/84903\/"},"wordCount":549,"commentCount":0,"publisher":{"@id":"https:\/\/territorialchallenges.com\/#organization"},"articleSection":["R\u00e9flexion faite","\u00c9cosyst\u00e8me"],"inLanguage":"en-US"},{"@type":"WebPage","@id":"https:\/\/territorialchallenges.com\/2019\/12\/05\/collectivites-locales-universites-francaises-labsence-de-convergence\/84903\/","url":"https:\/\/territorialchallenges.com\/2019\/12\/05\/collectivites-locales-universites-francaises-labsence-de-convergence\/84903\/","name":"Collectivit\u00e9s Locales-Universit\u00e9s\u00a0fran\u00e7aises: L\u2019absence de convergence - Territorial Challenges","isPartOf":{"@id":"https:\/\/territorialchallenges.com\/#website"},"datePublished":"2019-12-05T13:18:14+00:00","dateModified":"2019-12-05T13:18:14+00:00","breadcrumb":{"@id":"https:\/\/territorialchallenges.com\/2019\/12\/05\/collectivites-locales-universites-francaises-labsence-de-convergence\/84903\/#breadcrumb"},"inLanguage":"en-US","potentialAction":[{"@type":"ReadAction","target":["https:\/\/territorialchallenges.com\/2019\/12\/05\/collectivites-locales-universites-francaises-labsence-de-convergence\/84903\/"]}]},{"@type":"BreadcrumbList","@id":"https:\/\/territorialchallenges.com\/2019\/12\/05\/collectivites-locales-universites-francaises-labsence-de-convergence\/84903\/#breadcrumb","itemListElement":[{"@type":"ListItem","position":1,"name":"Home","item":"https:\/\/territorialchallenges.com\/"},{"@type":"ListItem","position":2,"name":"Collectivit\u00e9s Locales-Universit\u00e9s\u00a0fran\u00e7aises: L\u2019absence de convergence"}]},{"@type":"WebSite","@id":"https:\/\/territorialchallenges.com\/#website","url":"https:\/\/territorialchallenges.com\/","name":"Territorial Challenges","description":"Veille Internationale - Intelligent strategies - Best practices","publisher":{"@id":"https:\/\/territorialchallenges.com\/#organization"},"potentialAction":[{"@type":"SearchAction","target":{"@type":"EntryPoint","urlTemplate":"https:\/\/territorialchallenges.com\/?s={search_term_string}"},"query-input":"required name=search_term_string"}],"inLanguage":"en-US"},{"@type":"Organization","@id":"https:\/\/territorialchallenges.com\/#organization","name":"Territorial Challenges","url":"https:\/\/territorialchallenges.com\/","logo":{"@type":"ImageObject","inLanguage":"en-US","@id":"https:\/\/territorialchallenges.com\/#\/schema\/logo\/image\/","url":"https:\/\/territorialchallenges.com\/wp-content\/uploads\/2023\/10\/logo-1.png","contentUrl":"https:\/\/territorialchallenges.com\/wp-content\/uploads\/2023\/10\/logo-1.png","width":1832,"height":576,"caption":"Territorial Challenges"},"image":{"@id":"https:\/\/territorialchallenges.com\/#\/schema\/logo\/image\/"}},{"@type":"Person","@id":"https:\/\/territorialchallenges.com\/#\/schema\/person\/098f145c7c61a021c425e010f840080f","name":"ni.abdi","image":{"@type":"ImageObject","inLanguage":"en-US","@id":"https:\/\/territorialchallenges.com\/#\/schema\/person\/image\/","url":"https:\/\/secure.gravatar.com\/avatar\/2a2f2491f3c80039986ba989b1e4b510?s=96&d=identicon&r=g","contentUrl":"https:\/\/secure.gravatar.com\/avatar\/2a2f2491f3c80039986ba989b1e4b510?s=96&d=identicon&r=g","caption":"ni.abdi"},"sameAs":["https:\/\/twitter.com\/Ni.abdi"],"url":"https:\/\/territorialchallenges.com\/en\/author\/ni-abdi\/"}]}},"_links":{"self":[{"href":"https:\/\/territorialchallenges.com\/en\/wp-json\/wp\/v2\/posts\/84903"}],"collection":[{"href":"https:\/\/territorialchallenges.com\/en\/wp-json\/wp\/v2\/posts"}],"about":[{"href":"https:\/\/territorialchallenges.com\/en\/wp-json\/wp\/v2\/types\/post"}],"author":[{"embeddable":true,"href":"https:\/\/territorialchallenges.com\/en\/wp-json\/wp\/v2\/users\/11"}],"replies":[{"embeddable":true,"href":"https:\/\/territorialchallenges.com\/en\/wp-json\/wp\/v2\/comments?post=84903"}],"version-history":[{"count":1,"href":"https:\/\/territorialchallenges.com\/en\/wp-json\/wp\/v2\/posts\/84903\/revisions"}],"predecessor-version":[{"id":84908,"href":"https:\/\/territorialchallenges.com\/en\/wp-json\/wp\/v2\/posts\/84903\/revisions\/84908"}],"wp:featuredmedia":[{"embeddable":true,"href":"https:\/\/territorialchallenges.com\/en\/wp-json\/wp\/v2\/media\/84904"}],"wp:attachment":[{"href":"https:\/\/territorialchallenges.com\/en\/wp-json\/wp\/v2\/media?parent=84903"}],"wp:term":[{"taxonomy":"category","embeddable":true,"href":"https:\/\/territorialchallenges.com\/en\/wp-json\/wp\/v2\/categories?post=84903"},{"taxonomy":"post_tag","embeddable":true,"href":"https:\/\/territorialchallenges.com\/en\/wp-json\/wp\/v2\/tags?post=84903"}],"curies":[{"name":"wp","href":"https:\/\/api.w.org\/{rel}","templated":true}]}}