{"id":84710,"date":"2019-11-21T17:39:45","date_gmt":"2019-11-21T16:39:45","guid":{"rendered":"https:\/\/territorialchallenges.com\/?p=84710"},"modified":"2019-11-24T19:05:13","modified_gmt":"2019-11-24T18:05:13","slug":"alcoy-une-ville-moyenne-andalouse-inaugure-son-smart-office","status":"publish","type":"post","link":"https:\/\/territorialchallenges.com\/en\/2019\/11\/21\/alcoy-une-ville-moyenne-andalouse-inaugure-son-smart-office\/84710\/","title":{"rendered":"Alcoy, a medium-sized Spanish town, inaugurates its \u201cSmart Office\u201d"},"content":{"rendered":"<p>The municipality has established a dedicated Smart City body, open to coordinate and promote all smart city-related activities across the board. On July 25, this municipal body was inaugurated, composed of both technicians and decision-makers, with an open character. In addition to municipal staff\u2026 <\/p>\n<div class=\"pmpro_content_message\">Article only viewable by subscribers.<br \/><a href=\"https:\/\/territorialchallenges.com\/wp-login.php\">Connection<\/a><br \/><a href=\"https:\/\/territorialchallenges.com\/en\/wp-login.php\/?action=register\">Register<\/a><\/div>","protected":false},"excerpt":{"rendered":"<p>La municipalit\u00e9 a mis en place un organe consacr\u00e9 \u00e0 la Smart City, ouvert pour coordonner et promouvoir de mani\u00e8re transversale toutes les actions li\u00e9es \u00e0 la ville intelligente. Le 25 juillet, cet organe municipal a \u00e9t\u00e9 inaugur\u00e9, compos\u00e9 \u00e0 la fois de techniciens et de d\u00e9cideurs, avec un caract\u00e8re ouvert. Outre le personnel municipal... <\/p>\n<div class=\"pmpro_content_message\">Article only viewable by subscribers.<br \/><a href=\"https:\/\/territorialchallenges.com\/wp-login.php\">Connection<\/a><br \/><a href=\"https:\/\/territorialchallenges.com\/en\/wp-login.php\/?action=register\">Register<\/a><\/div>","protected":false},"author":11,"featured_media":84711,"comment_status":"open","ping_status":"open","sticky":false,"template":"","format":"standard","meta":{"pmpro_default_level":0,"footnotes":""},"categories":[19,127],"tags":[],"blocksy_meta":"","yoast_head":"<!-- This site is optimized with the Yoast SEO plugin v21.5 - https:\/\/yoast.com\/wordpress\/plugins\/seo\/ -->\n<title>Alcoy, une ville moyenne espagnole inaugure son &quot;Smart Office&quot; - Territorial Challenges<\/title>\n<meta name=\"robots\" content=\"index, follow, max-snippet:-1, max-image-preview:large, max-video-preview:-1\" \/>\n<link rel=\"canonical\" href=\"https:\/\/territorialchallenges.com\/en\/2019\/11\/21\/alcoy-une-ville-moyenne-andalouse-inaugure-son-smart-office\/84710\/\" \/>\n<meta property=\"og:locale\" content=\"en_US\" \/>\n<meta property=\"og:type\" content=\"article\" \/>\n<meta property=\"og:title\" content=\"Alcoy, une ville moyenne espagnole inaugure son &quot;Smart Office&quot; - Territorial Challenges\" \/>\n<meta property=\"og:description\" content=\"La municipalit\u00e9 a mis en place un organe consacr\u00e9 \u00e0 la Smart City, ouvert pour coordonner et promouvoir de mani\u00e8re transversale toutes les actions li\u00e9es \u00e0 la ville intelligente. Le 25 juillet, cet organe municipal a \u00e9t\u00e9 inaugur\u00e9, compos\u00e9 \u00e0 la fois de techniciens et de d\u00e9cideurs, avec un caract\u00e8re ouvert. Outre le personnel municipal [&hellip;]\" \/>\n<meta property=\"og:url\" content=\"https:\/\/territorialchallenges.com\/en\/2019\/11\/21\/alcoy-une-ville-moyenne-andalouse-inaugure-son-smart-office\/84710\/\" \/>\n<meta property=\"og:site_name\" content=\"Territorial Challenges\" \/>\n<meta property=\"article:published_time\" content=\"2019-11-21T16:39:45+00:00\" \/>\n<meta property=\"article:modified_time\" content=\"2019-11-24T18:05:13+00:00\" \/>\n<meta property=\"og:image\" content=\"https:\/\/territorialchallenges.com\/wp-content\/uploads\/2019\/07\/PontSJordi_Alcoi.jpg\" \/>\n\t<meta property=\"og:image:width\" content=\"500\" \/>\n\t<meta property=\"og:image:height\" content=\"329\" \/>\n\t<meta property=\"og:image:type\" content=\"image\/jpeg\" \/>\n<meta name=\"author\" content=\"ni.abdi\" \/>\n<meta name=\"twitter:card\" content=\"summary_large_image\" \/>\n<meta name=\"twitter:creator\" content=\"@Ni.abdi\" \/>\n<meta name=\"twitter:label1\" content=\"Written by\" \/>\n\t<meta name=\"twitter:data1\" content=\"ni.abdi\" \/>\n\t<meta name=\"twitter:label2\" content=\"Est. reading time\" \/>\n\t<meta name=\"twitter:data2\" content=\"3 minutes\" \/>\n<script type=\"application\/ld+json\" class=\"yoast-schema-graph\">{\"@context\":\"https:\/\/schema.org\",\"@graph\":[{\"@type\":\"Article\",\"@id\":\"https:\/\/territorialchallenges.com\/2019\/11\/21\/alcoy-une-ville-moyenne-andalouse-inaugure-son-smart-office\/84710\/#article\",\"isPartOf\":{\"@id\":\"https:\/\/territorialchallenges.com\/2019\/11\/21\/alcoy-une-ville-moyenne-andalouse-inaugure-son-smart-office\/84710\/\"},\"author\":{\"name\":\"ni.abdi\",\"@id\":\"https:\/\/territorialchallenges.com\/#\/schema\/person\/098f145c7c61a021c425e010f840080f\"},\"headline\":\"Alcoy, une ville moyenne espagnole inaugure son \u00ab\u00a0Smart Office\u00a0\u00bb\",\"datePublished\":\"2019-11-21T16:39:45+00:00\",\"dateModified\":\"2019-11-24T18:05:13+00:00\",\"mainEntityOfPage\":{\"@id\":\"https:\/\/territorialchallenges.com\/2019\/11\/21\/alcoy-une-ville-moyenne-andalouse-inaugure-son-smart-office\/84710\/\"},\"wordCount\":628,\"commentCount\":0,\"publisher\":{\"@id\":\"https:\/\/territorialchallenges.com\/#organization\"},\"articleSection\":[\"Territoires Intelligents\",\"Actualit\u00e9 Europe\"],\"inLanguage\":\"en-US\"},{\"@type\":\"WebPage\",\"@id\":\"https:\/\/territorialchallenges.com\/2019\/11\/21\/alcoy-une-ville-moyenne-andalouse-inaugure-son-smart-office\/84710\/\",\"url\":\"https:\/\/territorialchallenges.com\/2019\/11\/21\/alcoy-une-ville-moyenne-andalouse-inaugure-son-smart-office\/84710\/\",\"name\":\"Alcoy, une ville moyenne espagnole inaugure son \\\"Smart Office\\\" - Territorial Challenges\",\"isPartOf\":{\"@id\":\"https:\/\/territorialchallenges.com\/#website\"},\"datePublished\":\"2019-11-21T16:39:45+00:00\",\"dateModified\":\"2019-11-24T18:05:13+00:00\",\"breadcrumb\":{\"@id\":\"https:\/\/territorialchallenges.com\/2019\/11\/21\/alcoy-une-ville-moyenne-andalouse-inaugure-son-smart-office\/84710\/#breadcrumb\"},\"inLanguage\":\"en-US\",\"potentialAction\":[{\"@type\":\"ReadAction\",\"target\":[\"https:\/\/territorialchallenges.com\/2019\/11\/21\/alcoy-une-ville-moyenne-andalouse-inaugure-son-smart-office\/84710\/\"]}]},{\"@type\":\"BreadcrumbList\",\"@id\":\"https:\/\/territorialchallenges.com\/2019\/11\/21\/alcoy-une-ville-moyenne-andalouse-inaugure-son-smart-office\/84710\/#breadcrumb\",\"itemListElement\":[{\"@type\":\"ListItem\",\"position\":1,\"name\":\"Home\",\"item\":\"https:\/\/territorialchallenges.com\/\"},{\"@type\":\"ListItem\",\"position\":2,\"name\":\"Alcoy, une ville moyenne espagnole inaugure son \u00ab\u00a0Smart Office\u00a0\u00bb\"}]},{\"@type\":\"WebSite\",\"@id\":\"https:\/\/territorialchallenges.com\/#website\",\"url\":\"https:\/\/territorialchallenges.com\/\",\"name\":\"Territorial Challenges\",\"description\":\"Veille Internationale - Strat\u00e9gie Intelligentes - Bonnes pratiques\",\"publisher\":{\"@id\":\"https:\/\/territorialchallenges.com\/#organization\"},\"potentialAction\":[{\"@type\":\"SearchAction\",\"target\":{\"@type\":\"EntryPoint\",\"urlTemplate\":\"https:\/\/territorialchallenges.com\/?s={search_term_string}\"},\"query-input\":\"required name=search_term_string\"}],\"inLanguage\":\"en-US\"},{\"@type\":\"Organization\",\"@id\":\"https:\/\/territorialchallenges.com\/#organization\",\"name\":\"Territorial Challenges\",\"url\":\"https:\/\/territorialchallenges.com\/\",\"logo\":{\"@type\":\"ImageObject\",\"inLanguage\":\"en-US\",\"@id\":\"https:\/\/territorialchallenges.com\/#\/schema\/logo\/image\/\",\"url\":\"https:\/\/territorialchallenges.com\/wp-content\/uploads\/2023\/10\/logo-1.png\",\"contentUrl\":\"https:\/\/territorialchallenges.com\/wp-content\/uploads\/2023\/10\/logo-1.png\",\"width\":1832,\"height\":576,\"caption\":\"Territorial Challenges\"},\"image\":{\"@id\":\"https:\/\/territorialchallenges.com\/#\/schema\/logo\/image\/\"}},{\"@type\":\"Person\",\"@id\":\"https:\/\/territorialchallenges.com\/#\/schema\/person\/098f145c7c61a021c425e010f840080f\",\"name\":\"ni.abdi\",\"image\":{\"@type\":\"ImageObject\",\"inLanguage\":\"en-US\",\"@id\":\"https:\/\/territorialchallenges.com\/#\/schema\/person\/image\/\",\"url\":\"https:\/\/secure.gravatar.com\/avatar\/2a2f2491f3c80039986ba989b1e4b510?s=96&d=identicon&r=g\",\"contentUrl\":\"https:\/\/secure.gravatar.com\/avatar\/2a2f2491f3c80039986ba989b1e4b510?s=96&d=identicon&r=g\",\"caption\":\"ni.abdi\"},\"sameAs\":[\"https:\/\/twitter.com\/Ni.abdi\"],\"url\":\"https:\/\/territorialchallenges.com\/en\/author\/ni-abdi\/\"}]}<\/script>\n<!-- \/ Yoast SEO plugin. -->","yoast_head_json":{"title":"Alcoy, une ville moyenne espagnole inaugure son \"Smart Office\" - Territorial Challenges","robots":{"index":"index","follow":"follow","max-snippet":"max-snippet:-1","max-image-preview":"max-image-preview:large","max-video-preview":"max-video-preview:-1"},"canonical":"https:\/\/territorialchallenges.com\/en\/2019\/11\/21\/alcoy-une-ville-moyenne-andalouse-inaugure-son-smart-office\/84710\/","og_locale":"en_US","og_type":"article","og_title":"Alcoy, une ville moyenne espagnole inaugure son \"Smart Office\" - Territorial Challenges","og_description":"La municipalit\u00e9 a mis en place un organe consacr\u00e9 \u00e0 la Smart City, ouvert pour coordonner et promouvoir de mani\u00e8re transversale toutes les actions li\u00e9es \u00e0 la ville intelligente. Le 25 juillet, cet organe municipal a \u00e9t\u00e9 inaugur\u00e9, compos\u00e9 \u00e0 la fois de techniciens et de d\u00e9cideurs, avec un caract\u00e8re ouvert. Outre le personnel municipal [&hellip;]","og_url":"https:\/\/territorialchallenges.com\/en\/2019\/11\/21\/alcoy-une-ville-moyenne-andalouse-inaugure-son-smart-office\/84710\/","og_site_name":"Territorial Challenges","article_published_time":"2019-11-21T16:39:45+00:00","article_modified_time":"2019-11-24T18:05:13+00:00","og_image":[{"width":500,"height":329,"url":"https:\/\/territorialchallenges.com\/wp-content\/uploads\/2019\/07\/PontSJordi_Alcoi.jpg","type":"image\/jpeg"}],"author":"ni.abdi","twitter_card":"summary_large_image","twitter_creator":"@Ni.abdi","twitter_misc":{"Written by":"ni.abdi","Est. reading time":"3 minutes"},"schema":{"@context":"https:\/\/schema.org","@graph":[{"@type":"Article","@id":"https:\/\/territorialchallenges.com\/2019\/11\/21\/alcoy-une-ville-moyenne-andalouse-inaugure-son-smart-office\/84710\/#article","isPartOf":{"@id":"https:\/\/territorialchallenges.com\/2019\/11\/21\/alcoy-une-ville-moyenne-andalouse-inaugure-son-smart-office\/84710\/"},"author":{"name":"ni.abdi","@id":"https:\/\/territorialchallenges.com\/#\/schema\/person\/098f145c7c61a021c425e010f840080f"},"headline":"Alcoy, une ville moyenne espagnole inaugure son \u00ab\u00a0Smart Office\u00a0\u00bb","datePublished":"2019-11-21T16:39:45+00:00","dateModified":"2019-11-24T18:05:13+00:00","mainEntityOfPage":{"@id":"https:\/\/territorialchallenges.com\/2019\/11\/21\/alcoy-une-ville-moyenne-andalouse-inaugure-son-smart-office\/84710\/"},"wordCount":628,"commentCount":0,"publisher":{"@id":"https:\/\/territorialchallenges.com\/#organization"},"articleSection":["Territoires Intelligents","Actualit\u00e9 Europe"],"inLanguage":"en-US"},{"@type":"WebPage","@id":"https:\/\/territorialchallenges.com\/2019\/11\/21\/alcoy-une-ville-moyenne-andalouse-inaugure-son-smart-office\/84710\/","url":"https:\/\/territorialchallenges.com\/2019\/11\/21\/alcoy-une-ville-moyenne-andalouse-inaugure-son-smart-office\/84710\/","name":"Alcoy, une ville moyenne espagnole inaugure son \"Smart Office\" - Territorial Challenges","isPartOf":{"@id":"https:\/\/territorialchallenges.com\/#website"},"datePublished":"2019-11-21T16:39:45+00:00","dateModified":"2019-11-24T18:05:13+00:00","breadcrumb":{"@id":"https:\/\/territorialchallenges.com\/2019\/11\/21\/alcoy-une-ville-moyenne-andalouse-inaugure-son-smart-office\/84710\/#breadcrumb"},"inLanguage":"en-US","potentialAction":[{"@type":"ReadAction","target":["https:\/\/territorialchallenges.com\/2019\/11\/21\/alcoy-une-ville-moyenne-andalouse-inaugure-son-smart-office\/84710\/"]}]},{"@type":"BreadcrumbList","@id":"https:\/\/territorialchallenges.com\/2019\/11\/21\/alcoy-une-ville-moyenne-andalouse-inaugure-son-smart-office\/84710\/#breadcrumb","itemListElement":[{"@type":"ListItem","position":1,"name":"Home","item":"https:\/\/territorialchallenges.com\/"},{"@type":"ListItem","position":2,"name":"Alcoy, une ville moyenne espagnole inaugure son \u00ab\u00a0Smart Office\u00a0\u00bb"}]},{"@type":"WebSite","@id":"https:\/\/territorialchallenges.com\/#website","url":"https:\/\/territorialchallenges.com\/","name":"Territorial Challenges","description":"Veille Internationale - Intelligent strategies - Best practices","publisher":{"@id":"https:\/\/territorialchallenges.com\/#organization"},"potentialAction":[{"@type":"SearchAction","target":{"@type":"EntryPoint","urlTemplate":"https:\/\/territorialchallenges.com\/?s={search_term_string}"},"query-input":"required name=search_term_string"}],"inLanguage":"en-US"},{"@type":"Organization","@id":"https:\/\/territorialchallenges.com\/#organization","name":"Territorial Challenges","url":"https:\/\/territorialchallenges.com\/","logo":{"@type":"ImageObject","inLanguage":"en-US","@id":"https:\/\/territorialchallenges.com\/#\/schema\/logo\/image\/","url":"https:\/\/territorialchallenges.com\/wp-content\/uploads\/2023\/10\/logo-1.png","contentUrl":"https:\/\/territorialchallenges.com\/wp-content\/uploads\/2023\/10\/logo-1.png","width":1832,"height":576,"caption":"Territorial Challenges"},"image":{"@id":"https:\/\/territorialchallenges.com\/#\/schema\/logo\/image\/"}},{"@type":"Person","@id":"https:\/\/territorialchallenges.com\/#\/schema\/person\/098f145c7c61a021c425e010f840080f","name":"ni.abdi","image":{"@type":"ImageObject","inLanguage":"en-US","@id":"https:\/\/territorialchallenges.com\/#\/schema\/person\/image\/","url":"https:\/\/secure.gravatar.com\/avatar\/2a2f2491f3c80039986ba989b1e4b510?s=96&d=identicon&r=g","contentUrl":"https:\/\/secure.gravatar.com\/avatar\/2a2f2491f3c80039986ba989b1e4b510?s=96&d=identicon&r=g","caption":"ni.abdi"},"sameAs":["https:\/\/twitter.com\/Ni.abdi"],"url":"https:\/\/territorialchallenges.com\/en\/author\/ni-abdi\/"}]}},"_links":{"self":[{"href":"https:\/\/territorialchallenges.com\/en\/wp-json\/wp\/v2\/posts\/84710"}],"collection":[{"href":"https:\/\/territorialchallenges.com\/en\/wp-json\/wp\/v2\/posts"}],"about":[{"href":"https:\/\/territorialchallenges.com\/en\/wp-json\/wp\/v2\/types\/post"}],"author":[{"embeddable":true,"href":"https:\/\/territorialchallenges.com\/en\/wp-json\/wp\/v2\/users\/11"}],"replies":[{"embeddable":true,"href":"https:\/\/territorialchallenges.com\/en\/wp-json\/wp\/v2\/comments?post=84710"}],"version-history":[{"count":2,"href":"https:\/\/territorialchallenges.com\/en\/wp-json\/wp\/v2\/posts\/84710\/revisions"}],"predecessor-version":[{"id":84716,"href":"https:\/\/territorialchallenges.com\/en\/wp-json\/wp\/v2\/posts\/84710\/revisions\/84716"}],"wp:featuredmedia":[{"embeddable":true,"href":"https:\/\/territorialchallenges.com\/en\/wp-json\/wp\/v2\/media\/84711"}],"wp:attachment":[{"href":"https:\/\/territorialchallenges.com\/en\/wp-json\/wp\/v2\/media?parent=84710"}],"wp:term":[{"taxonomy":"category","embeddable":true,"href":"https:\/\/territorialchallenges.com\/en\/wp-json\/wp\/v2\/categories?post=84710"},{"taxonomy":"post_tag","embeddable":true,"href":"https:\/\/territorialchallenges.com\/en\/wp-json\/wp\/v2\/tags?post=84710"}],"curies":[{"name":"wp","href":"https:\/\/api.w.org\/{rel}","templated":true}]}}